{"id":1068,"date":"2020-11-16T14:27:34","date_gmt":"2020-11-16T17:27:34","guid":{"rendered":"https:\/\/mulheresacesta.com.br\/?p=1068"},"modified":"2020-11-16T19:14:39","modified_gmt":"2020-11-16T22:14:39","slug":"ana-cardoso","status":"publish","type":"post","link":"https:\/\/mulheresacesta.com.br\/en\/2020\/11\/ana-cardoso\/","title":{"rendered":"Ana Cardoso"},"content":{"rendered":"\n<p>Treinadora da sele\u00e7\u00e3o colombiana de basquete em cadeira de rodas, \u00fanica representante da Am\u00e9rica Latina que garantiu classifica\u00e7\u00e3o dos Jogos Paral\u00edmpicos de&nbsp;<a href=\"https:\/\/www.facebook.com\/hashtag\/tokyo?__eep__=6&amp;source=feed_text&amp;epa=HASHTAG&amp;__xts__%5B0%5D=68.ARAcuV4EE6gCsp2SGrYWkcWKr3X_Q3fm9vp1hSj-fmDL-Sel4yJ1OlIOujaa7RD5ASutvxo0hZctgbIi9B1hTA9qAvkXQeNAfiglAVTtncUG5tU0eOC2UbN2idALB0KlMf_jn9_uvpHpUqhi5aZWX4dIaQveKMN77KlhO7YzMQG-RSycErWACA6XSXUhcT-pJCzuXI9zHdk9S3gje87FwhwSOt6CB7g7v6ky_dqK3WL45IdWEDVZlL0ZlPpCKFwogsKvWK7WO3wdfebCWPRRv2eX7SaLf216FQtdcRIStOzs5dDeC1IkbP8CND0f4sP2obcXnRgC2pWrXoJxBjuLNigh3g0-6-Xz5FGGU79Sxl1CzaQBN1Pr&amp;__tn__=%2ANK-R\">Tokyo<\/a>, <\/p>\n\n\n\n<p><br>Head Coach De La Equipo Cad\/Sp ( Actual Campeon Brasileiro )-2014-2016 ;<br>Hexa Campea Brasileira (Equipe Aguias \/Sp )- 2006 -2013<br>Head Coach Da Seleccion Brasil Feminina (2009);<br>Head Coach Amicacci \u2013 Italia<br><br>3\u00b0 Lugar No Campeonato Italiano &#8211; 2010<br>3\u00b0 Lugar No Campeonato Italiano &#8211; 2011<br>1\u00b0 Lugar Challenge Cup \u2013 Francia &#8211; 2011<br>1\u00b0 Lugar Coppa Europa \u2013 Madrid \u2013 2011<\/p>\n\n\n\n<p>Head Coach Seleccion Letonia \u2013 2010\/2011<br>Heda Coach Seleccion Colombia Masculina Y Femenina &#8211; Desde 2017<br>3\u00b0 Lugar En Sudamericano &#8211; 2018<br>3\u00b0 Lugar Parapanamericano \u2013 2019 ( Clasificando Para Tokio 2020)<\/p>\n\n\n\n<figure class=\"wp-block-gallery columns-3 is-cropped wp-block-gallery-1 is-layout-flex wp-block-gallery-is-layout-flex\"><ul class=\"blocks-gallery-grid\"><li class=\"blocks-gallery-item\"><figure><img loading=\"lazy\" decoding=\"async\" width=\"1024\" height=\"768\" src=\"https:\/\/mulheresacesta.com.br\/wp-content\/uploads\/2020\/11\/clinica1-1024x768.jpg\" alt=\"\" data-id=\"1074\" data-link=\"https:\/\/mulheresacesta.com.br\/?attachment_id=1074\" class=\"wp-image-1074\" srcset=\"https:\/\/mulheresacesta.com.br\/wp-content\/uploads\/2020\/11\/clinica1-1024x768.jpg 1024w, https:\/\/mulheresacesta.com.br\/wp-content\/uploads\/2020\/11\/clinica1-300x225.jpg 300w, https:\/\/mulheresacesta.com.br\/wp-content\/uploads\/2020\/11\/clinica1-768x576.jpg 768w, https:\/\/mulheresacesta.com.br\/wp-content\/uploads\/2020\/11\/clinica1-1536x1152.jpg 1536w, https:\/\/mulheresacesta.com.br\/wp-content\/uploads\/2020\/11\/clinica1.jpg 1600w\" sizes=\"auto, (max-width: 1024px) 100vw, 1024px\" \/><\/figure><\/li><li class=\"blocks-gallery-item\"><figure><img loading=\"lazy\" decoding=\"async\" width=\"960\" height=\"720\" src=\"https:\/\/mulheresacesta.com.br\/wp-content\/uploads\/2020\/11\/METROBASKET.jpg\" alt=\"\" data-id=\"1076\" data-link=\"https:\/\/mulheresacesta.com.br\/?attachment_id=1076\" class=\"wp-image-1076\" srcset=\"https:\/\/mulheresacesta.com.br\/wp-content\/uploads\/2020\/11\/METROBASKET.jpg 960w, https:\/\/mulheresacesta.com.br\/wp-content\/uploads\/2020\/11\/METROBASKET-300x225.jpg 300w, https:\/\/mulheresacesta.com.br\/wp-content\/uploads\/2020\/11\/METROBASKET-768x576.jpg 768w\" sizes=\"auto, (max-width: 960px) 100vw, 960px\" \/><\/figure><\/li><li class=\"blocks-gallery-item\"><figure><img loading=\"lazy\" decoding=\"async\" width=\"960\" height=\"720\" src=\"https:\/\/mulheresacesta.com.br\/wp-content\/uploads\/2020\/11\/ATLETISMO.jpg\" alt=\"\" data-id=\"1081\" data-link=\"https:\/\/mulheresacesta.com.br\/?attachment_id=1081\" class=\"wp-image-1081\" srcset=\"https:\/\/mulheresacesta.com.br\/wp-content\/uploads\/2020\/11\/ATLETISMO.jpg 960w, https:\/\/mulheresacesta.com.br\/wp-content\/uploads\/2020\/11\/ATLETISMO-300x225.jpg 300w, https:\/\/mulheresacesta.com.br\/wp-content\/uploads\/2020\/11\/ATLETISMO-768x576.jpg 768w\" sizes=\"auto, (max-width: 960px) 100vw, 960px\" \/><\/figure><\/li><li class=\"blocks-gallery-item\"><figure><img loading=\"lazy\" decoding=\"async\" width=\"960\" height=\"577\" src=\"https:\/\/mulheresacesta.com.br\/wp-content\/uploads\/2020\/11\/aguiascampeao2-1.jpg\" alt=\"\" data-id=\"1083\" data-link=\"https:\/\/mulheresacesta.com.br\/?attachment_id=1083\" class=\"wp-image-1083\" srcset=\"https:\/\/mulheresacesta.com.br\/wp-content\/uploads\/2020\/11\/aguiascampeao2-1.jpg 960w, https:\/\/mulheresacesta.com.br\/wp-content\/uploads\/2020\/11\/aguiascampeao2-1-300x180.jpg 300w, https:\/\/mulheresacesta.com.br\/wp-content\/uploads\/2020\/11\/aguiascampeao2-1-768x462.jpg 768w\" sizes=\"auto, (max-width: 960px) 100vw, 960px\" \/><\/figure><\/li><li class=\"blocks-gallery-item\"><figure><img loading=\"lazy\" decoding=\"async\" width=\"1024\" height=\"768\" src=\"https:\/\/mulheresacesta.com.br\/wp-content\/uploads\/2020\/11\/104-1024x768.jpg\" alt=\"\" data-id=\"1084\" data-full-url=\"https:\/\/mulheresacesta.com.br\/wp-content\/uploads\/2020\/11\/104.jpg\" data-link=\"https:\/\/mulheresacesta.com.br\/?attachment_id=1084\" class=\"wp-image-1084\" srcset=\"https:\/\/mulheresacesta.com.br\/wp-content\/uploads\/2020\/11\/104-1024x768.jpg 1024w, https:\/\/mulheresacesta.com.br\/wp-content\/uploads\/2020\/11\/104-300x225.jpg 300w, https:\/\/mulheresacesta.com.br\/wp-content\/uploads\/2020\/11\/104-768x576.jpg 768w, https:\/\/mulheresacesta.com.br\/wp-content\/uploads\/2020\/11\/104-1536x1152.jpg 1536w, https:\/\/mulheresacesta.com.br\/wp-content\/uploads\/2020\/11\/104.jpg 1600w\" sizes=\"auto, (max-width: 1024px) 100vw, 1024px\" \/><\/figure><\/li><\/ul><\/figure>\n","protected":false},"excerpt":{"rendered":"<p>Treinadora da sele\u00e7\u00e3o colombiana de basquete em cadeira de rodas, \u00fanica representante da Am\u00e9rica Latina que garantiu classifica\u00e7\u00e3o dos Jogos Paral\u00edmpicos de&nbsp;Tokyo, Head Coach De La Equipo Cad\/Sp ( Actual Campeon Brasileiro )-2014-2016 ;Hexa Campea Brasileira (Equipe Aguias \/Sp )- 2006 -2013Head Coach Da Seleccion Brasil Feminina (2009);Head Coach Amicacci \u2013 Italia 3\u00b0 Lugar No [&hellip;]<\/p>\n","protected":false},"author":1,"featured_media":1069,"comment_status":"open","ping_status":"open","sticky":false,"template":"","format":"standard","meta":{"footnotes":""},"categories":[12],"tags":[],"class_list":["post-1068","post","type-post","status-publish","format-standard","has-post-thumbnail","hentry","category-blog"],"acf":[],"yoast_head":"<!-- This site is optimized with the Yoast SEO plugin v26.4 - https:\/\/yoast.com\/wordpress\/plugins\/seo\/ -->\n<title>Ana Cardoso - Mulheres \u00e0 Cesta<\/title>\n<meta name=\"description\" content=\"Treinadora da sele\u00e7\u00e3o colombiana de basquete em cadeira de rodas, \u00fanica representante da Am\u00e9rica Latina que garantiu classifica\u00e7\u00e3o dos Jogos Paral\u00edmpicos\" \/>\n<meta name=\"robots\" content=\"index, follow, max-snippet:-1, max-image-preview:large, max-video-preview:-1\" \/>\n<link rel=\"canonical\" href=\"https:\/\/mulheresacesta.com.br\/en\/2020\/11\/ana-cardoso\/\" \/>\n<meta property=\"og:locale\" content=\"en_US\" \/>\n<meta property=\"og:locale:alternate\" content=\"pt_BR\" \/>\n<meta property=\"og:type\" content=\"article\" \/>\n<meta property=\"og:title\" content=\"Ana Cardoso - Mulheres \u00e0 Cesta\" \/>\n<meta property=\"og:description\" content=\"Treinadora da sele\u00e7\u00e3o colombiana de basquete em cadeira de rodas, \u00fanica representante da Am\u00e9rica Latina que garantiu classifica\u00e7\u00e3o dos Jogos Paral\u00edmpicos\" \/>\n<meta property=\"og:url\" content=\"https:\/\/mulheresacesta.com.br\/en\/2020\/11\/ana-cardoso\/\" \/>\n<meta property=\"og:site_name\" content=\"Mulheres \u00e0 Cesta\" \/>\n<meta property=\"article:published_time\" content=\"2020-11-16T17:27:34+00:00\" \/>\n<meta property=\"article:modified_time\" content=\"2020-11-16T22:14:39+00:00\" \/>\n<meta property=\"og:image\" content=\"https:\/\/mulheresacesta.com.br\/wp-content\/uploads\/2020\/11\/Ana-Cardoso-projeto-co\u0301pia.jpg\" \/>\n\t<meta property=\"og:image:width\" content=\"1280\" \/>\n\t<meta property=\"og:image:height\" content=\"719\" \/>\n\t<meta property=\"og:image:type\" content=\"image\/jpeg\" \/>\n<meta name=\"author\" content=\"mulheres\" \/>\n<meta name=\"twitter:card\" content=\"summary_large_image\" \/>\n<meta name=\"twitter:label1\" content=\"Written by\" \/>\n\t<meta name=\"twitter:data1\" content=\"mulheres\" \/>\n<script type=\"application\/ld+json\" class=\"yoast-schema-graph\">{\"@context\":\"https:\/\/schema.org\",\"@graph\":[{\"@type\":\"Article\",\"@id\":\"https:\/\/mulheresacesta.com.br\/2020\/11\/ana-cardoso\/#article\",\"isPartOf\":{\"@id\":\"https:\/\/mulheresacesta.com.br\/2020\/11\/ana-cardoso\/\"},\"author\":{\"name\":\"mulheres\",\"@id\":\"https:\/\/mulheresacesta.com.br\/en\/#\/schema\/person\/11ebd3af76a9fcb3d26c815924faac42\"},\"headline\":\"Ana Cardoso\",\"datePublished\":\"2020-11-16T17:27:34+00:00\",\"dateModified\":\"2020-11-16T22:14:39+00:00\",\"mainEntityOfPage\":{\"@id\":\"https:\/\/mulheresacesta.com.br\/2020\/11\/ana-cardoso\/\"},\"wordCount\":101,\"commentCount\":0,\"publisher\":{\"@id\":\"https:\/\/mulheresacesta.com.br\/en\/#organization\"},\"image\":{\"@id\":\"https:\/\/mulheresacesta.com.br\/2020\/11\/ana-cardoso\/#primaryimage\"},\"thumbnailUrl\":\"https:\/\/mulheresacesta.com.br\/wp-content\/uploads\/2020\/11\/Ana-Cardoso-projeto-co\u0301pia.jpg\",\"articleSection\":[\"Blog\"],\"inLanguage\":\"en-US\",\"potentialAction\":[{\"@type\":\"CommentAction\",\"name\":\"Comment\",\"target\":[\"https:\/\/mulheresacesta.com.br\/2020\/11\/ana-cardoso\/#respond\"]}]},{\"@type\":\"WebPage\",\"@id\":\"https:\/\/mulheresacesta.com.br\/2020\/11\/ana-cardoso\/\",\"url\":\"https:\/\/mulheresacesta.com.br\/2020\/11\/ana-cardoso\/\",\"name\":\"Ana Cardoso - Mulheres \u00e0 Cesta\",\"isPartOf\":{\"@id\":\"https:\/\/mulheresacesta.com.br\/en\/#website\"},\"primaryImageOfPage\":{\"@id\":\"https:\/\/mulheresacesta.com.br\/2020\/11\/ana-cardoso\/#primaryimage\"},\"image\":{\"@id\":\"https:\/\/mulheresacesta.com.br\/2020\/11\/ana-cardoso\/#primaryimage\"},\"thumbnailUrl\":\"https:\/\/mulheresacesta.com.br\/wp-content\/uploads\/2020\/11\/Ana-Cardoso-projeto-co\u0301pia.jpg\",\"datePublished\":\"2020-11-16T17:27:34+00:00\",\"dateModified\":\"2020-11-16T22:14:39+00:00\",\"description\":\"Treinadora da sele\u00e7\u00e3o colombiana de basquete em cadeira de rodas, \u00fanica representante da Am\u00e9rica Latina que garantiu classifica\u00e7\u00e3o dos Jogos Paral\u00edmpicos\",\"breadcrumb\":{\"@id\":\"https:\/\/mulheresacesta.com.br\/2020\/11\/ana-cardoso\/#breadcrumb\"},\"inLanguage\":\"en-US\",\"potentialAction\":[{\"@type\":\"ReadAction\",\"target\":[\"https:\/\/mulheresacesta.com.br\/2020\/11\/ana-cardoso\/\"]}]},{\"@type\":\"ImageObject\",\"inLanguage\":\"en-US\",\"@id\":\"https:\/\/mulheresacesta.com.br\/2020\/11\/ana-cardoso\/#primaryimage\",\"url\":\"https:\/\/mulheresacesta.com.br\/wp-content\/uploads\/2020\/11\/Ana-Cardoso-projeto-co\u0301pia.jpg\",\"contentUrl\":\"https:\/\/mulheresacesta.com.br\/wp-content\/uploads\/2020\/11\/Ana-Cardoso-projeto-co\u0301pia.jpg\",\"width\":1280,\"height\":719},{\"@type\":\"BreadcrumbList\",\"@id\":\"https:\/\/mulheresacesta.com.br\/2020\/11\/ana-cardoso\/#breadcrumb\",\"itemListElement\":[{\"@type\":\"ListItem\",\"position\":1,\"name\":\"In\u00edcio\",\"item\":\"https:\/\/mulheresacesta.com.br\/\"},{\"@type\":\"ListItem\",\"position\":2,\"name\":\"Ana Cardoso\"}]},{\"@type\":\"WebSite\",\"@id\":\"https:\/\/mulheresacesta.com.br\/en\/#website\",\"url\":\"https:\/\/mulheresacesta.com.br\/en\/\",\"name\":\"Mulheres \u00e0 Cesta\",\"description\":\"\",\"publisher\":{\"@id\":\"https:\/\/mulheresacesta.com.br\/en\/#organization\"},\"potentialAction\":[{\"@type\":\"SearchAction\",\"target\":{\"@type\":\"EntryPoint\",\"urlTemplate\":\"https:\/\/mulheresacesta.com.br\/en\/?s={search_term_string}\"},\"query-input\":{\"@type\":\"PropertyValueSpecification\",\"valueRequired\":true,\"valueName\":\"search_term_string\"}}],\"inLanguage\":\"en-US\"},{\"@type\":\"Organization\",\"@id\":\"https:\/\/mulheresacesta.com.br\/en\/#organization\",\"name\":\"Mulheres \u00e0 Cesta\",\"url\":\"https:\/\/mulheresacesta.com.br\/en\/\",\"logo\":{\"@type\":\"ImageObject\",\"inLanguage\":\"en-US\",\"@id\":\"https:\/\/mulheresacesta.com.br\/en\/#\/schema\/logo\/image\/\",\"url\":\"https:\/\/mulheresacesta.com.br\/wp-content\/uploads\/2020\/10\/mulheres-a-cesta.jpg\",\"contentUrl\":\"https:\/\/mulheresacesta.com.br\/wp-content\/uploads\/2020\/10\/mulheres-a-cesta.jpg\",\"width\":400,\"height\":300,\"caption\":\"Mulheres \u00e0 Cesta\"},\"image\":{\"@id\":\"https:\/\/mulheresacesta.com.br\/en\/#\/schema\/logo\/image\/\"}},{\"@type\":\"Person\",\"@id\":\"https:\/\/mulheresacesta.com.br\/en\/#\/schema\/person\/11ebd3af76a9fcb3d26c815924faac42\",\"name\":\"mulheres\",\"sameAs\":[\"http:\/\/localhost\/mulheresacesta\"],\"url\":\"https:\/\/mulheresacesta.com.br\/en\/author\/mulheres\/\"}]}<\/script>\n<!-- \/ Yoast SEO plugin. -->","yoast_head_json":{"title":"Ana Cardoso - Mulheres \u00e0 Cesta","description":"Treinadora da sele\u00e7\u00e3o colombiana de basquete em cadeira de rodas, \u00fanica representante da Am\u00e9rica Latina que garantiu classifica\u00e7\u00e3o dos Jogos Paral\u00edmpicos","robots":{"index":"index","follow":"follow","max-snippet":"max-snippet:-1","max-image-preview":"max-image-preview:large","max-video-preview":"max-video-preview:-1"},"canonical":"https:\/\/mulheresacesta.com.br\/en\/2020\/11\/ana-cardoso\/","og_locale":"en_US","og_type":"article","og_title":"Ana Cardoso - Mulheres \u00e0 Cesta","og_description":"Treinadora da sele\u00e7\u00e3o colombiana de basquete em cadeira de rodas, \u00fanica representante da Am\u00e9rica Latina que garantiu classifica\u00e7\u00e3o dos Jogos Paral\u00edmpicos","og_url":"https:\/\/mulheresacesta.com.br\/en\/2020\/11\/ana-cardoso\/","og_site_name":"Mulheres \u00e0 Cesta","article_published_time":"2020-11-16T17:27:34+00:00","article_modified_time":"2020-11-16T22:14:39+00:00","og_image":[{"width":1280,"height":719,"url":"https:\/\/mulheresacesta.com.br\/wp-content\/uploads\/2020\/11\/Ana-Cardoso-projeto-co\u0301pia.jpg","type":"image\/jpeg"}],"author":"mulheres","twitter_card":"summary_large_image","twitter_misc":{"Written by":"mulheres"},"schema":{"@context":"https:\/\/schema.org","@graph":[{"@type":"Article","@id":"https:\/\/mulheresacesta.com.br\/2020\/11\/ana-cardoso\/#article","isPartOf":{"@id":"https:\/\/mulheresacesta.com.br\/2020\/11\/ana-cardoso\/"},"author":{"name":"mulheres","@id":"https:\/\/mulheresacesta.com.br\/en\/#\/schema\/person\/11ebd3af76a9fcb3d26c815924faac42"},"headline":"Ana Cardoso","datePublished":"2020-11-16T17:27:34+00:00","dateModified":"2020-11-16T22:14:39+00:00","mainEntityOfPage":{"@id":"https:\/\/mulheresacesta.com.br\/2020\/11\/ana-cardoso\/"},"wordCount":101,"commentCount":0,"publisher":{"@id":"https:\/\/mulheresacesta.com.br\/en\/#organization"},"image":{"@id":"https:\/\/mulheresacesta.com.br\/2020\/11\/ana-cardoso\/#primaryimage"},"thumbnailUrl":"https:\/\/mulheresacesta.com.br\/wp-content\/uploads\/2020\/11\/Ana-Cardoso-projeto-co\u0301pia.jpg","articleSection":["Blog"],"inLanguage":"en-US","potentialAction":[{"@type":"CommentAction","name":"Comment","target":["https:\/\/mulheresacesta.com.br\/2020\/11\/ana-cardoso\/#respond"]}]},{"@type":"WebPage","@id":"https:\/\/mulheresacesta.com.br\/2020\/11\/ana-cardoso\/","url":"https:\/\/mulheresacesta.com.br\/2020\/11\/ana-cardoso\/","name":"Ana Cardoso - Mulheres \u00e0 Cesta","isPartOf":{"@id":"https:\/\/mulheresacesta.com.br\/en\/#website"},"primaryImageOfPage":{"@id":"https:\/\/mulheresacesta.com.br\/2020\/11\/ana-cardoso\/#primaryimage"},"image":{"@id":"https:\/\/mulheresacesta.com.br\/2020\/11\/ana-cardoso\/#primaryimage"},"thumbnailUrl":"https:\/\/mulheresacesta.com.br\/wp-content\/uploads\/2020\/11\/Ana-Cardoso-projeto-co\u0301pia.jpg","datePublished":"2020-11-16T17:27:34+00:00","dateModified":"2020-11-16T22:14:39+00:00","description":"Treinadora da sele\u00e7\u00e3o colombiana de basquete em cadeira de rodas, \u00fanica representante da Am\u00e9rica Latina que garantiu classifica\u00e7\u00e3o dos Jogos Paral\u00edmpicos","breadcrumb":{"@id":"https:\/\/mulheresacesta.com.br\/2020\/11\/ana-cardoso\/#breadcrumb"},"inLanguage":"en-US","potentialAction":[{"@type":"ReadAction","target":["https:\/\/mulheresacesta.com.br\/2020\/11\/ana-cardoso\/"]}]},{"@type":"ImageObject","inLanguage":"en-US","@id":"https:\/\/mulheresacesta.com.br\/2020\/11\/ana-cardoso\/#primaryimage","url":"https:\/\/mulheresacesta.com.br\/wp-content\/uploads\/2020\/11\/Ana-Cardoso-projeto-co\u0301pia.jpg","contentUrl":"https:\/\/mulheresacesta.com.br\/wp-content\/uploads\/2020\/11\/Ana-Cardoso-projeto-co\u0301pia.jpg","width":1280,"height":719},{"@type":"BreadcrumbList","@id":"https:\/\/mulheresacesta.com.br\/2020\/11\/ana-cardoso\/#breadcrumb","itemListElement":[{"@type":"ListItem","position":1,"name":"In\u00edcio","item":"https:\/\/mulheresacesta.com.br\/"},{"@type":"ListItem","position":2,"name":"Ana Cardoso"}]},{"@type":"WebSite","@id":"https:\/\/mulheresacesta.com.br\/en\/#website","url":"https:\/\/mulheresacesta.com.br\/en\/","name":"Mulheres \u00e0 Cesta","description":"","publisher":{"@id":"https:\/\/mulheresacesta.com.br\/en\/#organization"},"potentialAction":[{"@type":"SearchAction","target":{"@type":"EntryPoint","urlTemplate":"https:\/\/mulheresacesta.com.br\/en\/?s={search_term_string}"},"query-input":{"@type":"PropertyValueSpecification","valueRequired":true,"valueName":"search_term_string"}}],"inLanguage":"en-US"},{"@type":"Organization","@id":"https:\/\/mulheresacesta.com.br\/en\/#organization","name":"Mulheres \u00e0 Cesta","url":"https:\/\/mulheresacesta.com.br\/en\/","logo":{"@type":"ImageObject","inLanguage":"en-US","@id":"https:\/\/mulheresacesta.com.br\/en\/#\/schema\/logo\/image\/","url":"https:\/\/mulheresacesta.com.br\/wp-content\/uploads\/2020\/10\/mulheres-a-cesta.jpg","contentUrl":"https:\/\/mulheresacesta.com.br\/wp-content\/uploads\/2020\/10\/mulheres-a-cesta.jpg","width":400,"height":300,"caption":"Mulheres \u00e0 Cesta"},"image":{"@id":"https:\/\/mulheresacesta.com.br\/en\/#\/schema\/logo\/image\/"}},{"@type":"Person","@id":"https:\/\/mulheresacesta.com.br\/en\/#\/schema\/person\/11ebd3af76a9fcb3d26c815924faac42","name":"mulheres","sameAs":["http:\/\/localhost\/mulheresacesta"],"url":"https:\/\/mulheresacesta.com.br\/en\/author\/mulheres\/"}]}},"_links":{"self":[{"href":"https:\/\/mulheresacesta.com.br\/en\/wp-json\/wp\/v2\/posts\/1068","targetHints":{"allow":["GET"]}}],"collection":[{"href":"https:\/\/mulheresacesta.com.br\/en\/wp-json\/wp\/v2\/posts"}],"about":[{"href":"https:\/\/mulheresacesta.com.br\/en\/wp-json\/wp\/v2\/types\/post"}],"author":[{"embeddable":true,"href":"https:\/\/mulheresacesta.com.br\/en\/wp-json\/wp\/v2\/users\/1"}],"replies":[{"embeddable":true,"href":"https:\/\/mulheresacesta.com.br\/en\/wp-json\/wp\/v2\/comments?post=1068"}],"version-history":[{"count":10,"href":"https:\/\/mulheresacesta.com.br\/en\/wp-json\/wp\/v2\/posts\/1068\/revisions"}],"predecessor-version":[{"id":1092,"href":"https:\/\/mulheresacesta.com.br\/en\/wp-json\/wp\/v2\/posts\/1068\/revisions\/1092"}],"wp:featuredmedia":[{"embeddable":true,"href":"https:\/\/mulheresacesta.com.br\/en\/wp-json\/wp\/v2\/media\/1069"}],"wp:attachment":[{"href":"https:\/\/mulheresacesta.com.br\/en\/wp-json\/wp\/v2\/media?parent=1068"}],"wp:term":[{"taxonomy":"category","embeddable":true,"href":"https:\/\/mulheresacesta.com.br\/en\/wp-json\/wp\/v2\/categories?post=1068"},{"taxonomy":"post_tag","embeddable":true,"href":"https:\/\/mulheresacesta.com.br\/en\/wp-json\/wp\/v2\/tags?post=1068"}],"curies":[{"name":"wp","href":"https:\/\/api.w.org\/{rel}","templated":true}]}}