{"id":1101,"date":"2020-11-18T15:06:00","date_gmt":"2020-11-18T18:06:00","guid":{"rendered":"https:\/\/mulheresacesta.com.br\/?p=1101"},"modified":"2020-11-17T15:11:00","modified_gmt":"2020-11-17T18:11:00","slug":"a-volta-da-estrela","status":"publish","type":"post","link":"https:\/\/mulheresacesta.com.br\/en\/2020\/11\/a-volta-da-estrela\/","title":{"rendered":"A volta da ESTRELA!"},"content":{"rendered":"\n<p><\/p>\n\n\n\n<p><\/p>\n\n\n\n<p> A ala\/piv\u00f4 de 27 anos n\u00e3o atua no Brasil desde 2016, quando defendeu o Corinthians\/Americana.<\/p>\n\n\n\n<p>O contrato, por\u00e9m, \u00e9 curto, at\u00e9 o fim do Campeonato Paulista. O Vera Cruz \u00e9 um dos favoritos ao t\u00edtulo. Est\u00e1 invicto ap\u00f3s quatro jogos, com quatro vit\u00f3rias, mesma campanha do Ituano e \u00e9 o atual campe\u00e3o estadual e vice da \u00faltima edi\u00e7\u00e3o finalizada da Liga de Basquete Feminino, em 2019.<\/p>\n\n\n\n<p><strong>Trajet\u00f3ria<\/strong><\/p>\n\n\n\n<p>Natural de Ferraz de Vasconcelos, na Grande S\u00e3o Paulo, Damiris se destacou jogando na escola, onde recebeu indica\u00e7\u00e3o para participar de uma peneira do projeto social de <strong>Janeth Arcain<\/strong>, <strong>(linkar com texto sobre Janeth<\/strong>) em Santo Andr\u00e9. De 80 participantes da peneira, s\u00f3 Damiris, ent\u00e3o com 13 anos, foi selecionada, recebendo apoio da ONG para ir todo dia de Ferraz para o ABC.<\/p>\n\n\n\n<p>Depois passou pelo Clube Maristas Coru\u00f1a da Espanha, pelo Divino\/ COC\/ Jundia\u00ed, onde cumpriu todo o seu contrato at\u00e9 ir para o Celta de Vigo, na Espanha.<\/p>\n\n\n\n<div class=\"wp-block-image\"><figure class=\"aligncenter size-large\"><img decoding=\"async\" src=\"https:\/\/mulheresacesta.com.br\/wp-content\/uploads\/2020\/11\/19_07_2020_damiris-1024x613.jpg\" alt=\"\" class=\"wp-image-1105\"\/><figcaption>A jogadora de basquete Damiris Dantas, durante partida nas Olimp\u00edadas do Rio 2016.<\/figcaption><\/figure><\/div>\n\n\n\n<p>Na Sele\u00e7\u00e3o Brasileira de Basquetebol Feminino, estreou na sele\u00e7\u00e3o adulta no mundial de 2010. Em 2011, Damiris foi vice-campe\u00e3 da Copa Am\u00e9rica Sub-18 nos Estados Unidos e a terceira colocada do Campeonato Mundial Sub-19 no Chile, na qual foi eleita melhor jogadora do torneio. Em torneios adultos, foi campe\u00e3 da Copa Am\u00e9rica e bronze no Pan-Americanos de Guadalajara.<\/p>\n\n\n\n<p>Aos 19, a paulista de Ferraz foi escolhida na 12\u00aa posi\u00e7\u00e3o do Draft da WNBA, pelo Minnesota Lynx, como a mais jovem do plantel de atletas aptas a entrar na liga americana. No ano seguinte, 2013, admitiu que ficaria mais um ano no Brasil antes de ir para a WNBA.<sup><\/sup><\/p>\n\n\n\n<div class=\"wp-block-image\"><figure class=\"aligncenter size-large\"><img decoding=\"async\" src=\"https:\/\/mulheresacesta.com.br\/wp-content\/uploads\/2020\/11\/coreia.jpg\" alt=\"\" class=\"wp-image-1106\"\/><\/figure><\/div>\n\n\n\n<p>&#8220;Eu amo basquete feminino brasileiro. Eu devo tudo que eu tenho ao basquete. E eu quero muito poder retribuir. Eu estando na W(NBA), acabo tendo mais visibilidade. Quero usar a visibilidade que eu tenho a favor das meninas.\u201d<\/p>\n\n\n\n<p>Ap\u00f3s duas temporadas no Americana, vencendo o campeonato de 2014, foi contratada pelo Lynx, onde estreou no mesmo ano.<\/p>\n\n\n\n<p>Esse ano, na primeira fase da WNBA, ela ficou com a maior pontua\u00e7\u00e3o da carreira em um s\u00f3 jogo (28 pontos) e a quinta maior de uma atleta do Brasil no basquete norte-americano. J\u00e1 nos playoffs, a ala\/piv\u00f4 registrou m\u00e9dia quase 20 pontos por partida.<\/p>\n\n\n\n<p><\/p>\n\n\n\n<p>Mulheres \u00e0 Cesta<\/p>\n\n\n\n<p>Imagnes: Google Images<\/p>\n","protected":false},"excerpt":{"rendered":"<p>A ala\/piv\u00f4 de 27 anos n\u00e3o atua no Brasil desde 2016, quando defendeu o Corinthians\/Americana. O contrato, por\u00e9m, \u00e9 curto, at\u00e9 o fim do Campeonato Paulista. O Vera Cruz \u00e9 um dos favoritos ao t\u00edtulo. Est\u00e1 invicto ap\u00f3s quatro jogos, com quatro vit\u00f3rias, mesma campanha do Ituano e \u00e9 o atual campe\u00e3o estadual e vice [&hellip;]<\/p>\n","protected":false},"author":1,"featured_media":0,"comment_status":"open","ping_status":"open","sticky":false,"template":"","format":"standard","meta":{"footnotes":""},"categories":[12],"tags":[],"class_list":["post-1101","post","type-post","status-publish","format-standard","hentry","category-blog"],"acf":[],"yoast_head":"<!-- This site is optimized with the Yoast SEO plugin v26.4 - https:\/\/yoast.com\/wordpress\/plugins\/seo\/ -->\n<title>A volta da ESTRELA! - Mulheres \u00e0 Cesta<\/title>\n<meta name=\"description\" content=\"A ala\/piv\u00f4 de 27 anos n\u00e3o atua no Brasil desde 2016, quando defendeu o Corinthians\/Americana. O contrato, por\u00e9m, \u00e9 curto, at\u00e9 o fim do Campeonato\" \/>\n<meta name=\"robots\" content=\"index, follow, max-snippet:-1, max-image-preview:large, max-video-preview:-1\" \/>\n<link rel=\"canonical\" href=\"https:\/\/mulheresacesta.com.br\/en\/2020\/11\/a-volta-da-estrela\/\" \/>\n<meta property=\"og:locale\" content=\"en_US\" \/>\n<meta property=\"og:locale:alternate\" content=\"pt_BR\" \/>\n<meta property=\"og:type\" content=\"article\" \/>\n<meta property=\"og:title\" content=\"A volta da ESTRELA! - Mulheres \u00e0 Cesta\" \/>\n<meta property=\"og:description\" content=\"A ala\/piv\u00f4 de 27 anos n\u00e3o atua no Brasil desde 2016, quando defendeu o Corinthians\/Americana. O contrato, por\u00e9m, \u00e9 curto, at\u00e9 o fim do Campeonato\" \/>\n<meta property=\"og:url\" content=\"https:\/\/mulheresacesta.com.br\/en\/2020\/11\/a-volta-da-estrela\/\" \/>\n<meta property=\"og:site_name\" content=\"Mulheres \u00e0 Cesta\" \/>\n<meta property=\"article:published_time\" content=\"2020-11-18T18:06:00+00:00\" \/>\n<meta property=\"og:image\" content=\"https:\/\/mulheresacesta.com.br\/wp-content\/uploads\/2020\/11\/19_07_2020_damiris-1024x613.jpg\" \/>\n<meta name=\"author\" content=\"mulheres\" \/>\n<meta name=\"twitter:card\" content=\"summary_large_image\" \/>\n<meta name=\"twitter:label1\" content=\"Written by\" \/>\n\t<meta name=\"twitter:data1\" content=\"mulheres\" \/>\n\t<meta name=\"twitter:label2\" content=\"Est. reading time\" \/>\n\t<meta name=\"twitter:data2\" content=\"2 minutes\" \/>\n<script type=\"application\/ld+json\" class=\"yoast-schema-graph\">{\"@context\":\"https:\/\/schema.org\",\"@graph\":[{\"@type\":\"Article\",\"@id\":\"https:\/\/mulheresacesta.com.br\/2020\/11\/a-volta-da-estrela\/#article\",\"isPartOf\":{\"@id\":\"https:\/\/mulheresacesta.com.br\/2020\/11\/a-volta-da-estrela\/\"},\"author\":{\"name\":\"mulheres\",\"@id\":\"https:\/\/mulheresacesta.com.br\/en\/#\/schema\/person\/11ebd3af76a9fcb3d26c815924faac42\"},\"headline\":\"A volta da ESTRELA!\",\"datePublished\":\"2020-11-18T18:06:00+00:00\",\"mainEntityOfPage\":{\"@id\":\"https:\/\/mulheresacesta.com.br\/2020\/11\/a-volta-da-estrela\/\"},\"wordCount\":397,\"commentCount\":0,\"publisher\":{\"@id\":\"https:\/\/mulheresacesta.com.br\/en\/#organization\"},\"image\":{\"@id\":\"https:\/\/mulheresacesta.com.br\/2020\/11\/a-volta-da-estrela\/#primaryimage\"},\"thumbnailUrl\":\"https:\/\/mulheresacesta.com.br\/wp-content\/uploads\/2020\/11\/19_07_2020_damiris-1024x613.jpg\",\"articleSection\":[\"Blog\"],\"inLanguage\":\"en-US\",\"potentialAction\":[{\"@type\":\"CommentAction\",\"name\":\"Comment\",\"target\":[\"https:\/\/mulheresacesta.com.br\/2020\/11\/a-volta-da-estrela\/#respond\"]}]},{\"@type\":\"WebPage\",\"@id\":\"https:\/\/mulheresacesta.com.br\/2020\/11\/a-volta-da-estrela\/\",\"url\":\"https:\/\/mulheresacesta.com.br\/2020\/11\/a-volta-da-estrela\/\",\"name\":\"A volta da ESTRELA! - Mulheres \u00e0 Cesta\",\"isPartOf\":{\"@id\":\"https:\/\/mulheresacesta.com.br\/en\/#website\"},\"primaryImageOfPage\":{\"@id\":\"https:\/\/mulheresacesta.com.br\/2020\/11\/a-volta-da-estrela\/#primaryimage\"},\"image\":{\"@id\":\"https:\/\/mulheresacesta.com.br\/2020\/11\/a-volta-da-estrela\/#primaryimage\"},\"thumbnailUrl\":\"https:\/\/mulheresacesta.com.br\/wp-content\/uploads\/2020\/11\/19_07_2020_damiris-1024x613.jpg\",\"datePublished\":\"2020-11-18T18:06:00+00:00\",\"description\":\"A ala\/piv\u00f4 de 27 anos n\u00e3o atua no Brasil desde 2016, quando defendeu o Corinthians\/Americana. O contrato, por\u00e9m, \u00e9 curto, at\u00e9 o fim do Campeonato\",\"breadcrumb\":{\"@id\":\"https:\/\/mulheresacesta.com.br\/2020\/11\/a-volta-da-estrela\/#breadcrumb\"},\"inLanguage\":\"en-US\",\"potentialAction\":[{\"@type\":\"ReadAction\",\"target\":[\"https:\/\/mulheresacesta.com.br\/2020\/11\/a-volta-da-estrela\/\"]}]},{\"@type\":\"ImageObject\",\"inLanguage\":\"en-US\",\"@id\":\"https:\/\/mulheresacesta.com.br\/2020\/11\/a-volta-da-estrela\/#primaryimage\",\"url\":\"https:\/\/mulheresacesta.com.br\/wp-content\/uploads\/2020\/11\/19_07_2020_damiris-1024x613.jpg\",\"contentUrl\":\"https:\/\/mulheresacesta.com.br\/wp-content\/uploads\/2020\/11\/19_07_2020_damiris-1024x613.jpg\"},{\"@type\":\"BreadcrumbList\",\"@id\":\"https:\/\/mulheresacesta.com.br\/2020\/11\/a-volta-da-estrela\/#breadcrumb\",\"itemListElement\":[{\"@type\":\"ListItem\",\"position\":1,\"name\":\"In\u00edcio\",\"item\":\"https:\/\/mulheresacesta.com.br\/\"},{\"@type\":\"ListItem\",\"position\":2,\"name\":\"A volta da ESTRELA!\"}]},{\"@type\":\"WebSite\",\"@id\":\"https:\/\/mulheresacesta.com.br\/en\/#website\",\"url\":\"https:\/\/mulheresacesta.com.br\/en\/\",\"name\":\"Mulheres \u00e0 Cesta\",\"description\":\"\",\"publisher\":{\"@id\":\"https:\/\/mulheresacesta.com.br\/en\/#organization\"},\"potentialAction\":[{\"@type\":\"SearchAction\",\"target\":{\"@type\":\"EntryPoint\",\"urlTemplate\":\"https:\/\/mulheresacesta.com.br\/en\/?s={search_term_string}\"},\"query-input\":{\"@type\":\"PropertyValueSpecification\",\"valueRequired\":true,\"valueName\":\"search_term_string\"}}],\"inLanguage\":\"en-US\"},{\"@type\":\"Organization\",\"@id\":\"https:\/\/mulheresacesta.com.br\/en\/#organization\",\"name\":\"Mulheres \u00e0 Cesta\",\"url\":\"https:\/\/mulheresacesta.com.br\/en\/\",\"logo\":{\"@type\":\"ImageObject\",\"inLanguage\":\"en-US\",\"@id\":\"https:\/\/mulheresacesta.com.br\/en\/#\/schema\/logo\/image\/\",\"url\":\"https:\/\/mulheresacesta.com.br\/wp-content\/uploads\/2020\/10\/mulheres-a-cesta.jpg\",\"contentUrl\":\"https:\/\/mulheresacesta.com.br\/wp-content\/uploads\/2020\/10\/mulheres-a-cesta.jpg\",\"width\":400,\"height\":300,\"caption\":\"Mulheres \u00e0 Cesta\"},\"image\":{\"@id\":\"https:\/\/mulheresacesta.com.br\/en\/#\/schema\/logo\/image\/\"}},{\"@type\":\"Person\",\"@id\":\"https:\/\/mulheresacesta.com.br\/en\/#\/schema\/person\/11ebd3af76a9fcb3d26c815924faac42\",\"name\":\"mulheres\",\"sameAs\":[\"http:\/\/localhost\/mulheresacesta\"],\"url\":\"https:\/\/mulheresacesta.com.br\/en\/author\/mulheres\/\"}]}<\/script>\n<!-- \/ Yoast SEO plugin. -->","yoast_head_json":{"title":"A volta da ESTRELA! - Mulheres \u00e0 Cesta","description":"A ala\/piv\u00f4 de 27 anos n\u00e3o atua no Brasil desde 2016, quando defendeu o Corinthians\/Americana. O contrato, por\u00e9m, \u00e9 curto, at\u00e9 o fim do Campeonato","robots":{"index":"index","follow":"follow","max-snippet":"max-snippet:-1","max-image-preview":"max-image-preview:large","max-video-preview":"max-video-preview:-1"},"canonical":"https:\/\/mulheresacesta.com.br\/en\/2020\/11\/a-volta-da-estrela\/","og_locale":"en_US","og_type":"article","og_title":"A volta da ESTRELA! - Mulheres \u00e0 Cesta","og_description":"A ala\/piv\u00f4 de 27 anos n\u00e3o atua no Brasil desde 2016, quando defendeu o Corinthians\/Americana. O contrato, por\u00e9m, \u00e9 curto, at\u00e9 o fim do Campeonato","og_url":"https:\/\/mulheresacesta.com.br\/en\/2020\/11\/a-volta-da-estrela\/","og_site_name":"Mulheres \u00e0 Cesta","article_published_time":"2020-11-18T18:06:00+00:00","og_image":[{"url":"https:\/\/mulheresacesta.com.br\/wp-content\/uploads\/2020\/11\/19_07_2020_damiris-1024x613.jpg","type":"","width":"","height":""}],"author":"mulheres","twitter_card":"summary_large_image","twitter_misc":{"Written by":"mulheres","Est. reading time":"2 minutes"},"schema":{"@context":"https:\/\/schema.org","@graph":[{"@type":"Article","@id":"https:\/\/mulheresacesta.com.br\/2020\/11\/a-volta-da-estrela\/#article","isPartOf":{"@id":"https:\/\/mulheresacesta.com.br\/2020\/11\/a-volta-da-estrela\/"},"author":{"name":"mulheres","@id":"https:\/\/mulheresacesta.com.br\/en\/#\/schema\/person\/11ebd3af76a9fcb3d26c815924faac42"},"headline":"A volta da ESTRELA!","datePublished":"2020-11-18T18:06:00+00:00","mainEntityOfPage":{"@id":"https:\/\/mulheresacesta.com.br\/2020\/11\/a-volta-da-estrela\/"},"wordCount":397,"commentCount":0,"publisher":{"@id":"https:\/\/mulheresacesta.com.br\/en\/#organization"},"image":{"@id":"https:\/\/mulheresacesta.com.br\/2020\/11\/a-volta-da-estrela\/#primaryimage"},"thumbnailUrl":"https:\/\/mulheresacesta.com.br\/wp-content\/uploads\/2020\/11\/19_07_2020_damiris-1024x613.jpg","articleSection":["Blog"],"inLanguage":"en-US","potentialAction":[{"@type":"CommentAction","name":"Comment","target":["https:\/\/mulheresacesta.com.br\/2020\/11\/a-volta-da-estrela\/#respond"]}]},{"@type":"WebPage","@id":"https:\/\/mulheresacesta.com.br\/2020\/11\/a-volta-da-estrela\/","url":"https:\/\/mulheresacesta.com.br\/2020\/11\/a-volta-da-estrela\/","name":"A volta da ESTRELA! - Mulheres \u00e0 Cesta","isPartOf":{"@id":"https:\/\/mulheresacesta.com.br\/en\/#website"},"primaryImageOfPage":{"@id":"https:\/\/mulheresacesta.com.br\/2020\/11\/a-volta-da-estrela\/#primaryimage"},"image":{"@id":"https:\/\/mulheresacesta.com.br\/2020\/11\/a-volta-da-estrela\/#primaryimage"},"thumbnailUrl":"https:\/\/mulheresacesta.com.br\/wp-content\/uploads\/2020\/11\/19_07_2020_damiris-1024x613.jpg","datePublished":"2020-11-18T18:06:00+00:00","description":"A ala\/piv\u00f4 de 27 anos n\u00e3o atua no Brasil desde 2016, quando defendeu o Corinthians\/Americana. O contrato, por\u00e9m, \u00e9 curto, at\u00e9 o fim do Campeonato","breadcrumb":{"@id":"https:\/\/mulheresacesta.com.br\/2020\/11\/a-volta-da-estrela\/#breadcrumb"},"inLanguage":"en-US","potentialAction":[{"@type":"ReadAction","target":["https:\/\/mulheresacesta.com.br\/2020\/11\/a-volta-da-estrela\/"]}]},{"@type":"ImageObject","inLanguage":"en-US","@id":"https:\/\/mulheresacesta.com.br\/2020\/11\/a-volta-da-estrela\/#primaryimage","url":"https:\/\/mulheresacesta.com.br\/wp-content\/uploads\/2020\/11\/19_07_2020_damiris-1024x613.jpg","contentUrl":"https:\/\/mulheresacesta.com.br\/wp-content\/uploads\/2020\/11\/19_07_2020_damiris-1024x613.jpg"},{"@type":"BreadcrumbList","@id":"https:\/\/mulheresacesta.com.br\/2020\/11\/a-volta-da-estrela\/#breadcrumb","itemListElement":[{"@type":"ListItem","position":1,"name":"In\u00edcio","item":"https:\/\/mulheresacesta.com.br\/"},{"@type":"ListItem","position":2,"name":"A volta da ESTRELA!"}]},{"@type":"WebSite","@id":"https:\/\/mulheresacesta.com.br\/en\/#website","url":"https:\/\/mulheresacesta.com.br\/en\/","name":"Mulheres \u00e0 Cesta","description":"","publisher":{"@id":"https:\/\/mulheresacesta.com.br\/en\/#organization"},"potentialAction":[{"@type":"SearchAction","target":{"@type":"EntryPoint","urlTemplate":"https:\/\/mulheresacesta.com.br\/en\/?s={search_term_string}"},"query-input":{"@type":"PropertyValueSpecification","valueRequired":true,"valueName":"search_term_string"}}],"inLanguage":"en-US"},{"@type":"Organization","@id":"https:\/\/mulheresacesta.com.br\/en\/#organization","name":"Mulheres \u00e0 Cesta","url":"https:\/\/mulheresacesta.com.br\/en\/","logo":{"@type":"ImageObject","inLanguage":"en-US","@id":"https:\/\/mulheresacesta.com.br\/en\/#\/schema\/logo\/image\/","url":"https:\/\/mulheresacesta.com.br\/wp-content\/uploads\/2020\/10\/mulheres-a-cesta.jpg","contentUrl":"https:\/\/mulheresacesta.com.br\/wp-content\/uploads\/2020\/10\/mulheres-a-cesta.jpg","width":400,"height":300,"caption":"Mulheres \u00e0 Cesta"},"image":{"@id":"https:\/\/mulheresacesta.com.br\/en\/#\/schema\/logo\/image\/"}},{"@type":"Person","@id":"https:\/\/mulheresacesta.com.br\/en\/#\/schema\/person\/11ebd3af76a9fcb3d26c815924faac42","name":"mulheres","sameAs":["http:\/\/localhost\/mulheresacesta"],"url":"https:\/\/mulheresacesta.com.br\/en\/author\/mulheres\/"}]}},"_links":{"self":[{"href":"https:\/\/mulheresacesta.com.br\/en\/wp-json\/wp\/v2\/posts\/1101","targetHints":{"allow":["GET"]}}],"collection":[{"href":"https:\/\/mulheresacesta.com.br\/en\/wp-json\/wp\/v2\/posts"}],"about":[{"href":"https:\/\/mulheresacesta.com.br\/en\/wp-json\/wp\/v2\/types\/post"}],"author":[{"embeddable":true,"href":"https:\/\/mulheresacesta.com.br\/en\/wp-json\/wp\/v2\/users\/1"}],"replies":[{"embeddable":true,"href":"https:\/\/mulheresacesta.com.br\/en\/wp-json\/wp\/v2\/comments?post=1101"}],"version-history":[{"count":6,"href":"https:\/\/mulheresacesta.com.br\/en\/wp-json\/wp\/v2\/posts\/1101\/revisions"}],"predecessor-version":[{"id":1110,"href":"https:\/\/mulheresacesta.com.br\/en\/wp-json\/wp\/v2\/posts\/1101\/revisions\/1110"}],"wp:attachment":[{"href":"https:\/\/mulheresacesta.com.br\/en\/wp-json\/wp\/v2\/media?parent=1101"}],"wp:term":[{"taxonomy":"category","embeddable":true,"href":"https:\/\/mulheresacesta.com.br\/en\/wp-json\/wp\/v2\/categories?post=1101"},{"taxonomy":"post_tag","embeddable":true,"href":"https:\/\/mulheresacesta.com.br\/en\/wp-json\/wp\/v2\/tags?post=1101"}],"curies":[{"name":"wp","href":"https:\/\/api.w.org\/{rel}","templated":true}]}}