{"id":1111,"date":"2020-11-23T15:18:00","date_gmt":"2020-11-23T18:18:00","guid":{"rendered":"https:\/\/mulheresacesta.com.br\/?p=1111"},"modified":"2020-11-21T11:46:54","modified_gmt":"2020-11-21T14:46:54","slug":"quem-foi-janeth-arcain-a-entrevista-da-nossa-live-da-semana","status":"publish","type":"post","link":"https:\/\/mulheresacesta.com.br\/en\/2020\/11\/quem-foi-janeth-arcain-a-entrevista-da-nossa-live-da-semana\/","title":{"rendered":"Quem foi Janeth Arcain?!     A entrevista da nossa live da semana"},"content":{"rendered":"\n<p><\/p>\n\n\n\n<p><\/p>\n\n\n\n<p>J\u00e1 na \u00e9poca da Gr\u00e9cia Antiga, acreditava-se que as mulheres ficariam masculinizadas com exerc\u00edcios, al\u00e9m de n\u00e3o terem condi\u00e7\u00f5es f\u00edsicas para a pr\u00e1tica de esportes. Inclusive, proibidas de assistir os jogos ol\u00edmpicos, se fossem flagradas observando eram condenadas \u00e0 pena de morte.<\/p>\n\n\n\n<p>O preconceito, a falta de incentivo nas escolas, a falta de seguran\u00e7a, apontam que o esporte no Brasil n\u00e3o tem o mesmo acesso por meninos e meninas. Para terem uma ideia, as mulheres passaram a ter direito de participar de todas as modalidades ol\u00edmpicas apenas em 2012.<\/p>\n\n\n\n<p><strong>Janeth Arcain<\/strong><\/p>\n\n\n\n<p>O mundial de 1983, realizado no Brasil, foi a inspira\u00e7\u00e3o para que Janeth come\u00e7asse a jogar basquete, aos 14 anos. Ao assistir \u00e0 sele\u00e7\u00e3o no torneio, a jovem come\u00e7ou a sonhar que um dia poderia ser a sua vez.<\/p>\n\n\n\n<p>No ano de sua estreia no basquete, conquistou com o Higien\u00f3polis (SP) o Campeonato Paulista Mirim e foi considerada a melhor jogadora da categoria. A partir daquele ano, o basquetebol ganhou uma guerreira, um exemplo de supera\u00e7\u00e3o, disciplina, determina\u00e7\u00e3o e coragem.<\/p>\n\n\n\n<p>Ap\u00f3s passagens por BCN (SP), Jundia\u00ed (SP), Constecca Sedox (SP) Sorocaba (SP), Santo Andr\u00e9 (SP), Vasco da Gama (RJ), S\u00e3o Paulo (SP), Ourinhos (SP), a ex-ala foi contratada pelo Houston Comets (EUA), time que disputa a WNBA, a vers\u00e3o feminina da NBA.<\/p>\n\n\n\n<p>Ela foi ainda a primeira jogadora brasileira a participar da Liga Americana de basquete ficou nos Estados Unidos por oito anos, vencendo o Nacional por quatro vezes. Em 2001, a ex-ala foi chamada para participar do Jogo das Estrela, sendo a terceira mais votada pelo p\u00fablico.<\/p>\n\n\n\n<p>Na Sele\u00e7\u00e3o Brasileira, onde foi capit\u00e3 de 1998 a 2007, Janeth conquistou o ouro no Pan-americano de 1991 e no Mundial de 1994, prata no Pan-americano de 1987, 2007 e nas Olimp\u00edadas de 1996, e o Bronze nos Jogos Ol\u00edmpicos de 2000. Ap\u00f3s o Pan-americano de 2007, realizado no Rio de Janeiro, Janeth encerrou sua carreira de jogadora. E em 2014, foi eleita para o Hall da Fama feminino do basquete estadunidense.<\/p>\n\n\n\n<p>Fora da quadra, o seu Instituto Janeth Arcain \u00e9 a maior cesta da vida da ex-atleta, jun\u00e7\u00e3o entre basquete e educa\u00e7\u00e3o. Hoje, promove o basquete como fator de desenvolvimento humano tal como ferramenta transformadora da sociedade no exerc\u00edcio da cidadania. Al\u00e9m de projetos socioeducativos com temas ligados \u00e0 sa\u00fade, nutri\u00e7\u00e3o e alimenta\u00e7\u00e3o saud\u00e1vel, inclus\u00e3o e at\u00e9 uma iniciativa que oferece aulas de ingl\u00eas gratuitas.<\/p>\n\n\n\n<p>No \u00faltimo domingo do m\u00eas de novembro, Janeth ser\u00e1 entrevistada pelo Mulheres \u00e0 Cesta. Voc\u00ea n\u00e3o pode perder nossa live.<\/p>\n\n\n\n<figure class=\"wp-block-gallery aligncenter columns-3 is-cropped wp-block-gallery-1 is-layout-flex wp-block-gallery-is-layout-flex\"><ul class=\"blocks-gallery-grid\"><li class=\"blocks-gallery-item\"><figure><img decoding=\"async\" src=\"https:\/\/mulheresacesta.com.br\/wp-content\/uploads\/2020\/11\/Janeth.jpg\" alt=\"\" data-id=\"1115\" data-link=\"https:\/\/mulheresacesta.com.br\/?attachment_id=1115\" class=\"wp-image-1115\"\/><\/figure><\/li><li class=\"blocks-gallery-item\"><figure><img decoding=\"async\" src=\"https:\/\/mulheresacesta.com.br\/wp-content\/uploads\/2020\/11\/unnamed.jpg\" alt=\"\" data-id=\"1116\" data-link=\"https:\/\/mulheresacesta.com.br\/?attachment_id=1116\" class=\"wp-image-1116\"\/><\/figure><\/li><li class=\"blocks-gallery-item\"><figure><img decoding=\"async\" src=\"https:\/\/mulheresacesta.com.br\/wp-content\/uploads\/2020\/11\/janeth-1200x900-1-1024x768.jpg\" alt=\"\" data-id=\"1118\" data-full-url=\"https:\/\/mulheresacesta.com.br\/wp-content\/uploads\/2020\/11\/janeth-1200x900-1.jpg\" data-link=\"https:\/\/mulheresacesta.com.br\/?attachment_id=1118\" class=\"wp-image-1118\"\/><\/figure><\/li><\/ul><\/figure>\n\n\n\n<p><\/p>\n\n\n\n<p>Mulheres \u00e0 Cesta<\/p>\n","protected":false},"excerpt":{"rendered":"<p>J\u00e1 na \u00e9poca da Gr\u00e9cia Antiga, acreditava-se que as mulheres ficariam masculinizadas com exerc\u00edcios, al\u00e9m de n\u00e3o terem condi\u00e7\u00f5es f\u00edsicas para a pr\u00e1tica de esportes. Inclusive, proibidas de assistir os jogos ol\u00edmpicos, se fossem flagradas observando eram condenadas \u00e0 pena de morte. O preconceito, a falta de incentivo nas escolas, a falta de seguran\u00e7a, apontam [&hellip;]<\/p>\n","protected":false},"author":1,"featured_media":0,"comment_status":"open","ping_status":"open","sticky":false,"template":"","format":"standard","meta":{"footnotes":""},"categories":[12],"tags":[],"class_list":["post-1111","post","type-post","status-publish","format-standard","hentry","category-blog"],"acf":[],"yoast_head":"<!-- This site is optimized with the Yoast SEO plugin v26.4 - https:\/\/yoast.com\/wordpress\/plugins\/seo\/ -->\n<title>Quem foi Janeth Arcain?!   A entrevista da nossa live da semana - Mulheres \u00e0 Cesta<\/title>\n<meta name=\"description\" content=\"J\u00e1 na \u00e9poca da Gr\u00e9cia Antiga, acreditava-se que as mulheres ficariam masculinizadas com exerc\u00edcios, al\u00e9m de n\u00e3o terem condi\u00e7\u00f5es f\u00edsicas para a pr\u00e1tica de\" \/>\n<meta name=\"robots\" content=\"index, follow, max-snippet:-1, max-image-preview:large, max-video-preview:-1\" \/>\n<link rel=\"canonical\" href=\"https:\/\/mulheresacesta.com.br\/en\/2020\/11\/quem-foi-janeth-arcain-a-entrevista-da-nossa-live-da-semana\/\" \/>\n<meta property=\"og:locale\" content=\"en_US\" \/>\n<meta property=\"og:locale:alternate\" content=\"pt_BR\" \/>\n<meta property=\"og:type\" content=\"article\" \/>\n<meta property=\"og:title\" content=\"Quem foi Janeth Arcain?!   A entrevista da nossa live da semana - Mulheres \u00e0 Cesta\" \/>\n<meta property=\"og:description\" content=\"J\u00e1 na \u00e9poca da Gr\u00e9cia Antiga, acreditava-se que as mulheres ficariam masculinizadas com exerc\u00edcios, al\u00e9m de n\u00e3o terem condi\u00e7\u00f5es f\u00edsicas para a pr\u00e1tica de\" \/>\n<meta property=\"og:url\" content=\"https:\/\/mulheresacesta.com.br\/en\/2020\/11\/quem-foi-janeth-arcain-a-entrevista-da-nossa-live-da-semana\/\" \/>\n<meta property=\"og:site_name\" content=\"Mulheres \u00e0 Cesta\" \/>\n<meta property=\"article:published_time\" content=\"2020-11-23T18:18:00+00:00\" \/>\n<meta property=\"og:image\" content=\"https:\/\/mulheresacesta.com.br\/wp-content\/uploads\/2020\/11\/Janeth.jpg\" \/>\n<meta name=\"author\" content=\"mulheres\" \/>\n<meta name=\"twitter:card\" content=\"summary_large_image\" \/>\n<meta name=\"twitter:label1\" content=\"Written by\" \/>\n\t<meta name=\"twitter:data1\" content=\"mulheres\" \/>\n\t<meta name=\"twitter:label2\" content=\"Est. reading time\" \/>\n\t<meta name=\"twitter:data2\" content=\"2 minutes\" \/>\n<script type=\"application\/ld+json\" class=\"yoast-schema-graph\">{\"@context\":\"https:\/\/schema.org\",\"@graph\":[{\"@type\":\"Article\",\"@id\":\"https:\/\/mulheresacesta.com.br\/2020\/11\/quem-foi-janeth-arcain-a-entrevista-da-nossa-live-da-semana\/#article\",\"isPartOf\":{\"@id\":\"https:\/\/mulheresacesta.com.br\/2020\/11\/quem-foi-janeth-arcain-a-entrevista-da-nossa-live-da-semana\/\"},\"author\":{\"name\":\"mulheres\",\"@id\":\"https:\/\/mulheresacesta.com.br\/en\/#\/schema\/person\/11ebd3af76a9fcb3d26c815924faac42\"},\"headline\":\"Quem foi Janeth Arcain?! A entrevista da nossa live da semana\",\"datePublished\":\"2020-11-23T18:18:00+00:00\",\"mainEntityOfPage\":{\"@id\":\"https:\/\/mulheresacesta.com.br\/2020\/11\/quem-foi-janeth-arcain-a-entrevista-da-nossa-live-da-semana\/\"},\"wordCount\":447,\"commentCount\":0,\"publisher\":{\"@id\":\"https:\/\/mulheresacesta.com.br\/en\/#organization\"},\"image\":{\"@id\":\"https:\/\/mulheresacesta.com.br\/2020\/11\/quem-foi-janeth-arcain-a-entrevista-da-nossa-live-da-semana\/#primaryimage\"},\"thumbnailUrl\":\"https:\/\/mulheresacesta.com.br\/wp-content\/uploads\/2020\/11\/Janeth.jpg\",\"articleSection\":[\"Blog\"],\"inLanguage\":\"en-US\",\"potentialAction\":[{\"@type\":\"CommentAction\",\"name\":\"Comment\",\"target\":[\"https:\/\/mulheresacesta.com.br\/2020\/11\/quem-foi-janeth-arcain-a-entrevista-da-nossa-live-da-semana\/#respond\"]}]},{\"@type\":\"WebPage\",\"@id\":\"https:\/\/mulheresacesta.com.br\/2020\/11\/quem-foi-janeth-arcain-a-entrevista-da-nossa-live-da-semana\/\",\"url\":\"https:\/\/mulheresacesta.com.br\/2020\/11\/quem-foi-janeth-arcain-a-entrevista-da-nossa-live-da-semana\/\",\"name\":\"Quem foi Janeth Arcain?! A entrevista da nossa live da semana - Mulheres \u00e0 Cesta\",\"isPartOf\":{\"@id\":\"https:\/\/mulheresacesta.com.br\/en\/#website\"},\"primaryImageOfPage\":{\"@id\":\"https:\/\/mulheresacesta.com.br\/2020\/11\/quem-foi-janeth-arcain-a-entrevista-da-nossa-live-da-semana\/#primaryimage\"},\"image\":{\"@id\":\"https:\/\/mulheresacesta.com.br\/2020\/11\/quem-foi-janeth-arcain-a-entrevista-da-nossa-live-da-semana\/#primaryimage\"},\"thumbnailUrl\":\"https:\/\/mulheresacesta.com.br\/wp-content\/uploads\/2020\/11\/Janeth.jpg\",\"datePublished\":\"2020-11-23T18:18:00+00:00\",\"description\":\"J\u00e1 na \u00e9poca da Gr\u00e9cia Antiga, acreditava-se que as mulheres ficariam masculinizadas com exerc\u00edcios, al\u00e9m de n\u00e3o terem condi\u00e7\u00f5es f\u00edsicas para a pr\u00e1tica de\",\"breadcrumb\":{\"@id\":\"https:\/\/mulheresacesta.com.br\/2020\/11\/quem-foi-janeth-arcain-a-entrevista-da-nossa-live-da-semana\/#breadcrumb\"},\"inLanguage\":\"en-US\",\"potentialAction\":[{\"@type\":\"ReadAction\",\"target\":[\"https:\/\/mulheresacesta.com.br\/2020\/11\/quem-foi-janeth-arcain-a-entrevista-da-nossa-live-da-semana\/\"]}]},{\"@type\":\"ImageObject\",\"inLanguage\":\"en-US\",\"@id\":\"https:\/\/mulheresacesta.com.br\/2020\/11\/quem-foi-janeth-arcain-a-entrevista-da-nossa-live-da-semana\/#primaryimage\",\"url\":\"https:\/\/mulheresacesta.com.br\/wp-content\/uploads\/2020\/11\/Janeth.jpg\",\"contentUrl\":\"https:\/\/mulheresacesta.com.br\/wp-content\/uploads\/2020\/11\/Janeth.jpg\"},{\"@type\":\"BreadcrumbList\",\"@id\":\"https:\/\/mulheresacesta.com.br\/2020\/11\/quem-foi-janeth-arcain-a-entrevista-da-nossa-live-da-semana\/#breadcrumb\",\"itemListElement\":[{\"@type\":\"ListItem\",\"position\":1,\"name\":\"In\u00edcio\",\"item\":\"https:\/\/mulheresacesta.com.br\/\"},{\"@type\":\"ListItem\",\"position\":2,\"name\":\"Quem foi Janeth Arcain?! A entrevista da nossa live da semana\"}]},{\"@type\":\"WebSite\",\"@id\":\"https:\/\/mulheresacesta.com.br\/en\/#website\",\"url\":\"https:\/\/mulheresacesta.com.br\/en\/\",\"name\":\"Mulheres \u00e0 Cesta\",\"description\":\"\",\"publisher\":{\"@id\":\"https:\/\/mulheresacesta.com.br\/en\/#organization\"},\"potentialAction\":[{\"@type\":\"SearchAction\",\"target\":{\"@type\":\"EntryPoint\",\"urlTemplate\":\"https:\/\/mulheresacesta.com.br\/en\/?s={search_term_string}\"},\"query-input\":{\"@type\":\"PropertyValueSpecification\",\"valueRequired\":true,\"valueName\":\"search_term_string\"}}],\"inLanguage\":\"en-US\"},{\"@type\":\"Organization\",\"@id\":\"https:\/\/mulheresacesta.com.br\/en\/#organization\",\"name\":\"Mulheres \u00e0 Cesta\",\"url\":\"https:\/\/mulheresacesta.com.br\/en\/\",\"logo\":{\"@type\":\"ImageObject\",\"inLanguage\":\"en-US\",\"@id\":\"https:\/\/mulheresacesta.com.br\/en\/#\/schema\/logo\/image\/\",\"url\":\"https:\/\/mulheresacesta.com.br\/wp-content\/uploads\/2020\/10\/mulheres-a-cesta.jpg\",\"contentUrl\":\"https:\/\/mulheresacesta.com.br\/wp-content\/uploads\/2020\/10\/mulheres-a-cesta.jpg\",\"width\":400,\"height\":300,\"caption\":\"Mulheres \u00e0 Cesta\"},\"image\":{\"@id\":\"https:\/\/mulheresacesta.com.br\/en\/#\/schema\/logo\/image\/\"}},{\"@type\":\"Person\",\"@id\":\"https:\/\/mulheresacesta.com.br\/en\/#\/schema\/person\/11ebd3af76a9fcb3d26c815924faac42\",\"name\":\"mulheres\",\"sameAs\":[\"http:\/\/localhost\/mulheresacesta\"],\"url\":\"https:\/\/mulheresacesta.com.br\/en\/author\/mulheres\/\"}]}<\/script>\n<!-- \/ Yoast SEO plugin. -->","yoast_head_json":{"title":"Quem foi Janeth Arcain?!   A entrevista da nossa live da semana - Mulheres \u00e0 Cesta","description":"J\u00e1 na \u00e9poca da Gr\u00e9cia Antiga, acreditava-se que as mulheres ficariam masculinizadas com exerc\u00edcios, al\u00e9m de n\u00e3o terem condi\u00e7\u00f5es f\u00edsicas para a pr\u00e1tica de","robots":{"index":"index","follow":"follow","max-snippet":"max-snippet:-1","max-image-preview":"max-image-preview:large","max-video-preview":"max-video-preview:-1"},"canonical":"https:\/\/mulheresacesta.com.br\/en\/2020\/11\/quem-foi-janeth-arcain-a-entrevista-da-nossa-live-da-semana\/","og_locale":"en_US","og_type":"article","og_title":"Quem foi Janeth Arcain?!   A entrevista da nossa live da semana - Mulheres \u00e0 Cesta","og_description":"J\u00e1 na \u00e9poca da Gr\u00e9cia Antiga, acreditava-se que as mulheres ficariam masculinizadas com exerc\u00edcios, al\u00e9m de n\u00e3o terem condi\u00e7\u00f5es f\u00edsicas para a pr\u00e1tica de","og_url":"https:\/\/mulheresacesta.com.br\/en\/2020\/11\/quem-foi-janeth-arcain-a-entrevista-da-nossa-live-da-semana\/","og_site_name":"Mulheres \u00e0 Cesta","article_published_time":"2020-11-23T18:18:00+00:00","og_image":[{"url":"https:\/\/mulheresacesta.com.br\/wp-content\/uploads\/2020\/11\/Janeth.jpg","type":"","width":"","height":""}],"author":"mulheres","twitter_card":"summary_large_image","twitter_misc":{"Written by":"mulheres","Est. reading time":"2 minutes"},"schema":{"@context":"https:\/\/schema.org","@graph":[{"@type":"Article","@id":"https:\/\/mulheresacesta.com.br\/2020\/11\/quem-foi-janeth-arcain-a-entrevista-da-nossa-live-da-semana\/#article","isPartOf":{"@id":"https:\/\/mulheresacesta.com.br\/2020\/11\/quem-foi-janeth-arcain-a-entrevista-da-nossa-live-da-semana\/"},"author":{"name":"mulheres","@id":"https:\/\/mulheresacesta.com.br\/en\/#\/schema\/person\/11ebd3af76a9fcb3d26c815924faac42"},"headline":"Quem foi Janeth Arcain?! A entrevista da nossa live da semana","datePublished":"2020-11-23T18:18:00+00:00","mainEntityOfPage":{"@id":"https:\/\/mulheresacesta.com.br\/2020\/11\/quem-foi-janeth-arcain-a-entrevista-da-nossa-live-da-semana\/"},"wordCount":447,"commentCount":0,"publisher":{"@id":"https:\/\/mulheresacesta.com.br\/en\/#organization"},"image":{"@id":"https:\/\/mulheresacesta.com.br\/2020\/11\/quem-foi-janeth-arcain-a-entrevista-da-nossa-live-da-semana\/#primaryimage"},"thumbnailUrl":"https:\/\/mulheresacesta.com.br\/wp-content\/uploads\/2020\/11\/Janeth.jpg","articleSection":["Blog"],"inLanguage":"en-US","potentialAction":[{"@type":"CommentAction","name":"Comment","target":["https:\/\/mulheresacesta.com.br\/2020\/11\/quem-foi-janeth-arcain-a-entrevista-da-nossa-live-da-semana\/#respond"]}]},{"@type":"WebPage","@id":"https:\/\/mulheresacesta.com.br\/2020\/11\/quem-foi-janeth-arcain-a-entrevista-da-nossa-live-da-semana\/","url":"https:\/\/mulheresacesta.com.br\/2020\/11\/quem-foi-janeth-arcain-a-entrevista-da-nossa-live-da-semana\/","name":"Quem foi Janeth Arcain?! A entrevista da nossa live da semana - Mulheres \u00e0 Cesta","isPartOf":{"@id":"https:\/\/mulheresacesta.com.br\/en\/#website"},"primaryImageOfPage":{"@id":"https:\/\/mulheresacesta.com.br\/2020\/11\/quem-foi-janeth-arcain-a-entrevista-da-nossa-live-da-semana\/#primaryimage"},"image":{"@id":"https:\/\/mulheresacesta.com.br\/2020\/11\/quem-foi-janeth-arcain-a-entrevista-da-nossa-live-da-semana\/#primaryimage"},"thumbnailUrl":"https:\/\/mulheresacesta.com.br\/wp-content\/uploads\/2020\/11\/Janeth.jpg","datePublished":"2020-11-23T18:18:00+00:00","description":"J\u00e1 na \u00e9poca da Gr\u00e9cia Antiga, acreditava-se que as mulheres ficariam masculinizadas com exerc\u00edcios, al\u00e9m de n\u00e3o terem condi\u00e7\u00f5es f\u00edsicas para a pr\u00e1tica de","breadcrumb":{"@id":"https:\/\/mulheresacesta.com.br\/2020\/11\/quem-foi-janeth-arcain-a-entrevista-da-nossa-live-da-semana\/#breadcrumb"},"inLanguage":"en-US","potentialAction":[{"@type":"ReadAction","target":["https:\/\/mulheresacesta.com.br\/2020\/11\/quem-foi-janeth-arcain-a-entrevista-da-nossa-live-da-semana\/"]}]},{"@type":"ImageObject","inLanguage":"en-US","@id":"https:\/\/mulheresacesta.com.br\/2020\/11\/quem-foi-janeth-arcain-a-entrevista-da-nossa-live-da-semana\/#primaryimage","url":"https:\/\/mulheresacesta.com.br\/wp-content\/uploads\/2020\/11\/Janeth.jpg","contentUrl":"https:\/\/mulheresacesta.com.br\/wp-content\/uploads\/2020\/11\/Janeth.jpg"},{"@type":"BreadcrumbList","@id":"https:\/\/mulheresacesta.com.br\/2020\/11\/quem-foi-janeth-arcain-a-entrevista-da-nossa-live-da-semana\/#breadcrumb","itemListElement":[{"@type":"ListItem","position":1,"name":"In\u00edcio","item":"https:\/\/mulheresacesta.com.br\/"},{"@type":"ListItem","position":2,"name":"Quem foi Janeth Arcain?! A entrevista da nossa live da semana"}]},{"@type":"WebSite","@id":"https:\/\/mulheresacesta.com.br\/en\/#website","url":"https:\/\/mulheresacesta.com.br\/en\/","name":"Mulheres \u00e0 Cesta","description":"","publisher":{"@id":"https:\/\/mulheresacesta.com.br\/en\/#organization"},"potentialAction":[{"@type":"SearchAction","target":{"@type":"EntryPoint","urlTemplate":"https:\/\/mulheresacesta.com.br\/en\/?s={search_term_string}"},"query-input":{"@type":"PropertyValueSpecification","valueRequired":true,"valueName":"search_term_string"}}],"inLanguage":"en-US"},{"@type":"Organization","@id":"https:\/\/mulheresacesta.com.br\/en\/#organization","name":"Mulheres \u00e0 Cesta","url":"https:\/\/mulheresacesta.com.br\/en\/","logo":{"@type":"ImageObject","inLanguage":"en-US","@id":"https:\/\/mulheresacesta.com.br\/en\/#\/schema\/logo\/image\/","url":"https:\/\/mulheresacesta.com.br\/wp-content\/uploads\/2020\/10\/mulheres-a-cesta.jpg","contentUrl":"https:\/\/mulheresacesta.com.br\/wp-content\/uploads\/2020\/10\/mulheres-a-cesta.jpg","width":400,"height":300,"caption":"Mulheres \u00e0 Cesta"},"image":{"@id":"https:\/\/mulheresacesta.com.br\/en\/#\/schema\/logo\/image\/"}},{"@type":"Person","@id":"https:\/\/mulheresacesta.com.br\/en\/#\/schema\/person\/11ebd3af76a9fcb3d26c815924faac42","name":"mulheres","sameAs":["http:\/\/localhost\/mulheresacesta"],"url":"https:\/\/mulheresacesta.com.br\/en\/author\/mulheres\/"}]}},"_links":{"self":[{"href":"https:\/\/mulheresacesta.com.br\/en\/wp-json\/wp\/v2\/posts\/1111","targetHints":{"allow":["GET"]}}],"collection":[{"href":"https:\/\/mulheresacesta.com.br\/en\/wp-json\/wp\/v2\/posts"}],"about":[{"href":"https:\/\/mulheresacesta.com.br\/en\/wp-json\/wp\/v2\/types\/post"}],"author":[{"embeddable":true,"href":"https:\/\/mulheresacesta.com.br\/en\/wp-json\/wp\/v2\/users\/1"}],"replies":[{"embeddable":true,"href":"https:\/\/mulheresacesta.com.br\/en\/wp-json\/wp\/v2\/comments?post=1111"}],"version-history":[{"count":6,"href":"https:\/\/mulheresacesta.com.br\/en\/wp-json\/wp\/v2\/posts\/1111\/revisions"}],"predecessor-version":[{"id":1123,"href":"https:\/\/mulheresacesta.com.br\/en\/wp-json\/wp\/v2\/posts\/1111\/revisions\/1123"}],"wp:attachment":[{"href":"https:\/\/mulheresacesta.com.br\/en\/wp-json\/wp\/v2\/media?parent=1111"}],"wp:term":[{"taxonomy":"category","embeddable":true,"href":"https:\/\/mulheresacesta.com.br\/en\/wp-json\/wp\/v2\/categories?post=1111"},{"taxonomy":"post_tag","embeddable":true,"href":"https:\/\/mulheresacesta.com.br\/en\/wp-json\/wp\/v2\/tags?post=1111"}],"curies":[{"name":"wp","href":"https:\/\/api.w.org\/{rel}","templated":true}]}}