{"id":1347,"date":"2021-01-24T15:50:00","date_gmt":"2021-01-24T18:50:00","guid":{"rendered":"https:\/\/mulheresacesta.com.br\/?p=1347"},"modified":"2021-01-26T11:52:00","modified_gmt":"2021-01-26T14:52:00","slug":"a-primeira-medalha-a-gente-nunca-esquece","status":"publish","type":"post","link":"https:\/\/mulheresacesta.com.br\/en\/2021\/01\/a-primeira-medalha-a-gente-nunca-esquece\/","title":{"rendered":"A primeira medalha a gente nunca esquece"},"content":{"rendered":"\n<p>Ah quem ache que a equipe liderada por Paula e Hort\u00eancia, campe\u00e3 em 1994, \u00e9 a grande estrela do basquete brasileiro. Saiba que uma outra gera\u00e7\u00e3o brilhou &#8211; bem antes &#8211; pelo basquete feminino do Brasil em mundiais.<\/p>\n\n\n\n<p>A primeira medalha da modalidade no Mundial foi em 1971, quando a cidade de S\u00e3o Paulo recebeu o campeonato. Impulsionada por forte presen\u00e7a de p\u00fablico, a sele\u00e7\u00e3o do t\u00e9cnico Waldir Pagan Peres conquistou a medalha de bronze, superada apenas pelas extintas Uni\u00e3o Sovi\u00e9tica (ouro) e Tchecoslov\u00e1quia (prata).<\/p>\n\n\n\n<p>Quando a gente chegou no Ibirapuera, o \u00f4nibus parou do lado errado do vesti\u00e1rio e tivemos que entrar pelo meio da quadra. Quando a gente viu aquele gin\u00e1sio lotado de bandeira brasileira foi um susto! Aquilo deu uma tremedeira na perna, que foi dif\u00edcil ate andar ate o vesti\u00e1rio.\u201d, lembra Maria Helena Cardoso ( o trecho dessa entrevista foi retirado do livro Mulheres \u00e0 Cesta, de Claudia Guedes que voc\u00ea encontra aqui no site)<\/p>\n\n\n\n<p>Mas toda essa empolga\u00e7\u00e3o da torcida, teve um pre\u00e7o, que pode ter custado a medalha de prata para a sele\u00e7\u00e3o. Para voc\u00ea entender, vamos voltar a hist\u00f3ria:<\/p>\n\n\n\n<p>\u201cNo confronto direto com a Tchecoslov\u00e1quia, as europ\u00e9ias abriram vantagem no in\u00edcio. A ia decidir quem levaria a prata. O Brasil estava perdendo. Mas no segundo tempo, o momento virou em nosso favor. Reagimos, reduzimos a diferen\u00e7a, at\u00e9 que algu\u00e9m atirou um sorvete em quadra, e o jogo parou. Isso quebrou o \u00edmpeto daquela rea\u00e7\u00e3o. Elas voltaram da quadra de outra maneira, equilibradas. Perdemos para um sorvete&#8221;, relembrou Norminha \u00e0 historiadora Claudia Guedes no livro Mulheres \u00e0 Cesta, dispon\u00edvel para compra aqui no site.<\/p>\n\n\n\n<p>De todo modo, o bronze marcou uma fase. Empolgadas com a medalha, as brasileiras depois conquistaram, na Col\u00f4mbia, o primeiro ouro em Jogos Pan-Americanos.<\/p>\n\n\n\n<figure class=\"wp-block-gallery columns-3 is-cropped wp-block-gallery-1 is-layout-flex wp-block-gallery-is-layout-flex\"><ul class=\"blocks-gallery-grid\"><li class=\"blocks-gallery-item\"><figure><img loading=\"lazy\" decoding=\"async\" width=\"220\" height=\"311\" src=\"https:\/\/mulheresacesta.com.br\/wp-content\/uploads\/2021\/01\/220px-Stefania_Passaro_taglia_fuori_Uljana_Semjonova.jpg\" alt=\"\" data-id=\"1348\" data-link=\"https:\/\/mulheresacesta.com.br\/?attachment_id=1348\" class=\"wp-image-1348\" srcset=\"https:\/\/mulheresacesta.com.br\/wp-content\/uploads\/2021\/01\/220px-Stefania_Passaro_taglia_fuori_Uljana_Semjonova.jpg 220w, https:\/\/mulheresacesta.com.br\/wp-content\/uploads\/2021\/01\/220px-Stefania_Passaro_taglia_fuori_Uljana_Semjonova-212x300.jpg 212w\" sizes=\"auto, (max-width: 220px) 100vw, 220px\" \/><\/figure><\/li><li class=\"blocks-gallery-item\"><figure><img loading=\"lazy\" decoding=\"async\" width=\"547\" height=\"425\" src=\"https:\/\/mulheresacesta.com.br\/wp-content\/uploads\/2021\/01\/1971.jpg\" alt=\"\" data-id=\"1350\" data-link=\"https:\/\/mulheresacesta.com.br\/?attachment_id=1350\" class=\"wp-image-1350\" srcset=\"https:\/\/mulheresacesta.com.br\/wp-content\/uploads\/2021\/01\/1971.jpg 547w, https:\/\/mulheresacesta.com.br\/wp-content\/uploads\/2021\/01\/1971-300x233.jpg 300w\" sizes=\"auto, (max-width: 547px) 100vw, 547px\" \/><\/figure><\/li><li class=\"blocks-gallery-item\"><figure><img loading=\"lazy\" decoding=\"async\" width=\"1024\" height=\"615\" src=\"https:\/\/mulheresacesta.com.br\/wp-content\/uploads\/2021\/01\/20187271_Sao-Paulo-SP-28-05-1971-Basquete-Feminino-Campeonato-Mundial-de-1971-Brasil-x-Cuba-Foto-1024x615.jpg\" alt=\"\" data-id=\"1351\" data-link=\"https:\/\/mulheresacesta.com.br\/?attachment_id=1351\" class=\"wp-image-1351\" srcset=\"https:\/\/mulheresacesta.com.br\/wp-content\/uploads\/2021\/01\/20187271_Sao-Paulo-SP-28-05-1971-Basquete-Feminino-Campeonato-Mundial-de-1971-Brasil-x-Cuba-Foto-1024x615.jpg 1024w, https:\/\/mulheresacesta.com.br\/wp-content\/uploads\/2021\/01\/20187271_Sao-Paulo-SP-28-05-1971-Basquete-Feminino-Campeonato-Mundial-de-1971-Brasil-x-Cuba-Foto-300x180.jpg 300w, https:\/\/mulheresacesta.com.br\/wp-content\/uploads\/2021\/01\/20187271_Sao-Paulo-SP-28-05-1971-Basquete-Feminino-Campeonato-Mundial-de-1971-Brasil-x-Cuba-Foto-768x461.jpg 768w, https:\/\/mulheresacesta.com.br\/wp-content\/uploads\/2021\/01\/20187271_Sao-Paulo-SP-28-05-1971-Basquete-Feminino-Campeonato-Mundial-de-1971-Brasil-x-Cuba-Foto.jpg 1086w\" sizes=\"auto, (max-width: 1024px) 100vw, 1024px\" \/><\/figure><\/li><li class=\"blocks-gallery-item\"><figure><img loading=\"lazy\" decoding=\"async\" width=\"1024\" height=\"615\" src=\"https:\/\/mulheresacesta.com.br\/wp-content\/uploads\/2021\/01\/selecao-contra-tchecoslovaquia-ATLETAS-1-1-1024x615.jpg\" alt=\"\" data-id=\"1355\" data-link=\"https:\/\/mulheresacesta.com.br\/?attachment_id=1355\" class=\"wp-image-1355\" srcset=\"https:\/\/mulheresacesta.com.br\/wp-content\/uploads\/2021\/01\/selecao-contra-tchecoslovaquia-ATLETAS-1-1-1024x615.jpg 1024w, https:\/\/mulheresacesta.com.br\/wp-content\/uploads\/2021\/01\/selecao-contra-tchecoslovaquia-ATLETAS-1-1-300x180.jpg 300w, https:\/\/mulheresacesta.com.br\/wp-content\/uploads\/2021\/01\/selecao-contra-tchecoslovaquia-ATLETAS-1-1-768x461.jpg 768w, https:\/\/mulheresacesta.com.br\/wp-content\/uploads\/2021\/01\/selecao-contra-tchecoslovaquia-ATLETAS-1-1.jpg 1086w\" sizes=\"auto, (max-width: 1024px) 100vw, 1024px\" \/><\/figure><\/li><li class=\"blocks-gallery-item\"><figure><img loading=\"lazy\" decoding=\"async\" width=\"270\" height=\"180\" src=\"https:\/\/mulheresacesta.com.br\/wp-content\/uploads\/2021\/01\/1971_mundial_posada-1.jpg\" alt=\"\" data-id=\"1356\" data-full-url=\"https:\/\/mulheresacesta.com.br\/wp-content\/uploads\/2021\/01\/1971_mundial_posada-1.jpg\" data-link=\"https:\/\/mulheresacesta.com.br\/?attachment_id=1356\" class=\"wp-image-1356\"\/><\/figure><\/li><\/ul><\/figure>\n\n\n\n<p><\/p>\n\n\n\n<p>Mulheres \u00e0 Cesta<\/p>\n","protected":false},"excerpt":{"rendered":"<p>Ah quem ache que a equipe liderada por Paula e Hort\u00eancia, campe\u00e3 em 1994, \u00e9 a grande estrela do basquete brasileiro. Saiba que uma outra gera\u00e7\u00e3o brilhou &#8211; bem antes &#8211; pelo basquete feminino do Brasil em mundiais. A primeira medalha da modalidade no Mundial foi em 1971, quando a cidade de S\u00e3o Paulo recebeu [&hellip;]<\/p>\n","protected":false},"author":1,"featured_media":1354,"comment_status":"open","ping_status":"open","sticky":false,"template":"","format":"standard","meta":{"footnotes":""},"categories":[12],"tags":[],"class_list":["post-1347","post","type-post","status-publish","format-standard","has-post-thumbnail","hentry","category-blog"],"acf":[],"yoast_head":"<!-- This site is optimized with the Yoast SEO plugin v26.4 - https:\/\/yoast.com\/wordpress\/plugins\/seo\/ -->\n<title>A primeira medalha a gente nunca esquece - Mulheres \u00e0 Cesta<\/title>\n<meta name=\"description\" content=\"Ah quem ache que a equipe liderada por Paula e Hort\u00eancia, campe\u00e3 em 1994, \u00e9 a grande estrela do basquete brasileiro. Saiba que uma outra gera\u00e7\u00e3o brilhou -\" \/>\n<meta name=\"robots\" content=\"index, follow, max-snippet:-1, max-image-preview:large, max-video-preview:-1\" \/>\n<link rel=\"canonical\" href=\"https:\/\/mulheresacesta.com.br\/en\/2021\/01\/a-primeira-medalha-a-gente-nunca-esquece\/\" \/>\n<meta property=\"og:locale\" content=\"en_US\" \/>\n<meta property=\"og:locale:alternate\" content=\"pt_BR\" \/>\n<meta property=\"og:type\" content=\"article\" \/>\n<meta property=\"og:title\" content=\"A primeira medalha a gente nunca esquece - Mulheres \u00e0 Cesta\" \/>\n<meta property=\"og:description\" content=\"Ah quem ache que a equipe liderada por Paula e Hort\u00eancia, campe\u00e3 em 1994, \u00e9 a grande estrela do basquete brasileiro. Saiba que uma outra gera\u00e7\u00e3o brilhou -\" \/>\n<meta property=\"og:url\" content=\"https:\/\/mulheresacesta.com.br\/en\/2021\/01\/a-primeira-medalha-a-gente-nunca-esquece\/\" \/>\n<meta property=\"og:site_name\" content=\"Mulheres \u00e0 Cesta\" \/>\n<meta property=\"article:published_time\" content=\"2021-01-24T18:50:00+00:00\" \/>\n<meta property=\"article:modified_time\" content=\"2021-01-26T14:52:00+00:00\" \/>\n<meta property=\"og:image\" content=\"https:\/\/mulheresacesta.com.br\/wp-content\/uploads\/2021\/01\/selecao-contra-tchecoslovaquia-ATLETAS-1.jpg\" \/>\n\t<meta property=\"og:image:width\" content=\"1086\" \/>\n\t<meta property=\"og:image:height\" content=\"652\" \/>\n\t<meta property=\"og:image:type\" content=\"image\/jpeg\" \/>\n<meta name=\"author\" content=\"mulheres\" \/>\n<meta name=\"twitter:card\" content=\"summary_large_image\" \/>\n<meta name=\"twitter:label1\" content=\"Written by\" \/>\n\t<meta name=\"twitter:data1\" content=\"mulheres\" \/>\n\t<meta name=\"twitter:label2\" content=\"Est. reading time\" \/>\n\t<meta name=\"twitter:data2\" content=\"2 minutes\" \/>\n<script type=\"application\/ld+json\" class=\"yoast-schema-graph\">{\"@context\":\"https:\/\/schema.org\",\"@graph\":[{\"@type\":\"Article\",\"@id\":\"https:\/\/mulheresacesta.com.br\/en\/2021\/01\/a-primeira-medalha-a-gente-nunca-esquece\/#article\",\"isPartOf\":{\"@id\":\"https:\/\/mulheresacesta.com.br\/en\/2021\/01\/a-primeira-medalha-a-gente-nunca-esquece\/\"},\"author\":{\"name\":\"mulheres\",\"@id\":\"https:\/\/mulheresacesta.com.br\/en\/#\/schema\/person\/11ebd3af76a9fcb3d26c815924faac42\"},\"headline\":\"A primeira medalha a gente nunca esquece\",\"datePublished\":\"2021-01-24T18:50:00+00:00\",\"dateModified\":\"2021-01-26T14:52:00+00:00\",\"mainEntityOfPage\":{\"@id\":\"https:\/\/mulheresacesta.com.br\/en\/2021\/01\/a-primeira-medalha-a-gente-nunca-esquece\/\"},\"wordCount\":322,\"commentCount\":0,\"publisher\":{\"@id\":\"https:\/\/mulheresacesta.com.br\/en\/#organization\"},\"image\":{\"@id\":\"https:\/\/mulheresacesta.com.br\/en\/2021\/01\/a-primeira-medalha-a-gente-nunca-esquece\/#primaryimage\"},\"thumbnailUrl\":\"https:\/\/mulheresacesta.com.br\/wp-content\/uploads\/2021\/01\/selecao-contra-tchecoslovaquia-ATLETAS-1.jpg\",\"articleSection\":[\"Blog\"],\"inLanguage\":\"en-US\",\"potentialAction\":[{\"@type\":\"CommentAction\",\"name\":\"Comment\",\"target\":[\"https:\/\/mulheresacesta.com.br\/en\/2021\/01\/a-primeira-medalha-a-gente-nunca-esquece\/#respond\"]}]},{\"@type\":\"WebPage\",\"@id\":\"https:\/\/mulheresacesta.com.br\/en\/2021\/01\/a-primeira-medalha-a-gente-nunca-esquece\/\",\"url\":\"https:\/\/mulheresacesta.com.br\/en\/2021\/01\/a-primeira-medalha-a-gente-nunca-esquece\/\",\"name\":\"A primeira medalha a gente nunca esquece - Mulheres \u00e0 Cesta\",\"isPartOf\":{\"@id\":\"https:\/\/mulheresacesta.com.br\/en\/#website\"},\"primaryImageOfPage\":{\"@id\":\"https:\/\/mulheresacesta.com.br\/en\/2021\/01\/a-primeira-medalha-a-gente-nunca-esquece\/#primaryimage\"},\"image\":{\"@id\":\"https:\/\/mulheresacesta.com.br\/en\/2021\/01\/a-primeira-medalha-a-gente-nunca-esquece\/#primaryimage\"},\"thumbnailUrl\":\"https:\/\/mulheresacesta.com.br\/wp-content\/uploads\/2021\/01\/selecao-contra-tchecoslovaquia-ATLETAS-1.jpg\",\"datePublished\":\"2021-01-24T18:50:00+00:00\",\"dateModified\":\"2021-01-26T14:52:00+00:00\",\"description\":\"Ah quem ache que a equipe liderada por Paula e Hort\u00eancia, campe\u00e3 em 1994, \u00e9 a grande estrela do basquete brasileiro. Saiba que uma outra gera\u00e7\u00e3o brilhou -\",\"breadcrumb\":{\"@id\":\"https:\/\/mulheresacesta.com.br\/en\/2021\/01\/a-primeira-medalha-a-gente-nunca-esquece\/#breadcrumb\"},\"inLanguage\":\"en-US\",\"potentialAction\":[{\"@type\":\"ReadAction\",\"target\":[\"https:\/\/mulheresacesta.com.br\/en\/2021\/01\/a-primeira-medalha-a-gente-nunca-esquece\/\"]}]},{\"@type\":\"ImageObject\",\"inLanguage\":\"en-US\",\"@id\":\"https:\/\/mulheresacesta.com.br\/en\/2021\/01\/a-primeira-medalha-a-gente-nunca-esquece\/#primaryimage\",\"url\":\"https:\/\/mulheresacesta.com.br\/wp-content\/uploads\/2021\/01\/selecao-contra-tchecoslovaquia-ATLETAS-1.jpg\",\"contentUrl\":\"https:\/\/mulheresacesta.com.br\/wp-content\/uploads\/2021\/01\/selecao-contra-tchecoslovaquia-ATLETAS-1.jpg\",\"width\":1086,\"height\":652},{\"@type\":\"BreadcrumbList\",\"@id\":\"https:\/\/mulheresacesta.com.br\/en\/2021\/01\/a-primeira-medalha-a-gente-nunca-esquece\/#breadcrumb\",\"itemListElement\":[{\"@type\":\"ListItem\",\"position\":1,\"name\":\"In\u00edcio\",\"item\":\"https:\/\/mulheresacesta.com.br\/\"},{\"@type\":\"ListItem\",\"position\":2,\"name\":\"A primeira medalha a gente nunca esquece\"}]},{\"@type\":\"WebSite\",\"@id\":\"https:\/\/mulheresacesta.com.br\/en\/#website\",\"url\":\"https:\/\/mulheresacesta.com.br\/en\/\",\"name\":\"Mulheres \u00e0 Cesta\",\"description\":\"\",\"publisher\":{\"@id\":\"https:\/\/mulheresacesta.com.br\/en\/#organization\"},\"potentialAction\":[{\"@type\":\"SearchAction\",\"target\":{\"@type\":\"EntryPoint\",\"urlTemplate\":\"https:\/\/mulheresacesta.com.br\/en\/?s={search_term_string}\"},\"query-input\":{\"@type\":\"PropertyValueSpecification\",\"valueRequired\":true,\"valueName\":\"search_term_string\"}}],\"inLanguage\":\"en-US\"},{\"@type\":\"Organization\",\"@id\":\"https:\/\/mulheresacesta.com.br\/en\/#organization\",\"name\":\"Mulheres \u00e0 Cesta\",\"url\":\"https:\/\/mulheresacesta.com.br\/en\/\",\"logo\":{\"@type\":\"ImageObject\",\"inLanguage\":\"en-US\",\"@id\":\"https:\/\/mulheresacesta.com.br\/en\/#\/schema\/logo\/image\/\",\"url\":\"https:\/\/mulheresacesta.com.br\/wp-content\/uploads\/2020\/10\/mulheres-a-cesta.jpg\",\"contentUrl\":\"https:\/\/mulheresacesta.com.br\/wp-content\/uploads\/2020\/10\/mulheres-a-cesta.jpg\",\"width\":400,\"height\":300,\"caption\":\"Mulheres \u00e0 Cesta\"},\"image\":{\"@id\":\"https:\/\/mulheresacesta.com.br\/en\/#\/schema\/logo\/image\/\"}},{\"@type\":\"Person\",\"@id\":\"https:\/\/mulheresacesta.com.br\/en\/#\/schema\/person\/11ebd3af76a9fcb3d26c815924faac42\",\"name\":\"mulheres\",\"sameAs\":[\"http:\/\/localhost\/mulheresacesta\"],\"url\":\"https:\/\/mulheresacesta.com.br\/en\/author\/mulheres\/\"}]}<\/script>\n<!-- \/ Yoast SEO plugin. -->","yoast_head_json":{"title":"A primeira medalha a gente nunca esquece - Mulheres \u00e0 Cesta","description":"Ah quem ache que a equipe liderada por Paula e Hort\u00eancia, campe\u00e3 em 1994, \u00e9 a grande estrela do basquete brasileiro. Saiba que uma outra gera\u00e7\u00e3o brilhou -","robots":{"index":"index","follow":"follow","max-snippet":"max-snippet:-1","max-image-preview":"max-image-preview:large","max-video-preview":"max-video-preview:-1"},"canonical":"https:\/\/mulheresacesta.com.br\/en\/2021\/01\/a-primeira-medalha-a-gente-nunca-esquece\/","og_locale":"en_US","og_type":"article","og_title":"A primeira medalha a gente nunca esquece - Mulheres \u00e0 Cesta","og_description":"Ah quem ache que a equipe liderada por Paula e Hort\u00eancia, campe\u00e3 em 1994, \u00e9 a grande estrela do basquete brasileiro. Saiba que uma outra gera\u00e7\u00e3o brilhou -","og_url":"https:\/\/mulheresacesta.com.br\/en\/2021\/01\/a-primeira-medalha-a-gente-nunca-esquece\/","og_site_name":"Mulheres \u00e0 Cesta","article_published_time":"2021-01-24T18:50:00+00:00","article_modified_time":"2021-01-26T14:52:00+00:00","og_image":[{"width":1086,"height":652,"url":"https:\/\/mulheresacesta.com.br\/wp-content\/uploads\/2021\/01\/selecao-contra-tchecoslovaquia-ATLETAS-1.jpg","type":"image\/jpeg"}],"author":"mulheres","twitter_card":"summary_large_image","twitter_misc":{"Written by":"mulheres","Est. reading time":"2 minutes"},"schema":{"@context":"https:\/\/schema.org","@graph":[{"@type":"Article","@id":"https:\/\/mulheresacesta.com.br\/en\/2021\/01\/a-primeira-medalha-a-gente-nunca-esquece\/#article","isPartOf":{"@id":"https:\/\/mulheresacesta.com.br\/en\/2021\/01\/a-primeira-medalha-a-gente-nunca-esquece\/"},"author":{"name":"mulheres","@id":"https:\/\/mulheresacesta.com.br\/en\/#\/schema\/person\/11ebd3af76a9fcb3d26c815924faac42"},"headline":"A primeira medalha a gente nunca esquece","datePublished":"2021-01-24T18:50:00+00:00","dateModified":"2021-01-26T14:52:00+00:00","mainEntityOfPage":{"@id":"https:\/\/mulheresacesta.com.br\/en\/2021\/01\/a-primeira-medalha-a-gente-nunca-esquece\/"},"wordCount":322,"commentCount":0,"publisher":{"@id":"https:\/\/mulheresacesta.com.br\/en\/#organization"},"image":{"@id":"https:\/\/mulheresacesta.com.br\/en\/2021\/01\/a-primeira-medalha-a-gente-nunca-esquece\/#primaryimage"},"thumbnailUrl":"https:\/\/mulheresacesta.com.br\/wp-content\/uploads\/2021\/01\/selecao-contra-tchecoslovaquia-ATLETAS-1.jpg","articleSection":["Blog"],"inLanguage":"en-US","potentialAction":[{"@type":"CommentAction","name":"Comment","target":["https:\/\/mulheresacesta.com.br\/en\/2021\/01\/a-primeira-medalha-a-gente-nunca-esquece\/#respond"]}]},{"@type":"WebPage","@id":"https:\/\/mulheresacesta.com.br\/en\/2021\/01\/a-primeira-medalha-a-gente-nunca-esquece\/","url":"https:\/\/mulheresacesta.com.br\/en\/2021\/01\/a-primeira-medalha-a-gente-nunca-esquece\/","name":"A primeira medalha a gente nunca esquece - Mulheres \u00e0 Cesta","isPartOf":{"@id":"https:\/\/mulheresacesta.com.br\/en\/#website"},"primaryImageOfPage":{"@id":"https:\/\/mulheresacesta.com.br\/en\/2021\/01\/a-primeira-medalha-a-gente-nunca-esquece\/#primaryimage"},"image":{"@id":"https:\/\/mulheresacesta.com.br\/en\/2021\/01\/a-primeira-medalha-a-gente-nunca-esquece\/#primaryimage"},"thumbnailUrl":"https:\/\/mulheresacesta.com.br\/wp-content\/uploads\/2021\/01\/selecao-contra-tchecoslovaquia-ATLETAS-1.jpg","datePublished":"2021-01-24T18:50:00+00:00","dateModified":"2021-01-26T14:52:00+00:00","description":"Ah quem ache que a equipe liderada por Paula e Hort\u00eancia, campe\u00e3 em 1994, \u00e9 a grande estrela do basquete brasileiro. Saiba que uma outra gera\u00e7\u00e3o brilhou -","breadcrumb":{"@id":"https:\/\/mulheresacesta.com.br\/en\/2021\/01\/a-primeira-medalha-a-gente-nunca-esquece\/#breadcrumb"},"inLanguage":"en-US","potentialAction":[{"@type":"ReadAction","target":["https:\/\/mulheresacesta.com.br\/en\/2021\/01\/a-primeira-medalha-a-gente-nunca-esquece\/"]}]},{"@type":"ImageObject","inLanguage":"en-US","@id":"https:\/\/mulheresacesta.com.br\/en\/2021\/01\/a-primeira-medalha-a-gente-nunca-esquece\/#primaryimage","url":"https:\/\/mulheresacesta.com.br\/wp-content\/uploads\/2021\/01\/selecao-contra-tchecoslovaquia-ATLETAS-1.jpg","contentUrl":"https:\/\/mulheresacesta.com.br\/wp-content\/uploads\/2021\/01\/selecao-contra-tchecoslovaquia-ATLETAS-1.jpg","width":1086,"height":652},{"@type":"BreadcrumbList","@id":"https:\/\/mulheresacesta.com.br\/en\/2021\/01\/a-primeira-medalha-a-gente-nunca-esquece\/#breadcrumb","itemListElement":[{"@type":"ListItem","position":1,"name":"In\u00edcio","item":"https:\/\/mulheresacesta.com.br\/"},{"@type":"ListItem","position":2,"name":"A primeira medalha a gente nunca esquece"}]},{"@type":"WebSite","@id":"https:\/\/mulheresacesta.com.br\/en\/#website","url":"https:\/\/mulheresacesta.com.br\/en\/","name":"Mulheres \u00e0 Cesta","description":"","publisher":{"@id":"https:\/\/mulheresacesta.com.br\/en\/#organization"},"potentialAction":[{"@type":"SearchAction","target":{"@type":"EntryPoint","urlTemplate":"https:\/\/mulheresacesta.com.br\/en\/?s={search_term_string}"},"query-input":{"@type":"PropertyValueSpecification","valueRequired":true,"valueName":"search_term_string"}}],"inLanguage":"en-US"},{"@type":"Organization","@id":"https:\/\/mulheresacesta.com.br\/en\/#organization","name":"Mulheres \u00e0 Cesta","url":"https:\/\/mulheresacesta.com.br\/en\/","logo":{"@type":"ImageObject","inLanguage":"en-US","@id":"https:\/\/mulheresacesta.com.br\/en\/#\/schema\/logo\/image\/","url":"https:\/\/mulheresacesta.com.br\/wp-content\/uploads\/2020\/10\/mulheres-a-cesta.jpg","contentUrl":"https:\/\/mulheresacesta.com.br\/wp-content\/uploads\/2020\/10\/mulheres-a-cesta.jpg","width":400,"height":300,"caption":"Mulheres \u00e0 Cesta"},"image":{"@id":"https:\/\/mulheresacesta.com.br\/en\/#\/schema\/logo\/image\/"}},{"@type":"Person","@id":"https:\/\/mulheresacesta.com.br\/en\/#\/schema\/person\/11ebd3af76a9fcb3d26c815924faac42","name":"mulheres","sameAs":["http:\/\/localhost\/mulheresacesta"],"url":"https:\/\/mulheresacesta.com.br\/en\/author\/mulheres\/"}]}},"_links":{"self":[{"href":"https:\/\/mulheresacesta.com.br\/en\/wp-json\/wp\/v2\/posts\/1347","targetHints":{"allow":["GET"]}}],"collection":[{"href":"https:\/\/mulheresacesta.com.br\/en\/wp-json\/wp\/v2\/posts"}],"about":[{"href":"https:\/\/mulheresacesta.com.br\/en\/wp-json\/wp\/v2\/types\/post"}],"author":[{"embeddable":true,"href":"https:\/\/mulheresacesta.com.br\/en\/wp-json\/wp\/v2\/users\/1"}],"replies":[{"embeddable":true,"href":"https:\/\/mulheresacesta.com.br\/en\/wp-json\/wp\/v2\/comments?post=1347"}],"version-history":[{"count":2,"href":"https:\/\/mulheresacesta.com.br\/en\/wp-json\/wp\/v2\/posts\/1347\/revisions"}],"predecessor-version":[{"id":1357,"href":"https:\/\/mulheresacesta.com.br\/en\/wp-json\/wp\/v2\/posts\/1347\/revisions\/1357"}],"wp:featuredmedia":[{"embeddable":true,"href":"https:\/\/mulheresacesta.com.br\/en\/wp-json\/wp\/v2\/media\/1354"}],"wp:attachment":[{"href":"https:\/\/mulheresacesta.com.br\/en\/wp-json\/wp\/v2\/media?parent=1347"}],"wp:term":[{"taxonomy":"category","embeddable":true,"href":"https:\/\/mulheresacesta.com.br\/en\/wp-json\/wp\/v2\/categories?post=1347"},{"taxonomy":"post_tag","embeddable":true,"href":"https:\/\/mulheresacesta.com.br\/en\/wp-json\/wp\/v2\/tags?post=1347"}],"curies":[{"name":"wp","href":"https:\/\/api.w.org\/{rel}","templated":true}]}}