{"id":1569,"date":"2021-02-19T17:02:48","date_gmt":"2021-02-19T20:02:48","guid":{"rendered":"https:\/\/mulheresacesta.com.br\/?p=1569"},"modified":"2021-02-19T17:12:46","modified_gmt":"2021-02-19T20:12:46","slug":"nasce-uma-recordista","status":"publish","type":"post","link":"https:\/\/mulheresacesta.com.br\/en\/2021\/02\/nasce-uma-recordista\/","title":{"rendered":"Nasce uma recordista"},"content":{"rendered":"\n<p>Delcy Ellender Marques foi uma das maiores recordistas em participa\u00e7\u00f5es com a Sele\u00e7\u00e3o Brasileira Adulta Feminina de Basquete em Jogos Pan-Americanos. Com a bola laranja nas m\u00e3os, teve seu nome marcado no cen\u00e1rio esportivo brasileiro. Em cinco edi\u00e7\u00f5es dos Jogos, Delcy conquistou quatro medalhas, sendo duas de ouro (Winnipeg\/1967 e Cali\/1971) e duas de prata (Chicago\/1959 e S\u00e3o Paulo\/1963), al\u00e9m do quarto lugar na Cidade do M\u00e9xico, em 1975.<\/p>\n\n\n\n<p>A hist\u00f3ria da paranaense da capital, come\u00e7ou aos doze anos de idade. \u201cComecei com o basquetebol e atletismo pela escola. O basquetebol era pouco difundido, tanto que o primeiro jogo foi de quatro contra quatro.\u201d, contou a Claudia Guedes para o document\u00e1rio Mulheres \u00e0 Cesta.<\/p>\n\n\n\n<p>E foi paix\u00e3o \u00e0 primeira vista! \u201cEu me identificava com o basquete. Como eu era altinha, magrinha, e pulava bem, j\u00e1 por causa do atletismo \u2013 Delcy fazia salto em altura e corria &#8211; eu pegava o rebote.&nbsp; Na \u00e9poca, a minha estatura era considerada alta, 1,74 metros.\u201d<\/p>\n\n\n\n<p>Mas o marco da carreira da atleta foi 1958, quando foi convocada pela primeira vez para sele\u00e7\u00e3o Brasileira para jogar em Lima, no Peru. Em sua longa carreira na sele\u00e7\u00e3o brasileira, a atleta viveu muitas vit\u00f3rias e derrotas que poderiam ter sido vit\u00f3rias.<\/p>\n\n\n\n<p>\u201cO primeiro Pan-Americano que eu disputei foi em 1959, em Chicago. L\u00e1 n\u00f3s perdemos por um ponto para os EUA. Quer dizer, fomos vice, quando poder\u00edamos ter ganho. Ao inv\u00e9s de nos deixar l\u00e1 dentro do gin\u00e1sio, ele nos chamou l\u00e1 para fora para dar instru\u00e7\u00e3o, e n\u00f3s esfriamos e perdemos. E eu sei que n\u00f3s poder\u00edamos perfeitamente ter ganho.\u201d, desabafa a atleta para o Document\u00e1rio Mulheres \u00e0 Cesta, de Claudia Guedes.<\/p>\n\n\n\n<p>A despedida de Delcy da camisa nacional veio depois do quarto lugar no Pan do M\u00e9xico, em 1975. Era o fim de uma gera\u00e7\u00e3o e o in\u00edcio de outra com as talentosas Magic Paula e Hort\u00eancia.<\/p>\n\n\n\n<p>\u201cO esporte educa, disciplina, faz voc\u00ea se conhecer melhor. Faz com que voc\u00ea tenha um respeito pela vida, pela sua sa\u00fade pelo seu corpo.\u201d<\/p>\n\n\n\n<p><strong>Conquistas<\/strong><strong><\/strong><\/p>\n\n\n\n<p>A professora de Educa\u00e7\u00e3o F\u00edsica, Delcy vestiu ainda as cores verde-amarela na conquista da medalha de bronze no Campeonato Mundial do Brasil, em 1971, e em seis t\u00edtulos sul-americanos (Peru\/1958, Brasil\/1965, Col\u00f4mbia\/1967, Chile\/1968, Peru\/1972 e Bol\u00edvia\/1974). Entre as principais conquistas de Marlene est\u00e3o tamb\u00e9m cinco t\u00edtulos sul-americanos (Peru\/1958, Brasil\/1965, Col\u00f4mbia\/1967, Chile\/1968 e Equador\/1970) e a medalha de bronze no Campeonato Mundial do Brasil (1971).<\/p>\n\n\n\n<p>E se quiser conhecer mais a hist\u00f3ria de Delcy Ellender Marques, assista ao document\u00e1rio Mulheres \u00e0 Cesta ou baixe o e-book.<\/p>\n","protected":false},"excerpt":{"rendered":"<p>Delcy Ellender Marques foi uma das maiores recordistas em participa\u00e7\u00f5es com a Sele\u00e7\u00e3o Brasileira Adulta Feminina de Basquete em Jogos Pan-Americanos. Com a bola laranja nas m\u00e3os, teve seu nome marcado no cen\u00e1rio esportivo brasileiro. Em cinco edi\u00e7\u00f5es dos Jogos, Delcy conquistou quatro medalhas, sendo duas de ouro (Winnipeg\/1967 e Cali\/1971) e duas de prata [&hellip;]<\/p>\n","protected":false},"author":1,"featured_media":1572,"comment_status":"open","ping_status":"open","sticky":false,"template":"","format":"standard","meta":{"footnotes":""},"categories":[12],"tags":[],"class_list":["post-1569","post","type-post","status-publish","format-standard","has-post-thumbnail","hentry","category-blog"],"acf":[],"yoast_head":"<!-- This site is optimized with the Yoast SEO plugin v26.4 - https:\/\/yoast.com\/wordpress\/plugins\/seo\/ -->\n<title>Nasce uma recordista<\/title>\n<meta name=\"description\" content=\"Delcy Ellender Marques foi uma das maiores recordistas em participa\u00e7\u00f5es com a Sele\u00e7\u00e3o Brasileira Adulta Feminina de Basquete em Jogos Pan-Americanos. Com\" \/>\n<meta name=\"robots\" content=\"index, follow, max-snippet:-1, max-image-preview:large, max-video-preview:-1\" \/>\n<link rel=\"canonical\" href=\"https:\/\/mulheresacesta.com.br\/en\/2021\/02\/nasce-uma-recordista\/\" \/>\n<meta property=\"og:locale\" content=\"en_US\" \/>\n<meta property=\"og:locale:alternate\" content=\"pt_BR\" \/>\n<meta property=\"og:type\" content=\"article\" \/>\n<meta property=\"og:title\" content=\"Nasce uma recordista\" \/>\n<meta property=\"og:description\" content=\"Delcy Ellender Marques foi uma das maiores recordistas em participa\u00e7\u00f5es com a Sele\u00e7\u00e3o Brasileira Adulta Feminina de Basquete em Jogos Pan-Americanos. Com\" \/>\n<meta property=\"og:url\" content=\"https:\/\/mulheresacesta.com.br\/en\/2021\/02\/nasce-uma-recordista\/\" \/>\n<meta property=\"og:site_name\" content=\"Mulheres \u00e0 Cesta\" \/>\n<meta property=\"article:published_time\" content=\"2021-02-19T20:02:48+00:00\" \/>\n<meta property=\"article:modified_time\" content=\"2021-02-19T20:12:46+00:00\" \/>\n<meta property=\"og:image\" content=\"https:\/\/mulheresacesta.com.br\/wp-content\/uploads\/2021\/02\/delcy-1.jpg\" \/>\n\t<meta property=\"og:image:width\" content=\"1500\" \/>\n\t<meta property=\"og:image:height\" content=\"700\" \/>\n\t<meta property=\"og:image:type\" content=\"image\/jpeg\" \/>\n<meta name=\"author\" content=\"mulheres\" \/>\n<meta name=\"twitter:card\" content=\"summary_large_image\" \/>\n<meta name=\"twitter:label1\" content=\"Written by\" \/>\n\t<meta name=\"twitter:data1\" content=\"mulheres\" \/>\n\t<meta name=\"twitter:label2\" content=\"Est. reading time\" \/>\n\t<meta name=\"twitter:data2\" content=\"2 minutes\" \/>\n<script type=\"application\/ld+json\" class=\"yoast-schema-graph\">{\"@context\":\"https:\/\/schema.org\",\"@graph\":[{\"@type\":\"Article\",\"@id\":\"https:\/\/mulheresacesta.com.br\/2021\/02\/nasce-uma-recordista\/#article\",\"isPartOf\":{\"@id\":\"https:\/\/mulheresacesta.com.br\/2021\/02\/nasce-uma-recordista\/\"},\"author\":{\"name\":\"mulheres\",\"@id\":\"https:\/\/mulheresacesta.com.br\/en\/#\/schema\/person\/11ebd3af76a9fcb3d26c815924faac42\"},\"headline\":\"Nasce uma recordista\",\"datePublished\":\"2021-02-19T20:02:48+00:00\",\"dateModified\":\"2021-02-19T20:12:46+00:00\",\"mainEntityOfPage\":{\"@id\":\"https:\/\/mulheresacesta.com.br\/2021\/02\/nasce-uma-recordista\/\"},\"wordCount\":458,\"commentCount\":0,\"publisher\":{\"@id\":\"https:\/\/mulheresacesta.com.br\/en\/#organization\"},\"image\":{\"@id\":\"https:\/\/mulheresacesta.com.br\/2021\/02\/nasce-uma-recordista\/#primaryimage\"},\"thumbnailUrl\":\"https:\/\/mulheresacesta.com.br\/wp-content\/uploads\/2021\/02\/delcy-1.jpg\",\"articleSection\":[\"Blog\"],\"inLanguage\":\"en-US\",\"potentialAction\":[{\"@type\":\"CommentAction\",\"name\":\"Comment\",\"target\":[\"https:\/\/mulheresacesta.com.br\/2021\/02\/nasce-uma-recordista\/#respond\"]}]},{\"@type\":\"WebPage\",\"@id\":\"https:\/\/mulheresacesta.com.br\/2021\/02\/nasce-uma-recordista\/\",\"url\":\"https:\/\/mulheresacesta.com.br\/2021\/02\/nasce-uma-recordista\/\",\"name\":\"Nasce uma recordista\",\"isPartOf\":{\"@id\":\"https:\/\/mulheresacesta.com.br\/en\/#website\"},\"primaryImageOfPage\":{\"@id\":\"https:\/\/mulheresacesta.com.br\/2021\/02\/nasce-uma-recordista\/#primaryimage\"},\"image\":{\"@id\":\"https:\/\/mulheresacesta.com.br\/2021\/02\/nasce-uma-recordista\/#primaryimage\"},\"thumbnailUrl\":\"https:\/\/mulheresacesta.com.br\/wp-content\/uploads\/2021\/02\/delcy-1.jpg\",\"datePublished\":\"2021-02-19T20:02:48+00:00\",\"dateModified\":\"2021-02-19T20:12:46+00:00\",\"description\":\"Delcy Ellender Marques foi uma das maiores recordistas em participa\u00e7\u00f5es com a Sele\u00e7\u00e3o Brasileira Adulta Feminina de Basquete em Jogos Pan-Americanos. Com\",\"breadcrumb\":{\"@id\":\"https:\/\/mulheresacesta.com.br\/2021\/02\/nasce-uma-recordista\/#breadcrumb\"},\"inLanguage\":\"en-US\",\"potentialAction\":[{\"@type\":\"ReadAction\",\"target\":[\"https:\/\/mulheresacesta.com.br\/2021\/02\/nasce-uma-recordista\/\"]}]},{\"@type\":\"ImageObject\",\"inLanguage\":\"en-US\",\"@id\":\"https:\/\/mulheresacesta.com.br\/2021\/02\/nasce-uma-recordista\/#primaryimage\",\"url\":\"https:\/\/mulheresacesta.com.br\/wp-content\/uploads\/2021\/02\/delcy-1.jpg\",\"contentUrl\":\"https:\/\/mulheresacesta.com.br\/wp-content\/uploads\/2021\/02\/delcy-1.jpg\",\"width\":1500,\"height\":700},{\"@type\":\"BreadcrumbList\",\"@id\":\"https:\/\/mulheresacesta.com.br\/2021\/02\/nasce-uma-recordista\/#breadcrumb\",\"itemListElement\":[{\"@type\":\"ListItem\",\"position\":1,\"name\":\"In\u00edcio\",\"item\":\"https:\/\/mulheresacesta.com.br\/\"},{\"@type\":\"ListItem\",\"position\":2,\"name\":\"Nasce uma recordista\"}]},{\"@type\":\"WebSite\",\"@id\":\"https:\/\/mulheresacesta.com.br\/en\/#website\",\"url\":\"https:\/\/mulheresacesta.com.br\/en\/\",\"name\":\"Mulheres \u00e0 Cesta\",\"description\":\"\",\"publisher\":{\"@id\":\"https:\/\/mulheresacesta.com.br\/en\/#organization\"},\"potentialAction\":[{\"@type\":\"SearchAction\",\"target\":{\"@type\":\"EntryPoint\",\"urlTemplate\":\"https:\/\/mulheresacesta.com.br\/en\/?s={search_term_string}\"},\"query-input\":{\"@type\":\"PropertyValueSpecification\",\"valueRequired\":true,\"valueName\":\"search_term_string\"}}],\"inLanguage\":\"en-US\"},{\"@type\":\"Organization\",\"@id\":\"https:\/\/mulheresacesta.com.br\/en\/#organization\",\"name\":\"Mulheres \u00e0 Cesta\",\"url\":\"https:\/\/mulheresacesta.com.br\/en\/\",\"logo\":{\"@type\":\"ImageObject\",\"inLanguage\":\"en-US\",\"@id\":\"https:\/\/mulheresacesta.com.br\/en\/#\/schema\/logo\/image\/\",\"url\":\"https:\/\/mulheresacesta.com.br\/wp-content\/uploads\/2020\/10\/mulheres-a-cesta.jpg\",\"contentUrl\":\"https:\/\/mulheresacesta.com.br\/wp-content\/uploads\/2020\/10\/mulheres-a-cesta.jpg\",\"width\":400,\"height\":300,\"caption\":\"Mulheres \u00e0 Cesta\"},\"image\":{\"@id\":\"https:\/\/mulheresacesta.com.br\/en\/#\/schema\/logo\/image\/\"}},{\"@type\":\"Person\",\"@id\":\"https:\/\/mulheresacesta.com.br\/en\/#\/schema\/person\/11ebd3af76a9fcb3d26c815924faac42\",\"name\":\"mulheres\",\"sameAs\":[\"http:\/\/localhost\/mulheresacesta\"],\"url\":\"https:\/\/mulheresacesta.com.br\/en\/author\/mulheres\/\"}]}<\/script>\n<!-- \/ Yoast SEO plugin. -->","yoast_head_json":{"title":"Nasce uma recordista","description":"Delcy Ellender Marques foi uma das maiores recordistas em participa\u00e7\u00f5es com a Sele\u00e7\u00e3o Brasileira Adulta Feminina de Basquete em Jogos Pan-Americanos. Com","robots":{"index":"index","follow":"follow","max-snippet":"max-snippet:-1","max-image-preview":"max-image-preview:large","max-video-preview":"max-video-preview:-1"},"canonical":"https:\/\/mulheresacesta.com.br\/en\/2021\/02\/nasce-uma-recordista\/","og_locale":"en_US","og_type":"article","og_title":"[:pt]Nasce uma recordista[:] - Mulheres \u00e0 Cesta","og_description":"Delcy Ellender Marques foi uma das maiores recordistas em participa\u00e7\u00f5es com a Sele\u00e7\u00e3o Brasileira Adulta Feminina de Basquete em Jogos Pan-Americanos. Com","og_url":"https:\/\/mulheresacesta.com.br\/en\/2021\/02\/nasce-uma-recordista\/","og_site_name":"Mulheres \u00e0 Cesta","article_published_time":"2021-02-19T20:02:48+00:00","article_modified_time":"2021-02-19T20:12:46+00:00","og_image":[{"width":1500,"height":700,"url":"https:\/\/mulheresacesta.com.br\/wp-content\/uploads\/2021\/02\/delcy-1.jpg","type":"image\/jpeg"}],"author":"mulheres","twitter_card":"summary_large_image","twitter_misc":{"Written by":"mulheres","Est. reading time":"2 minutes"},"schema":{"@context":"https:\/\/schema.org","@graph":[{"@type":"Article","@id":"https:\/\/mulheresacesta.com.br\/2021\/02\/nasce-uma-recordista\/#article","isPartOf":{"@id":"https:\/\/mulheresacesta.com.br\/2021\/02\/nasce-uma-recordista\/"},"author":{"name":"mulheres","@id":"https:\/\/mulheresacesta.com.br\/en\/#\/schema\/person\/11ebd3af76a9fcb3d26c815924faac42"},"headline":"Nasce uma recordista","datePublished":"2021-02-19T20:02:48+00:00","dateModified":"2021-02-19T20:12:46+00:00","mainEntityOfPage":{"@id":"https:\/\/mulheresacesta.com.br\/2021\/02\/nasce-uma-recordista\/"},"wordCount":458,"commentCount":0,"publisher":{"@id":"https:\/\/mulheresacesta.com.br\/en\/#organization"},"image":{"@id":"https:\/\/mulheresacesta.com.br\/2021\/02\/nasce-uma-recordista\/#primaryimage"},"thumbnailUrl":"https:\/\/mulheresacesta.com.br\/wp-content\/uploads\/2021\/02\/delcy-1.jpg","articleSection":["Blog"],"inLanguage":"en-US","potentialAction":[{"@type":"CommentAction","name":"Comment","target":["https:\/\/mulheresacesta.com.br\/2021\/02\/nasce-uma-recordista\/#respond"]}]},{"@type":"WebPage","@id":"https:\/\/mulheresacesta.com.br\/2021\/02\/nasce-uma-recordista\/","url":"https:\/\/mulheresacesta.com.br\/2021\/02\/nasce-uma-recordista\/","name":"Nasce uma recordista","isPartOf":{"@id":"https:\/\/mulheresacesta.com.br\/en\/#website"},"primaryImageOfPage":{"@id":"https:\/\/mulheresacesta.com.br\/2021\/02\/nasce-uma-recordista\/#primaryimage"},"image":{"@id":"https:\/\/mulheresacesta.com.br\/2021\/02\/nasce-uma-recordista\/#primaryimage"},"thumbnailUrl":"https:\/\/mulheresacesta.com.br\/wp-content\/uploads\/2021\/02\/delcy-1.jpg","datePublished":"2021-02-19T20:02:48+00:00","dateModified":"2021-02-19T20:12:46+00:00","description":"Delcy Ellender Marques foi uma das maiores recordistas em participa\u00e7\u00f5es com a Sele\u00e7\u00e3o Brasileira Adulta Feminina de Basquete em Jogos Pan-Americanos. Com","breadcrumb":{"@id":"https:\/\/mulheresacesta.com.br\/2021\/02\/nasce-uma-recordista\/#breadcrumb"},"inLanguage":"en-US","potentialAction":[{"@type":"ReadAction","target":["https:\/\/mulheresacesta.com.br\/2021\/02\/nasce-uma-recordista\/"]}]},{"@type":"ImageObject","inLanguage":"en-US","@id":"https:\/\/mulheresacesta.com.br\/2021\/02\/nasce-uma-recordista\/#primaryimage","url":"https:\/\/mulheresacesta.com.br\/wp-content\/uploads\/2021\/02\/delcy-1.jpg","contentUrl":"https:\/\/mulheresacesta.com.br\/wp-content\/uploads\/2021\/02\/delcy-1.jpg","width":1500,"height":700},{"@type":"BreadcrumbList","@id":"https:\/\/mulheresacesta.com.br\/2021\/02\/nasce-uma-recordista\/#breadcrumb","itemListElement":[{"@type":"ListItem","position":1,"name":"In\u00edcio","item":"https:\/\/mulheresacesta.com.br\/"},{"@type":"ListItem","position":2,"name":"Nasce uma recordista"}]},{"@type":"WebSite","@id":"https:\/\/mulheresacesta.com.br\/en\/#website","url":"https:\/\/mulheresacesta.com.br\/en\/","name":"Mulheres \u00e0 Cesta","description":"","publisher":{"@id":"https:\/\/mulheresacesta.com.br\/en\/#organization"},"potentialAction":[{"@type":"SearchAction","target":{"@type":"EntryPoint","urlTemplate":"https:\/\/mulheresacesta.com.br\/en\/?s={search_term_string}"},"query-input":{"@type":"PropertyValueSpecification","valueRequired":true,"valueName":"search_term_string"}}],"inLanguage":"en-US"},{"@type":"Organization","@id":"https:\/\/mulheresacesta.com.br\/en\/#organization","name":"Mulheres \u00e0 Cesta","url":"https:\/\/mulheresacesta.com.br\/en\/","logo":{"@type":"ImageObject","inLanguage":"en-US","@id":"https:\/\/mulheresacesta.com.br\/en\/#\/schema\/logo\/image\/","url":"https:\/\/mulheresacesta.com.br\/wp-content\/uploads\/2020\/10\/mulheres-a-cesta.jpg","contentUrl":"https:\/\/mulheresacesta.com.br\/wp-content\/uploads\/2020\/10\/mulheres-a-cesta.jpg","width":400,"height":300,"caption":"Mulheres \u00e0 Cesta"},"image":{"@id":"https:\/\/mulheresacesta.com.br\/en\/#\/schema\/logo\/image\/"}},{"@type":"Person","@id":"https:\/\/mulheresacesta.com.br\/en\/#\/schema\/person\/11ebd3af76a9fcb3d26c815924faac42","name":"mulheres","sameAs":["http:\/\/localhost\/mulheresacesta"],"url":"https:\/\/mulheresacesta.com.br\/en\/author\/mulheres\/"}]}},"_links":{"self":[{"href":"https:\/\/mulheresacesta.com.br\/en\/wp-json\/wp\/v2\/posts\/1569","targetHints":{"allow":["GET"]}}],"collection":[{"href":"https:\/\/mulheresacesta.com.br\/en\/wp-json\/wp\/v2\/posts"}],"about":[{"href":"https:\/\/mulheresacesta.com.br\/en\/wp-json\/wp\/v2\/types\/post"}],"author":[{"embeddable":true,"href":"https:\/\/mulheresacesta.com.br\/en\/wp-json\/wp\/v2\/users\/1"}],"replies":[{"embeddable":true,"href":"https:\/\/mulheresacesta.com.br\/en\/wp-json\/wp\/v2\/comments?post=1569"}],"version-history":[{"count":1,"href":"https:\/\/mulheresacesta.com.br\/en\/wp-json\/wp\/v2\/posts\/1569\/revisions"}],"predecessor-version":[{"id":1571,"href":"https:\/\/mulheresacesta.com.br\/en\/wp-json\/wp\/v2\/posts\/1569\/revisions\/1571"}],"wp:featuredmedia":[{"embeddable":true,"href":"https:\/\/mulheresacesta.com.br\/en\/wp-json\/wp\/v2\/media\/1572"}],"wp:attachment":[{"href":"https:\/\/mulheresacesta.com.br\/en\/wp-json\/wp\/v2\/media?parent=1569"}],"wp:term":[{"taxonomy":"category","embeddable":true,"href":"https:\/\/mulheresacesta.com.br\/en\/wp-json\/wp\/v2\/categories?post=1569"},{"taxonomy":"post_tag","embeddable":true,"href":"https:\/\/mulheresacesta.com.br\/en\/wp-json\/wp\/v2\/tags?post=1569"}],"curies":[{"name":"wp","href":"https:\/\/api.w.org\/{rel}","templated":true}]}}