{"id":1603,"date":"2021-03-05T17:00:00","date_gmt":"2021-03-05T20:00:00","guid":{"rendered":"https:\/\/mulheresacesta.com.br\/?p=1603"},"modified":"2021-03-05T18:04:13","modified_gmt":"2021-03-05T21:04:13","slug":"as-gemeas-do-basquete","status":"publish","type":"post","link":"https:\/\/mulheresacesta.com.br\/en\/2021\/03\/as-gemeas-do-basquete\/","title":{"rendered":"As g\u00eameas do basquete"},"content":{"rendered":"\n<p>As g\u00eameas V\u00e2nia e Vanira Hernandes deixaram a sua marca na Sele\u00e7\u00e3o Brasileira.<\/p>\n\n\n\n<p>Filhas do ex-jogador de futebol Roberto Hernandes, com passagens por Corinthians e Bragantino, desde pequena elas acompanhavam o pai, e isso de certa forma despertou a paix\u00e3o pelo esporte em si.<\/p>\n\n\n\n<p>A dupla, que conheceu o basquete nas aulas de Educa\u00e7\u00e3o F\u00edsica da escola, fez parte de importantes momentos com a camiseta verde e amarela.<\/p>\n\n\n\n<p>As irm\u00e3s jogaram juntas at\u00e9 o time da Prudentina em 1984 e 1985, depois entenderam que era melhor se separar. Vanira foi para Sorocaba e V\u00e2nia para Piracicaba.<\/p>\n\n\n\n<p>\u201cEu ficava muito feliz quando minha irm\u00e3 jogava, mas eu odiava ter que marc\u00e1-la, apesar de ser dif\u00edcil, mas chegou a acontecer, mas o profissionalismo vinha antes de tudo.\u201d, relembra V\u00e2nia.<\/p>\n\n\n\n<p><strong>V\u00e2nia<\/strong><\/p>\n\n\n\n<p>V\u00e2nia gravou seu nome na primeira equipe brasileira de basquete feminino que chegou aos Jogos Ol\u00edmpicos, realizado em Barcelona, em 1992. &#8220;Sou muito grata pelo o que aprendi com o esporte. O basquete, em especial, foi muito importante enquanto estive na fun\u00e7\u00e3o de atleta, e agora continua sendo na minha atual fun\u00e7\u00e3o que \u00e9 lecionar&#8221;, contou V\u00e2nia<\/p>\n\n\n\n<p>Pela Sele\u00e7\u00e3o Brasileira suas principais conquistas s\u00e3o a medalha de prata na Copa Am\u00e9rica, no Brasil, em 1989; a medalha de ouro nos Jogos Pan-Americanos de Havana, em 1991; duas medalhas de ouro em Campeonatos Sul-Americanos, a primeira no Brasil, em 1986, e depois no Chile, em 1989.<\/p>\n\n\n\n<p><strong>Vanira<\/strong><\/p>\n\n\n\n<p>Vanira traz no curr\u00edculo in\u00fameros t\u00edtulos no basquete nacional, como oito vezes Campe\u00e3 Paulista, entre outros. Sua primeira convoca\u00e7\u00e3o para a Sele\u00e7\u00e3o Brasileira foi ainda na categoria juvenil, em 1980, para o Sul-Americano. Depois disso, foi convocada para a Sele\u00e7\u00e3o Adulta no Pan-Americano de Indianapolis, em 1987.<\/p>\n\n\n\n<p>As irm\u00e3s Hernandes, ap\u00f3s a aposentadoria das quadras, iniciaram em 2000 o Centro de Forma\u00e7\u00e3o V\u00e2nia e Vanira. As irm\u00e3s explicam que o relacionamento familiar e saber assimilar os conselhos s\u00e3o pontos fundamentais para o sucesso na carreira. \u201cO di\u00e1logo com os pais, com os t\u00e9cnicos, professores, a gente tem que ouvir. Siga seu caminho de maneira correta.\u201d, enfatizam as ex-atletas.<\/p>\n\n\n\n<figure class=\"wp-block-gallery columns-3 is-cropped wp-block-gallery-1 is-layout-flex wp-block-gallery-is-layout-flex\"><ul class=\"blocks-gallery-grid\"><li class=\"blocks-gallery-item\"><figure><img loading=\"lazy\" decoding=\"async\" width=\"660\" height=\"474\" src=\"https:\/\/mulheresacesta.com.br\/wp-content\/uploads\/2021\/03\/Vanira-Oscar-e-Vania-Pan-Americano-em-Indianapolis_thumb3.jpg\" alt=\"\" data-id=\"1605\" data-link=\"https:\/\/mulheresacesta.com.br\/?attachment_id=1605\" class=\"wp-image-1605\" srcset=\"https:\/\/mulheresacesta.com.br\/wp-content\/uploads\/2021\/03\/Vanira-Oscar-e-Vania-Pan-Americano-em-Indianapolis_thumb3.jpg 660w, https:\/\/mulheresacesta.com.br\/wp-content\/uploads\/2021\/03\/Vanira-Oscar-e-Vania-Pan-Americano-em-Indianapolis_thumb3-300x215.jpg 300w\" sizes=\"auto, (max-width: 660px) 100vw, 660px\" \/><\/figure><\/li><li class=\"blocks-gallery-item\"><figure><img loading=\"lazy\" decoding=\"async\" width=\"750\" height=\"500\" src=\"https:\/\/mulheresacesta.com.br\/wp-content\/uploads\/2021\/03\/3042.jpg\" alt=\"\" data-id=\"1606\" data-full-url=\"https:\/\/mulheresacesta.com.br\/wp-content\/uploads\/2021\/03\/3042.jpg\" data-link=\"https:\/\/mulheresacesta.com.br\/?attachment_id=1606\" class=\"wp-image-1606\" srcset=\"https:\/\/mulheresacesta.com.br\/wp-content\/uploads\/2021\/03\/3042.jpg 750w, https:\/\/mulheresacesta.com.br\/wp-content\/uploads\/2021\/03\/3042-300x200.jpg 300w\" sizes=\"auto, (max-width: 750px) 100vw, 750px\" \/><\/figure><\/li><li class=\"blocks-gallery-item\"><figure><img loading=\"lazy\" decoding=\"async\" width=\"750\" height=\"450\" src=\"https:\/\/mulheresacesta.com.br\/wp-content\/uploads\/2021\/03\/3043.jpg\" alt=\"\" data-id=\"1607\" data-full-url=\"https:\/\/mulheresacesta.com.br\/wp-content\/uploads\/2021\/03\/3043.jpg\" data-link=\"https:\/\/mulheresacesta.com.br\/?attachment_id=1607\" class=\"wp-image-1607\" srcset=\"https:\/\/mulheresacesta.com.br\/wp-content\/uploads\/2021\/03\/3043.jpg 750w, https:\/\/mulheresacesta.com.br\/wp-content\/uploads\/2021\/03\/3043-300x180.jpg 300w\" sizes=\"auto, (max-width: 750px) 100vw, 750px\" \/><\/figure><\/li><\/ul><\/figure>\n","protected":false},"excerpt":{"rendered":"<p>As g\u00eameas V\u00e2nia e Vanira Hernandes deixaram a sua marca na Sele\u00e7\u00e3o Brasileira. Filhas do ex-jogador de futebol Roberto Hernandes, com passagens por Corinthians e Bragantino, desde pequena elas acompanhavam o pai, e isso de certa forma despertou a paix\u00e3o pelo esporte em si. A dupla, que conheceu o basquete nas aulas de Educa\u00e7\u00e3o F\u00edsica [&hellip;]<\/p>\n","protected":false},"author":1,"featured_media":1604,"comment_status":"open","ping_status":"open","sticky":false,"template":"","format":"standard","meta":{"footnotes":""},"categories":[12],"tags":[28,26,27,15],"class_list":["post-1603","post","type-post","status-publish","format-standard","has-post-thumbnail","hentry","category-blog","tag-gemeas","tag-vania","tag-vanira","tag-basquete-feminino"],"acf":[],"yoast_head":"<!-- This site is optimized with the Yoast SEO plugin v26.4 - https:\/\/yoast.com\/wordpress\/plugins\/seo\/ -->\n<title>As g\u00eameas do basquete<\/title>\n<meta name=\"description\" content=\"As g\u00eameas V\u00e2nia e Vanira Hernandes deixaram a sua marca na Sele\u00e7\u00e3o Brasileira. Filhas do ex-jogador de futebol Roberto Hernandes, com passagens por\" \/>\n<meta name=\"robots\" content=\"index, follow, max-snippet:-1, max-image-preview:large, max-video-preview:-1\" \/>\n<link rel=\"canonical\" href=\"https:\/\/mulheresacesta.com.br\/en\/2021\/03\/as-gemeas-do-basquete\/\" \/>\n<meta property=\"og:locale\" content=\"en_US\" \/>\n<meta property=\"og:locale:alternate\" content=\"pt_BR\" \/>\n<meta property=\"og:type\" content=\"article\" \/>\n<meta property=\"og:title\" content=\"As g\u00eameas do basquete\" \/>\n<meta property=\"og:description\" content=\"As g\u00eameas V\u00e2nia e Vanira Hernandes deixaram a sua marca na Sele\u00e7\u00e3o Brasileira. Filhas do ex-jogador de futebol Roberto Hernandes, com passagens por\" \/>\n<meta property=\"og:url\" content=\"https:\/\/mulheresacesta.com.br\/en\/2021\/03\/as-gemeas-do-basquete\/\" \/>\n<meta property=\"og:site_name\" content=\"Mulheres \u00e0 Cesta\" \/>\n<meta property=\"article:published_time\" content=\"2021-03-05T20:00:00+00:00\" \/>\n<meta property=\"article:modified_time\" content=\"2021-03-05T21:04:13+00:00\" \/>\n<meta property=\"og:image\" content=\"https:\/\/mulheresacesta.com.br\/wp-content\/uploads\/2021\/03\/mcvanias.jpg\" \/>\n\t<meta property=\"og:image:width\" content=\"1700\" \/>\n\t<meta property=\"og:image:height\" content=\"750\" \/>\n\t<meta property=\"og:image:type\" content=\"image\/jpeg\" \/>\n<meta name=\"author\" content=\"mulheres\" \/>\n<meta name=\"twitter:card\" content=\"summary_large_image\" \/>\n<meta name=\"twitter:label1\" content=\"Written by\" \/>\n\t<meta name=\"twitter:data1\" content=\"mulheres\" \/>\n\t<meta name=\"twitter:label2\" content=\"Est. reading time\" \/>\n\t<meta name=\"twitter:data2\" content=\"2 minutes\" \/>\n<script type=\"application\/ld+json\" class=\"yoast-schema-graph\">{\"@context\":\"https:\/\/schema.org\",\"@graph\":[{\"@type\":\"Article\",\"@id\":\"https:\/\/mulheresacesta.com.br\/en\/2021\/03\/as-gemeas-do-basquete\/#article\",\"isPartOf\":{\"@id\":\"https:\/\/mulheresacesta.com.br\/en\/2021\/03\/as-gemeas-do-basquete\/\"},\"author\":{\"name\":\"mulheres\",\"@id\":\"https:\/\/mulheresacesta.com.br\/en\/#\/schema\/person\/11ebd3af76a9fcb3d26c815924faac42\"},\"headline\":\"As g\u00eameas do basquete\",\"datePublished\":\"2021-03-05T20:00:00+00:00\",\"dateModified\":\"2021-03-05T21:04:13+00:00\",\"mainEntityOfPage\":{\"@id\":\"https:\/\/mulheresacesta.com.br\/en\/2021\/03\/as-gemeas-do-basquete\/\"},\"wordCount\":372,\"commentCount\":0,\"publisher\":{\"@id\":\"https:\/\/mulheresacesta.com.br\/en\/#organization\"},\"image\":{\"@id\":\"https:\/\/mulheresacesta.com.br\/en\/2021\/03\/as-gemeas-do-basquete\/#primaryimage\"},\"thumbnailUrl\":\"https:\/\/mulheresacesta.com.br\/wp-content\/uploads\/2021\/03\/mcvanias.jpg\",\"keywords\":[\"gemeas\",\"vania\",\"vanira\",\"basquete feminino\"],\"articleSection\":[\"Blog\"],\"inLanguage\":\"en-US\",\"potentialAction\":[{\"@type\":\"CommentAction\",\"name\":\"Comment\",\"target\":[\"https:\/\/mulheresacesta.com.br\/en\/2021\/03\/as-gemeas-do-basquete\/#respond\"]}]},{\"@type\":\"WebPage\",\"@id\":\"https:\/\/mulheresacesta.com.br\/en\/2021\/03\/as-gemeas-do-basquete\/\",\"url\":\"https:\/\/mulheresacesta.com.br\/en\/2021\/03\/as-gemeas-do-basquete\/\",\"name\":\"As g\u00eameas do basquete\",\"isPartOf\":{\"@id\":\"https:\/\/mulheresacesta.com.br\/en\/#website\"},\"primaryImageOfPage\":{\"@id\":\"https:\/\/mulheresacesta.com.br\/en\/2021\/03\/as-gemeas-do-basquete\/#primaryimage\"},\"image\":{\"@id\":\"https:\/\/mulheresacesta.com.br\/en\/2021\/03\/as-gemeas-do-basquete\/#primaryimage\"},\"thumbnailUrl\":\"https:\/\/mulheresacesta.com.br\/wp-content\/uploads\/2021\/03\/mcvanias.jpg\",\"datePublished\":\"2021-03-05T20:00:00+00:00\",\"dateModified\":\"2021-03-05T21:04:13+00:00\",\"description\":\"As g\u00eameas V\u00e2nia e Vanira Hernandes deixaram a sua marca na Sele\u00e7\u00e3o Brasileira. Filhas do ex-jogador de futebol Roberto Hernandes, com passagens por\",\"breadcrumb\":{\"@id\":\"https:\/\/mulheresacesta.com.br\/en\/2021\/03\/as-gemeas-do-basquete\/#breadcrumb\"},\"inLanguage\":\"en-US\",\"potentialAction\":[{\"@type\":\"ReadAction\",\"target\":[\"https:\/\/mulheresacesta.com.br\/en\/2021\/03\/as-gemeas-do-basquete\/\"]}]},{\"@type\":\"ImageObject\",\"inLanguage\":\"en-US\",\"@id\":\"https:\/\/mulheresacesta.com.br\/en\/2021\/03\/as-gemeas-do-basquete\/#primaryimage\",\"url\":\"https:\/\/mulheresacesta.com.br\/wp-content\/uploads\/2021\/03\/mcvanias.jpg\",\"contentUrl\":\"https:\/\/mulheresacesta.com.br\/wp-content\/uploads\/2021\/03\/mcvanias.jpg\",\"width\":1700,\"height\":750},{\"@type\":\"BreadcrumbList\",\"@id\":\"https:\/\/mulheresacesta.com.br\/en\/2021\/03\/as-gemeas-do-basquete\/#breadcrumb\",\"itemListElement\":[{\"@type\":\"ListItem\",\"position\":1,\"name\":\"In\u00edcio\",\"item\":\"https:\/\/mulheresacesta.com.br\/\"},{\"@type\":\"ListItem\",\"position\":2,\"name\":\"As g\u00eameas do basquete\"}]},{\"@type\":\"WebSite\",\"@id\":\"https:\/\/mulheresacesta.com.br\/en\/#website\",\"url\":\"https:\/\/mulheresacesta.com.br\/en\/\",\"name\":\"Mulheres \u00e0 Cesta\",\"description\":\"\",\"publisher\":{\"@id\":\"https:\/\/mulheresacesta.com.br\/en\/#organization\"},\"potentialAction\":[{\"@type\":\"SearchAction\",\"target\":{\"@type\":\"EntryPoint\",\"urlTemplate\":\"https:\/\/mulheresacesta.com.br\/en\/?s={search_term_string}\"},\"query-input\":{\"@type\":\"PropertyValueSpecification\",\"valueRequired\":true,\"valueName\":\"search_term_string\"}}],\"inLanguage\":\"en-US\"},{\"@type\":\"Organization\",\"@id\":\"https:\/\/mulheresacesta.com.br\/en\/#organization\",\"name\":\"Mulheres \u00e0 Cesta\",\"url\":\"https:\/\/mulheresacesta.com.br\/en\/\",\"logo\":{\"@type\":\"ImageObject\",\"inLanguage\":\"en-US\",\"@id\":\"https:\/\/mulheresacesta.com.br\/en\/#\/schema\/logo\/image\/\",\"url\":\"https:\/\/mulheresacesta.com.br\/wp-content\/uploads\/2020\/10\/mulheres-a-cesta.jpg\",\"contentUrl\":\"https:\/\/mulheresacesta.com.br\/wp-content\/uploads\/2020\/10\/mulheres-a-cesta.jpg\",\"width\":400,\"height\":300,\"caption\":\"Mulheres \u00e0 Cesta\"},\"image\":{\"@id\":\"https:\/\/mulheresacesta.com.br\/en\/#\/schema\/logo\/image\/\"}},{\"@type\":\"Person\",\"@id\":\"https:\/\/mulheresacesta.com.br\/en\/#\/schema\/person\/11ebd3af76a9fcb3d26c815924faac42\",\"name\":\"mulheres\",\"sameAs\":[\"http:\/\/localhost\/mulheresacesta\"],\"url\":\"https:\/\/mulheresacesta.com.br\/en\/author\/mulheres\/\"}]}<\/script>\n<!-- \/ Yoast SEO plugin. -->","yoast_head_json":{"title":"As g\u00eameas do basquete","description":"As g\u00eameas V\u00e2nia e Vanira Hernandes deixaram a sua marca na Sele\u00e7\u00e3o Brasileira. Filhas do ex-jogador de futebol Roberto Hernandes, com passagens por","robots":{"index":"index","follow":"follow","max-snippet":"max-snippet:-1","max-image-preview":"max-image-preview:large","max-video-preview":"max-video-preview:-1"},"canonical":"https:\/\/mulheresacesta.com.br\/en\/2021\/03\/as-gemeas-do-basquete\/","og_locale":"en_US","og_type":"article","og_title":"[:pt]As g\u00eameas do basquete[:] - Mulheres \u00e0 Cesta","og_description":"As g\u00eameas V\u00e2nia e Vanira Hernandes deixaram a sua marca na Sele\u00e7\u00e3o Brasileira. Filhas do ex-jogador de futebol Roberto Hernandes, com passagens por","og_url":"https:\/\/mulheresacesta.com.br\/en\/2021\/03\/as-gemeas-do-basquete\/","og_site_name":"Mulheres \u00e0 Cesta","article_published_time":"2021-03-05T20:00:00+00:00","article_modified_time":"2021-03-05T21:04:13+00:00","og_image":[{"width":1700,"height":750,"url":"https:\/\/mulheresacesta.com.br\/wp-content\/uploads\/2021\/03\/mcvanias.jpg","type":"image\/jpeg"}],"author":"mulheres","twitter_card":"summary_large_image","twitter_misc":{"Written by":"mulheres","Est. reading time":"2 minutes"},"schema":{"@context":"https:\/\/schema.org","@graph":[{"@type":"Article","@id":"https:\/\/mulheresacesta.com.br\/en\/2021\/03\/as-gemeas-do-basquete\/#article","isPartOf":{"@id":"https:\/\/mulheresacesta.com.br\/en\/2021\/03\/as-gemeas-do-basquete\/"},"author":{"name":"mulheres","@id":"https:\/\/mulheresacesta.com.br\/en\/#\/schema\/person\/11ebd3af76a9fcb3d26c815924faac42"},"headline":"As g\u00eameas do basquete","datePublished":"2021-03-05T20:00:00+00:00","dateModified":"2021-03-05T21:04:13+00:00","mainEntityOfPage":{"@id":"https:\/\/mulheresacesta.com.br\/en\/2021\/03\/as-gemeas-do-basquete\/"},"wordCount":372,"commentCount":0,"publisher":{"@id":"https:\/\/mulheresacesta.com.br\/en\/#organization"},"image":{"@id":"https:\/\/mulheresacesta.com.br\/en\/2021\/03\/as-gemeas-do-basquete\/#primaryimage"},"thumbnailUrl":"https:\/\/mulheresacesta.com.br\/wp-content\/uploads\/2021\/03\/mcvanias.jpg","keywords":["gemeas","vania","vanira","basquete feminino"],"articleSection":["Blog"],"inLanguage":"en-US","potentialAction":[{"@type":"CommentAction","name":"Comment","target":["https:\/\/mulheresacesta.com.br\/en\/2021\/03\/as-gemeas-do-basquete\/#respond"]}]},{"@type":"WebPage","@id":"https:\/\/mulheresacesta.com.br\/en\/2021\/03\/as-gemeas-do-basquete\/","url":"https:\/\/mulheresacesta.com.br\/en\/2021\/03\/as-gemeas-do-basquete\/","name":"As g\u00eameas do basquete","isPartOf":{"@id":"https:\/\/mulheresacesta.com.br\/en\/#website"},"primaryImageOfPage":{"@id":"https:\/\/mulheresacesta.com.br\/en\/2021\/03\/as-gemeas-do-basquete\/#primaryimage"},"image":{"@id":"https:\/\/mulheresacesta.com.br\/en\/2021\/03\/as-gemeas-do-basquete\/#primaryimage"},"thumbnailUrl":"https:\/\/mulheresacesta.com.br\/wp-content\/uploads\/2021\/03\/mcvanias.jpg","datePublished":"2021-03-05T20:00:00+00:00","dateModified":"2021-03-05T21:04:13+00:00","description":"As g\u00eameas V\u00e2nia e Vanira Hernandes deixaram a sua marca na Sele\u00e7\u00e3o Brasileira. Filhas do ex-jogador de futebol Roberto Hernandes, com passagens por","breadcrumb":{"@id":"https:\/\/mulheresacesta.com.br\/en\/2021\/03\/as-gemeas-do-basquete\/#breadcrumb"},"inLanguage":"en-US","potentialAction":[{"@type":"ReadAction","target":["https:\/\/mulheresacesta.com.br\/en\/2021\/03\/as-gemeas-do-basquete\/"]}]},{"@type":"ImageObject","inLanguage":"en-US","@id":"https:\/\/mulheresacesta.com.br\/en\/2021\/03\/as-gemeas-do-basquete\/#primaryimage","url":"https:\/\/mulheresacesta.com.br\/wp-content\/uploads\/2021\/03\/mcvanias.jpg","contentUrl":"https:\/\/mulheresacesta.com.br\/wp-content\/uploads\/2021\/03\/mcvanias.jpg","width":1700,"height":750},{"@type":"BreadcrumbList","@id":"https:\/\/mulheresacesta.com.br\/en\/2021\/03\/as-gemeas-do-basquete\/#breadcrumb","itemListElement":[{"@type":"ListItem","position":1,"name":"In\u00edcio","item":"https:\/\/mulheresacesta.com.br\/"},{"@type":"ListItem","position":2,"name":"As g\u00eameas do basquete"}]},{"@type":"WebSite","@id":"https:\/\/mulheresacesta.com.br\/en\/#website","url":"https:\/\/mulheresacesta.com.br\/en\/","name":"Mulheres \u00e0 Cesta","description":"","publisher":{"@id":"https:\/\/mulheresacesta.com.br\/en\/#organization"},"potentialAction":[{"@type":"SearchAction","target":{"@type":"EntryPoint","urlTemplate":"https:\/\/mulheresacesta.com.br\/en\/?s={search_term_string}"},"query-input":{"@type":"PropertyValueSpecification","valueRequired":true,"valueName":"search_term_string"}}],"inLanguage":"en-US"},{"@type":"Organization","@id":"https:\/\/mulheresacesta.com.br\/en\/#organization","name":"Mulheres \u00e0 Cesta","url":"https:\/\/mulheresacesta.com.br\/en\/","logo":{"@type":"ImageObject","inLanguage":"en-US","@id":"https:\/\/mulheresacesta.com.br\/en\/#\/schema\/logo\/image\/","url":"https:\/\/mulheresacesta.com.br\/wp-content\/uploads\/2020\/10\/mulheres-a-cesta.jpg","contentUrl":"https:\/\/mulheresacesta.com.br\/wp-content\/uploads\/2020\/10\/mulheres-a-cesta.jpg","width":400,"height":300,"caption":"Mulheres \u00e0 Cesta"},"image":{"@id":"https:\/\/mulheresacesta.com.br\/en\/#\/schema\/logo\/image\/"}},{"@type":"Person","@id":"https:\/\/mulheresacesta.com.br\/en\/#\/schema\/person\/11ebd3af76a9fcb3d26c815924faac42","name":"mulheres","sameAs":["http:\/\/localhost\/mulheresacesta"],"url":"https:\/\/mulheresacesta.com.br\/en\/author\/mulheres\/"}]}},"_links":{"self":[{"href":"https:\/\/mulheresacesta.com.br\/en\/wp-json\/wp\/v2\/posts\/1603","targetHints":{"allow":["GET"]}}],"collection":[{"href":"https:\/\/mulheresacesta.com.br\/en\/wp-json\/wp\/v2\/posts"}],"about":[{"href":"https:\/\/mulheresacesta.com.br\/en\/wp-json\/wp\/v2\/types\/post"}],"author":[{"embeddable":true,"href":"https:\/\/mulheresacesta.com.br\/en\/wp-json\/wp\/v2\/users\/1"}],"replies":[{"embeddable":true,"href":"https:\/\/mulheresacesta.com.br\/en\/wp-json\/wp\/v2\/comments?post=1603"}],"version-history":[{"count":2,"href":"https:\/\/mulheresacesta.com.br\/en\/wp-json\/wp\/v2\/posts\/1603\/revisions"}],"predecessor-version":[{"id":1610,"href":"https:\/\/mulheresacesta.com.br\/en\/wp-json\/wp\/v2\/posts\/1603\/revisions\/1610"}],"wp:featuredmedia":[{"embeddable":true,"href":"https:\/\/mulheresacesta.com.br\/en\/wp-json\/wp\/v2\/media\/1604"}],"wp:attachment":[{"href":"https:\/\/mulheresacesta.com.br\/en\/wp-json\/wp\/v2\/media?parent=1603"}],"wp:term":[{"taxonomy":"category","embeddable":true,"href":"https:\/\/mulheresacesta.com.br\/en\/wp-json\/wp\/v2\/categories?post=1603"},{"taxonomy":"post_tag","embeddable":true,"href":"https:\/\/mulheresacesta.com.br\/en\/wp-json\/wp\/v2\/tags?post=1603"}],"curies":[{"name":"wp","href":"https:\/\/api.w.org\/{rel}","templated":true}]}}