{"id":1644,"date":"2021-03-08T10:25:30","date_gmt":"2021-03-08T13:25:30","guid":{"rendered":"https:\/\/mulheresacesta.com.br\/?p=1644"},"modified":"2021-03-09T18:47:14","modified_gmt":"2021-03-09T21:47:14","slug":"dia-8-de-marco-o-dia-internacional-da-mulher","status":"publish","type":"post","link":"https:\/\/mulheresacesta.com.br\/en\/2021\/03\/dia-8-de-marco-o-dia-internacional-da-mulher\/","title":{"rendered":"Dia 8 de Mar\u00e7o &#8211; o Dia Internacional da Mulher!"},"content":{"rendered":"\n<p><\/p>\n\n\n\n<p>Salve as mulheres \u00e0 cesta, \u00e0s redes, \u00e0s pistas, \u00e0s piscinas, aos aut\u00f3dromos, ao Jockey Clubes e aonde mais estiverem! O lugar de todas n\u00f3s \u00e9 aonde quisermos estar!<\/p>\n\n\n\n<p>H\u00e1 quem pense que este dia \u00e9 apenas uma inven\u00e7\u00e3o, mas a hist\u00f3ria nos esclarece e prova a sua constru\u00e7\u00e3o pelas m\u00e3os femininas de um dia que<\/p>\n\n\n\n<p>tem sido comemorado desde o in\u00edcio dos anos 1900 &#8211; uma \u00e9poca de grande expans\u00e3o e turbul\u00eancia no mundo industrializado que viu o crescimento populacional e o surgimento de ideologias radicais.&nbsp;<\/p>\n\n\n\n<p>A idealizadora de um dia \u00fanico em todos os pa\u00edses, para celebrar a mulher, foi Clara Zetkin (l\u00edder do &#8216;Gabinete da Mulher&#8217; para o Partido Social Democrata na Alemanha, em 1910, durante a I Confer\u00eancia Internacional da Mulher. Unir-se para reivindicar direitos, protestar contra as condi\u00e7\u00f5es insalubres de trabalho e sal\u00e1rios melhores andavam lado a lado com a necessidade de conquistar espa\u00e7os e oportunidades que somente estavam dispon\u00edveis aos homens.<\/p>\n\n\n\n<p>Desde ent\u00e3o, este movimento s\u00f3 se intensifica e com epis\u00f3dios tristes de persegui\u00e7\u00e3o e ignor\u00e2ncia, conquistas e retrocesso. In\u00fameras iniciativas, grupos e parcerias de representa\u00e7\u00e3o s\u00e3o criadas todos os dias no mundo inteiro, ao mesmo tempo em que estrat\u00e9gias de retrocesso e banimento da participa\u00e7\u00e3o nascem da completa falta de consci\u00eancia e valoriza\u00e7\u00e3o do papel feminino.<\/p>\n\n\n\n<p>Na hist\u00f3ria do esporte, por exemplo, em 1900, em um evento que foi criado para ser dos homens, os Jogos Ol\u00edmpicos, traz pela primeira vez 22 mulheres (2.2% do n\u00famero total de atletas)competindo em 95 eventos dos jogos. H\u00e9l\u00e8ne de Pourtal\u00e8s, da Su\u00ed\u00e7a, se tornou a primeira mulher a competir nos Jogos Ol\u00edmpicos e a primeira mulher campe\u00e3 ol\u00edmpica, como membro da equipe vencedora na primeira prova de vela de 1 a 2 toneladas em 22 de maio de 1900.<\/p>\n\n\n\n<p>A primeira brasileira a participar dos Jogos Ol\u00edmpicos foi Maria Lenk em 1932, nos Jogos Ol\u00edmpicos de Los Angeles e, a partir da\u00ed, a hist\u00f3ria das mulheres brasileiras no esporte ol\u00edmpico tomou um novo rumo.&nbsp;<\/p>\n\n\n\n<p>Esportes como o basquetebol, criado em 1891 e aprovado para participar dos Jogos Ol\u00edmpicos na sua vers\u00e3o masculina em 1936 &#8211; Berlin, somente v\u00ea a modalidade na sua vers\u00e3o feminina 40 anos depois, em 1976 nas Olimp\u00edadas realizadas em Montreal, Canad\u00e1.<\/p>\n\n\n\n<p>Em 1965, a Sele\u00e7\u00e3o Brasileira de Basquetebol Feminino junto com a Sele\u00e7\u00e3o Tcheca colocam a modalidade nos Jogos Ol\u00edmpicos como um evento feminino. Nenhuma destas jogadoras, no entanto, puderam participar como atleta na estr\u00e9ia do evento, em 1976, no Canad\u00e1.<\/p>\n\n\n\n<p>Nos Jogos Ol\u00edmpicos de 2016, 5.059 atletas mulheres competem em mais de 300 eventos dos jogos. Por\u00e9m, com ingressos 33% mais baratos que dos eventos masculinos e sal\u00e1rios que chegam a ser 76% menores e com apenas 4% de cobertura da m\u00eddia durante todo o evento.&nbsp;<\/p>\n\n\n\n<p>A participa\u00e7\u00e3o feminina demorou 104 anos para chegar a ser 40% do total de atletas. Segundo um levantamento do F\u00f3rum Econ\u00f4mico Mundial, a desigualdade de g\u00eaneros s\u00f3 ser\u00e1 superada em 2095, ou seja, daqui a 76 anos.&nbsp;<\/p>\n\n\n\n<p>Marcado anualmente em 8 de mar\u00e7o, o Dia Internacional da Mulher \u00e9 um dos dias mais importantes do ano para celebrar as conquistas femininas e aumentar a conscientiza\u00e7\u00e3o sobre a igualdade das mulheres.<\/p>\n\n\n\n<p>O tema da campanha para o Dia Internacional da Mulher de 2021 \u00e9 &#8216;Escolha o Desafio&#8217;. Um mundo desafiado \u00e9 um mundo alerta. E do desafio vem da mudan\u00e7a. #ChooseToChallenge.<\/p>\n\n\n\n<p>O desafio em solo brasileiro \u00e9 o fortalecimento das campanhas criadas, a consolida\u00e7\u00e3o da sororidade no esporte, na educa\u00e7\u00e3o, na academia, no trabalho, nas amizades. A uni\u00e3o feminina sempre foi amea\u00e7ada e destru\u00edda porque nela reside o poder mais forte. Feliz dia 8, um infinito de possibilidades!<\/p>\n\n\n\n<p><a href=\"https:\/\/www.youtube.com\/watch?v=PyqFGKQqjK4\">#levanteaboladelas<\/a><br><a href=\"https:\/\/www.youtube.com\/watch?v=eQ1O_q5mWF0&#038;t=2s\">#inequalityballs<\/a><br><a href=\"https:\/\/www.youtube.com\/watch?v=isjHRAMQEXI\">#meninasnoesporte<\/a><br><a href=\"https:\/\/www.youtube.com\/watch?v=isjHRAMQEXI\">#changethegame<\/a><\/p>\n","protected":false},"excerpt":{"rendered":"<p>Salve as mulheres \u00e0 cesta, \u00e0s redes, \u00e0s pistas, \u00e0s piscinas, aos aut\u00f3dromos, ao Jockey Clubes e aonde mais estiverem! O lugar de todas n\u00f3s \u00e9 aonde quisermos estar! H\u00e1 quem pense que este dia \u00e9 apenas uma inven\u00e7\u00e3o, mas a hist\u00f3ria nos esclarece e prova a sua constru\u00e7\u00e3o pelas m\u00e3os femininas de um dia [&hellip;]<\/p>\n","protected":false},"author":1,"featured_media":1639,"comment_status":"open","ping_status":"open","sticky":false,"template":"","format":"standard","meta":{"footnotes":""},"categories":[12],"tags":[36,35,9],"class_list":["post-1644","post","type-post","status-publish","format-standard","has-post-thumbnail","hentry","category-blog","tag-dia-internacional-da-mulher","tag-mulher","tag-mulheres-a-cesta"],"acf":[],"yoast_head":"<!-- This site is optimized with the Yoast SEO plugin v26.4 - https:\/\/yoast.com\/wordpress\/plugins\/seo\/ -->\n<title>Dia 8 de Mar\u00e7o - o Dia Internacional da Mulher!<\/title>\n<meta name=\"description\" content=\"Salve as mulheres \u00e0 cesta, \u00e0s redes, \u00e0s pistas, \u00e0s piscinas, aos aut\u00f3dromos, ao Jockey Clubes e aonde mais estiverem! O lugar de todas n\u00f3s \u00e9 aonde\" \/>\n<meta name=\"robots\" content=\"index, follow, max-snippet:-1, max-image-preview:large, max-video-preview:-1\" \/>\n<link rel=\"canonical\" href=\"https:\/\/mulheresacesta.com.br\/en\/2021\/03\/dia-8-de-marco-o-dia-internacional-da-mulher\/\" \/>\n<meta property=\"og:locale\" content=\"en_US\" \/>\n<meta property=\"og:locale:alternate\" content=\"pt_BR\" \/>\n<meta property=\"og:type\" content=\"article\" \/>\n<meta property=\"og:title\" content=\"Dia 8 de Mar\u00e7o - o Dia Internacional da Mulher!\" \/>\n<meta property=\"og:description\" content=\"Salve as mulheres \u00e0 cesta, \u00e0s redes, \u00e0s pistas, \u00e0s piscinas, aos aut\u00f3dromos, ao Jockey Clubes e aonde mais estiverem! O lugar de todas n\u00f3s \u00e9 aonde\" \/>\n<meta property=\"og:url\" content=\"https:\/\/mulheresacesta.com.br\/en\/2021\/03\/dia-8-de-marco-o-dia-internacional-da-mulher\/\" \/>\n<meta property=\"og:site_name\" content=\"Mulheres \u00e0 Cesta\" \/>\n<meta property=\"article:published_time\" content=\"2021-03-08T13:25:30+00:00\" \/>\n<meta property=\"article:modified_time\" content=\"2021-03-09T21:47:14+00:00\" \/>\n<meta property=\"og:image\" content=\"https:\/\/mulheresacesta.com.br\/wp-content\/uploads\/2021\/03\/capa.jpg\" \/>\n\t<meta property=\"og:image:width\" content=\"1200\" \/>\n\t<meta property=\"og:image:height\" content=\"634\" \/>\n\t<meta property=\"og:image:type\" content=\"image\/jpeg\" \/>\n<meta name=\"author\" content=\"mulheres\" \/>\n<meta name=\"twitter:card\" content=\"summary_large_image\" \/>\n<meta name=\"twitter:label1\" content=\"Written by\" \/>\n\t<meta name=\"twitter:data1\" content=\"mulheres\" \/>\n\t<meta name=\"twitter:label2\" content=\"Est. reading time\" \/>\n\t<meta name=\"twitter:data2\" content=\"3 minutes\" \/>\n<script type=\"application\/ld+json\" class=\"yoast-schema-graph\">{\"@context\":\"https:\/\/schema.org\",\"@graph\":[{\"@type\":\"Article\",\"@id\":\"https:\/\/mulheresacesta.com.br\/2021\/03\/dia-8-de-marco-o-dia-internacional-da-mulher\/#article\",\"isPartOf\":{\"@id\":\"https:\/\/mulheresacesta.com.br\/2021\/03\/dia-8-de-marco-o-dia-internacional-da-mulher\/\"},\"author\":{\"name\":\"mulheres\",\"@id\":\"https:\/\/mulheresacesta.com.br\/en\/#\/schema\/person\/11ebd3af76a9fcb3d26c815924faac42\"},\"headline\":\"Dia 8 de Mar\u00e7o &#8211; o Dia Internacional da Mulher!\",\"datePublished\":\"2021-03-08T13:25:30+00:00\",\"dateModified\":\"2021-03-09T21:47:14+00:00\",\"mainEntityOfPage\":{\"@id\":\"https:\/\/mulheresacesta.com.br\/2021\/03\/dia-8-de-marco-o-dia-internacional-da-mulher\/\"},\"wordCount\":650,\"commentCount\":0,\"publisher\":{\"@id\":\"https:\/\/mulheresacesta.com.br\/en\/#organization\"},\"image\":{\"@id\":\"https:\/\/mulheresacesta.com.br\/2021\/03\/dia-8-de-marco-o-dia-internacional-da-mulher\/#primaryimage\"},\"thumbnailUrl\":\"https:\/\/mulheresacesta.com.br\/wp-content\/uploads\/2021\/03\/capa.jpg\",\"keywords\":[\"dia internacional da mulher\",\"mulher\",\"mulheres a cesta\"],\"articleSection\":[\"Blog\"],\"inLanguage\":\"en-US\",\"potentialAction\":[{\"@type\":\"CommentAction\",\"name\":\"Comment\",\"target\":[\"https:\/\/mulheresacesta.com.br\/2021\/03\/dia-8-de-marco-o-dia-internacional-da-mulher\/#respond\"]}]},{\"@type\":\"WebPage\",\"@id\":\"https:\/\/mulheresacesta.com.br\/2021\/03\/dia-8-de-marco-o-dia-internacional-da-mulher\/\",\"url\":\"https:\/\/mulheresacesta.com.br\/2021\/03\/dia-8-de-marco-o-dia-internacional-da-mulher\/\",\"name\":\"Dia 8 de Mar\u00e7o - o Dia Internacional da Mulher!\",\"isPartOf\":{\"@id\":\"https:\/\/mulheresacesta.com.br\/en\/#website\"},\"primaryImageOfPage\":{\"@id\":\"https:\/\/mulheresacesta.com.br\/2021\/03\/dia-8-de-marco-o-dia-internacional-da-mulher\/#primaryimage\"},\"image\":{\"@id\":\"https:\/\/mulheresacesta.com.br\/2021\/03\/dia-8-de-marco-o-dia-internacional-da-mulher\/#primaryimage\"},\"thumbnailUrl\":\"https:\/\/mulheresacesta.com.br\/wp-content\/uploads\/2021\/03\/capa.jpg\",\"datePublished\":\"2021-03-08T13:25:30+00:00\",\"dateModified\":\"2021-03-09T21:47:14+00:00\",\"description\":\"Salve as mulheres \u00e0 cesta, \u00e0s redes, \u00e0s pistas, \u00e0s piscinas, aos aut\u00f3dromos, ao Jockey Clubes e aonde mais estiverem! O lugar de todas n\u00f3s \u00e9 aonde\",\"breadcrumb\":{\"@id\":\"https:\/\/mulheresacesta.com.br\/2021\/03\/dia-8-de-marco-o-dia-internacional-da-mulher\/#breadcrumb\"},\"inLanguage\":\"en-US\",\"potentialAction\":[{\"@type\":\"ReadAction\",\"target\":[\"https:\/\/mulheresacesta.com.br\/2021\/03\/dia-8-de-marco-o-dia-internacional-da-mulher\/\"]}]},{\"@type\":\"ImageObject\",\"inLanguage\":\"en-US\",\"@id\":\"https:\/\/mulheresacesta.com.br\/2021\/03\/dia-8-de-marco-o-dia-internacional-da-mulher\/#primaryimage\",\"url\":\"https:\/\/mulheresacesta.com.br\/wp-content\/uploads\/2021\/03\/capa.jpg\",\"contentUrl\":\"https:\/\/mulheresacesta.com.br\/wp-content\/uploads\/2021\/03\/capa.jpg\",\"width\":1200,\"height\":634},{\"@type\":\"BreadcrumbList\",\"@id\":\"https:\/\/mulheresacesta.com.br\/2021\/03\/dia-8-de-marco-o-dia-internacional-da-mulher\/#breadcrumb\",\"itemListElement\":[{\"@type\":\"ListItem\",\"position\":1,\"name\":\"In\u00edcio\",\"item\":\"https:\/\/mulheresacesta.com.br\/\"},{\"@type\":\"ListItem\",\"position\":2,\"name\":\"Dia 8 de Mar\u00e7o &#8211; o Dia Internacional da Mulher!\"}]},{\"@type\":\"WebSite\",\"@id\":\"https:\/\/mulheresacesta.com.br\/en\/#website\",\"url\":\"https:\/\/mulheresacesta.com.br\/en\/\",\"name\":\"Mulheres \u00e0 Cesta\",\"description\":\"\",\"publisher\":{\"@id\":\"https:\/\/mulheresacesta.com.br\/en\/#organization\"},\"potentialAction\":[{\"@type\":\"SearchAction\",\"target\":{\"@type\":\"EntryPoint\",\"urlTemplate\":\"https:\/\/mulheresacesta.com.br\/en\/?s={search_term_string}\"},\"query-input\":{\"@type\":\"PropertyValueSpecification\",\"valueRequired\":true,\"valueName\":\"search_term_string\"}}],\"inLanguage\":\"en-US\"},{\"@type\":\"Organization\",\"@id\":\"https:\/\/mulheresacesta.com.br\/en\/#organization\",\"name\":\"Mulheres \u00e0 Cesta\",\"url\":\"https:\/\/mulheresacesta.com.br\/en\/\",\"logo\":{\"@type\":\"ImageObject\",\"inLanguage\":\"en-US\",\"@id\":\"https:\/\/mulheresacesta.com.br\/en\/#\/schema\/logo\/image\/\",\"url\":\"https:\/\/mulheresacesta.com.br\/wp-content\/uploads\/2020\/10\/mulheres-a-cesta.jpg\",\"contentUrl\":\"https:\/\/mulheresacesta.com.br\/wp-content\/uploads\/2020\/10\/mulheres-a-cesta.jpg\",\"width\":400,\"height\":300,\"caption\":\"Mulheres \u00e0 Cesta\"},\"image\":{\"@id\":\"https:\/\/mulheresacesta.com.br\/en\/#\/schema\/logo\/image\/\"}},{\"@type\":\"Person\",\"@id\":\"https:\/\/mulheresacesta.com.br\/en\/#\/schema\/person\/11ebd3af76a9fcb3d26c815924faac42\",\"name\":\"mulheres\",\"sameAs\":[\"http:\/\/localhost\/mulheresacesta\"],\"url\":\"https:\/\/mulheresacesta.com.br\/en\/author\/mulheres\/\"}]}<\/script>\n<!-- \/ Yoast SEO plugin. -->","yoast_head_json":{"title":"Dia 8 de Mar\u00e7o - o Dia Internacional da Mulher!","description":"Salve as mulheres \u00e0 cesta, \u00e0s redes, \u00e0s pistas, \u00e0s piscinas, aos aut\u00f3dromos, ao Jockey Clubes e aonde mais estiverem! O lugar de todas n\u00f3s \u00e9 aonde","robots":{"index":"index","follow":"follow","max-snippet":"max-snippet:-1","max-image-preview":"max-image-preview:large","max-video-preview":"max-video-preview:-1"},"canonical":"https:\/\/mulheresacesta.com.br\/en\/2021\/03\/dia-8-de-marco-o-dia-internacional-da-mulher\/","og_locale":"en_US","og_type":"article","og_title":"[:pt]Dia 8 de Mar\u00e7o - o Dia Internacional da Mulher![:] - Mulheres \u00e0 Cesta","og_description":"Salve as mulheres \u00e0 cesta, \u00e0s redes, \u00e0s pistas, \u00e0s piscinas, aos aut\u00f3dromos, ao Jockey Clubes e aonde mais estiverem! O lugar de todas n\u00f3s \u00e9 aonde","og_url":"https:\/\/mulheresacesta.com.br\/en\/2021\/03\/dia-8-de-marco-o-dia-internacional-da-mulher\/","og_site_name":"Mulheres \u00e0 Cesta","article_published_time":"2021-03-08T13:25:30+00:00","article_modified_time":"2021-03-09T21:47:14+00:00","og_image":[{"width":1200,"height":634,"url":"https:\/\/mulheresacesta.com.br\/wp-content\/uploads\/2021\/03\/capa.jpg","type":"image\/jpeg"}],"author":"mulheres","twitter_card":"summary_large_image","twitter_misc":{"Written by":"mulheres","Est. reading time":"3 minutes"},"schema":{"@context":"https:\/\/schema.org","@graph":[{"@type":"Article","@id":"https:\/\/mulheresacesta.com.br\/2021\/03\/dia-8-de-marco-o-dia-internacional-da-mulher\/#article","isPartOf":{"@id":"https:\/\/mulheresacesta.com.br\/2021\/03\/dia-8-de-marco-o-dia-internacional-da-mulher\/"},"author":{"name":"mulheres","@id":"https:\/\/mulheresacesta.com.br\/en\/#\/schema\/person\/11ebd3af76a9fcb3d26c815924faac42"},"headline":"Dia 8 de Mar\u00e7o &#8211; o Dia Internacional da Mulher!","datePublished":"2021-03-08T13:25:30+00:00","dateModified":"2021-03-09T21:47:14+00:00","mainEntityOfPage":{"@id":"https:\/\/mulheresacesta.com.br\/2021\/03\/dia-8-de-marco-o-dia-internacional-da-mulher\/"},"wordCount":650,"commentCount":0,"publisher":{"@id":"https:\/\/mulheresacesta.com.br\/en\/#organization"},"image":{"@id":"https:\/\/mulheresacesta.com.br\/2021\/03\/dia-8-de-marco-o-dia-internacional-da-mulher\/#primaryimage"},"thumbnailUrl":"https:\/\/mulheresacesta.com.br\/wp-content\/uploads\/2021\/03\/capa.jpg","keywords":["dia internacional da mulher","mulher","mulheres a cesta"],"articleSection":["Blog"],"inLanguage":"en-US","potentialAction":[{"@type":"CommentAction","name":"Comment","target":["https:\/\/mulheresacesta.com.br\/2021\/03\/dia-8-de-marco-o-dia-internacional-da-mulher\/#respond"]}]},{"@type":"WebPage","@id":"https:\/\/mulheresacesta.com.br\/2021\/03\/dia-8-de-marco-o-dia-internacional-da-mulher\/","url":"https:\/\/mulheresacesta.com.br\/2021\/03\/dia-8-de-marco-o-dia-internacional-da-mulher\/","name":"Dia 8 de Mar\u00e7o - o Dia Internacional da Mulher!","isPartOf":{"@id":"https:\/\/mulheresacesta.com.br\/en\/#website"},"primaryImageOfPage":{"@id":"https:\/\/mulheresacesta.com.br\/2021\/03\/dia-8-de-marco-o-dia-internacional-da-mulher\/#primaryimage"},"image":{"@id":"https:\/\/mulheresacesta.com.br\/2021\/03\/dia-8-de-marco-o-dia-internacional-da-mulher\/#primaryimage"},"thumbnailUrl":"https:\/\/mulheresacesta.com.br\/wp-content\/uploads\/2021\/03\/capa.jpg","datePublished":"2021-03-08T13:25:30+00:00","dateModified":"2021-03-09T21:47:14+00:00","description":"Salve as mulheres \u00e0 cesta, \u00e0s redes, \u00e0s pistas, \u00e0s piscinas, aos aut\u00f3dromos, ao Jockey Clubes e aonde mais estiverem! O lugar de todas n\u00f3s \u00e9 aonde","breadcrumb":{"@id":"https:\/\/mulheresacesta.com.br\/2021\/03\/dia-8-de-marco-o-dia-internacional-da-mulher\/#breadcrumb"},"inLanguage":"en-US","potentialAction":[{"@type":"ReadAction","target":["https:\/\/mulheresacesta.com.br\/2021\/03\/dia-8-de-marco-o-dia-internacional-da-mulher\/"]}]},{"@type":"ImageObject","inLanguage":"en-US","@id":"https:\/\/mulheresacesta.com.br\/2021\/03\/dia-8-de-marco-o-dia-internacional-da-mulher\/#primaryimage","url":"https:\/\/mulheresacesta.com.br\/wp-content\/uploads\/2021\/03\/capa.jpg","contentUrl":"https:\/\/mulheresacesta.com.br\/wp-content\/uploads\/2021\/03\/capa.jpg","width":1200,"height":634},{"@type":"BreadcrumbList","@id":"https:\/\/mulheresacesta.com.br\/2021\/03\/dia-8-de-marco-o-dia-internacional-da-mulher\/#breadcrumb","itemListElement":[{"@type":"ListItem","position":1,"name":"In\u00edcio","item":"https:\/\/mulheresacesta.com.br\/"},{"@type":"ListItem","position":2,"name":"Dia 8 de Mar\u00e7o &#8211; o Dia Internacional da Mulher!"}]},{"@type":"WebSite","@id":"https:\/\/mulheresacesta.com.br\/en\/#website","url":"https:\/\/mulheresacesta.com.br\/en\/","name":"Mulheres \u00e0 Cesta","description":"","publisher":{"@id":"https:\/\/mulheresacesta.com.br\/en\/#organization"},"potentialAction":[{"@type":"SearchAction","target":{"@type":"EntryPoint","urlTemplate":"https:\/\/mulheresacesta.com.br\/en\/?s={search_term_string}"},"query-input":{"@type":"PropertyValueSpecification","valueRequired":true,"valueName":"search_term_string"}}],"inLanguage":"en-US"},{"@type":"Organization","@id":"https:\/\/mulheresacesta.com.br\/en\/#organization","name":"Mulheres \u00e0 Cesta","url":"https:\/\/mulheresacesta.com.br\/en\/","logo":{"@type":"ImageObject","inLanguage":"en-US","@id":"https:\/\/mulheresacesta.com.br\/en\/#\/schema\/logo\/image\/","url":"https:\/\/mulheresacesta.com.br\/wp-content\/uploads\/2020\/10\/mulheres-a-cesta.jpg","contentUrl":"https:\/\/mulheresacesta.com.br\/wp-content\/uploads\/2020\/10\/mulheres-a-cesta.jpg","width":400,"height":300,"caption":"Mulheres \u00e0 Cesta"},"image":{"@id":"https:\/\/mulheresacesta.com.br\/en\/#\/schema\/logo\/image\/"}},{"@type":"Person","@id":"https:\/\/mulheresacesta.com.br\/en\/#\/schema\/person\/11ebd3af76a9fcb3d26c815924faac42","name":"mulheres","sameAs":["http:\/\/localhost\/mulheresacesta"],"url":"https:\/\/mulheresacesta.com.br\/en\/author\/mulheres\/"}]}},"_links":{"self":[{"href":"https:\/\/mulheresacesta.com.br\/en\/wp-json\/wp\/v2\/posts\/1644","targetHints":{"allow":["GET"]}}],"collection":[{"href":"https:\/\/mulheresacesta.com.br\/en\/wp-json\/wp\/v2\/posts"}],"about":[{"href":"https:\/\/mulheresacesta.com.br\/en\/wp-json\/wp\/v2\/types\/post"}],"author":[{"embeddable":true,"href":"https:\/\/mulheresacesta.com.br\/en\/wp-json\/wp\/v2\/users\/1"}],"replies":[{"embeddable":true,"href":"https:\/\/mulheresacesta.com.br\/en\/wp-json\/wp\/v2\/comments?post=1644"}],"version-history":[{"count":1,"href":"https:\/\/mulheresacesta.com.br\/en\/wp-json\/wp\/v2\/posts\/1644\/revisions"}],"predecessor-version":[{"id":1645,"href":"https:\/\/mulheresacesta.com.br\/en\/wp-json\/wp\/v2\/posts\/1644\/revisions\/1645"}],"wp:featuredmedia":[{"embeddable":true,"href":"https:\/\/mulheresacesta.com.br\/en\/wp-json\/wp\/v2\/media\/1639"}],"wp:attachment":[{"href":"https:\/\/mulheresacesta.com.br\/en\/wp-json\/wp\/v2\/media?parent=1644"}],"wp:term":[{"taxonomy":"category","embeddable":true,"href":"https:\/\/mulheresacesta.com.br\/en\/wp-json\/wp\/v2\/categories?post=1644"},{"taxonomy":"post_tag","embeddable":true,"href":"https:\/\/mulheresacesta.com.br\/en\/wp-json\/wp\/v2\/tags?post=1644"}],"curies":[{"name":"wp","href":"https:\/\/api.w.org\/{rel}","templated":true}]}}