{"id":1647,"date":"2021-03-08T18:16:23","date_gmt":"2021-03-08T21:16:23","guid":{"rendered":"https:\/\/mulheresacesta.com.br\/?p=1647"},"modified":"2021-03-08T18:16:24","modified_gmt":"2021-03-08T21:16:24","slug":"magic-paula-e-a-primeira-mulher-eleita-a-presidencia-da-cbb","status":"publish","type":"post","link":"https:\/\/mulheresacesta.com.br\/en\/2021\/03\/magic-paula-e-a-primeira-mulher-eleita-a-presidencia-da-cbb\/","title":{"rendered":"Magic Paula \u00e9 a primeira mulher eleita \u00e0 presid\u00eancia da CBB"},"content":{"rendered":"\n<p>Guy Peixoto Jr e Magic Paula v\u00e3o presidir a Confedera\u00e7\u00e3o Brasileira de Basketball nos pr\u00f3ximos quatro anos. A Chapa Transpar\u00eancia venceu a Assembleia Ordin\u00e1ria de Elei\u00e7\u00f5es da CBB, realizada 100% on-line, nessa segunda-feira, dia 8 de mar\u00e7o.<\/p>\n\n\n\n<p>\u201cSer reeleito \u00e9 uma responsabilidade gigante e um privil\u00e9gio. Mostra que nosso trabalho nos \u00faltimos quatro anos foi aprovado pela comunidade do basquete. E nos d\u00e1 ainda mais entusiasmo e esperan\u00e7a de fazer melhor nesses pr\u00f3ximos quatro anos.\u201d, avalia Guy.<\/p>\n\n\n\n<p>A dupla venceu a Chapa Juntos Pelo Basquete, formada por Enyo Correia e Ely Toscano Pascoal, presidente da Federa\u00e7\u00e3o Paulista de Basketball e Federa\u00e7\u00e3o Goiana de Basketball, pelo placar de 66 a 27, com uma absten\u00e7\u00e3o.<\/p>\n\n\n\n<p>Quadri\u00eanio(2021\/25)<\/p>\n\n\n\n<p><strong>Guy Peixoto<\/strong> foi reeleito presidente do quadri\u00eanio 2021\/25. O empres\u00e1rio assume o comando da CBB em parceira com Magic Paula- primeira mulher eleita vice-presidente mulher na hist\u00f3ria da entidade, justamente no Dia Internacional da Mulher.<\/p>\n\n\n\n<p>\u201cVesti a camisa do Brasil por 22 anos, usando a camisa 8. E depois de 88 anos de hist\u00f3ria da CBB, uma mulher assume um cargo de dire\u00e7\u00e3o no basquete do Brasil. Com um olhar de carinho para o basquete feminino. Estamos juntos.\u201d, comemora Paula.<\/p>\n\n\n\n<p><strong>Guy Peixoto<\/strong><\/p>\n\n\n\n<p>Natural de Bel\u00e9m, Guy Peixoto \u00e9 um ex-jogador de basquetebol, que teve passagens por clubes como Remo, Paysandu, Monte L\u00edbano e Sport Club Corinthians Paulista.<\/p>\n\n\n\n<p>Com a camisa da Sele\u00e7\u00e3o Brasileira, o paraense sagrou-se vice-campe\u00e3o Mundial Sub-19, e logo ap\u00f3s participou do Universidade na cidade de Romena de Bucareste, fazendo parte de uma promissora gera\u00e7\u00e3o que marcou \u00e9poca no cen\u00e1rio nacional.<\/p>\n\n\n\n<p>Em seu retorno a S\u00e3o Paulo foi Campe\u00e3o Brasileiro Adulto e Ta\u00e7a Brasil de Clubes pelo time do Monte L\u00edbano, na equipe treinada por Amaury Passos.<\/p>\n\n\n\n<p><strong>Magic Paula<\/strong><\/p>\n\n\n\n<p>Do aprendizado, em 1972, at\u00e9 o final da carreira, em 2000, foram 28 anos de luta, sendo 22 vestindo a camisa da Sele\u00e7\u00e3o Brasileira.<\/p>\n\n\n\n<p>Titular absoluta em todos os clubes por onde passou, comandava as a\u00e7\u00f5es t\u00e1ticas da equipe em quadra, orientava as companheiras em todas as jogadas, e sempre terminava as partidas com \u00f3timo percentual de acerto nas finaliza\u00e7\u00f5es, passes, assist\u00eancias, entre outros fundamentos t\u00e9cnicos.<\/p>\n\n\n\n<p>A frente da sele\u00e7\u00e3o, deixou momentos memor\u00e1veis como a conquista do Pan-Americano de Cuba, em 1991, e a inesquec\u00edvel cena com o l\u00edder cubano Fidel Castro na entrega das medalhas. A coroa\u00e7\u00e3o por anos de dedica\u00e7\u00e3o ao basquete veio com a medalha de prata nos Jogos Ol\u00edmpicos de Atlanta, em 1996, que ainda teve um sabor especial por ter sua irm\u00e3 Branca ao seu lado na Sele\u00e7\u00e3o.<\/p>\n\n\n\n<p>Desde 2005, Paula integra o Hall da Fama, ap\u00f3s ter sido reconhecida pelo seu talento e notoriedade esportiva pela Women\u2019s Basketball Hall of Fame, entidade situada na cidade de Knoxville, no Tennesse\/EUA.<\/p>\n\n\n\n<p>Fonte: Assessoria CBB<\/p>\n","protected":false},"excerpt":{"rendered":"<p>Guy Peixoto Jr e Magic Paula v\u00e3o presidir a Confedera\u00e7\u00e3o Brasileira de Basketball nos pr\u00f3ximos quatro anos. A Chapa Transpar\u00eancia venceu a Assembleia Ordin\u00e1ria de Elei\u00e7\u00f5es da CBB, realizada 100% on-line, nessa segunda-feira, dia 8 de mar\u00e7o. \u201cSer reeleito \u00e9 uma responsabilidade gigante e um privil\u00e9gio. Mostra que nosso trabalho nos \u00faltimos quatro anos foi [&hellip;]<\/p>\n","protected":false},"author":1,"featured_media":1648,"comment_status":"open","ping_status":"open","sticky":false,"template":"","format":"standard","meta":{"footnotes":""},"categories":[12],"tags":[37,15],"class_list":["post-1647","post","type-post","status-publish","format-standard","has-post-thumbnail","hentry","category-blog","tag-paula","tag-basquete-feminino"],"acf":[],"yoast_head":"<!-- This site is optimized with the Yoast SEO plugin v26.4 - https:\/\/yoast.com\/wordpress\/plugins\/seo\/ -->\n<title>Magic Paula \u00e9 a primeira mulher eleita \u00e0 presid\u00eancia da CBB<\/title>\n<meta name=\"description\" content=\"Guy Peixoto Jr e Magic Paula v\u00e3o presidir a Confedera\u00e7\u00e3o Brasileira de Basketball nos pr\u00f3ximos quatro anos. A Chapa Transpar\u00eancia venceu a Assembleia\" \/>\n<meta name=\"robots\" content=\"index, follow, max-snippet:-1, max-image-preview:large, max-video-preview:-1\" \/>\n<link rel=\"canonical\" href=\"https:\/\/mulheresacesta.com.br\/en\/2021\/03\/magic-paula-e-a-primeira-mulher-eleita-a-presidencia-da-cbb\/\" \/>\n<meta property=\"og:locale\" content=\"en_US\" \/>\n<meta property=\"og:locale:alternate\" content=\"pt_BR\" \/>\n<meta property=\"og:type\" content=\"article\" \/>\n<meta property=\"og:title\" content=\"Magic Paula \u00e9 a primeira mulher eleita \u00e0 presid\u00eancia da CBB\" \/>\n<meta property=\"og:description\" content=\"Guy Peixoto Jr e Magic Paula v\u00e3o presidir a Confedera\u00e7\u00e3o Brasileira de Basketball nos pr\u00f3ximos quatro anos. A Chapa Transpar\u00eancia venceu a Assembleia\" \/>\n<meta property=\"og:url\" content=\"https:\/\/mulheresacesta.com.br\/en\/2021\/03\/magic-paula-e-a-primeira-mulher-eleita-a-presidencia-da-cbb\/\" \/>\n<meta property=\"og:site_name\" content=\"Mulheres \u00e0 Cesta\" \/>\n<meta property=\"article:published_time\" content=\"2021-03-08T21:16:23+00:00\" \/>\n<meta property=\"article:modified_time\" content=\"2021-03-08T21:16:24+00:00\" \/>\n<meta property=\"og:image\" content=\"https:\/\/mulheresacesta.com.br\/wp-content\/uploads\/2021\/03\/Untitled-1.jpg\" \/>\n\t<meta property=\"og:image:width\" content=\"1200\" \/>\n\t<meta property=\"og:image:height\" content=\"750\" \/>\n\t<meta property=\"og:image:type\" content=\"image\/jpeg\" \/>\n<meta name=\"author\" content=\"mulheres\" \/>\n<meta name=\"twitter:card\" content=\"summary_large_image\" \/>\n<meta name=\"twitter:label1\" content=\"Written by\" \/>\n\t<meta name=\"twitter:data1\" content=\"mulheres\" \/>\n\t<meta name=\"twitter:label2\" content=\"Est. reading time\" \/>\n\t<meta name=\"twitter:data2\" content=\"2 minutes\" \/>\n<script type=\"application\/ld+json\" class=\"yoast-schema-graph\">{\"@context\":\"https:\/\/schema.org\",\"@graph\":[{\"@type\":\"Article\",\"@id\":\"https:\/\/mulheresacesta.com.br\/en\/2021\/03\/magic-paula-e-a-primeira-mulher-eleita-a-presidencia-da-cbb\/#article\",\"isPartOf\":{\"@id\":\"https:\/\/mulheresacesta.com.br\/en\/2021\/03\/magic-paula-e-a-primeira-mulher-eleita-a-presidencia-da-cbb\/\"},\"author\":{\"name\":\"mulheres\",\"@id\":\"https:\/\/mulheresacesta.com.br\/en\/#\/schema\/person\/11ebd3af76a9fcb3d26c815924faac42\"},\"headline\":\"Magic Paula \u00e9 a primeira mulher eleita \u00e0 presid\u00eancia da CBB\",\"datePublished\":\"2021-03-08T21:16:23+00:00\",\"dateModified\":\"2021-03-08T21:16:24+00:00\",\"mainEntityOfPage\":{\"@id\":\"https:\/\/mulheresacesta.com.br\/en\/2021\/03\/magic-paula-e-a-primeira-mulher-eleita-a-presidencia-da-cbb\/\"},\"wordCount\":495,\"commentCount\":0,\"publisher\":{\"@id\":\"https:\/\/mulheresacesta.com.br\/en\/#organization\"},\"image\":{\"@id\":\"https:\/\/mulheresacesta.com.br\/en\/2021\/03\/magic-paula-e-a-primeira-mulher-eleita-a-presidencia-da-cbb\/#primaryimage\"},\"thumbnailUrl\":\"https:\/\/mulheresacesta.com.br\/wp-content\/uploads\/2021\/03\/Untitled-1.jpg\",\"keywords\":[\"paula\",\"basquete feminino\"],\"articleSection\":[\"Blog\"],\"inLanguage\":\"en-US\",\"potentialAction\":[{\"@type\":\"CommentAction\",\"name\":\"Comment\",\"target\":[\"https:\/\/mulheresacesta.com.br\/en\/2021\/03\/magic-paula-e-a-primeira-mulher-eleita-a-presidencia-da-cbb\/#respond\"]}]},{\"@type\":\"WebPage\",\"@id\":\"https:\/\/mulheresacesta.com.br\/en\/2021\/03\/magic-paula-e-a-primeira-mulher-eleita-a-presidencia-da-cbb\/\",\"url\":\"https:\/\/mulheresacesta.com.br\/en\/2021\/03\/magic-paula-e-a-primeira-mulher-eleita-a-presidencia-da-cbb\/\",\"name\":\"Magic Paula \u00e9 a primeira mulher eleita \u00e0 presid\u00eancia da CBB\",\"isPartOf\":{\"@id\":\"https:\/\/mulheresacesta.com.br\/en\/#website\"},\"primaryImageOfPage\":{\"@id\":\"https:\/\/mulheresacesta.com.br\/en\/2021\/03\/magic-paula-e-a-primeira-mulher-eleita-a-presidencia-da-cbb\/#primaryimage\"},\"image\":{\"@id\":\"https:\/\/mulheresacesta.com.br\/en\/2021\/03\/magic-paula-e-a-primeira-mulher-eleita-a-presidencia-da-cbb\/#primaryimage\"},\"thumbnailUrl\":\"https:\/\/mulheresacesta.com.br\/wp-content\/uploads\/2021\/03\/Untitled-1.jpg\",\"datePublished\":\"2021-03-08T21:16:23+00:00\",\"dateModified\":\"2021-03-08T21:16:24+00:00\",\"description\":\"Guy Peixoto Jr e Magic Paula v\u00e3o presidir a Confedera\u00e7\u00e3o Brasileira de Basketball nos pr\u00f3ximos quatro anos. A Chapa Transpar\u00eancia venceu a Assembleia\",\"breadcrumb\":{\"@id\":\"https:\/\/mulheresacesta.com.br\/en\/2021\/03\/magic-paula-e-a-primeira-mulher-eleita-a-presidencia-da-cbb\/#breadcrumb\"},\"inLanguage\":\"en-US\",\"potentialAction\":[{\"@type\":\"ReadAction\",\"target\":[\"https:\/\/mulheresacesta.com.br\/en\/2021\/03\/magic-paula-e-a-primeira-mulher-eleita-a-presidencia-da-cbb\/\"]}]},{\"@type\":\"ImageObject\",\"inLanguage\":\"en-US\",\"@id\":\"https:\/\/mulheresacesta.com.br\/en\/2021\/03\/magic-paula-e-a-primeira-mulher-eleita-a-presidencia-da-cbb\/#primaryimage\",\"url\":\"https:\/\/mulheresacesta.com.br\/wp-content\/uploads\/2021\/03\/Untitled-1.jpg\",\"contentUrl\":\"https:\/\/mulheresacesta.com.br\/wp-content\/uploads\/2021\/03\/Untitled-1.jpg\",\"width\":1200,\"height\":750},{\"@type\":\"BreadcrumbList\",\"@id\":\"https:\/\/mulheresacesta.com.br\/en\/2021\/03\/magic-paula-e-a-primeira-mulher-eleita-a-presidencia-da-cbb\/#breadcrumb\",\"itemListElement\":[{\"@type\":\"ListItem\",\"position\":1,\"name\":\"In\u00edcio\",\"item\":\"https:\/\/mulheresacesta.com.br\/\"},{\"@type\":\"ListItem\",\"position\":2,\"name\":\"Magic Paula \u00e9 a primeira mulher eleita \u00e0 presid\u00eancia da CBB\"}]},{\"@type\":\"WebSite\",\"@id\":\"https:\/\/mulheresacesta.com.br\/en\/#website\",\"url\":\"https:\/\/mulheresacesta.com.br\/en\/\",\"name\":\"Mulheres \u00e0 Cesta\",\"description\":\"\",\"publisher\":{\"@id\":\"https:\/\/mulheresacesta.com.br\/en\/#organization\"},\"potentialAction\":[{\"@type\":\"SearchAction\",\"target\":{\"@type\":\"EntryPoint\",\"urlTemplate\":\"https:\/\/mulheresacesta.com.br\/en\/?s={search_term_string}\"},\"query-input\":{\"@type\":\"PropertyValueSpecification\",\"valueRequired\":true,\"valueName\":\"search_term_string\"}}],\"inLanguage\":\"en-US\"},{\"@type\":\"Organization\",\"@id\":\"https:\/\/mulheresacesta.com.br\/en\/#organization\",\"name\":\"Mulheres \u00e0 Cesta\",\"url\":\"https:\/\/mulheresacesta.com.br\/en\/\",\"logo\":{\"@type\":\"ImageObject\",\"inLanguage\":\"en-US\",\"@id\":\"https:\/\/mulheresacesta.com.br\/en\/#\/schema\/logo\/image\/\",\"url\":\"https:\/\/mulheresacesta.com.br\/wp-content\/uploads\/2020\/10\/mulheres-a-cesta.jpg\",\"contentUrl\":\"https:\/\/mulheresacesta.com.br\/wp-content\/uploads\/2020\/10\/mulheres-a-cesta.jpg\",\"width\":400,\"height\":300,\"caption\":\"Mulheres \u00e0 Cesta\"},\"image\":{\"@id\":\"https:\/\/mulheresacesta.com.br\/en\/#\/schema\/logo\/image\/\"}},{\"@type\":\"Person\",\"@id\":\"https:\/\/mulheresacesta.com.br\/en\/#\/schema\/person\/11ebd3af76a9fcb3d26c815924faac42\",\"name\":\"mulheres\",\"sameAs\":[\"http:\/\/localhost\/mulheresacesta\"],\"url\":\"https:\/\/mulheresacesta.com.br\/en\/author\/mulheres\/\"}]}<\/script>\n<!-- \/ Yoast SEO plugin. -->","yoast_head_json":{"title":"Magic Paula \u00e9 a primeira mulher eleita \u00e0 presid\u00eancia da CBB","description":"Guy Peixoto Jr e Magic Paula v\u00e3o presidir a Confedera\u00e7\u00e3o Brasileira de Basketball nos pr\u00f3ximos quatro anos. A Chapa Transpar\u00eancia venceu a Assembleia","robots":{"index":"index","follow":"follow","max-snippet":"max-snippet:-1","max-image-preview":"max-image-preview:large","max-video-preview":"max-video-preview:-1"},"canonical":"https:\/\/mulheresacesta.com.br\/en\/2021\/03\/magic-paula-e-a-primeira-mulher-eleita-a-presidencia-da-cbb\/","og_locale":"en_US","og_type":"article","og_title":"[:pt]Magic Paula \u00e9 a primeira mulher eleita \u00e0 presid\u00eancia da CBB[:] - Mulheres \u00e0 Cesta","og_description":"Guy Peixoto Jr e Magic Paula v\u00e3o presidir a Confedera\u00e7\u00e3o Brasileira de Basketball nos pr\u00f3ximos quatro anos. A Chapa Transpar\u00eancia venceu a Assembleia","og_url":"https:\/\/mulheresacesta.com.br\/en\/2021\/03\/magic-paula-e-a-primeira-mulher-eleita-a-presidencia-da-cbb\/","og_site_name":"Mulheres \u00e0 Cesta","article_published_time":"2021-03-08T21:16:23+00:00","article_modified_time":"2021-03-08T21:16:24+00:00","og_image":[{"width":1200,"height":750,"url":"https:\/\/mulheresacesta.com.br\/wp-content\/uploads\/2021\/03\/Untitled-1.jpg","type":"image\/jpeg"}],"author":"mulheres","twitter_card":"summary_large_image","twitter_misc":{"Written by":"mulheres","Est. reading time":"2 minutes"},"schema":{"@context":"https:\/\/schema.org","@graph":[{"@type":"Article","@id":"https:\/\/mulheresacesta.com.br\/en\/2021\/03\/magic-paula-e-a-primeira-mulher-eleita-a-presidencia-da-cbb\/#article","isPartOf":{"@id":"https:\/\/mulheresacesta.com.br\/en\/2021\/03\/magic-paula-e-a-primeira-mulher-eleita-a-presidencia-da-cbb\/"},"author":{"name":"mulheres","@id":"https:\/\/mulheresacesta.com.br\/en\/#\/schema\/person\/11ebd3af76a9fcb3d26c815924faac42"},"headline":"Magic Paula \u00e9 a primeira mulher eleita \u00e0 presid\u00eancia da CBB","datePublished":"2021-03-08T21:16:23+00:00","dateModified":"2021-03-08T21:16:24+00:00","mainEntityOfPage":{"@id":"https:\/\/mulheresacesta.com.br\/en\/2021\/03\/magic-paula-e-a-primeira-mulher-eleita-a-presidencia-da-cbb\/"},"wordCount":495,"commentCount":0,"publisher":{"@id":"https:\/\/mulheresacesta.com.br\/en\/#organization"},"image":{"@id":"https:\/\/mulheresacesta.com.br\/en\/2021\/03\/magic-paula-e-a-primeira-mulher-eleita-a-presidencia-da-cbb\/#primaryimage"},"thumbnailUrl":"https:\/\/mulheresacesta.com.br\/wp-content\/uploads\/2021\/03\/Untitled-1.jpg","keywords":["paula","basquete feminino"],"articleSection":["Blog"],"inLanguage":"en-US","potentialAction":[{"@type":"CommentAction","name":"Comment","target":["https:\/\/mulheresacesta.com.br\/en\/2021\/03\/magic-paula-e-a-primeira-mulher-eleita-a-presidencia-da-cbb\/#respond"]}]},{"@type":"WebPage","@id":"https:\/\/mulheresacesta.com.br\/en\/2021\/03\/magic-paula-e-a-primeira-mulher-eleita-a-presidencia-da-cbb\/","url":"https:\/\/mulheresacesta.com.br\/en\/2021\/03\/magic-paula-e-a-primeira-mulher-eleita-a-presidencia-da-cbb\/","name":"Magic Paula \u00e9 a primeira mulher eleita \u00e0 presid\u00eancia da CBB","isPartOf":{"@id":"https:\/\/mulheresacesta.com.br\/en\/#website"},"primaryImageOfPage":{"@id":"https:\/\/mulheresacesta.com.br\/en\/2021\/03\/magic-paula-e-a-primeira-mulher-eleita-a-presidencia-da-cbb\/#primaryimage"},"image":{"@id":"https:\/\/mulheresacesta.com.br\/en\/2021\/03\/magic-paula-e-a-primeira-mulher-eleita-a-presidencia-da-cbb\/#primaryimage"},"thumbnailUrl":"https:\/\/mulheresacesta.com.br\/wp-content\/uploads\/2021\/03\/Untitled-1.jpg","datePublished":"2021-03-08T21:16:23+00:00","dateModified":"2021-03-08T21:16:24+00:00","description":"Guy Peixoto Jr e Magic Paula v\u00e3o presidir a Confedera\u00e7\u00e3o Brasileira de Basketball nos pr\u00f3ximos quatro anos. A Chapa Transpar\u00eancia venceu a Assembleia","breadcrumb":{"@id":"https:\/\/mulheresacesta.com.br\/en\/2021\/03\/magic-paula-e-a-primeira-mulher-eleita-a-presidencia-da-cbb\/#breadcrumb"},"inLanguage":"en-US","potentialAction":[{"@type":"ReadAction","target":["https:\/\/mulheresacesta.com.br\/en\/2021\/03\/magic-paula-e-a-primeira-mulher-eleita-a-presidencia-da-cbb\/"]}]},{"@type":"ImageObject","inLanguage":"en-US","@id":"https:\/\/mulheresacesta.com.br\/en\/2021\/03\/magic-paula-e-a-primeira-mulher-eleita-a-presidencia-da-cbb\/#primaryimage","url":"https:\/\/mulheresacesta.com.br\/wp-content\/uploads\/2021\/03\/Untitled-1.jpg","contentUrl":"https:\/\/mulheresacesta.com.br\/wp-content\/uploads\/2021\/03\/Untitled-1.jpg","width":1200,"height":750},{"@type":"BreadcrumbList","@id":"https:\/\/mulheresacesta.com.br\/en\/2021\/03\/magic-paula-e-a-primeira-mulher-eleita-a-presidencia-da-cbb\/#breadcrumb","itemListElement":[{"@type":"ListItem","position":1,"name":"In\u00edcio","item":"https:\/\/mulheresacesta.com.br\/"},{"@type":"ListItem","position":2,"name":"Magic Paula \u00e9 a primeira mulher eleita \u00e0 presid\u00eancia da CBB"}]},{"@type":"WebSite","@id":"https:\/\/mulheresacesta.com.br\/en\/#website","url":"https:\/\/mulheresacesta.com.br\/en\/","name":"Mulheres \u00e0 Cesta","description":"","publisher":{"@id":"https:\/\/mulheresacesta.com.br\/en\/#organization"},"potentialAction":[{"@type":"SearchAction","target":{"@type":"EntryPoint","urlTemplate":"https:\/\/mulheresacesta.com.br\/en\/?s={search_term_string}"},"query-input":{"@type":"PropertyValueSpecification","valueRequired":true,"valueName":"search_term_string"}}],"inLanguage":"en-US"},{"@type":"Organization","@id":"https:\/\/mulheresacesta.com.br\/en\/#organization","name":"Mulheres \u00e0 Cesta","url":"https:\/\/mulheresacesta.com.br\/en\/","logo":{"@type":"ImageObject","inLanguage":"en-US","@id":"https:\/\/mulheresacesta.com.br\/en\/#\/schema\/logo\/image\/","url":"https:\/\/mulheresacesta.com.br\/wp-content\/uploads\/2020\/10\/mulheres-a-cesta.jpg","contentUrl":"https:\/\/mulheresacesta.com.br\/wp-content\/uploads\/2020\/10\/mulheres-a-cesta.jpg","width":400,"height":300,"caption":"Mulheres \u00e0 Cesta"},"image":{"@id":"https:\/\/mulheresacesta.com.br\/en\/#\/schema\/logo\/image\/"}},{"@type":"Person","@id":"https:\/\/mulheresacesta.com.br\/en\/#\/schema\/person\/11ebd3af76a9fcb3d26c815924faac42","name":"mulheres","sameAs":["http:\/\/localhost\/mulheresacesta"],"url":"https:\/\/mulheresacesta.com.br\/en\/author\/mulheres\/"}]}},"_links":{"self":[{"href":"https:\/\/mulheresacesta.com.br\/en\/wp-json\/wp\/v2\/posts\/1647","targetHints":{"allow":["GET"]}}],"collection":[{"href":"https:\/\/mulheresacesta.com.br\/en\/wp-json\/wp\/v2\/posts"}],"about":[{"href":"https:\/\/mulheresacesta.com.br\/en\/wp-json\/wp\/v2\/types\/post"}],"author":[{"embeddable":true,"href":"https:\/\/mulheresacesta.com.br\/en\/wp-json\/wp\/v2\/users\/1"}],"replies":[{"embeddable":true,"href":"https:\/\/mulheresacesta.com.br\/en\/wp-json\/wp\/v2\/comments?post=1647"}],"version-history":[{"count":2,"href":"https:\/\/mulheresacesta.com.br\/en\/wp-json\/wp\/v2\/posts\/1647\/revisions"}],"predecessor-version":[{"id":4606,"href":"https:\/\/mulheresacesta.com.br\/en\/wp-json\/wp\/v2\/posts\/1647\/revisions\/4606"}],"wp:featuredmedia":[{"embeddable":true,"href":"https:\/\/mulheresacesta.com.br\/en\/wp-json\/wp\/v2\/media\/1648"}],"wp:attachment":[{"href":"https:\/\/mulheresacesta.com.br\/en\/wp-json\/wp\/v2\/media?parent=1647"}],"wp:term":[{"taxonomy":"category","embeddable":true,"href":"https:\/\/mulheresacesta.com.br\/en\/wp-json\/wp\/v2\/categories?post=1647"},{"taxonomy":"post_tag","embeddable":true,"href":"https:\/\/mulheresacesta.com.br\/en\/wp-json\/wp\/v2\/tags?post=1647"}],"curies":[{"name":"wp","href":"https:\/\/api.w.org\/{rel}","templated":true}]}}