{"id":1655,"date":"2021-03-15T16:42:00","date_gmt":"2021-03-15T19:42:00","guid":{"rendered":"https:\/\/mulheresacesta.com.br\/?p=1655"},"modified":"2021-03-15T16:55:27","modified_gmt":"2021-03-15T19:55:27","slug":"uma-vida-dedicada-ao-esporte","status":"publish","type":"post","link":"https:\/\/mulheresacesta.com.br\/en\/2021\/03\/uma-vida-dedicada-ao-esporte\/","title":{"rendered":"Uma vida dedicada ao esporte"},"content":{"rendered":"\n<p>Pernambucana de nascimento, Izaura Marly Gama Alvarez \u00e9 uma ex-voleibolista e basquetebolista brasileira que, em ambas as modalidades, representou o pa\u00eds atrav\u00e9s da sele\u00e7\u00e3o brasileira.<\/p>\n\n\n\n<p><strong>V\u00f4lei<\/strong><strong><\/strong><\/p>\n\n\n\n<p>Jogava na posi\u00e7\u00e3o de cortadora, nome dado para o atacante do v\u00f4lei na \u00e9poca de Isaura, onde era dominante o sistema 4&#215;2.<\/p>\n\n\n\n<p>Na sele\u00e7\u00e3o brasileira, com a camisa 12, conquistou resultados importantes como a medalha de bronze em Jogos Pan-Americanos. Em 1956, disputou a edi\u00e7\u00e3o do Campeonato Mundial de Voleibol, em Paris, na Fran\u00e7a, alcan\u00e7ando a 11\u00b0 coloca\u00e7\u00e3o e na edi\u00e7\u00e3o de 1960, realizada no Rio de Janeiro, finalizou na 5\u00b0 coloca\u00e7\u00e3o.<\/p>\n\n\n\n<p><strong>Basquetebol<\/strong><\/p>\n\n\n\n<p>Com a bola laranja nas m\u00e3os conquistou t\u00edtulos nacionais e internacionais. Com a camisa 8 foi semifinalista em duas edi\u00e7\u00f5es do Campeonato Mundial de Basquetebol, em 1953 e 1957, realizadas em Santiago e Rio de Janeiro, respectivamente.<\/p>\n\n\n\n<p>Atualmente, Izaura se dedica a carreira acad\u00eamica. Formada em Educa\u00e7\u00e3o F\u00edsica, ela \u00e9 auxiliar de ensino no departamento de jogos da Escola de Educa\u00e7\u00e3o F\u00edsica e Desportos, nas disciplinas v\u00f4lei e basquetebol e professora assistente no departamento de jogos na Escola de Educa\u00e7\u00e3o F\u00edsica e Desportos da URFRJ.<\/p>\n\n\n\n<p><strong>Conquistas<\/strong><\/p>\n\n\n\n<p><strong>Pan-Americanos na Cidade do M\u00e9xico (M\u00e9xico) <\/strong><br>Data: 15 a 22 de mar\u00e7o de 1955<\/p>\n\n\n\n<p>Classifica\u00e7\u00e3o final<br>1\u00ba- Estados Unidos; 2\u00ba- Chile; 3\u00ba- Brasil; 4\u00ba- M\u00e9xico; 5\u00ba- Canad\u00e1.<\/p>\n\n\n\n<p><strong>Pan-Americanos de Chicago (EUA)<\/strong><br>Data: 27 de agosto a 6 de setembro de 1959<\/p>\n\n\n\n<p>Classifica\u00e7\u00e3o final<br>1\u00ba- Estados Unidos; 2\u00ba- Brasil; 3\u00ba- Chile; 4\u00ba- Canad\u00e1; 5\u00ba- M\u00e9xico<\/p>\n\n\n\n<p><strong>Pan-Americanos de S\u00e3o Paulo (Brasil)<\/strong><br>Data: 23 de abril a 3 de maio de 1963<\/p>\n\n\n\n<p>Classifica\u00e7\u00e3o final<br>1\u00ba- Estados Unidos; 2\u00ba- Brasil; 3\u00ba- Chile; 4\u00ba- Canad\u00e1.<\/p>\n\n\n\n<p>No pr\u00f3ximo dia 18, ela \u00e9 a convidada de Claudia Guedes para uma live bem descontra\u00edda no Instagram do @mulheresacesta. N\u00e3o perca!<\/p>\n","protected":false},"excerpt":{"rendered":"<p>Pernambucana de nascimento, Izaura Marly Gama Alvarez \u00e9 uma ex-voleibolista e basquetebolista brasileira que, em ambas as modalidades, representou o pa\u00eds atrav\u00e9s da sele\u00e7\u00e3o brasileira. V\u00f4lei Jogava na posi\u00e7\u00e3o de cortadora, nome dado para o atacante do v\u00f4lei na \u00e9poca de Isaura, onde era dominante o sistema 4&#215;2. Na sele\u00e7\u00e3o brasileira, com a camisa 12, [&hellip;]<\/p>\n","protected":false},"author":1,"featured_media":1656,"comment_status":"open","ping_status":"open","sticky":false,"template":"","format":"standard","meta":{"footnotes":""},"categories":[12],"tags":[38,6,15],"class_list":["post-1655","post","type-post","status-publish","format-standard","has-post-thumbnail","hentry","category-blog","tag-izaura-marly-gama-alvarez","tag-basquete","tag-basquete-feminino"],"acf":[],"yoast_head":"<!-- This site is optimized with the Yoast SEO plugin v26.4 - https:\/\/yoast.com\/wordpress\/plugins\/seo\/ -->\n<title>Uma vida dedicada ao esporte<\/title>\n<meta name=\"description\" content=\"Pernambucana de nascimento, Izaura Marly Gama Alvarez \u00e9 uma ex-voleibolista e basquetebolista brasileira que, em ambas as modalidades, representou o pa\u00eds\" \/>\n<meta name=\"robots\" content=\"index, follow, max-snippet:-1, max-image-preview:large, max-video-preview:-1\" \/>\n<link rel=\"canonical\" href=\"https:\/\/mulheresacesta.com.br\/en\/2021\/03\/uma-vida-dedicada-ao-esporte\/\" \/>\n<meta property=\"og:locale\" content=\"en_US\" \/>\n<meta property=\"og:locale:alternate\" content=\"pt_BR\" \/>\n<meta property=\"og:type\" content=\"article\" \/>\n<meta property=\"og:title\" content=\"Uma vida dedicada ao esporte\" \/>\n<meta property=\"og:description\" content=\"Pernambucana de nascimento, Izaura Marly Gama Alvarez \u00e9 uma ex-voleibolista e basquetebolista brasileira que, em ambas as modalidades, representou o pa\u00eds\" \/>\n<meta property=\"og:url\" content=\"https:\/\/mulheresacesta.com.br\/en\/2021\/03\/uma-vida-dedicada-ao-esporte\/\" \/>\n<meta property=\"og:site_name\" content=\"Mulheres \u00e0 Cesta\" \/>\n<meta property=\"article:published_time\" content=\"2021-03-15T19:42:00+00:00\" \/>\n<meta property=\"article:modified_time\" content=\"2021-03-15T19:55:27+00:00\" \/>\n<meta property=\"og:image\" content=\"https:\/\/mulheresacesta.com.br\/wp-content\/uploads\/2021\/03\/izaura.jpg\" \/>\n\t<meta property=\"og:image:width\" content=\"1220\" \/>\n\t<meta property=\"og:image:height\" content=\"627\" \/>\n\t<meta property=\"og:image:type\" content=\"image\/jpeg\" \/>\n<meta name=\"author\" content=\"mulheres\" \/>\n<meta name=\"twitter:card\" content=\"summary_large_image\" \/>\n<meta name=\"twitter:label1\" content=\"Written by\" \/>\n\t<meta name=\"twitter:data1\" content=\"mulheres\" \/>\n\t<meta name=\"twitter:label2\" content=\"Est. reading time\" \/>\n\t<meta name=\"twitter:data2\" content=\"2 minutes\" \/>\n<script type=\"application\/ld+json\" class=\"yoast-schema-graph\">{\"@context\":\"https:\/\/schema.org\",\"@graph\":[{\"@type\":\"Article\",\"@id\":\"https:\/\/mulheresacesta.com.br\/en\/2021\/03\/uma-vida-dedicada-ao-esporte\/#article\",\"isPartOf\":{\"@id\":\"https:\/\/mulheresacesta.com.br\/en\/2021\/03\/uma-vida-dedicada-ao-esporte\/\"},\"author\":{\"name\":\"mulheres\",\"@id\":\"https:\/\/mulheresacesta.com.br\/en\/#\/schema\/person\/11ebd3af76a9fcb3d26c815924faac42\"},\"headline\":\"Uma vida dedicada ao esporte\",\"datePublished\":\"2021-03-15T19:42:00+00:00\",\"dateModified\":\"2021-03-15T19:55:27+00:00\",\"mainEntityOfPage\":{\"@id\":\"https:\/\/mulheresacesta.com.br\/en\/2021\/03\/uma-vida-dedicada-ao-esporte\/\"},\"wordCount\":309,\"commentCount\":0,\"publisher\":{\"@id\":\"https:\/\/mulheresacesta.com.br\/en\/#organization\"},\"image\":{\"@id\":\"https:\/\/mulheresacesta.com.br\/en\/2021\/03\/uma-vida-dedicada-ao-esporte\/#primaryimage\"},\"thumbnailUrl\":\"https:\/\/mulheresacesta.com.br\/wp-content\/uploads\/2021\/03\/izaura.jpg\",\"keywords\":[\"Izaura Marly Gama Alvarez\",\"basquete\",\"basquete feminino\"],\"articleSection\":[\"Blog\"],\"inLanguage\":\"en-US\",\"potentialAction\":[{\"@type\":\"CommentAction\",\"name\":\"Comment\",\"target\":[\"https:\/\/mulheresacesta.com.br\/en\/2021\/03\/uma-vida-dedicada-ao-esporte\/#respond\"]}]},{\"@type\":\"WebPage\",\"@id\":\"https:\/\/mulheresacesta.com.br\/en\/2021\/03\/uma-vida-dedicada-ao-esporte\/\",\"url\":\"https:\/\/mulheresacesta.com.br\/en\/2021\/03\/uma-vida-dedicada-ao-esporte\/\",\"name\":\"Uma vida dedicada ao esporte\",\"isPartOf\":{\"@id\":\"https:\/\/mulheresacesta.com.br\/en\/#website\"},\"primaryImageOfPage\":{\"@id\":\"https:\/\/mulheresacesta.com.br\/en\/2021\/03\/uma-vida-dedicada-ao-esporte\/#primaryimage\"},\"image\":{\"@id\":\"https:\/\/mulheresacesta.com.br\/en\/2021\/03\/uma-vida-dedicada-ao-esporte\/#primaryimage\"},\"thumbnailUrl\":\"https:\/\/mulheresacesta.com.br\/wp-content\/uploads\/2021\/03\/izaura.jpg\",\"datePublished\":\"2021-03-15T19:42:00+00:00\",\"dateModified\":\"2021-03-15T19:55:27+00:00\",\"description\":\"Pernambucana de nascimento, Izaura Marly Gama Alvarez \u00e9 uma ex-voleibolista e basquetebolista brasileira que, em ambas as modalidades, representou o pa\u00eds\",\"breadcrumb\":{\"@id\":\"https:\/\/mulheresacesta.com.br\/en\/2021\/03\/uma-vida-dedicada-ao-esporte\/#breadcrumb\"},\"inLanguage\":\"en-US\",\"potentialAction\":[{\"@type\":\"ReadAction\",\"target\":[\"https:\/\/mulheresacesta.com.br\/en\/2021\/03\/uma-vida-dedicada-ao-esporte\/\"]}]},{\"@type\":\"ImageObject\",\"inLanguage\":\"en-US\",\"@id\":\"https:\/\/mulheresacesta.com.br\/en\/2021\/03\/uma-vida-dedicada-ao-esporte\/#primaryimage\",\"url\":\"https:\/\/mulheresacesta.com.br\/wp-content\/uploads\/2021\/03\/izaura.jpg\",\"contentUrl\":\"https:\/\/mulheresacesta.com.br\/wp-content\/uploads\/2021\/03\/izaura.jpg\",\"width\":1220,\"height\":627},{\"@type\":\"BreadcrumbList\",\"@id\":\"https:\/\/mulheresacesta.com.br\/en\/2021\/03\/uma-vida-dedicada-ao-esporte\/#breadcrumb\",\"itemListElement\":[{\"@type\":\"ListItem\",\"position\":1,\"name\":\"In\u00edcio\",\"item\":\"https:\/\/mulheresacesta.com.br\/\"},{\"@type\":\"ListItem\",\"position\":2,\"name\":\"Uma vida dedicada ao esporte\"}]},{\"@type\":\"WebSite\",\"@id\":\"https:\/\/mulheresacesta.com.br\/en\/#website\",\"url\":\"https:\/\/mulheresacesta.com.br\/en\/\",\"name\":\"Mulheres \u00e0 Cesta\",\"description\":\"\",\"publisher\":{\"@id\":\"https:\/\/mulheresacesta.com.br\/en\/#organization\"},\"potentialAction\":[{\"@type\":\"SearchAction\",\"target\":{\"@type\":\"EntryPoint\",\"urlTemplate\":\"https:\/\/mulheresacesta.com.br\/en\/?s={search_term_string}\"},\"query-input\":{\"@type\":\"PropertyValueSpecification\",\"valueRequired\":true,\"valueName\":\"search_term_string\"}}],\"inLanguage\":\"en-US\"},{\"@type\":\"Organization\",\"@id\":\"https:\/\/mulheresacesta.com.br\/en\/#organization\",\"name\":\"Mulheres \u00e0 Cesta\",\"url\":\"https:\/\/mulheresacesta.com.br\/en\/\",\"logo\":{\"@type\":\"ImageObject\",\"inLanguage\":\"en-US\",\"@id\":\"https:\/\/mulheresacesta.com.br\/en\/#\/schema\/logo\/image\/\",\"url\":\"https:\/\/mulheresacesta.com.br\/wp-content\/uploads\/2020\/10\/mulheres-a-cesta.jpg\",\"contentUrl\":\"https:\/\/mulheresacesta.com.br\/wp-content\/uploads\/2020\/10\/mulheres-a-cesta.jpg\",\"width\":400,\"height\":300,\"caption\":\"Mulheres \u00e0 Cesta\"},\"image\":{\"@id\":\"https:\/\/mulheresacesta.com.br\/en\/#\/schema\/logo\/image\/\"}},{\"@type\":\"Person\",\"@id\":\"https:\/\/mulheresacesta.com.br\/en\/#\/schema\/person\/11ebd3af76a9fcb3d26c815924faac42\",\"name\":\"mulheres\",\"sameAs\":[\"http:\/\/localhost\/mulheresacesta\"],\"url\":\"https:\/\/mulheresacesta.com.br\/en\/author\/mulheres\/\"}]}<\/script>\n<!-- \/ Yoast SEO plugin. -->","yoast_head_json":{"title":"Uma vida dedicada ao esporte","description":"Pernambucana de nascimento, Izaura Marly Gama Alvarez \u00e9 uma ex-voleibolista e basquetebolista brasileira que, em ambas as modalidades, representou o pa\u00eds","robots":{"index":"index","follow":"follow","max-snippet":"max-snippet:-1","max-image-preview":"max-image-preview:large","max-video-preview":"max-video-preview:-1"},"canonical":"https:\/\/mulheresacesta.com.br\/en\/2021\/03\/uma-vida-dedicada-ao-esporte\/","og_locale":"en_US","og_type":"article","og_title":"[:pt]Uma vida dedicada ao esporte[:] - Mulheres \u00e0 Cesta","og_description":"Pernambucana de nascimento, Izaura Marly Gama Alvarez \u00e9 uma ex-voleibolista e basquetebolista brasileira que, em ambas as modalidades, representou o pa\u00eds","og_url":"https:\/\/mulheresacesta.com.br\/en\/2021\/03\/uma-vida-dedicada-ao-esporte\/","og_site_name":"Mulheres \u00e0 Cesta","article_published_time":"2021-03-15T19:42:00+00:00","article_modified_time":"2021-03-15T19:55:27+00:00","og_image":[{"width":1220,"height":627,"url":"https:\/\/mulheresacesta.com.br\/wp-content\/uploads\/2021\/03\/izaura.jpg","type":"image\/jpeg"}],"author":"mulheres","twitter_card":"summary_large_image","twitter_misc":{"Written by":"mulheres","Est. reading time":"2 minutes"},"schema":{"@context":"https:\/\/schema.org","@graph":[{"@type":"Article","@id":"https:\/\/mulheresacesta.com.br\/en\/2021\/03\/uma-vida-dedicada-ao-esporte\/#article","isPartOf":{"@id":"https:\/\/mulheresacesta.com.br\/en\/2021\/03\/uma-vida-dedicada-ao-esporte\/"},"author":{"name":"mulheres","@id":"https:\/\/mulheresacesta.com.br\/en\/#\/schema\/person\/11ebd3af76a9fcb3d26c815924faac42"},"headline":"Uma vida dedicada ao esporte","datePublished":"2021-03-15T19:42:00+00:00","dateModified":"2021-03-15T19:55:27+00:00","mainEntityOfPage":{"@id":"https:\/\/mulheresacesta.com.br\/en\/2021\/03\/uma-vida-dedicada-ao-esporte\/"},"wordCount":309,"commentCount":0,"publisher":{"@id":"https:\/\/mulheresacesta.com.br\/en\/#organization"},"image":{"@id":"https:\/\/mulheresacesta.com.br\/en\/2021\/03\/uma-vida-dedicada-ao-esporte\/#primaryimage"},"thumbnailUrl":"https:\/\/mulheresacesta.com.br\/wp-content\/uploads\/2021\/03\/izaura.jpg","keywords":["Izaura Marly Gama Alvarez","basquete","basquete feminino"],"articleSection":["Blog"],"inLanguage":"en-US","potentialAction":[{"@type":"CommentAction","name":"Comment","target":["https:\/\/mulheresacesta.com.br\/en\/2021\/03\/uma-vida-dedicada-ao-esporte\/#respond"]}]},{"@type":"WebPage","@id":"https:\/\/mulheresacesta.com.br\/en\/2021\/03\/uma-vida-dedicada-ao-esporte\/","url":"https:\/\/mulheresacesta.com.br\/en\/2021\/03\/uma-vida-dedicada-ao-esporte\/","name":"Uma vida dedicada ao esporte","isPartOf":{"@id":"https:\/\/mulheresacesta.com.br\/en\/#website"},"primaryImageOfPage":{"@id":"https:\/\/mulheresacesta.com.br\/en\/2021\/03\/uma-vida-dedicada-ao-esporte\/#primaryimage"},"image":{"@id":"https:\/\/mulheresacesta.com.br\/en\/2021\/03\/uma-vida-dedicada-ao-esporte\/#primaryimage"},"thumbnailUrl":"https:\/\/mulheresacesta.com.br\/wp-content\/uploads\/2021\/03\/izaura.jpg","datePublished":"2021-03-15T19:42:00+00:00","dateModified":"2021-03-15T19:55:27+00:00","description":"Pernambucana de nascimento, Izaura Marly Gama Alvarez \u00e9 uma ex-voleibolista e basquetebolista brasileira que, em ambas as modalidades, representou o pa\u00eds","breadcrumb":{"@id":"https:\/\/mulheresacesta.com.br\/en\/2021\/03\/uma-vida-dedicada-ao-esporte\/#breadcrumb"},"inLanguage":"en-US","potentialAction":[{"@type":"ReadAction","target":["https:\/\/mulheresacesta.com.br\/en\/2021\/03\/uma-vida-dedicada-ao-esporte\/"]}]},{"@type":"ImageObject","inLanguage":"en-US","@id":"https:\/\/mulheresacesta.com.br\/en\/2021\/03\/uma-vida-dedicada-ao-esporte\/#primaryimage","url":"https:\/\/mulheresacesta.com.br\/wp-content\/uploads\/2021\/03\/izaura.jpg","contentUrl":"https:\/\/mulheresacesta.com.br\/wp-content\/uploads\/2021\/03\/izaura.jpg","width":1220,"height":627},{"@type":"BreadcrumbList","@id":"https:\/\/mulheresacesta.com.br\/en\/2021\/03\/uma-vida-dedicada-ao-esporte\/#breadcrumb","itemListElement":[{"@type":"ListItem","position":1,"name":"In\u00edcio","item":"https:\/\/mulheresacesta.com.br\/"},{"@type":"ListItem","position":2,"name":"Uma vida dedicada ao esporte"}]},{"@type":"WebSite","@id":"https:\/\/mulheresacesta.com.br\/en\/#website","url":"https:\/\/mulheresacesta.com.br\/en\/","name":"Mulheres \u00e0 Cesta","description":"","publisher":{"@id":"https:\/\/mulheresacesta.com.br\/en\/#organization"},"potentialAction":[{"@type":"SearchAction","target":{"@type":"EntryPoint","urlTemplate":"https:\/\/mulheresacesta.com.br\/en\/?s={search_term_string}"},"query-input":{"@type":"PropertyValueSpecification","valueRequired":true,"valueName":"search_term_string"}}],"inLanguage":"en-US"},{"@type":"Organization","@id":"https:\/\/mulheresacesta.com.br\/en\/#organization","name":"Mulheres \u00e0 Cesta","url":"https:\/\/mulheresacesta.com.br\/en\/","logo":{"@type":"ImageObject","inLanguage":"en-US","@id":"https:\/\/mulheresacesta.com.br\/en\/#\/schema\/logo\/image\/","url":"https:\/\/mulheresacesta.com.br\/wp-content\/uploads\/2020\/10\/mulheres-a-cesta.jpg","contentUrl":"https:\/\/mulheresacesta.com.br\/wp-content\/uploads\/2020\/10\/mulheres-a-cesta.jpg","width":400,"height":300,"caption":"Mulheres \u00e0 Cesta"},"image":{"@id":"https:\/\/mulheresacesta.com.br\/en\/#\/schema\/logo\/image\/"}},{"@type":"Person","@id":"https:\/\/mulheresacesta.com.br\/en\/#\/schema\/person\/11ebd3af76a9fcb3d26c815924faac42","name":"mulheres","sameAs":["http:\/\/localhost\/mulheresacesta"],"url":"https:\/\/mulheresacesta.com.br\/en\/author\/mulheres\/"}]}},"_links":{"self":[{"href":"https:\/\/mulheresacesta.com.br\/en\/wp-json\/wp\/v2\/posts\/1655","targetHints":{"allow":["GET"]}}],"collection":[{"href":"https:\/\/mulheresacesta.com.br\/en\/wp-json\/wp\/v2\/posts"}],"about":[{"href":"https:\/\/mulheresacesta.com.br\/en\/wp-json\/wp\/v2\/types\/post"}],"author":[{"embeddable":true,"href":"https:\/\/mulheresacesta.com.br\/en\/wp-json\/wp\/v2\/users\/1"}],"replies":[{"embeddable":true,"href":"https:\/\/mulheresacesta.com.br\/en\/wp-json\/wp\/v2\/comments?post=1655"}],"version-history":[{"count":1,"href":"https:\/\/mulheresacesta.com.br\/en\/wp-json\/wp\/v2\/posts\/1655\/revisions"}],"predecessor-version":[{"id":1657,"href":"https:\/\/mulheresacesta.com.br\/en\/wp-json\/wp\/v2\/posts\/1655\/revisions\/1657"}],"wp:featuredmedia":[{"embeddable":true,"href":"https:\/\/mulheresacesta.com.br\/en\/wp-json\/wp\/v2\/media\/1656"}],"wp:attachment":[{"href":"https:\/\/mulheresacesta.com.br\/en\/wp-json\/wp\/v2\/media?parent=1655"}],"wp:term":[{"taxonomy":"category","embeddable":true,"href":"https:\/\/mulheresacesta.com.br\/en\/wp-json\/wp\/v2\/categories?post=1655"},{"taxonomy":"post_tag","embeddable":true,"href":"https:\/\/mulheresacesta.com.br\/en\/wp-json\/wp\/v2\/tags?post=1655"}],"curies":[{"name":"wp","href":"https:\/\/api.w.org\/{rel}","templated":true}]}}