{"id":1680,"date":"2021-03-22T16:53:48","date_gmt":"2021-03-22T19:53:48","guid":{"rendered":"https:\/\/mulheresacesta.com.br\/?p=1680"},"modified":"2021-03-24T18:37:47","modified_gmt":"2021-03-24T21:37:47","slug":"patricia-medrado","status":"publish","type":"post","link":"https:\/\/mulheresacesta.com.br\/en\/2021\/03\/patricia-medrado\/","title":{"rendered":"A luta pela igualdade de g\u00eanero no esporte"},"content":{"rendered":"\n<p><\/p>\n\n\n\n<p>Patr\u00edcia Medrado, a tenista brasileira que teve a carreira profissional mais longa no circuito internacional depois de Maria Esther Bueno, \u00e9 tamb\u00e9m uma ativista na luta por espa\u00e7o e igualdade de g\u00eanero no esporte profissional.<\/p>\n\n\n\n<p><strong>Contra o machismo<\/strong><strong><\/strong><\/p>\n\n\n\n<p>A hist\u00f3ria de Patr\u00edcia \u00e9 bastante curiosa. Em 1980, pouco antes do in\u00edcio do Campeonato Brasileiro de t\u00eanis, no Clube Pinheiros, em S\u00e3o Paulo que iria definir a n\u00famero 1 do pa\u00eds notou, quase por acaso, que o campe\u00e3o na chave masculina levaria 250 mil cruzeiros, cinco vezes mais que as mulheres (50 mil), ambos profissionais. Mas ela n\u00e3o se calou. Procurou as colegas da chave feminina e prop\u00f4s um boicote, que teve ades\u00e3o un\u00e2nime. O boicote foi um dos movimentos pioneiros na luta contra a desigualdade na hist\u00f3ria do esporte brasileiro.<\/p>\n\n\n\n<p>Essa e outras hist\u00f3rias, Patr\u00edcia Medrado ir\u00e1 contar para Claudia Guedes numa live que ser\u00e1 realizada no dia 25 de mar\u00e7o no instagram @mulheresacesta.<\/p>\n\n\n\n<p><strong>No esporte<\/strong><strong><\/strong><\/p>\n\n\n\n<p>Natural de Salvador, Patr\u00edcia nasceu no dia 26 de novembro de 1956 e come\u00e7ou sua carreira na capital baiana ainda aos 10 anos. Profissionalizou-se e come\u00e7ou a competir pelo Brasil e pelo mundo.<\/p>\n\n\n\n<p>Entre 1974 e 1985, foi l\u00edder do ranking brasileiro e chegou na 48\u00b0 posi\u00e7\u00e3o do ranking da WTA em simples, e em 9\u00ba na categoria de duplas, com a tamb\u00e9m brasileira Cl\u00e1udia Monteiro.<\/p>\n\n\n\n<p>&#8220;Com o t\u00eanis voc\u00ea aprende tudo o que precisa para a vida: tomar decis\u00f5es, assumir erros, ter for\u00e7a de vontade e fazer amigos\u201d, frase que Patr\u00edcia emprega em seu site oficial e leva para sua vida.<\/p>\n\n\n\n<p>Atualmente, Patr\u00edcia atua a frente do Instituto que fundou e leva seu nome. Uma entidade sem fins lucrativos que tem como miss\u00e3o contribuir para a forma\u00e7\u00e3o integral de indiv\u00edduos, principalmente aqueles em situa\u00e7\u00e3o de vulnerabilidade social.<\/p>\n\n\n\n<p><strong>Principais pr\u00eamios<\/strong><strong><\/strong><\/p>\n\n\n\n<p>Patr\u00edcia foi n\u00famero 48 do mundo em 1983, quando tinha 27 anos. Teve resultados consistentes nos Majors, atingindo a terceira rodada em Roland Garros duas vezes, em 1978 e 1979, al\u00e9m de Wimbledon, em 1982. No total, foram 28 participa\u00e7\u00f5es em Grand Slams entre 1976 at\u00e9 1988.<\/p>\n\n\n\n<figure class=\"wp-block-gallery columns-3 is-cropped wp-block-gallery-1 is-layout-flex wp-block-gallery-is-layout-flex\"><ul class=\"blocks-gallery-grid\"><li class=\"blocks-gallery-item\"><figure><img loading=\"lazy\" decoding=\"async\" width=\"445\" height=\"308\" src=\"https:\/\/mulheresacesta.com.br\/wp-content\/uploads\/2021\/03\/Group-790.png\" alt=\"\" data-id=\"1681\" data-link=\"https:\/\/mulheresacesta.com.br\/?attachment_id=1681\" class=\"wp-image-1681\" srcset=\"https:\/\/mulheresacesta.com.br\/wp-content\/uploads\/2021\/03\/Group-790.png 445w, https:\/\/mulheresacesta.com.br\/wp-content\/uploads\/2021\/03\/Group-790-300x208.png 300w\" sizes=\"auto, (max-width: 445px) 100vw, 445px\" \/><\/figure><\/li><li class=\"blocks-gallery-item\"><figure><img loading=\"lazy\" decoding=\"async\" width=\"400\" height=\"267\" src=\"https:\/\/mulheresacesta.com.br\/wp-content\/uploads\/2021\/03\/26052016_95304.jpg\" alt=\"\" data-id=\"1683\" data-link=\"https:\/\/mulheresacesta.com.br\/?attachment_id=1683\" class=\"wp-image-1683\" srcset=\"https:\/\/mulheresacesta.com.br\/wp-content\/uploads\/2021\/03\/26052016_95304.jpg 400w, https:\/\/mulheresacesta.com.br\/wp-content\/uploads\/2021\/03\/26052016_95304-300x200.jpg 300w\" sizes=\"auto, (max-width: 400px) 100vw, 400px\" \/><\/figure><\/li><li class=\"blocks-gallery-item\"><figure><img loading=\"lazy\" decoding=\"async\" width=\"512\" height=\"384\" src=\"https:\/\/mulheresacesta.com.br\/wp-content\/uploads\/2021\/03\/unnamed-3.jpg\" alt=\"\" data-id=\"1684\" data-link=\"https:\/\/mulheresacesta.com.br\/?attachment_id=1684\" class=\"wp-image-1684\" srcset=\"https:\/\/mulheresacesta.com.br\/wp-content\/uploads\/2021\/03\/unnamed-3.jpg 512w, https:\/\/mulheresacesta.com.br\/wp-content\/uploads\/2021\/03\/unnamed-3-300x225.jpg 300w\" sizes=\"auto, (max-width: 512px) 100vw, 512px\" \/><\/figure><\/li><li class=\"blocks-gallery-item\"><figure><img loading=\"lazy\" decoding=\"async\" width=\"279\" height=\"424\" src=\"https:\/\/mulheresacesta.com.br\/wp-content\/uploads\/2021\/03\/patricia_medrado_posada_int.jpg\" alt=\"\" data-id=\"1685\" data-link=\"https:\/\/mulheresacesta.com.br\/?attachment_id=1685\" class=\"wp-image-1685\" srcset=\"https:\/\/mulheresacesta.com.br\/wp-content\/uploads\/2021\/03\/patricia_medrado_posada_int.jpg 279w, https:\/\/mulheresacesta.com.br\/wp-content\/uploads\/2021\/03\/patricia_medrado_posada_int-197x300.jpg 197w\" sizes=\"auto, (max-width: 279px) 100vw, 279px\" \/><\/figure><\/li><li class=\"blocks-gallery-item\"><figure><img loading=\"lazy\" decoding=\"async\" width=\"350\" height=\"250\" src=\"https:\/\/mulheresacesta.com.br\/wp-content\/uploads\/2021\/03\/PM_Mundial_2019-8-350x250-1.jpg\" alt=\"\" data-id=\"1687\" data-link=\"https:\/\/mulheresacesta.com.br\/?attachment_id=1687\" class=\"wp-image-1687\" srcset=\"https:\/\/mulheresacesta.com.br\/wp-content\/uploads\/2021\/03\/PM_Mundial_2019-8-350x250-1.jpg 350w, https:\/\/mulheresacesta.com.br\/wp-content\/uploads\/2021\/03\/PM_Mundial_2019-8-350x250-1-300x214.jpg 300w\" sizes=\"auto, (max-width: 350px) 100vw, 350px\" \/><\/figure><\/li><li class=\"blocks-gallery-item\"><figure><img loading=\"lazy\" decoding=\"async\" width=\"547\" height=\"364\" src=\"https:\/\/mulheresacesta.com.br\/wp-content\/uploads\/2021\/03\/131115nt311.jpg\" alt=\"\" data-id=\"1689\" data-link=\"https:\/\/mulheresacesta.com.br\/?attachment_id=1689\" class=\"wp-image-1689\" srcset=\"https:\/\/mulheresacesta.com.br\/wp-content\/uploads\/2021\/03\/131115nt311.jpg 547w, https:\/\/mulheresacesta.com.br\/wp-content\/uploads\/2021\/03\/131115nt311-300x200.jpg 300w\" sizes=\"auto, (max-width: 547px) 100vw, 547px\" \/><\/figure><\/li><li class=\"blocks-gallery-item\"><figure><img loading=\"lazy\" decoding=\"async\" width=\"800\" height=\"525\" src=\"https:\/\/mulheresacesta.com.br\/wp-content\/uploads\/2021\/03\/Medrado_trofeu_int-1.jpg\" alt=\"\" data-id=\"1692\" data-link=\"https:\/\/mulheresacesta.com.br\/?attachment_id=1692\" class=\"wp-image-1692\" srcset=\"https:\/\/mulheresacesta.com.br\/wp-content\/uploads\/2021\/03\/Medrado_trofeu_int-1.jpg 800w, https:\/\/mulheresacesta.com.br\/wp-content\/uploads\/2021\/03\/Medrado_trofeu_int-1-300x197.jpg 300w, https:\/\/mulheresacesta.com.br\/wp-content\/uploads\/2021\/03\/Medrado_trofeu_int-1-768x504.jpg 768w\" sizes=\"auto, (max-width: 800px) 100vw, 800px\" \/><\/figure><\/li><li class=\"blocks-gallery-item\"><figure><img loading=\"lazy\" decoding=\"async\" width=\"256\" height=\"197\" src=\"https:\/\/mulheresacesta.com.br\/wp-content\/uploads\/2021\/03\/images-1.jpg\" alt=\"\" data-id=\"1694\" data-full-url=\"https:\/\/mulheresacesta.com.br\/wp-content\/uploads\/2021\/03\/images-1.jpg\" data-link=\"https:\/\/mulheresacesta.com.br\/?attachment_id=1694\" class=\"wp-image-1694\"\/><\/figure><\/li><\/ul><\/figure>\n","protected":false},"excerpt":{"rendered":"<p>Patr\u00edcia Medrado, a tenista brasileira que teve a carreira profissional mais longa no circuito internacional depois de Maria Esther Bueno, \u00e9 tamb\u00e9m uma ativista na luta por espa\u00e7o e igualdade de g\u00eanero no esporte profissional. Contra o machismo A hist\u00f3ria de Patr\u00edcia \u00e9 bastante curiosa. Em 1980, pouco antes do in\u00edcio do Campeonato Brasileiro de [&hellip;]<\/p>\n","protected":false},"author":1,"featured_media":1697,"comment_status":"open","ping_status":"open","sticky":false,"template":"","format":"standard","meta":{"footnotes":""},"categories":[12],"tags":[42,40,41,6,9],"class_list":["post-1680","post","type-post","status-publish","format-standard","has-post-thumbnail","hentry","category-blog","tag-medalhista-olimpica","tag-patrica-medrado","tag-tenis","tag-basquete","tag-mulheres-a-cesta"],"acf":[],"yoast_head":"<!-- This site is optimized with the Yoast SEO plugin v26.4 - https:\/\/yoast.com\/wordpress\/plugins\/seo\/ -->\n<title>A luta pela igualdade de g\u00eanero no esporte<\/title>\n<meta name=\"description\" content=\"Patr\u00edcia Medrado, a tenista brasileira que teve a carreira profissional mais longa no circuito internacional depois de Maria Esther Bueno, \u00e9 tamb\u00e9m uma\" \/>\n<meta name=\"robots\" content=\"index, follow, max-snippet:-1, max-image-preview:large, max-video-preview:-1\" \/>\n<link rel=\"canonical\" href=\"https:\/\/mulheresacesta.com.br\/en\/2021\/03\/patricia-medrado\/\" \/>\n<meta property=\"og:locale\" content=\"en_US\" \/>\n<meta property=\"og:locale:alternate\" content=\"pt_BR\" \/>\n<meta property=\"og:type\" content=\"article\" \/>\n<meta property=\"og:title\" content=\"A luta pela igualdade de g\u00eanero no esporte\" \/>\n<meta property=\"og:description\" content=\"Patr\u00edcia Medrado, a tenista brasileira que teve a carreira profissional mais longa no circuito internacional depois de Maria Esther Bueno, \u00e9 tamb\u00e9m uma\" \/>\n<meta property=\"og:url\" content=\"https:\/\/mulheresacesta.com.br\/en\/2021\/03\/patricia-medrado\/\" \/>\n<meta property=\"og:site_name\" content=\"Mulheres \u00e0 Cesta\" \/>\n<meta property=\"article:published_time\" content=\"2021-03-22T19:53:48+00:00\" \/>\n<meta property=\"article:modified_time\" content=\"2021-03-24T21:37:47+00:00\" \/>\n<meta property=\"og:image\" content=\"https:\/\/mulheresacesta.com.br\/wp-content\/uploads\/2021\/03\/Untitled-6.jpg\" \/>\n\t<meta property=\"og:image:width\" content=\"1220\" \/>\n\t<meta property=\"og:image:height\" content=\"627\" \/>\n\t<meta property=\"og:image:type\" content=\"image\/jpeg\" \/>\n<meta name=\"author\" content=\"mulheres\" \/>\n<meta name=\"twitter:card\" content=\"summary_large_image\" \/>\n<meta name=\"twitter:label1\" content=\"Written by\" \/>\n\t<meta name=\"twitter:data1\" content=\"mulheres\" \/>\n\t<meta name=\"twitter:label2\" content=\"Est. reading time\" \/>\n\t<meta name=\"twitter:data2\" content=\"2 minutes\" \/>\n<script type=\"application\/ld+json\" class=\"yoast-schema-graph\">{\"@context\":\"https:\/\/schema.org\",\"@graph\":[{\"@type\":\"Article\",\"@id\":\"https:\/\/mulheresacesta.com.br\/2021\/03\/patricia-medrado\/#article\",\"isPartOf\":{\"@id\":\"https:\/\/mulheresacesta.com.br\/2021\/03\/patricia-medrado\/\"},\"author\":{\"name\":\"mulheres\",\"@id\":\"https:\/\/mulheresacesta.com.br\/en\/#\/schema\/person\/11ebd3af76a9fcb3d26c815924faac42\"},\"headline\":\"A luta pela igualdade de g\u00eanero no esporte\",\"datePublished\":\"2021-03-22T19:53:48+00:00\",\"dateModified\":\"2021-03-24T21:37:47+00:00\",\"mainEntityOfPage\":{\"@id\":\"https:\/\/mulheresacesta.com.br\/2021\/03\/patricia-medrado\/\"},\"wordCount\":372,\"commentCount\":0,\"publisher\":{\"@id\":\"https:\/\/mulheresacesta.com.br\/en\/#organization\"},\"image\":{\"@id\":\"https:\/\/mulheresacesta.com.br\/2021\/03\/patricia-medrado\/#primaryimage\"},\"thumbnailUrl\":\"https:\/\/mulheresacesta.com.br\/wp-content\/uploads\/2021\/03\/Untitled-6.jpg\",\"keywords\":[\"medalhista olimpica\",\"patrica medrado\",\"tenis\",\"basquete\",\"mulheres a cesta\"],\"articleSection\":[\"Blog\"],\"inLanguage\":\"en-US\",\"potentialAction\":[{\"@type\":\"CommentAction\",\"name\":\"Comment\",\"target\":[\"https:\/\/mulheresacesta.com.br\/2021\/03\/patricia-medrado\/#respond\"]}]},{\"@type\":\"WebPage\",\"@id\":\"https:\/\/mulheresacesta.com.br\/2021\/03\/patricia-medrado\/\",\"url\":\"https:\/\/mulheresacesta.com.br\/2021\/03\/patricia-medrado\/\",\"name\":\"A luta pela igualdade de g\u00eanero no esporte\",\"isPartOf\":{\"@id\":\"https:\/\/mulheresacesta.com.br\/en\/#website\"},\"primaryImageOfPage\":{\"@id\":\"https:\/\/mulheresacesta.com.br\/2021\/03\/patricia-medrado\/#primaryimage\"},\"image\":{\"@id\":\"https:\/\/mulheresacesta.com.br\/2021\/03\/patricia-medrado\/#primaryimage\"},\"thumbnailUrl\":\"https:\/\/mulheresacesta.com.br\/wp-content\/uploads\/2021\/03\/Untitled-6.jpg\",\"datePublished\":\"2021-03-22T19:53:48+00:00\",\"dateModified\":\"2021-03-24T21:37:47+00:00\",\"description\":\"Patr\u00edcia Medrado, a tenista brasileira que teve a carreira profissional mais longa no circuito internacional depois de Maria Esther Bueno, \u00e9 tamb\u00e9m uma\",\"breadcrumb\":{\"@id\":\"https:\/\/mulheresacesta.com.br\/2021\/03\/patricia-medrado\/#breadcrumb\"},\"inLanguage\":\"en-US\",\"potentialAction\":[{\"@type\":\"ReadAction\",\"target\":[\"https:\/\/mulheresacesta.com.br\/2021\/03\/patricia-medrado\/\"]}]},{\"@type\":\"ImageObject\",\"inLanguage\":\"en-US\",\"@id\":\"https:\/\/mulheresacesta.com.br\/2021\/03\/patricia-medrado\/#primaryimage\",\"url\":\"https:\/\/mulheresacesta.com.br\/wp-content\/uploads\/2021\/03\/Untitled-6.jpg\",\"contentUrl\":\"https:\/\/mulheresacesta.com.br\/wp-content\/uploads\/2021\/03\/Untitled-6.jpg\",\"width\":1220,\"height\":627},{\"@type\":\"BreadcrumbList\",\"@id\":\"https:\/\/mulheresacesta.com.br\/2021\/03\/patricia-medrado\/#breadcrumb\",\"itemListElement\":[{\"@type\":\"ListItem\",\"position\":1,\"name\":\"In\u00edcio\",\"item\":\"https:\/\/mulheresacesta.com.br\/\"},{\"@type\":\"ListItem\",\"position\":2,\"name\":\"A luta pela igualdade de g\u00eanero no esporte\"}]},{\"@type\":\"WebSite\",\"@id\":\"https:\/\/mulheresacesta.com.br\/en\/#website\",\"url\":\"https:\/\/mulheresacesta.com.br\/en\/\",\"name\":\"Mulheres \u00e0 Cesta\",\"description\":\"\",\"publisher\":{\"@id\":\"https:\/\/mulheresacesta.com.br\/en\/#organization\"},\"potentialAction\":[{\"@type\":\"SearchAction\",\"target\":{\"@type\":\"EntryPoint\",\"urlTemplate\":\"https:\/\/mulheresacesta.com.br\/en\/?s={search_term_string}\"},\"query-input\":{\"@type\":\"PropertyValueSpecification\",\"valueRequired\":true,\"valueName\":\"search_term_string\"}}],\"inLanguage\":\"en-US\"},{\"@type\":\"Organization\",\"@id\":\"https:\/\/mulheresacesta.com.br\/en\/#organization\",\"name\":\"Mulheres \u00e0 Cesta\",\"url\":\"https:\/\/mulheresacesta.com.br\/en\/\",\"logo\":{\"@type\":\"ImageObject\",\"inLanguage\":\"en-US\",\"@id\":\"https:\/\/mulheresacesta.com.br\/en\/#\/schema\/logo\/image\/\",\"url\":\"https:\/\/mulheresacesta.com.br\/wp-content\/uploads\/2020\/10\/mulheres-a-cesta.jpg\",\"contentUrl\":\"https:\/\/mulheresacesta.com.br\/wp-content\/uploads\/2020\/10\/mulheres-a-cesta.jpg\",\"width\":400,\"height\":300,\"caption\":\"Mulheres \u00e0 Cesta\"},\"image\":{\"@id\":\"https:\/\/mulheresacesta.com.br\/en\/#\/schema\/logo\/image\/\"}},{\"@type\":\"Person\",\"@id\":\"https:\/\/mulheresacesta.com.br\/en\/#\/schema\/person\/11ebd3af76a9fcb3d26c815924faac42\",\"name\":\"mulheres\",\"sameAs\":[\"http:\/\/localhost\/mulheresacesta\"],\"url\":\"https:\/\/mulheresacesta.com.br\/en\/author\/mulheres\/\"}]}<\/script>\n<!-- \/ Yoast SEO plugin. -->","yoast_head_json":{"title":"A luta pela igualdade de g\u00eanero no esporte","description":"Patr\u00edcia Medrado, a tenista brasileira que teve a carreira profissional mais longa no circuito internacional depois de Maria Esther Bueno, \u00e9 tamb\u00e9m uma","robots":{"index":"index","follow":"follow","max-snippet":"max-snippet:-1","max-image-preview":"max-image-preview:large","max-video-preview":"max-video-preview:-1"},"canonical":"https:\/\/mulheresacesta.com.br\/en\/2021\/03\/patricia-medrado\/","og_locale":"en_US","og_type":"article","og_title":"[:pt]A luta pela igualdade de g\u00eanero no esporte[:] - Mulheres \u00e0 Cesta","og_description":"Patr\u00edcia Medrado, a tenista brasileira que teve a carreira profissional mais longa no circuito internacional depois de Maria Esther Bueno, \u00e9 tamb\u00e9m uma","og_url":"https:\/\/mulheresacesta.com.br\/en\/2021\/03\/patricia-medrado\/","og_site_name":"Mulheres \u00e0 Cesta","article_published_time":"2021-03-22T19:53:48+00:00","article_modified_time":"2021-03-24T21:37:47+00:00","og_image":[{"width":1220,"height":627,"url":"https:\/\/mulheresacesta.com.br\/wp-content\/uploads\/2021\/03\/Untitled-6.jpg","type":"image\/jpeg"}],"author":"mulheres","twitter_card":"summary_large_image","twitter_misc":{"Written by":"mulheres","Est. reading time":"2 minutes"},"schema":{"@context":"https:\/\/schema.org","@graph":[{"@type":"Article","@id":"https:\/\/mulheresacesta.com.br\/2021\/03\/patricia-medrado\/#article","isPartOf":{"@id":"https:\/\/mulheresacesta.com.br\/2021\/03\/patricia-medrado\/"},"author":{"name":"mulheres","@id":"https:\/\/mulheresacesta.com.br\/en\/#\/schema\/person\/11ebd3af76a9fcb3d26c815924faac42"},"headline":"A luta pela igualdade de g\u00eanero no esporte","datePublished":"2021-03-22T19:53:48+00:00","dateModified":"2021-03-24T21:37:47+00:00","mainEntityOfPage":{"@id":"https:\/\/mulheresacesta.com.br\/2021\/03\/patricia-medrado\/"},"wordCount":372,"commentCount":0,"publisher":{"@id":"https:\/\/mulheresacesta.com.br\/en\/#organization"},"image":{"@id":"https:\/\/mulheresacesta.com.br\/2021\/03\/patricia-medrado\/#primaryimage"},"thumbnailUrl":"https:\/\/mulheresacesta.com.br\/wp-content\/uploads\/2021\/03\/Untitled-6.jpg","keywords":["medalhista olimpica","patrica medrado","tenis","basquete","mulheres a cesta"],"articleSection":["Blog"],"inLanguage":"en-US","potentialAction":[{"@type":"CommentAction","name":"Comment","target":["https:\/\/mulheresacesta.com.br\/2021\/03\/patricia-medrado\/#respond"]}]},{"@type":"WebPage","@id":"https:\/\/mulheresacesta.com.br\/2021\/03\/patricia-medrado\/","url":"https:\/\/mulheresacesta.com.br\/2021\/03\/patricia-medrado\/","name":"A luta pela igualdade de g\u00eanero no esporte","isPartOf":{"@id":"https:\/\/mulheresacesta.com.br\/en\/#website"},"primaryImageOfPage":{"@id":"https:\/\/mulheresacesta.com.br\/2021\/03\/patricia-medrado\/#primaryimage"},"image":{"@id":"https:\/\/mulheresacesta.com.br\/2021\/03\/patricia-medrado\/#primaryimage"},"thumbnailUrl":"https:\/\/mulheresacesta.com.br\/wp-content\/uploads\/2021\/03\/Untitled-6.jpg","datePublished":"2021-03-22T19:53:48+00:00","dateModified":"2021-03-24T21:37:47+00:00","description":"Patr\u00edcia Medrado, a tenista brasileira que teve a carreira profissional mais longa no circuito internacional depois de Maria Esther Bueno, \u00e9 tamb\u00e9m uma","breadcrumb":{"@id":"https:\/\/mulheresacesta.com.br\/2021\/03\/patricia-medrado\/#breadcrumb"},"inLanguage":"en-US","potentialAction":[{"@type":"ReadAction","target":["https:\/\/mulheresacesta.com.br\/2021\/03\/patricia-medrado\/"]}]},{"@type":"ImageObject","inLanguage":"en-US","@id":"https:\/\/mulheresacesta.com.br\/2021\/03\/patricia-medrado\/#primaryimage","url":"https:\/\/mulheresacesta.com.br\/wp-content\/uploads\/2021\/03\/Untitled-6.jpg","contentUrl":"https:\/\/mulheresacesta.com.br\/wp-content\/uploads\/2021\/03\/Untitled-6.jpg","width":1220,"height":627},{"@type":"BreadcrumbList","@id":"https:\/\/mulheresacesta.com.br\/2021\/03\/patricia-medrado\/#breadcrumb","itemListElement":[{"@type":"ListItem","position":1,"name":"In\u00edcio","item":"https:\/\/mulheresacesta.com.br\/"},{"@type":"ListItem","position":2,"name":"A luta pela igualdade de g\u00eanero no esporte"}]},{"@type":"WebSite","@id":"https:\/\/mulheresacesta.com.br\/en\/#website","url":"https:\/\/mulheresacesta.com.br\/en\/","name":"Mulheres \u00e0 Cesta","description":"","publisher":{"@id":"https:\/\/mulheresacesta.com.br\/en\/#organization"},"potentialAction":[{"@type":"SearchAction","target":{"@type":"EntryPoint","urlTemplate":"https:\/\/mulheresacesta.com.br\/en\/?s={search_term_string}"},"query-input":{"@type":"PropertyValueSpecification","valueRequired":true,"valueName":"search_term_string"}}],"inLanguage":"en-US"},{"@type":"Organization","@id":"https:\/\/mulheresacesta.com.br\/en\/#organization","name":"Mulheres \u00e0 Cesta","url":"https:\/\/mulheresacesta.com.br\/en\/","logo":{"@type":"ImageObject","inLanguage":"en-US","@id":"https:\/\/mulheresacesta.com.br\/en\/#\/schema\/logo\/image\/","url":"https:\/\/mulheresacesta.com.br\/wp-content\/uploads\/2020\/10\/mulheres-a-cesta.jpg","contentUrl":"https:\/\/mulheresacesta.com.br\/wp-content\/uploads\/2020\/10\/mulheres-a-cesta.jpg","width":400,"height":300,"caption":"Mulheres \u00e0 Cesta"},"image":{"@id":"https:\/\/mulheresacesta.com.br\/en\/#\/schema\/logo\/image\/"}},{"@type":"Person","@id":"https:\/\/mulheresacesta.com.br\/en\/#\/schema\/person\/11ebd3af76a9fcb3d26c815924faac42","name":"mulheres","sameAs":["http:\/\/localhost\/mulheresacesta"],"url":"https:\/\/mulheresacesta.com.br\/en\/author\/mulheres\/"}]}},"_links":{"self":[{"href":"https:\/\/mulheresacesta.com.br\/en\/wp-json\/wp\/v2\/posts\/1680","targetHints":{"allow":["GET"]}}],"collection":[{"href":"https:\/\/mulheresacesta.com.br\/en\/wp-json\/wp\/v2\/posts"}],"about":[{"href":"https:\/\/mulheresacesta.com.br\/en\/wp-json\/wp\/v2\/types\/post"}],"author":[{"embeddable":true,"href":"https:\/\/mulheresacesta.com.br\/en\/wp-json\/wp\/v2\/users\/1"}],"replies":[{"embeddable":true,"href":"https:\/\/mulheresacesta.com.br\/en\/wp-json\/wp\/v2\/comments?post=1680"}],"version-history":[{"count":7,"href":"https:\/\/mulheresacesta.com.br\/en\/wp-json\/wp\/v2\/posts\/1680\/revisions"}],"predecessor-version":[{"id":1700,"href":"https:\/\/mulheresacesta.com.br\/en\/wp-json\/wp\/v2\/posts\/1680\/revisions\/1700"}],"wp:featuredmedia":[{"embeddable":true,"href":"https:\/\/mulheresacesta.com.br\/en\/wp-json\/wp\/v2\/media\/1697"}],"wp:attachment":[{"href":"https:\/\/mulheresacesta.com.br\/en\/wp-json\/wp\/v2\/media?parent=1680"}],"wp:term":[{"taxonomy":"category","embeddable":true,"href":"https:\/\/mulheresacesta.com.br\/en\/wp-json\/wp\/v2\/categories?post=1680"},{"taxonomy":"post_tag","embeddable":true,"href":"https:\/\/mulheresacesta.com.br\/en\/wp-json\/wp\/v2\/tags?post=1680"}],"curies":[{"name":"wp","href":"https:\/\/api.w.org\/{rel}","templated":true}]}}