{"id":1784,"date":"2021-04-07T12:35:49","date_gmt":"2021-04-07T15:35:49","guid":{"rendered":"https:\/\/mulheresacesta.com.br\/?p=1784"},"modified":"2021-04-07T16:06:54","modified_gmt":"2021-04-07T19:06:54","slug":"base-das-selecoes-femininas-ganha-o-reforco-de-alessandra-minati","status":"publish","type":"post","link":"https:\/\/mulheresacesta.com.br\/en\/2021\/04\/base-das-selecoes-femininas-ganha-o-reforco-de-alessandra-minati\/","title":{"rendered":"Refor\u00e7o nas sele\u00e7\u00f5es de base do Basquete"},"content":{"rendered":"\n<p> <\/p>\n\n\n\n<p><\/p>\n\n\n\n<p><\/p>\n\n\n\n<p>H\u00e1 27 anos trabalhando com basquetebol, Alessandra Minati passa a fazer parte da comiss\u00e3o t\u00e9cnica das Sele\u00e7\u00f5es Brasileiras de base. A profissional chega para refor\u00e7ar ainda o departamento e, com sua experi\u00eancia, contribuir para o basquete feminino brasileiro.<\/p>\n\n\n\n<p>\u201cAcredito que o basquete \u00e9 uma ferramenta incr\u00edvel de desenvolvimento humano e estou feliz de participar disso com esse grupo em especial.\u201d disse Alessandra Minati em entrevista ao portal da CBB<\/p>\n\n\n\n<p>A proposta da CBB \u00e9, com a chegada da Alessandra, refor\u00e7ar ainda mais os quadros das categorias de base. Al\u00e9m de fortalecer nos pr\u00f3ximos anos o n\u00famero de mulheres, tanto na parte de gest\u00e3o quanto na quadra.<\/p>\n\n\n\n<p><strong>Carreira<\/strong><\/p>\n\n\n\n<p>Alessandra Minati \u00e9 preparadora f\u00edsica e t\u00e9cnica de basquete, graduada em Educa\u00e7\u00e3o F\u00edsica pela Faculdade de Santo Andr\u00e9, p\u00f3s-graduada em Fisiologia do Exerc\u00edcio pela Unifesp e Treinamento Esportivo pela UGF, al\u00e9m de mestranda em Fisiologia do Exerc\u00edcio na psicobiologia pela Unifesp.<\/p>\n\n\n\n<p>Atualmente \u00e9 preparadora f\u00edsica e t\u00e9cnica desportiva de basquetebol na Prefeitura de S\u00e3o Caetano do Sul (adulto feminino) e do Centro Ol\u00edmpico de Treinamento e Pesquisa de S\u00e3o Paulo, unidade pertencente a Prefeitura Municipal (crian\u00e7as e adolescentes). Atua principalmente nos seguintes temas: desempenho f\u00edsico, ader\u00eancia, ritmo circadiano, fisiologia do exerc\u00edcio, inicia\u00e7\u00e3o esportiva e crian\u00e7a e adolescente.<\/p>\n\n\n\n<p>No youtube do Mulheres \u00e0 Cesta voc\u00ea confere uma entrevista exclusiva de Alessandra Minati para Claudia Guedes. Confira no link: encurtador.com.br\/vDMN7<\/p>\n\n\n\n<p>Est\u00e1 imperd\u00edvel!<\/p>\n\n\n\n<p>Fonte: CBB<\/p>\n\n\n\n<p><\/p>\n\n\n\n<p><\/p>\n\n\n\n<p>Para quem ainda n\u00e3o assistiu, segue a Live que fizemos com a Al\u00ea Minati.<\/p>\n\n\n\n<figure class=\"wp-block-embed-youtube aligncenter wp-block-embed is-type-video is-provider-youtube wp-embed-aspect-16-9 wp-has-aspect-ratio\"><div class=\"wp-block-embed__wrapper\">\n<iframe loading=\"lazy\" title=\"Live do dia 01\/11 com Alessandra Minati, Professora de Educa\u00e7\u00e3o F\u00edsica\" width=\"500\" height=\"281\" src=\"https:\/\/www.youtube.com\/embed\/iNXzDsLaWPg?feature=oembed\" frameborder=\"0\" allow=\"accelerometer; autoplay; clipboard-write; encrypted-media; gyroscope; picture-in-picture; web-share\" referrerpolicy=\"strict-origin-when-cross-origin\" allowfullscreen><\/iframe>\n<\/div><\/figure>\n","protected":false},"excerpt":{"rendered":"<p>H\u00e1 27 anos trabalhando com basquetebol, Alessandra Minati passa a fazer parte da comiss\u00e3o t\u00e9cnica das Sele\u00e7\u00f5es Brasileiras de base. A profissional chega para refor\u00e7ar ainda o departamento e, com sua experi\u00eancia, contribuir para o basquete feminino brasileiro. \u201cAcredito que o basquete \u00e9 uma ferramenta incr\u00edvel de desenvolvimento humano e estou feliz de participar disso [&hellip;]<\/p>\n","protected":false},"author":1,"featured_media":1009,"comment_status":"open","ping_status":"open","sticky":false,"template":"","format":"standard","meta":{"footnotes":""},"categories":[16],"tags":[55,54,56],"class_list":["post-1784","post","type-post","status-publish","format-standard","has-post-thumbnail","hentry","category-imprensa","tag-ale-minati","tag-cbb","tag-magic-paula"],"acf":[],"yoast_head":"<!-- This site is optimized with the Yoast SEO plugin v26.4 - https:\/\/yoast.com\/wordpress\/plugins\/seo\/ -->\n<title>Refor\u00e7o nas sele\u00e7\u00f5es de base do Basquete<\/title>\n<meta name=\"description\" content=\"H\u00e1 27 anos trabalhando com basquetebol, Alessandra Minati passa a fazer parte da comiss\u00e3o t\u00e9cnica das Sele\u00e7\u00f5es Brasileiras de base. A profissional chega\" \/>\n<meta name=\"robots\" content=\"index, follow, max-snippet:-1, max-image-preview:large, max-video-preview:-1\" \/>\n<link rel=\"canonical\" href=\"https:\/\/mulheresacesta.com.br\/en\/2021\/04\/base-das-selecoes-femininas-ganha-o-reforco-de-alessandra-minati\/\" \/>\n<meta property=\"og:locale\" content=\"en_US\" \/>\n<meta property=\"og:locale:alternate\" content=\"pt_BR\" \/>\n<meta property=\"og:type\" content=\"article\" \/>\n<meta property=\"og:title\" content=\"Refor\u00e7o nas sele\u00e7\u00f5es de base do Basquete\" \/>\n<meta property=\"og:description\" content=\"H\u00e1 27 anos trabalhando com basquetebol, Alessandra Minati passa a fazer parte da comiss\u00e3o t\u00e9cnica das Sele\u00e7\u00f5es Brasileiras de base. A profissional chega\" \/>\n<meta property=\"og:url\" content=\"https:\/\/mulheresacesta.com.br\/en\/2021\/04\/base-das-selecoes-femininas-ganha-o-reforco-de-alessandra-minati\/\" \/>\n<meta property=\"og:site_name\" content=\"Mulheres \u00e0 Cesta\" \/>\n<meta property=\"article:published_time\" content=\"2021-04-07T15:35:49+00:00\" \/>\n<meta property=\"article:modified_time\" content=\"2021-04-07T19:06:54+00:00\" \/>\n<meta property=\"og:image\" content=\"https:\/\/mulheresacesta.com.br\/wp-content\/uploads\/2020\/10\/IMG_0063-1.jpg\" \/>\n\t<meta property=\"og:image:width\" content=\"1096\" \/>\n\t<meta property=\"og:image:height\" content=\"828\" \/>\n\t<meta property=\"og:image:type\" content=\"image\/jpeg\" \/>\n<meta name=\"author\" content=\"mulheres\" \/>\n<meta name=\"twitter:card\" content=\"summary_large_image\" \/>\n<meta name=\"twitter:label1\" content=\"Written by\" \/>\n\t<meta name=\"twitter:data1\" content=\"mulheres\" \/>\n\t<meta name=\"twitter:label2\" content=\"Est. reading time\" \/>\n\t<meta name=\"twitter:data2\" content=\"1 minute\" \/>\n<script type=\"application\/ld+json\" class=\"yoast-schema-graph\">{\"@context\":\"https:\/\/schema.org\",\"@graph\":[{\"@type\":\"Article\",\"@id\":\"https:\/\/mulheresacesta.com.br\/2021\/04\/base-das-selecoes-femininas-ganha-o-reforco-de-alessandra-minati\/#article\",\"isPartOf\":{\"@id\":\"https:\/\/mulheresacesta.com.br\/2021\/04\/base-das-selecoes-femininas-ganha-o-reforco-de-alessandra-minati\/\"},\"author\":{\"name\":\"mulheres\",\"@id\":\"https:\/\/mulheresacesta.com.br\/en\/#\/schema\/person\/11ebd3af76a9fcb3d26c815924faac42\"},\"headline\":\"Refor\u00e7o nas sele\u00e7\u00f5es de base do Basquete\",\"datePublished\":\"2021-04-07T15:35:49+00:00\",\"dateModified\":\"2021-04-07T19:06:54+00:00\",\"mainEntityOfPage\":{\"@id\":\"https:\/\/mulheresacesta.com.br\/2021\/04\/base-das-selecoes-femininas-ganha-o-reforco-de-alessandra-minati\/\"},\"wordCount\":287,\"commentCount\":0,\"publisher\":{\"@id\":\"https:\/\/mulheresacesta.com.br\/en\/#organization\"},\"image\":{\"@id\":\"https:\/\/mulheresacesta.com.br\/2021\/04\/base-das-selecoes-femininas-ganha-o-reforco-de-alessandra-minati\/#primaryimage\"},\"thumbnailUrl\":\"https:\/\/mulheresacesta.com.br\/wp-content\/uploads\/2020\/10\/IMG_0063-1.jpg\",\"keywords\":[\"ale minati\",\"cbb\",\"magic paula\"],\"articleSection\":[\"Press\"],\"inLanguage\":\"en-US\",\"potentialAction\":[{\"@type\":\"CommentAction\",\"name\":\"Comment\",\"target\":[\"https:\/\/mulheresacesta.com.br\/2021\/04\/base-das-selecoes-femininas-ganha-o-reforco-de-alessandra-minati\/#respond\"]}]},{\"@type\":\"WebPage\",\"@id\":\"https:\/\/mulheresacesta.com.br\/2021\/04\/base-das-selecoes-femininas-ganha-o-reforco-de-alessandra-minati\/\",\"url\":\"https:\/\/mulheresacesta.com.br\/2021\/04\/base-das-selecoes-femininas-ganha-o-reforco-de-alessandra-minati\/\",\"name\":\"Refor\u00e7o nas sele\u00e7\u00f5es de base do Basquete\",\"isPartOf\":{\"@id\":\"https:\/\/mulheresacesta.com.br\/en\/#website\"},\"primaryImageOfPage\":{\"@id\":\"https:\/\/mulheresacesta.com.br\/2021\/04\/base-das-selecoes-femininas-ganha-o-reforco-de-alessandra-minati\/#primaryimage\"},\"image\":{\"@id\":\"https:\/\/mulheresacesta.com.br\/2021\/04\/base-das-selecoes-femininas-ganha-o-reforco-de-alessandra-minati\/#primaryimage\"},\"thumbnailUrl\":\"https:\/\/mulheresacesta.com.br\/wp-content\/uploads\/2020\/10\/IMG_0063-1.jpg\",\"datePublished\":\"2021-04-07T15:35:49+00:00\",\"dateModified\":\"2021-04-07T19:06:54+00:00\",\"description\":\"H\u00e1 27 anos trabalhando com basquetebol, Alessandra Minati passa a fazer parte da comiss\u00e3o t\u00e9cnica das Sele\u00e7\u00f5es Brasileiras de base. A profissional chega\",\"breadcrumb\":{\"@id\":\"https:\/\/mulheresacesta.com.br\/2021\/04\/base-das-selecoes-femininas-ganha-o-reforco-de-alessandra-minati\/#breadcrumb\"},\"inLanguage\":\"en-US\",\"potentialAction\":[{\"@type\":\"ReadAction\",\"target\":[\"https:\/\/mulheresacesta.com.br\/2021\/04\/base-das-selecoes-femininas-ganha-o-reforco-de-alessandra-minati\/\"]}]},{\"@type\":\"ImageObject\",\"inLanguage\":\"en-US\",\"@id\":\"https:\/\/mulheresacesta.com.br\/2021\/04\/base-das-selecoes-femininas-ganha-o-reforco-de-alessandra-minati\/#primaryimage\",\"url\":\"https:\/\/mulheresacesta.com.br\/wp-content\/uploads\/2020\/10\/IMG_0063-1.jpg\",\"contentUrl\":\"https:\/\/mulheresacesta.com.br\/wp-content\/uploads\/2020\/10\/IMG_0063-1.jpg\",\"width\":1096,\"height\":828},{\"@type\":\"BreadcrumbList\",\"@id\":\"https:\/\/mulheresacesta.com.br\/2021\/04\/base-das-selecoes-femininas-ganha-o-reforco-de-alessandra-minati\/#breadcrumb\",\"itemListElement\":[{\"@type\":\"ListItem\",\"position\":1,\"name\":\"In\u00edcio\",\"item\":\"https:\/\/mulheresacesta.com.br\/\"},{\"@type\":\"ListItem\",\"position\":2,\"name\":\"Refor\u00e7o nas sele\u00e7\u00f5es de base do Basquete\"}]},{\"@type\":\"WebSite\",\"@id\":\"https:\/\/mulheresacesta.com.br\/en\/#website\",\"url\":\"https:\/\/mulheresacesta.com.br\/en\/\",\"name\":\"Mulheres \u00e0 Cesta\",\"description\":\"\",\"publisher\":{\"@id\":\"https:\/\/mulheresacesta.com.br\/en\/#organization\"},\"potentialAction\":[{\"@type\":\"SearchAction\",\"target\":{\"@type\":\"EntryPoint\",\"urlTemplate\":\"https:\/\/mulheresacesta.com.br\/en\/?s={search_term_string}\"},\"query-input\":{\"@type\":\"PropertyValueSpecification\",\"valueRequired\":true,\"valueName\":\"search_term_string\"}}],\"inLanguage\":\"en-US\"},{\"@type\":\"Organization\",\"@id\":\"https:\/\/mulheresacesta.com.br\/en\/#organization\",\"name\":\"Mulheres \u00e0 Cesta\",\"url\":\"https:\/\/mulheresacesta.com.br\/en\/\",\"logo\":{\"@type\":\"ImageObject\",\"inLanguage\":\"en-US\",\"@id\":\"https:\/\/mulheresacesta.com.br\/en\/#\/schema\/logo\/image\/\",\"url\":\"https:\/\/mulheresacesta.com.br\/wp-content\/uploads\/2020\/10\/mulheres-a-cesta.jpg\",\"contentUrl\":\"https:\/\/mulheresacesta.com.br\/wp-content\/uploads\/2020\/10\/mulheres-a-cesta.jpg\",\"width\":400,\"height\":300,\"caption\":\"Mulheres \u00e0 Cesta\"},\"image\":{\"@id\":\"https:\/\/mulheresacesta.com.br\/en\/#\/schema\/logo\/image\/\"}},{\"@type\":\"Person\",\"@id\":\"https:\/\/mulheresacesta.com.br\/en\/#\/schema\/person\/11ebd3af76a9fcb3d26c815924faac42\",\"name\":\"mulheres\",\"sameAs\":[\"http:\/\/localhost\/mulheresacesta\"],\"url\":\"https:\/\/mulheresacesta.com.br\/en\/author\/mulheres\/\"}]}<\/script>\n<!-- \/ Yoast SEO plugin. -->","yoast_head_json":{"title":"Refor\u00e7o nas sele\u00e7\u00f5es de base do Basquete","description":"H\u00e1 27 anos trabalhando com basquetebol, Alessandra Minati passa a fazer parte da comiss\u00e3o t\u00e9cnica das Sele\u00e7\u00f5es Brasileiras de base. A profissional chega","robots":{"index":"index","follow":"follow","max-snippet":"max-snippet:-1","max-image-preview":"max-image-preview:large","max-video-preview":"max-video-preview:-1"},"canonical":"https:\/\/mulheresacesta.com.br\/en\/2021\/04\/base-das-selecoes-femininas-ganha-o-reforco-de-alessandra-minati\/","og_locale":"en_US","og_type":"article","og_title":"[:pt]Refor\u00e7o nas sele\u00e7\u00f5es de base do Basquete[:] - Mulheres \u00e0 Cesta","og_description":"H\u00e1 27 anos trabalhando com basquetebol, Alessandra Minati passa a fazer parte da comiss\u00e3o t\u00e9cnica das Sele\u00e7\u00f5es Brasileiras de base. A profissional chega","og_url":"https:\/\/mulheresacesta.com.br\/en\/2021\/04\/base-das-selecoes-femininas-ganha-o-reforco-de-alessandra-minati\/","og_site_name":"Mulheres \u00e0 Cesta","article_published_time":"2021-04-07T15:35:49+00:00","article_modified_time":"2021-04-07T19:06:54+00:00","og_image":[{"width":1096,"height":828,"url":"https:\/\/mulheresacesta.com.br\/wp-content\/uploads\/2020\/10\/IMG_0063-1.jpg","type":"image\/jpeg"}],"author":"mulheres","twitter_card":"summary_large_image","twitter_misc":{"Written by":"mulheres","Est. reading time":"1 minute"},"schema":{"@context":"https:\/\/schema.org","@graph":[{"@type":"Article","@id":"https:\/\/mulheresacesta.com.br\/2021\/04\/base-das-selecoes-femininas-ganha-o-reforco-de-alessandra-minati\/#article","isPartOf":{"@id":"https:\/\/mulheresacesta.com.br\/2021\/04\/base-das-selecoes-femininas-ganha-o-reforco-de-alessandra-minati\/"},"author":{"name":"mulheres","@id":"https:\/\/mulheresacesta.com.br\/en\/#\/schema\/person\/11ebd3af76a9fcb3d26c815924faac42"},"headline":"Refor\u00e7o nas sele\u00e7\u00f5es de base do Basquete","datePublished":"2021-04-07T15:35:49+00:00","dateModified":"2021-04-07T19:06:54+00:00","mainEntityOfPage":{"@id":"https:\/\/mulheresacesta.com.br\/2021\/04\/base-das-selecoes-femininas-ganha-o-reforco-de-alessandra-minati\/"},"wordCount":287,"commentCount":0,"publisher":{"@id":"https:\/\/mulheresacesta.com.br\/en\/#organization"},"image":{"@id":"https:\/\/mulheresacesta.com.br\/2021\/04\/base-das-selecoes-femininas-ganha-o-reforco-de-alessandra-minati\/#primaryimage"},"thumbnailUrl":"https:\/\/mulheresacesta.com.br\/wp-content\/uploads\/2020\/10\/IMG_0063-1.jpg","keywords":["ale minati","cbb","magic paula"],"articleSection":["Press"],"inLanguage":"en-US","potentialAction":[{"@type":"CommentAction","name":"Comment","target":["https:\/\/mulheresacesta.com.br\/2021\/04\/base-das-selecoes-femininas-ganha-o-reforco-de-alessandra-minati\/#respond"]}]},{"@type":"WebPage","@id":"https:\/\/mulheresacesta.com.br\/2021\/04\/base-das-selecoes-femininas-ganha-o-reforco-de-alessandra-minati\/","url":"https:\/\/mulheresacesta.com.br\/2021\/04\/base-das-selecoes-femininas-ganha-o-reforco-de-alessandra-minati\/","name":"Refor\u00e7o nas sele\u00e7\u00f5es de base do Basquete","isPartOf":{"@id":"https:\/\/mulheresacesta.com.br\/en\/#website"},"primaryImageOfPage":{"@id":"https:\/\/mulheresacesta.com.br\/2021\/04\/base-das-selecoes-femininas-ganha-o-reforco-de-alessandra-minati\/#primaryimage"},"image":{"@id":"https:\/\/mulheresacesta.com.br\/2021\/04\/base-das-selecoes-femininas-ganha-o-reforco-de-alessandra-minati\/#primaryimage"},"thumbnailUrl":"https:\/\/mulheresacesta.com.br\/wp-content\/uploads\/2020\/10\/IMG_0063-1.jpg","datePublished":"2021-04-07T15:35:49+00:00","dateModified":"2021-04-07T19:06:54+00:00","description":"H\u00e1 27 anos trabalhando com basquetebol, Alessandra Minati passa a fazer parte da comiss\u00e3o t\u00e9cnica das Sele\u00e7\u00f5es Brasileiras de base. A profissional chega","breadcrumb":{"@id":"https:\/\/mulheresacesta.com.br\/2021\/04\/base-das-selecoes-femininas-ganha-o-reforco-de-alessandra-minati\/#breadcrumb"},"inLanguage":"en-US","potentialAction":[{"@type":"ReadAction","target":["https:\/\/mulheresacesta.com.br\/2021\/04\/base-das-selecoes-femininas-ganha-o-reforco-de-alessandra-minati\/"]}]},{"@type":"ImageObject","inLanguage":"en-US","@id":"https:\/\/mulheresacesta.com.br\/2021\/04\/base-das-selecoes-femininas-ganha-o-reforco-de-alessandra-minati\/#primaryimage","url":"https:\/\/mulheresacesta.com.br\/wp-content\/uploads\/2020\/10\/IMG_0063-1.jpg","contentUrl":"https:\/\/mulheresacesta.com.br\/wp-content\/uploads\/2020\/10\/IMG_0063-1.jpg","width":1096,"height":828},{"@type":"BreadcrumbList","@id":"https:\/\/mulheresacesta.com.br\/2021\/04\/base-das-selecoes-femininas-ganha-o-reforco-de-alessandra-minati\/#breadcrumb","itemListElement":[{"@type":"ListItem","position":1,"name":"In\u00edcio","item":"https:\/\/mulheresacesta.com.br\/"},{"@type":"ListItem","position":2,"name":"Refor\u00e7o nas sele\u00e7\u00f5es de base do Basquete"}]},{"@type":"WebSite","@id":"https:\/\/mulheresacesta.com.br\/en\/#website","url":"https:\/\/mulheresacesta.com.br\/en\/","name":"Mulheres \u00e0 Cesta","description":"","publisher":{"@id":"https:\/\/mulheresacesta.com.br\/en\/#organization"},"potentialAction":[{"@type":"SearchAction","target":{"@type":"EntryPoint","urlTemplate":"https:\/\/mulheresacesta.com.br\/en\/?s={search_term_string}"},"query-input":{"@type":"PropertyValueSpecification","valueRequired":true,"valueName":"search_term_string"}}],"inLanguage":"en-US"},{"@type":"Organization","@id":"https:\/\/mulheresacesta.com.br\/en\/#organization","name":"Mulheres \u00e0 Cesta","url":"https:\/\/mulheresacesta.com.br\/en\/","logo":{"@type":"ImageObject","inLanguage":"en-US","@id":"https:\/\/mulheresacesta.com.br\/en\/#\/schema\/logo\/image\/","url":"https:\/\/mulheresacesta.com.br\/wp-content\/uploads\/2020\/10\/mulheres-a-cesta.jpg","contentUrl":"https:\/\/mulheresacesta.com.br\/wp-content\/uploads\/2020\/10\/mulheres-a-cesta.jpg","width":400,"height":300,"caption":"Mulheres \u00e0 Cesta"},"image":{"@id":"https:\/\/mulheresacesta.com.br\/en\/#\/schema\/logo\/image\/"}},{"@type":"Person","@id":"https:\/\/mulheresacesta.com.br\/en\/#\/schema\/person\/11ebd3af76a9fcb3d26c815924faac42","name":"mulheres","sameAs":["http:\/\/localhost\/mulheresacesta"],"url":"https:\/\/mulheresacesta.com.br\/en\/author\/mulheres\/"}]}},"_links":{"self":[{"href":"https:\/\/mulheresacesta.com.br\/en\/wp-json\/wp\/v2\/posts\/1784","targetHints":{"allow":["GET"]}}],"collection":[{"href":"https:\/\/mulheresacesta.com.br\/en\/wp-json\/wp\/v2\/posts"}],"about":[{"href":"https:\/\/mulheresacesta.com.br\/en\/wp-json\/wp\/v2\/types\/post"}],"author":[{"embeddable":true,"href":"https:\/\/mulheresacesta.com.br\/en\/wp-json\/wp\/v2\/users\/1"}],"replies":[{"embeddable":true,"href":"https:\/\/mulheresacesta.com.br\/en\/wp-json\/wp\/v2\/comments?post=1784"}],"version-history":[{"count":21,"href":"https:\/\/mulheresacesta.com.br\/en\/wp-json\/wp\/v2\/posts\/1784\/revisions"}],"predecessor-version":[{"id":1814,"href":"https:\/\/mulheresacesta.com.br\/en\/wp-json\/wp\/v2\/posts\/1784\/revisions\/1814"}],"wp:featuredmedia":[{"embeddable":true,"href":"https:\/\/mulheresacesta.com.br\/en\/wp-json\/wp\/v2\/media\/1009"}],"wp:attachment":[{"href":"https:\/\/mulheresacesta.com.br\/en\/wp-json\/wp\/v2\/media?parent=1784"}],"wp:term":[{"taxonomy":"category","embeddable":true,"href":"https:\/\/mulheresacesta.com.br\/en\/wp-json\/wp\/v2\/categories?post=1784"},{"taxonomy":"post_tag","embeddable":true,"href":"https:\/\/mulheresacesta.com.br\/en\/wp-json\/wp\/v2\/tags?post=1784"}],"curies":[{"name":"wp","href":"https:\/\/api.w.org\/{rel}","templated":true}]}}