{"id":1801,"date":"2021-04-05T12:39:00","date_gmt":"2021-04-05T15:39:00","guid":{"rendered":"https:\/\/mulheresacesta.com.br\/?p=1801"},"modified":"2021-04-07T12:44:45","modified_gmt":"2021-04-07T15:44:45","slug":"jose-neto-ve-com-otimismo-o-futuro-da-selecao-brasileira-feminina","status":"publish","type":"post","link":"https:\/\/mulheresacesta.com.br\/en\/2021\/04\/jose-neto-ve-com-otimismo-o-futuro-da-selecao-brasileira-feminina\/","title":{"rendered":"Jos\u00e9 Neto v\u00ea com otimismo o futuro da sele\u00e7\u00e3o brasileira feminina"},"content":{"rendered":"\n<p>por\u00a0Paulo Chacon 5 de abril de 2021<\/p>\n\n\n\n<p>Treinador da sele\u00e7\u00e3o de basquete feminino, Jos\u00e9 Neto acredita que a atual gera\u00e7\u00e3o comandada por Damiris tem chances de conseguir grandes resultados<\/p>\n\n\n\n<p><\/p>\n\n\n\n<div class=\"wp-block-image\"><figure class=\"aligncenter size-large\"><img loading=\"lazy\" decoding=\"async\" width=\"1000\" height=\"600\" src=\"https:\/\/mulheresacesta.com.br\/wp-content\/uploads\/2021\/04\/De-olho-na-Copa-Ame\u0301rica-Brasil-e\u0301-convocado-para-treinamentos.jpg\" alt=\"\" class=\"wp-image-1804\" srcset=\"https:\/\/mulheresacesta.com.br\/wp-content\/uploads\/2021\/04\/De-olho-na-Copa-Ame\u0301rica-Brasil-e\u0301-convocado-para-treinamentos.jpg 1000w, https:\/\/mulheresacesta.com.br\/wp-content\/uploads\/2021\/04\/De-olho-na-Copa-Ame\u0301rica-Brasil-e\u0301-convocado-para-treinamentos-300x180.jpg 300w, https:\/\/mulheresacesta.com.br\/wp-content\/uploads\/2021\/04\/De-olho-na-Copa-Ame\u0301rica-Brasil-e\u0301-convocado-para-treinamentos-768x461.jpg 768w\" sizes=\"auto, (max-width: 1000px) 100vw, 1000px\" \/><\/figure><\/div>\n\n\n\n<p>O Brasil viveu um momento de baixa gigantesco no basquete feminino. Depois do auge nos anos 90 e come\u00e7o dos 2000, a sele\u00e7\u00e3o brasileira foi deixando aos poucos de figurar entre as melhores equipes do mundo at\u00e9 n\u00e3o classificar para o Mundial e para a Olimp\u00edada. No comando da equipe desde 2019, Jos\u00e9 Neto \u00e9 direto ao comentar sobre o que \u00e9 poss\u00edvel fazer. \u201cO passado nos mostra que \u00e9 poss\u00edvel, mas precisamos trabalhar muito\u201d.&nbsp;<\/p>\n\n\n\n<p>Desde 1994 todas as conquistas brasileiras em mundiais e Jogos Ol\u00edmpicos foram do basquete feminino. Da equipe hist\u00f3rica comandada por Hort\u00eancia, Magic Paula, Janeth. Helen Luz, Alessandra e muito mais, muito se pode se espelhar e buscar, mas, segundo Jos\u00e9 Neto, o passado ficou para a hist\u00f3ria.\u00a0<\/p>\n\n\n\n<p><a href=\"https:\/\/www.olimpiadatododia.com.br\/basquete\/319598-jose-neto-trabalho-projeta-futuro-selecao-brasileira-feminina\/\">Continue lendo<\/a><\/p>\n","protected":false},"excerpt":{"rendered":"<p>por\u00a0Paulo Chacon 5 de abril de 2021 Treinador da sele\u00e7\u00e3o de basquete feminino, Jos\u00e9 Neto acredita que a atual gera\u00e7\u00e3o comandada por Damiris tem chances de conseguir grandes resultados O Brasil viveu um momento de baixa gigantesco no basquete feminino. Depois do auge nos anos 90 e come\u00e7o dos 2000, a sele\u00e7\u00e3o brasileira foi deixando [&hellip;]<\/p>\n","protected":false},"author":1,"featured_media":1802,"comment_status":"open","ping_status":"open","sticky":false,"template":"","format":"standard","meta":{"footnotes":""},"categories":[16],"tags":[57,58,15],"class_list":["post-1801","post","type-post","status-publish","format-standard","has-post-thumbnail","hentry","category-imprensa","tag-jose-neto","tag-treinador-de-basquete","tag-basquete-feminino"],"acf":[],"yoast_head":"<!-- This site is optimized with the Yoast SEO plugin v26.4 - https:\/\/yoast.com\/wordpress\/plugins\/seo\/ -->\n<title>Jos\u00e9 Neto v\u00ea com otimismo o futuro da sele\u00e7\u00e3o brasileira feminina<\/title>\n<meta name=\"description\" content=\"por\u00a0Paulo Chacon 5 de abril de 2021 Treinador da sele\u00e7\u00e3o de basquete feminino, Jos\u00e9 Neto acredita que a atual gera\u00e7\u00e3o comandada por Damiris tem chances de\" \/>\n<meta name=\"robots\" content=\"index, follow, max-snippet:-1, max-image-preview:large, max-video-preview:-1\" \/>\n<link rel=\"canonical\" href=\"https:\/\/mulheresacesta.com.br\/en\/2021\/04\/jose-neto-ve-com-otimismo-o-futuro-da-selecao-brasileira-feminina\/\" \/>\n<meta property=\"og:locale\" content=\"en_US\" \/>\n<meta property=\"og:locale:alternate\" content=\"pt_BR\" \/>\n<meta property=\"og:type\" content=\"article\" \/>\n<meta property=\"og:title\" content=\"Jos\u00e9 Neto v\u00ea com otimismo o futuro da sele\u00e7\u00e3o brasileira feminina\" \/>\n<meta property=\"og:description\" content=\"por\u00a0Paulo Chacon 5 de abril de 2021 Treinador da sele\u00e7\u00e3o de basquete feminino, Jos\u00e9 Neto acredita que a atual gera\u00e7\u00e3o comandada por Damiris tem chances de\" \/>\n<meta property=\"og:url\" content=\"https:\/\/mulheresacesta.com.br\/en\/2021\/04\/jose-neto-ve-com-otimismo-o-futuro-da-selecao-brasileira-feminina\/\" \/>\n<meta property=\"og:site_name\" content=\"Mulheres \u00e0 Cesta\" \/>\n<meta property=\"article:published_time\" content=\"2021-04-05T15:39:00+00:00\" \/>\n<meta property=\"article:modified_time\" content=\"2021-04-07T15:44:45+00:00\" \/>\n<meta property=\"og:image\" content=\"https:\/\/mulheresacesta.com.br\/wp-content\/uploads\/2021\/04\/Damiris-FIBA3.jpg\" \/>\n\t<meta property=\"og:image:width\" content=\"1000\" \/>\n\t<meta property=\"og:image:height\" content=\"600\" \/>\n\t<meta property=\"og:image:type\" content=\"image\/jpeg\" \/>\n<meta name=\"author\" content=\"mulheres\" \/>\n<meta name=\"twitter:card\" content=\"summary_large_image\" \/>\n<meta name=\"twitter:label1\" content=\"Written by\" \/>\n\t<meta name=\"twitter:data1\" content=\"mulheres\" \/>\n\t<meta name=\"twitter:label2\" content=\"Est. reading time\" \/>\n\t<meta name=\"twitter:data2\" content=\"1 minute\" \/>\n<script type=\"application\/ld+json\" class=\"yoast-schema-graph\">{\"@context\":\"https:\/\/schema.org\",\"@graph\":[{\"@type\":\"Article\",\"@id\":\"https:\/\/mulheresacesta.com.br\/2021\/04\/jose-neto-ve-com-otimismo-o-futuro-da-selecao-brasileira-feminina\/#article\",\"isPartOf\":{\"@id\":\"https:\/\/mulheresacesta.com.br\/2021\/04\/jose-neto-ve-com-otimismo-o-futuro-da-selecao-brasileira-feminina\/\"},\"author\":{\"name\":\"mulheres\",\"@id\":\"https:\/\/mulheresacesta.com.br\/en\/#\/schema\/person\/11ebd3af76a9fcb3d26c815924faac42\"},\"headline\":\"Jos\u00e9 Neto v\u00ea com otimismo o futuro da sele\u00e7\u00e3o brasileira feminina\",\"datePublished\":\"2021-04-05T15:39:00+00:00\",\"dateModified\":\"2021-04-07T15:44:45+00:00\",\"mainEntityOfPage\":{\"@id\":\"https:\/\/mulheresacesta.com.br\/2021\/04\/jose-neto-ve-com-otimismo-o-futuro-da-selecao-brasileira-feminina\/\"},\"wordCount\":172,\"commentCount\":0,\"publisher\":{\"@id\":\"https:\/\/mulheresacesta.com.br\/en\/#organization\"},\"image\":{\"@id\":\"https:\/\/mulheresacesta.com.br\/2021\/04\/jose-neto-ve-com-otimismo-o-futuro-da-selecao-brasileira-feminina\/#primaryimage\"},\"thumbnailUrl\":\"https:\/\/mulheresacesta.com.br\/wp-content\/uploads\/2021\/04\/Damiris-FIBA3.jpg\",\"keywords\":[\"jose neto\",\"treinador de basquete\",\"basquete feminino\"],\"articleSection\":[\"Press\"],\"inLanguage\":\"en-US\",\"potentialAction\":[{\"@type\":\"CommentAction\",\"name\":\"Comment\",\"target\":[\"https:\/\/mulheresacesta.com.br\/2021\/04\/jose-neto-ve-com-otimismo-o-futuro-da-selecao-brasileira-feminina\/#respond\"]}]},{\"@type\":\"WebPage\",\"@id\":\"https:\/\/mulheresacesta.com.br\/2021\/04\/jose-neto-ve-com-otimismo-o-futuro-da-selecao-brasileira-feminina\/\",\"url\":\"https:\/\/mulheresacesta.com.br\/2021\/04\/jose-neto-ve-com-otimismo-o-futuro-da-selecao-brasileira-feminina\/\",\"name\":\"Jos\u00e9 Neto v\u00ea com otimismo o futuro da sele\u00e7\u00e3o brasileira feminina\",\"isPartOf\":{\"@id\":\"https:\/\/mulheresacesta.com.br\/en\/#website\"},\"primaryImageOfPage\":{\"@id\":\"https:\/\/mulheresacesta.com.br\/2021\/04\/jose-neto-ve-com-otimismo-o-futuro-da-selecao-brasileira-feminina\/#primaryimage\"},\"image\":{\"@id\":\"https:\/\/mulheresacesta.com.br\/2021\/04\/jose-neto-ve-com-otimismo-o-futuro-da-selecao-brasileira-feminina\/#primaryimage\"},\"thumbnailUrl\":\"https:\/\/mulheresacesta.com.br\/wp-content\/uploads\/2021\/04\/Damiris-FIBA3.jpg\",\"datePublished\":\"2021-04-05T15:39:00+00:00\",\"dateModified\":\"2021-04-07T15:44:45+00:00\",\"description\":\"por\u00a0Paulo Chacon 5 de abril de 2021 Treinador da sele\u00e7\u00e3o de basquete feminino, Jos\u00e9 Neto acredita que a atual gera\u00e7\u00e3o comandada por Damiris tem chances de\",\"breadcrumb\":{\"@id\":\"https:\/\/mulheresacesta.com.br\/2021\/04\/jose-neto-ve-com-otimismo-o-futuro-da-selecao-brasileira-feminina\/#breadcrumb\"},\"inLanguage\":\"en-US\",\"potentialAction\":[{\"@type\":\"ReadAction\",\"target\":[\"https:\/\/mulheresacesta.com.br\/2021\/04\/jose-neto-ve-com-otimismo-o-futuro-da-selecao-brasileira-feminina\/\"]}]},{\"@type\":\"ImageObject\",\"inLanguage\":\"en-US\",\"@id\":\"https:\/\/mulheresacesta.com.br\/2021\/04\/jose-neto-ve-com-otimismo-o-futuro-da-selecao-brasileira-feminina\/#primaryimage\",\"url\":\"https:\/\/mulheresacesta.com.br\/wp-content\/uploads\/2021\/04\/Damiris-FIBA3.jpg\",\"contentUrl\":\"https:\/\/mulheresacesta.com.br\/wp-content\/uploads\/2021\/04\/Damiris-FIBA3.jpg\",\"width\":1000,\"height\":600},{\"@type\":\"BreadcrumbList\",\"@id\":\"https:\/\/mulheresacesta.com.br\/2021\/04\/jose-neto-ve-com-otimismo-o-futuro-da-selecao-brasileira-feminina\/#breadcrumb\",\"itemListElement\":[{\"@type\":\"ListItem\",\"position\":1,\"name\":\"In\u00edcio\",\"item\":\"https:\/\/mulheresacesta.com.br\/\"},{\"@type\":\"ListItem\",\"position\":2,\"name\":\"Jos\u00e9 Neto v\u00ea com otimismo o futuro da sele\u00e7\u00e3o brasileira feminina\"}]},{\"@type\":\"WebSite\",\"@id\":\"https:\/\/mulheresacesta.com.br\/en\/#website\",\"url\":\"https:\/\/mulheresacesta.com.br\/en\/\",\"name\":\"Mulheres \u00e0 Cesta\",\"description\":\"\",\"publisher\":{\"@id\":\"https:\/\/mulheresacesta.com.br\/en\/#organization\"},\"potentialAction\":[{\"@type\":\"SearchAction\",\"target\":{\"@type\":\"EntryPoint\",\"urlTemplate\":\"https:\/\/mulheresacesta.com.br\/en\/?s={search_term_string}\"},\"query-input\":{\"@type\":\"PropertyValueSpecification\",\"valueRequired\":true,\"valueName\":\"search_term_string\"}}],\"inLanguage\":\"en-US\"},{\"@type\":\"Organization\",\"@id\":\"https:\/\/mulheresacesta.com.br\/en\/#organization\",\"name\":\"Mulheres \u00e0 Cesta\",\"url\":\"https:\/\/mulheresacesta.com.br\/en\/\",\"logo\":{\"@type\":\"ImageObject\",\"inLanguage\":\"en-US\",\"@id\":\"https:\/\/mulheresacesta.com.br\/en\/#\/schema\/logo\/image\/\",\"url\":\"https:\/\/mulheresacesta.com.br\/wp-content\/uploads\/2020\/10\/mulheres-a-cesta.jpg\",\"contentUrl\":\"https:\/\/mulheresacesta.com.br\/wp-content\/uploads\/2020\/10\/mulheres-a-cesta.jpg\",\"width\":400,\"height\":300,\"caption\":\"Mulheres \u00e0 Cesta\"},\"image\":{\"@id\":\"https:\/\/mulheresacesta.com.br\/en\/#\/schema\/logo\/image\/\"}},{\"@type\":\"Person\",\"@id\":\"https:\/\/mulheresacesta.com.br\/en\/#\/schema\/person\/11ebd3af76a9fcb3d26c815924faac42\",\"name\":\"mulheres\",\"sameAs\":[\"http:\/\/localhost\/mulheresacesta\"],\"url\":\"https:\/\/mulheresacesta.com.br\/en\/author\/mulheres\/\"}]}<\/script>\n<!-- \/ Yoast SEO plugin. -->","yoast_head_json":{"title":"Jos\u00e9 Neto v\u00ea com otimismo o futuro da sele\u00e7\u00e3o brasileira feminina","description":"por\u00a0Paulo Chacon 5 de abril de 2021 Treinador da sele\u00e7\u00e3o de basquete feminino, Jos\u00e9 Neto acredita que a atual gera\u00e7\u00e3o comandada por Damiris tem chances de","robots":{"index":"index","follow":"follow","max-snippet":"max-snippet:-1","max-image-preview":"max-image-preview:large","max-video-preview":"max-video-preview:-1"},"canonical":"https:\/\/mulheresacesta.com.br\/en\/2021\/04\/jose-neto-ve-com-otimismo-o-futuro-da-selecao-brasileira-feminina\/","og_locale":"en_US","og_type":"article","og_title":"[:pt]Jos\u00e9 Neto v\u00ea com otimismo o futuro da sele\u00e7\u00e3o brasileira feminina[:] - Mulheres \u00e0 Cesta","og_description":"por\u00a0Paulo Chacon 5 de abril de 2021 Treinador da sele\u00e7\u00e3o de basquete feminino, Jos\u00e9 Neto acredita que a atual gera\u00e7\u00e3o comandada por Damiris tem chances de","og_url":"https:\/\/mulheresacesta.com.br\/en\/2021\/04\/jose-neto-ve-com-otimismo-o-futuro-da-selecao-brasileira-feminina\/","og_site_name":"Mulheres \u00e0 Cesta","article_published_time":"2021-04-05T15:39:00+00:00","article_modified_time":"2021-04-07T15:44:45+00:00","og_image":[{"width":1000,"height":600,"url":"https:\/\/mulheresacesta.com.br\/wp-content\/uploads\/2021\/04\/Damiris-FIBA3.jpg","type":"image\/jpeg"}],"author":"mulheres","twitter_card":"summary_large_image","twitter_misc":{"Written by":"mulheres","Est. reading time":"1 minute"},"schema":{"@context":"https:\/\/schema.org","@graph":[{"@type":"Article","@id":"https:\/\/mulheresacesta.com.br\/2021\/04\/jose-neto-ve-com-otimismo-o-futuro-da-selecao-brasileira-feminina\/#article","isPartOf":{"@id":"https:\/\/mulheresacesta.com.br\/2021\/04\/jose-neto-ve-com-otimismo-o-futuro-da-selecao-brasileira-feminina\/"},"author":{"name":"mulheres","@id":"https:\/\/mulheresacesta.com.br\/en\/#\/schema\/person\/11ebd3af76a9fcb3d26c815924faac42"},"headline":"Jos\u00e9 Neto v\u00ea com otimismo o futuro da sele\u00e7\u00e3o brasileira feminina","datePublished":"2021-04-05T15:39:00+00:00","dateModified":"2021-04-07T15:44:45+00:00","mainEntityOfPage":{"@id":"https:\/\/mulheresacesta.com.br\/2021\/04\/jose-neto-ve-com-otimismo-o-futuro-da-selecao-brasileira-feminina\/"},"wordCount":172,"commentCount":0,"publisher":{"@id":"https:\/\/mulheresacesta.com.br\/en\/#organization"},"image":{"@id":"https:\/\/mulheresacesta.com.br\/2021\/04\/jose-neto-ve-com-otimismo-o-futuro-da-selecao-brasileira-feminina\/#primaryimage"},"thumbnailUrl":"https:\/\/mulheresacesta.com.br\/wp-content\/uploads\/2021\/04\/Damiris-FIBA3.jpg","keywords":["jose neto","treinador de basquete","basquete feminino"],"articleSection":["Press"],"inLanguage":"en-US","potentialAction":[{"@type":"CommentAction","name":"Comment","target":["https:\/\/mulheresacesta.com.br\/2021\/04\/jose-neto-ve-com-otimismo-o-futuro-da-selecao-brasileira-feminina\/#respond"]}]},{"@type":"WebPage","@id":"https:\/\/mulheresacesta.com.br\/2021\/04\/jose-neto-ve-com-otimismo-o-futuro-da-selecao-brasileira-feminina\/","url":"https:\/\/mulheresacesta.com.br\/2021\/04\/jose-neto-ve-com-otimismo-o-futuro-da-selecao-brasileira-feminina\/","name":"Jos\u00e9 Neto v\u00ea com otimismo o futuro da sele\u00e7\u00e3o brasileira feminina","isPartOf":{"@id":"https:\/\/mulheresacesta.com.br\/en\/#website"},"primaryImageOfPage":{"@id":"https:\/\/mulheresacesta.com.br\/2021\/04\/jose-neto-ve-com-otimismo-o-futuro-da-selecao-brasileira-feminina\/#primaryimage"},"image":{"@id":"https:\/\/mulheresacesta.com.br\/2021\/04\/jose-neto-ve-com-otimismo-o-futuro-da-selecao-brasileira-feminina\/#primaryimage"},"thumbnailUrl":"https:\/\/mulheresacesta.com.br\/wp-content\/uploads\/2021\/04\/Damiris-FIBA3.jpg","datePublished":"2021-04-05T15:39:00+00:00","dateModified":"2021-04-07T15:44:45+00:00","description":"por\u00a0Paulo Chacon 5 de abril de 2021 Treinador da sele\u00e7\u00e3o de basquete feminino, Jos\u00e9 Neto acredita que a atual gera\u00e7\u00e3o comandada por Damiris tem chances de","breadcrumb":{"@id":"https:\/\/mulheresacesta.com.br\/2021\/04\/jose-neto-ve-com-otimismo-o-futuro-da-selecao-brasileira-feminina\/#breadcrumb"},"inLanguage":"en-US","potentialAction":[{"@type":"ReadAction","target":["https:\/\/mulheresacesta.com.br\/2021\/04\/jose-neto-ve-com-otimismo-o-futuro-da-selecao-brasileira-feminina\/"]}]},{"@type":"ImageObject","inLanguage":"en-US","@id":"https:\/\/mulheresacesta.com.br\/2021\/04\/jose-neto-ve-com-otimismo-o-futuro-da-selecao-brasileira-feminina\/#primaryimage","url":"https:\/\/mulheresacesta.com.br\/wp-content\/uploads\/2021\/04\/Damiris-FIBA3.jpg","contentUrl":"https:\/\/mulheresacesta.com.br\/wp-content\/uploads\/2021\/04\/Damiris-FIBA3.jpg","width":1000,"height":600},{"@type":"BreadcrumbList","@id":"https:\/\/mulheresacesta.com.br\/2021\/04\/jose-neto-ve-com-otimismo-o-futuro-da-selecao-brasileira-feminina\/#breadcrumb","itemListElement":[{"@type":"ListItem","position":1,"name":"In\u00edcio","item":"https:\/\/mulheresacesta.com.br\/"},{"@type":"ListItem","position":2,"name":"Jos\u00e9 Neto v\u00ea com otimismo o futuro da sele\u00e7\u00e3o brasileira feminina"}]},{"@type":"WebSite","@id":"https:\/\/mulheresacesta.com.br\/en\/#website","url":"https:\/\/mulheresacesta.com.br\/en\/","name":"Mulheres \u00e0 Cesta","description":"","publisher":{"@id":"https:\/\/mulheresacesta.com.br\/en\/#organization"},"potentialAction":[{"@type":"SearchAction","target":{"@type":"EntryPoint","urlTemplate":"https:\/\/mulheresacesta.com.br\/en\/?s={search_term_string}"},"query-input":{"@type":"PropertyValueSpecification","valueRequired":true,"valueName":"search_term_string"}}],"inLanguage":"en-US"},{"@type":"Organization","@id":"https:\/\/mulheresacesta.com.br\/en\/#organization","name":"Mulheres \u00e0 Cesta","url":"https:\/\/mulheresacesta.com.br\/en\/","logo":{"@type":"ImageObject","inLanguage":"en-US","@id":"https:\/\/mulheresacesta.com.br\/en\/#\/schema\/logo\/image\/","url":"https:\/\/mulheresacesta.com.br\/wp-content\/uploads\/2020\/10\/mulheres-a-cesta.jpg","contentUrl":"https:\/\/mulheresacesta.com.br\/wp-content\/uploads\/2020\/10\/mulheres-a-cesta.jpg","width":400,"height":300,"caption":"Mulheres \u00e0 Cesta"},"image":{"@id":"https:\/\/mulheresacesta.com.br\/en\/#\/schema\/logo\/image\/"}},{"@type":"Person","@id":"https:\/\/mulheresacesta.com.br\/en\/#\/schema\/person\/11ebd3af76a9fcb3d26c815924faac42","name":"mulheres","sameAs":["http:\/\/localhost\/mulheresacesta"],"url":"https:\/\/mulheresacesta.com.br\/en\/author\/mulheres\/"}]}},"_links":{"self":[{"href":"https:\/\/mulheresacesta.com.br\/en\/wp-json\/wp\/v2\/posts\/1801","targetHints":{"allow":["GET"]}}],"collection":[{"href":"https:\/\/mulheresacesta.com.br\/en\/wp-json\/wp\/v2\/posts"}],"about":[{"href":"https:\/\/mulheresacesta.com.br\/en\/wp-json\/wp\/v2\/types\/post"}],"author":[{"embeddable":true,"href":"https:\/\/mulheresacesta.com.br\/en\/wp-json\/wp\/v2\/users\/1"}],"replies":[{"embeddable":true,"href":"https:\/\/mulheresacesta.com.br\/en\/wp-json\/wp\/v2\/comments?post=1801"}],"version-history":[{"count":3,"href":"https:\/\/mulheresacesta.com.br\/en\/wp-json\/wp\/v2\/posts\/1801\/revisions"}],"predecessor-version":[{"id":1806,"href":"https:\/\/mulheresacesta.com.br\/en\/wp-json\/wp\/v2\/posts\/1801\/revisions\/1806"}],"wp:featuredmedia":[{"embeddable":true,"href":"https:\/\/mulheresacesta.com.br\/en\/wp-json\/wp\/v2\/media\/1802"}],"wp:attachment":[{"href":"https:\/\/mulheresacesta.com.br\/en\/wp-json\/wp\/v2\/media?parent=1801"}],"wp:term":[{"taxonomy":"category","embeddable":true,"href":"https:\/\/mulheresacesta.com.br\/en\/wp-json\/wp\/v2\/categories?post=1801"},{"taxonomy":"post_tag","embeddable":true,"href":"https:\/\/mulheresacesta.com.br\/en\/wp-json\/wp\/v2\/tags?post=1801"}],"curies":[{"name":"wp","href":"https:\/\/api.w.org\/{rel}","templated":true}]}}