{"id":1817,"date":"2021-04-13T11:00:00","date_gmt":"2021-04-13T14:00:00","guid":{"rendered":"https:\/\/mulheresacesta.com.br\/?p=1817"},"modified":"2021-04-13T11:53:20","modified_gmt":"2021-04-13T14:53:20","slug":"a-voz-feminina-no-esporte","status":"publish","type":"post","link":"https:\/\/mulheresacesta.com.br\/en\/2021\/04\/a-voz-feminina-no-esporte\/","title":{"rendered":"A voz feminina no esporte"},"content":{"rendered":"\n<p>Nascida no Paran\u00e1, Elaine Trevizan come\u00e7ou sua carreira esportiva em 2015, quando trabalhou como rep\u00f3rter de campo na Rede Vida na cobertura da Copa S\u00e3o Paulo. Dona de uma voz diferenciada, ela ouviu os primeiros incentivos para narrar do colega de emissora, o narrador Luiz Carlos Fabrini. Mas s\u00f3 se convenceu disso quando, em 2016, conheceu Deva Pascovicci e ouviu os mesmos coment\u00e1rios.<\/p>\n\n\n\n<p>A partir da\u00ed, foram meses e meses de treino. At\u00e9 que, em outubro de 2016, fez sua estreia como locutora. Sua primeira transmiss\u00e3o foi um jogo entre Corinthians e Guarani do Paulista Sub-17. \u201cFoi horr\u00edvel, n\u00e3o gosto nem de ouvir. Mas continuei treinando de l\u00e1 para c\u00e1 e agora estou trabalhando com isso.\u201d, lembra a jornalista.<\/p>\n\n\n\n<p><strong>Reconhecimento<\/strong><\/p>\n\n\n\n<p>Elaine Trevisan ficou conhecida quando participou, juntamente com sua colega Vivi Facolni, do concurso \u2018A Narradora\u2019. Promovida pela marca Lays e pelo canal Esporte Interativo, a a\u00e7\u00e3o foi exibida ao p\u00fablico como <em>reality show<\/em>. Dentre as 11 concorrentes, Elaine ficou em segundo lugar, perdendo apenas para a colega Vivi que foi quem ganhou o reality.<\/p>\n\n\n\n<p><strong>Live<\/strong><\/p>\n\n\n\n<p>Elaine \u00e9 a convidada de Claudia Guedes para uma live que ser\u00e1 realizada no dia 15 de abril no insta @mulheresacesta. N\u00e3o perca.<\/p>\n\n\n\n<p><\/p>\n\n\n\n<figure class=\"wp-block-gallery columns-3 is-cropped wp-block-gallery-1 is-layout-flex wp-block-gallery-is-layout-flex\"><ul class=\"blocks-gallery-grid\"><li class=\"blocks-gallery-item\"><figure><img loading=\"lazy\" decoding=\"async\" width=\"819\" height=\"1024\" src=\"https:\/\/mulheresacesta.com.br\/wp-content\/uploads\/2021\/04\/d061f8c4-66ea-4423-9002-669009393e1a-819x1024.jpg\" alt=\"\" data-id=\"1819\" data-link=\"https:\/\/mulheresacesta.com.br\/?attachment_id=1819\" class=\"wp-image-1819\" srcset=\"https:\/\/mulheresacesta.com.br\/wp-content\/uploads\/2021\/04\/d061f8c4-66ea-4423-9002-669009393e1a-819x1024.jpg 819w, https:\/\/mulheresacesta.com.br\/wp-content\/uploads\/2021\/04\/d061f8c4-66ea-4423-9002-669009393e1a-240x300.jpg 240w, https:\/\/mulheresacesta.com.br\/wp-content\/uploads\/2021\/04\/d061f8c4-66ea-4423-9002-669009393e1a-768x960.jpg 768w, https:\/\/mulheresacesta.com.br\/wp-content\/uploads\/2021\/04\/d061f8c4-66ea-4423-9002-669009393e1a.jpg 1024w\" sizes=\"auto, (max-width: 819px) 100vw, 819px\" \/><\/figure><\/li><li class=\"blocks-gallery-item\"><figure><img loading=\"lazy\" decoding=\"async\" width=\"225\" height=\"224\" src=\"https:\/\/mulheresacesta.com.br\/wp-content\/uploads\/2021\/04\/download-2.jpg\" alt=\"\" data-id=\"1821\" data-link=\"https:\/\/mulheresacesta.com.br\/?attachment_id=1821\" class=\"wp-image-1821\" srcset=\"https:\/\/mulheresacesta.com.br\/wp-content\/uploads\/2021\/04\/download-2.jpg 225w, https:\/\/mulheresacesta.com.br\/wp-content\/uploads\/2021\/04\/download-2-150x150.jpg 150w\" sizes=\"auto, (max-width: 225px) 100vw, 225px\" \/><\/figure><\/li><li class=\"blocks-gallery-item\"><figure><img loading=\"lazy\" decoding=\"async\" width=\"203\" height=\"248\" src=\"https:\/\/mulheresacesta.com.br\/wp-content\/uploads\/2021\/04\/images.jpg\" alt=\"\" data-id=\"1822\" data-link=\"https:\/\/mulheresacesta.com.br\/?attachment_id=1822\" class=\"wp-image-1822\"\/><\/figure><\/li><li class=\"blocks-gallery-item\"><figure><img loading=\"lazy\" decoding=\"async\" width=\"1024\" height=\"767\" src=\"https:\/\/mulheresacesta.com.br\/wp-content\/uploads\/2021\/04\/1515547971_quando-perguntarem-o-que-eu-faco-quero-poder-dizer-sou-narradora-esportiva-a-historica-transmissao-100-feminina-no-futebol-dibradoras-1024x767-1.jpg\" alt=\"\" data-id=\"1823\" data-full-url=\"https:\/\/mulheresacesta.com.br\/wp-content\/uploads\/2021\/04\/1515547971_quando-perguntarem-o-que-eu-faco-quero-poder-dizer-sou-narradora-esportiva-a-historica-transmissao-100-feminina-no-futebol-dibradoras-1024x767-1.jpg\" data-link=\"https:\/\/mulheresacesta.com.br\/?attachment_id=1823\" class=\"wp-image-1823\" srcset=\"https:\/\/mulheresacesta.com.br\/wp-content\/uploads\/2021\/04\/1515547971_quando-perguntarem-o-que-eu-faco-quero-poder-dizer-sou-narradora-esportiva-a-historica-transmissao-100-feminina-no-futebol-dibradoras-1024x767-1.jpg 1024w, https:\/\/mulheresacesta.com.br\/wp-content\/uploads\/2021\/04\/1515547971_quando-perguntarem-o-que-eu-faco-quero-poder-dizer-sou-narradora-esportiva-a-historica-transmissao-100-feminina-no-futebol-dibradoras-1024x767-1-300x225.jpg 300w, https:\/\/mulheresacesta.com.br\/wp-content\/uploads\/2021\/04\/1515547971_quando-perguntarem-o-que-eu-faco-quero-poder-dizer-sou-narradora-esportiva-a-historica-transmissao-100-feminina-no-futebol-dibradoras-1024x767-1-768x575.jpg 768w\" sizes=\"auto, (max-width: 1024px) 100vw, 1024px\" \/><\/figure><\/li><\/ul><\/figure>\n","protected":false},"excerpt":{"rendered":"<p>Nascida no Paran\u00e1, Elaine Trevizan come\u00e7ou sua carreira esportiva em 2015, quando trabalhou como rep\u00f3rter de campo na Rede Vida na cobertura da Copa S\u00e3o Paulo. Dona de uma voz diferenciada, ela ouviu os primeiros incentivos para narrar do colega de emissora, o narrador Luiz Carlos Fabrini. Mas s\u00f3 se convenceu disso quando, em 2016, [&hellip;]<\/p>\n","protected":false},"author":1,"featured_media":1818,"comment_status":"open","ping_status":"open","sticky":false,"template":"","format":"standard","meta":{"footnotes":""},"categories":[12],"tags":[18,59,60],"class_list":["post-1817","post","type-post","status-publish","format-standard","has-post-thumbnail","hentry","category-blog","tag-claudia-guedes","tag-elaine-trevisan","tag-jornalista-esportiva"],"acf":[],"yoast_head":"<!-- This site is optimized with the Yoast SEO plugin v26.4 - https:\/\/yoast.com\/wordpress\/plugins\/seo\/ -->\n<title>A voz feminina no esporte<\/title>\n<meta name=\"description\" content=\"Nascida no Paran\u00e1, Elaine Trevizan come\u00e7ou sua carreira esportiva em 2015, quando trabalhou como rep\u00f3rter de campo na Rede Vida na cobertura da Copa S\u00e3o\" \/>\n<meta name=\"robots\" content=\"index, follow, max-snippet:-1, max-image-preview:large, max-video-preview:-1\" \/>\n<link rel=\"canonical\" href=\"https:\/\/mulheresacesta.com.br\/en\/2021\/04\/a-voz-feminina-no-esporte\/\" \/>\n<meta property=\"og:locale\" content=\"en_US\" \/>\n<meta property=\"og:locale:alternate\" content=\"pt_BR\" \/>\n<meta property=\"og:type\" content=\"article\" \/>\n<meta property=\"og:title\" content=\"A voz feminina no esporte\" \/>\n<meta property=\"og:description\" content=\"Nascida no Paran\u00e1, Elaine Trevizan come\u00e7ou sua carreira esportiva em 2015, quando trabalhou como rep\u00f3rter de campo na Rede Vida na cobertura da Copa S\u00e3o\" \/>\n<meta property=\"og:url\" content=\"https:\/\/mulheresacesta.com.br\/en\/2021\/04\/a-voz-feminina-no-esporte\/\" \/>\n<meta property=\"og:site_name\" content=\"Mulheres \u00e0 Cesta\" \/>\n<meta property=\"article:published_time\" content=\"2021-04-13T14:00:00+00:00\" \/>\n<meta property=\"article:modified_time\" content=\"2021-04-13T14:53:20+00:00\" \/>\n<meta property=\"og:image\" content=\"https:\/\/mulheresacesta.com.br\/wp-content\/uploads\/2021\/04\/Untitled-1.jpg\" \/>\n\t<meta property=\"og:image:width\" content=\"1222\" \/>\n\t<meta property=\"og:image:height\" content=\"627\" \/>\n\t<meta property=\"og:image:type\" content=\"image\/jpeg\" \/>\n<meta name=\"author\" content=\"mulheres\" \/>\n<meta name=\"twitter:card\" content=\"summary_large_image\" \/>\n<meta name=\"twitter:label1\" content=\"Written by\" \/>\n\t<meta name=\"twitter:data1\" content=\"mulheres\" \/>\n\t<meta name=\"twitter:label2\" content=\"Est. reading time\" \/>\n\t<meta name=\"twitter:data2\" content=\"1 minute\" \/>\n<script type=\"application\/ld+json\" class=\"yoast-schema-graph\">{\"@context\":\"https:\/\/schema.org\",\"@graph\":[{\"@type\":\"Article\",\"@id\":\"https:\/\/mulheresacesta.com.br\/2021\/04\/a-voz-feminina-no-esporte\/#article\",\"isPartOf\":{\"@id\":\"https:\/\/mulheresacesta.com.br\/2021\/04\/a-voz-feminina-no-esporte\/\"},\"author\":{\"name\":\"mulheres\",\"@id\":\"https:\/\/mulheresacesta.com.br\/en\/#\/schema\/person\/11ebd3af76a9fcb3d26c815924faac42\"},\"headline\":\"A voz feminina no esporte\",\"datePublished\":\"2021-04-13T14:00:00+00:00\",\"dateModified\":\"2021-04-13T14:53:20+00:00\",\"mainEntityOfPage\":{\"@id\":\"https:\/\/mulheresacesta.com.br\/2021\/04\/a-voz-feminina-no-esporte\/\"},\"wordCount\":210,\"commentCount\":0,\"publisher\":{\"@id\":\"https:\/\/mulheresacesta.com.br\/en\/#organization\"},\"image\":{\"@id\":\"https:\/\/mulheresacesta.com.br\/2021\/04\/a-voz-feminina-no-esporte\/#primaryimage\"},\"thumbnailUrl\":\"https:\/\/mulheresacesta.com.br\/wp-content\/uploads\/2021\/04\/Untitled-1.jpg\",\"keywords\":[\"claudia guedes\",\"elaine trevisan\",\"jornalista esportiva\"],\"articleSection\":[\"Blog\"],\"inLanguage\":\"en-US\",\"potentialAction\":[{\"@type\":\"CommentAction\",\"name\":\"Comment\",\"target\":[\"https:\/\/mulheresacesta.com.br\/2021\/04\/a-voz-feminina-no-esporte\/#respond\"]}]},{\"@type\":\"WebPage\",\"@id\":\"https:\/\/mulheresacesta.com.br\/2021\/04\/a-voz-feminina-no-esporte\/\",\"url\":\"https:\/\/mulheresacesta.com.br\/2021\/04\/a-voz-feminina-no-esporte\/\",\"name\":\"A voz feminina no esporte\",\"isPartOf\":{\"@id\":\"https:\/\/mulheresacesta.com.br\/en\/#website\"},\"primaryImageOfPage\":{\"@id\":\"https:\/\/mulheresacesta.com.br\/2021\/04\/a-voz-feminina-no-esporte\/#primaryimage\"},\"image\":{\"@id\":\"https:\/\/mulheresacesta.com.br\/2021\/04\/a-voz-feminina-no-esporte\/#primaryimage\"},\"thumbnailUrl\":\"https:\/\/mulheresacesta.com.br\/wp-content\/uploads\/2021\/04\/Untitled-1.jpg\",\"datePublished\":\"2021-04-13T14:00:00+00:00\",\"dateModified\":\"2021-04-13T14:53:20+00:00\",\"description\":\"Nascida no Paran\u00e1, Elaine Trevizan come\u00e7ou sua carreira esportiva em 2015, quando trabalhou como rep\u00f3rter de campo na Rede Vida na cobertura da Copa S\u00e3o\",\"breadcrumb\":{\"@id\":\"https:\/\/mulheresacesta.com.br\/2021\/04\/a-voz-feminina-no-esporte\/#breadcrumb\"},\"inLanguage\":\"en-US\",\"potentialAction\":[{\"@type\":\"ReadAction\",\"target\":[\"https:\/\/mulheresacesta.com.br\/2021\/04\/a-voz-feminina-no-esporte\/\"]}]},{\"@type\":\"ImageObject\",\"inLanguage\":\"en-US\",\"@id\":\"https:\/\/mulheresacesta.com.br\/2021\/04\/a-voz-feminina-no-esporte\/#primaryimage\",\"url\":\"https:\/\/mulheresacesta.com.br\/wp-content\/uploads\/2021\/04\/Untitled-1.jpg\",\"contentUrl\":\"https:\/\/mulheresacesta.com.br\/wp-content\/uploads\/2021\/04\/Untitled-1.jpg\",\"width\":1222,\"height\":627},{\"@type\":\"BreadcrumbList\",\"@id\":\"https:\/\/mulheresacesta.com.br\/2021\/04\/a-voz-feminina-no-esporte\/#breadcrumb\",\"itemListElement\":[{\"@type\":\"ListItem\",\"position\":1,\"name\":\"In\u00edcio\",\"item\":\"https:\/\/mulheresacesta.com.br\/\"},{\"@type\":\"ListItem\",\"position\":2,\"name\":\"A voz feminina no esporte\"}]},{\"@type\":\"WebSite\",\"@id\":\"https:\/\/mulheresacesta.com.br\/en\/#website\",\"url\":\"https:\/\/mulheresacesta.com.br\/en\/\",\"name\":\"Mulheres \u00e0 Cesta\",\"description\":\"\",\"publisher\":{\"@id\":\"https:\/\/mulheresacesta.com.br\/en\/#organization\"},\"potentialAction\":[{\"@type\":\"SearchAction\",\"target\":{\"@type\":\"EntryPoint\",\"urlTemplate\":\"https:\/\/mulheresacesta.com.br\/en\/?s={search_term_string}\"},\"query-input\":{\"@type\":\"PropertyValueSpecification\",\"valueRequired\":true,\"valueName\":\"search_term_string\"}}],\"inLanguage\":\"en-US\"},{\"@type\":\"Organization\",\"@id\":\"https:\/\/mulheresacesta.com.br\/en\/#organization\",\"name\":\"Mulheres \u00e0 Cesta\",\"url\":\"https:\/\/mulheresacesta.com.br\/en\/\",\"logo\":{\"@type\":\"ImageObject\",\"inLanguage\":\"en-US\",\"@id\":\"https:\/\/mulheresacesta.com.br\/en\/#\/schema\/logo\/image\/\",\"url\":\"https:\/\/mulheresacesta.com.br\/wp-content\/uploads\/2020\/10\/mulheres-a-cesta.jpg\",\"contentUrl\":\"https:\/\/mulheresacesta.com.br\/wp-content\/uploads\/2020\/10\/mulheres-a-cesta.jpg\",\"width\":400,\"height\":300,\"caption\":\"Mulheres \u00e0 Cesta\"},\"image\":{\"@id\":\"https:\/\/mulheresacesta.com.br\/en\/#\/schema\/logo\/image\/\"}},{\"@type\":\"Person\",\"@id\":\"https:\/\/mulheresacesta.com.br\/en\/#\/schema\/person\/11ebd3af76a9fcb3d26c815924faac42\",\"name\":\"mulheres\",\"sameAs\":[\"http:\/\/localhost\/mulheresacesta\"],\"url\":\"https:\/\/mulheresacesta.com.br\/en\/author\/mulheres\/\"}]}<\/script>\n<!-- \/ Yoast SEO plugin. -->","yoast_head_json":{"title":"A voz feminina no esporte","description":"Nascida no Paran\u00e1, Elaine Trevizan come\u00e7ou sua carreira esportiva em 2015, quando trabalhou como rep\u00f3rter de campo na Rede Vida na cobertura da Copa S\u00e3o","robots":{"index":"index","follow":"follow","max-snippet":"max-snippet:-1","max-image-preview":"max-image-preview:large","max-video-preview":"max-video-preview:-1"},"canonical":"https:\/\/mulheresacesta.com.br\/en\/2021\/04\/a-voz-feminina-no-esporte\/","og_locale":"en_US","og_type":"article","og_title":"[:pt]A voz feminina no esporte[:] - Mulheres \u00e0 Cesta","og_description":"Nascida no Paran\u00e1, Elaine Trevizan come\u00e7ou sua carreira esportiva em 2015, quando trabalhou como rep\u00f3rter de campo na Rede Vida na cobertura da Copa S\u00e3o","og_url":"https:\/\/mulheresacesta.com.br\/en\/2021\/04\/a-voz-feminina-no-esporte\/","og_site_name":"Mulheres \u00e0 Cesta","article_published_time":"2021-04-13T14:00:00+00:00","article_modified_time":"2021-04-13T14:53:20+00:00","og_image":[{"width":1222,"height":627,"url":"https:\/\/mulheresacesta.com.br\/wp-content\/uploads\/2021\/04\/Untitled-1.jpg","type":"image\/jpeg"}],"author":"mulheres","twitter_card":"summary_large_image","twitter_misc":{"Written by":"mulheres","Est. reading time":"1 minute"},"schema":{"@context":"https:\/\/schema.org","@graph":[{"@type":"Article","@id":"https:\/\/mulheresacesta.com.br\/2021\/04\/a-voz-feminina-no-esporte\/#article","isPartOf":{"@id":"https:\/\/mulheresacesta.com.br\/2021\/04\/a-voz-feminina-no-esporte\/"},"author":{"name":"mulheres","@id":"https:\/\/mulheresacesta.com.br\/en\/#\/schema\/person\/11ebd3af76a9fcb3d26c815924faac42"},"headline":"A voz feminina no esporte","datePublished":"2021-04-13T14:00:00+00:00","dateModified":"2021-04-13T14:53:20+00:00","mainEntityOfPage":{"@id":"https:\/\/mulheresacesta.com.br\/2021\/04\/a-voz-feminina-no-esporte\/"},"wordCount":210,"commentCount":0,"publisher":{"@id":"https:\/\/mulheresacesta.com.br\/en\/#organization"},"image":{"@id":"https:\/\/mulheresacesta.com.br\/2021\/04\/a-voz-feminina-no-esporte\/#primaryimage"},"thumbnailUrl":"https:\/\/mulheresacesta.com.br\/wp-content\/uploads\/2021\/04\/Untitled-1.jpg","keywords":["claudia guedes","elaine trevisan","jornalista esportiva"],"articleSection":["Blog"],"inLanguage":"en-US","potentialAction":[{"@type":"CommentAction","name":"Comment","target":["https:\/\/mulheresacesta.com.br\/2021\/04\/a-voz-feminina-no-esporte\/#respond"]}]},{"@type":"WebPage","@id":"https:\/\/mulheresacesta.com.br\/2021\/04\/a-voz-feminina-no-esporte\/","url":"https:\/\/mulheresacesta.com.br\/2021\/04\/a-voz-feminina-no-esporte\/","name":"A voz feminina no esporte","isPartOf":{"@id":"https:\/\/mulheresacesta.com.br\/en\/#website"},"primaryImageOfPage":{"@id":"https:\/\/mulheresacesta.com.br\/2021\/04\/a-voz-feminina-no-esporte\/#primaryimage"},"image":{"@id":"https:\/\/mulheresacesta.com.br\/2021\/04\/a-voz-feminina-no-esporte\/#primaryimage"},"thumbnailUrl":"https:\/\/mulheresacesta.com.br\/wp-content\/uploads\/2021\/04\/Untitled-1.jpg","datePublished":"2021-04-13T14:00:00+00:00","dateModified":"2021-04-13T14:53:20+00:00","description":"Nascida no Paran\u00e1, Elaine Trevizan come\u00e7ou sua carreira esportiva em 2015, quando trabalhou como rep\u00f3rter de campo na Rede Vida na cobertura da Copa S\u00e3o","breadcrumb":{"@id":"https:\/\/mulheresacesta.com.br\/2021\/04\/a-voz-feminina-no-esporte\/#breadcrumb"},"inLanguage":"en-US","potentialAction":[{"@type":"ReadAction","target":["https:\/\/mulheresacesta.com.br\/2021\/04\/a-voz-feminina-no-esporte\/"]}]},{"@type":"ImageObject","inLanguage":"en-US","@id":"https:\/\/mulheresacesta.com.br\/2021\/04\/a-voz-feminina-no-esporte\/#primaryimage","url":"https:\/\/mulheresacesta.com.br\/wp-content\/uploads\/2021\/04\/Untitled-1.jpg","contentUrl":"https:\/\/mulheresacesta.com.br\/wp-content\/uploads\/2021\/04\/Untitled-1.jpg","width":1222,"height":627},{"@type":"BreadcrumbList","@id":"https:\/\/mulheresacesta.com.br\/2021\/04\/a-voz-feminina-no-esporte\/#breadcrumb","itemListElement":[{"@type":"ListItem","position":1,"name":"In\u00edcio","item":"https:\/\/mulheresacesta.com.br\/"},{"@type":"ListItem","position":2,"name":"A voz feminina no esporte"}]},{"@type":"WebSite","@id":"https:\/\/mulheresacesta.com.br\/en\/#website","url":"https:\/\/mulheresacesta.com.br\/en\/","name":"Mulheres \u00e0 Cesta","description":"","publisher":{"@id":"https:\/\/mulheresacesta.com.br\/en\/#organization"},"potentialAction":[{"@type":"SearchAction","target":{"@type":"EntryPoint","urlTemplate":"https:\/\/mulheresacesta.com.br\/en\/?s={search_term_string}"},"query-input":{"@type":"PropertyValueSpecification","valueRequired":true,"valueName":"search_term_string"}}],"inLanguage":"en-US"},{"@type":"Organization","@id":"https:\/\/mulheresacesta.com.br\/en\/#organization","name":"Mulheres \u00e0 Cesta","url":"https:\/\/mulheresacesta.com.br\/en\/","logo":{"@type":"ImageObject","inLanguage":"en-US","@id":"https:\/\/mulheresacesta.com.br\/en\/#\/schema\/logo\/image\/","url":"https:\/\/mulheresacesta.com.br\/wp-content\/uploads\/2020\/10\/mulheres-a-cesta.jpg","contentUrl":"https:\/\/mulheresacesta.com.br\/wp-content\/uploads\/2020\/10\/mulheres-a-cesta.jpg","width":400,"height":300,"caption":"Mulheres \u00e0 Cesta"},"image":{"@id":"https:\/\/mulheresacesta.com.br\/en\/#\/schema\/logo\/image\/"}},{"@type":"Person","@id":"https:\/\/mulheresacesta.com.br\/en\/#\/schema\/person\/11ebd3af76a9fcb3d26c815924faac42","name":"mulheres","sameAs":["http:\/\/localhost\/mulheresacesta"],"url":"https:\/\/mulheresacesta.com.br\/en\/author\/mulheres\/"}]}},"_links":{"self":[{"href":"https:\/\/mulheresacesta.com.br\/en\/wp-json\/wp\/v2\/posts\/1817","targetHints":{"allow":["GET"]}}],"collection":[{"href":"https:\/\/mulheresacesta.com.br\/en\/wp-json\/wp\/v2\/posts"}],"about":[{"href":"https:\/\/mulheresacesta.com.br\/en\/wp-json\/wp\/v2\/types\/post"}],"author":[{"embeddable":true,"href":"https:\/\/mulheresacesta.com.br\/en\/wp-json\/wp\/v2\/users\/1"}],"replies":[{"embeddable":true,"href":"https:\/\/mulheresacesta.com.br\/en\/wp-json\/wp\/v2\/comments?post=1817"}],"version-history":[{"count":3,"href":"https:\/\/mulheresacesta.com.br\/en\/wp-json\/wp\/v2\/posts\/1817\/revisions"}],"predecessor-version":[{"id":1826,"href":"https:\/\/mulheresacesta.com.br\/en\/wp-json\/wp\/v2\/posts\/1817\/revisions\/1826"}],"wp:featuredmedia":[{"embeddable":true,"href":"https:\/\/mulheresacesta.com.br\/en\/wp-json\/wp\/v2\/media\/1818"}],"wp:attachment":[{"href":"https:\/\/mulheresacesta.com.br\/en\/wp-json\/wp\/v2\/media?parent=1817"}],"wp:term":[{"taxonomy":"category","embeddable":true,"href":"https:\/\/mulheresacesta.com.br\/en\/wp-json\/wp\/v2\/categories?post=1817"},{"taxonomy":"post_tag","embeddable":true,"href":"https:\/\/mulheresacesta.com.br\/en\/wp-json\/wp\/v2\/tags?post=1817"}],"curies":[{"name":"wp","href":"https:\/\/api.w.org\/{rel}","templated":true}]}}