{"id":1982,"date":"2021-05-18T15:52:00","date_gmt":"2021-05-18T18:52:00","guid":{"rendered":"https:\/\/mulheresacesta.com.br\/?p=1982"},"modified":"2021-05-18T19:49:30","modified_gmt":"2021-05-18T22:49:30","slug":"treinadora-brasileira-destaque-internacional","status":"publish","type":"post","link":"https:\/\/mulheresacesta.com.br\/en\/2021\/05\/treinadora-brasileira-destaque-internacional\/","title":{"rendered":"Treinadora brasileira, destaque internacional"},"content":{"rendered":"\n<p>Nascida em S\u00e3o Bernardo do Campo, Adriana Amado arremessou as primeiras bolas \u00e0 cesta ainda na escola. Na faculdade, chegou a ser monitora das escolinhas da modalidade. Ainda nessa \u00e9poca, com o apoio do <a href=\"https:\/\/mulheresacesta.com.br\/2021\/04\/o-propagador-do-basquete\/\">CHINA<\/a>, que j\u00e1 falamos aqui, teve a oportunidade de treinar atletas das categorias de base, onde conquistou seu primeiro campeonato: Olimpesec, em 2001.<\/p>\n\n\n\n<p>De l\u00e1 para c\u00e1, n\u00e3o parou mais! S\u00e3o 24 anos de experi\u00eancia nacional e internacional como treinadora na categoria Adulta e Profissional, se tornando a primeira treinadora brasileira a trabalhar no exterior.<\/p>\n\n\n\n<p>Contratada do Obras Basket, da cidade de Buenos Aires, Adriana foi vice-campe\u00e3 da Liga Feminina da Argentina, perdendo a final para o Quimsa, por apenas um ponto de diferen\u00e7a, (74 x 75).<\/p>\n\n\n\n<p>Em entrevista a Marcos Chu\u00e1, Adriana comentou o momento do basquete feminino argentino. \u201cO basquete feminino da argentina est\u00e1 crescendo e ganhando mais proje\u00e7\u00e3o. Ao contr\u00e1rio do que se pensa, o n\u00edvel dos jogos \u00e9 muito bom e elevado. E vale lembrar que muitas jogadoras aqui n\u00e3o vivem do basquete, ou seja, tem que se dedicar a outro trabalho, o que reflete na programa\u00e7\u00e3o de treinos e jogos\u201d.<\/p>\n\n\n\n<p><strong>T\u00edtulos<\/strong><\/p>\n\n\n\n<p><strong>Auxiliar T\u00e9cnica Time Adulto Feminino Santo Andr\u00e9\/APABA<\/strong><\/p>\n\n\n\n<p>\u25cf 3\u00ba lugar (Final Four) \u2013 Campeonato Paulista 2020<\/p>\n\n\n\n<p>\u25cf Vice-Campe\u00e3 &#8211; Copa S\u00e3o Paulo &#8211; FPB &#8211; 2020<\/p>\n\n\n\n<p><strong>T\u00e9cnica Equipe Liga Desenvolvimento Feminino Club Obras Basket \u2013 Argentina<\/strong><\/p>\n\n\n\n<p><strong>\u25cf<\/strong>3\u00ba lugar (Final Four) \u2013 La Liga Femenina LDD \u2013 Liga de Desarrollo Femenina (Liga Nacional)<\/p>\n\n\n\n<p><strong>Assistente T\u00e9cnica Equipe Feminina Profissional Club Obras Basket \u2013 Argentina<\/strong><\/p>\n\n\n\n<p>\u25cf Vice &#8211; Campe\u00e3 \u2013 La Liga Feminina \u2013 Super Liga &#8211; 2018 (Liga Nacional)<\/p>\n\n\n\n<p><strong>Assistente T\u00e9cnica e Preparadora F\u00edsica do Time Feminino Adulto do Basketball Santo Andr\u00e9\/APABA<\/strong><\/p>\n\n\n\n<p>\u25cf Vice &#8211; Campe\u00e3 &#8211; Campeonato Paulista \u2013 2015<\/p>\n\n\n\n<p>\u25cf Vice &#8211; Campe\u00e3 \u2013 59\u00ba Jogos Regionais S\u00e3o Bernardo Campo \u2013 2015<\/p>\n\n\n\n<p>\u25cf Vice &#8211; Campe\u00e3 &#8211; 78\u00ba Jogos Abertos do Interior \u2013 2014<\/p>\n\n\n\n<p>\u25cf Campe\u00e3 \u2013 58\u00ba Jogos Regionais Osasco \u2013 2014<\/p>\n\n\n\n<p>\u25cf Campe\u00e3 &#8211; 56\u00ba Jogos Regionais Santo Andr\u00e9 \u2013 2012<\/p>\n\n\n\n<p>\u25cf Campe\u00e3 &#8211; 55\u00ba Jogos Regionais Santo Andr\u00e9 \u2013 2011<\/p>\n\n\n\n<p>\u25cf Campe\u00e3 &#8211; Campeonato Paulista \u2013 2011<\/p>\n\n\n\n<p>\u25cf Campe\u00e3 &#8211; 1\u00aa Liga Nacional de Basquete Feminino \u2013LBF &#8211; 2010\/2011<\/p>\n\n\n\n<p>\u25cf Campe\u00e3 &#8211; Jogos Abertos Brasileiros \u2013 2010<\/p>\n\n\n\n<p>\u25cf Campe\u00e3 &#8211; 54\u00ba Jogos Regionais Guaruj\u00e1 \u2013 2010<\/p>\n\n\n\n<p>\u25cf Vice &#8211; Campe\u00e3 &#8211; Campeonato Paulista \u2013 2010<\/p>\n\n\n\n<p>\u25cf Campe\u00e3 &#8211; 73\u00ba Jogos Abertos S\u00e3o Caetano do Sul \u2013 2009<\/p>\n\n\n\n<p>\u25cf Campe\u00e3 &#8211; 53\u00ba Jogos Regionais Santo Andr\u00e9 \u2013 2009<\/p>\n\n\n\n<p>\u25cf Vice &#8211; Campe\u00e3 &#8211; Jogos Regionais S\u00e3o Caetano do Sul \u2013 2008<\/p>\n\n\n\n<p>\u25cf Vice \u2013 Campe\u00e3 &#8211; Jogos Regionais Guaruj\u00e1 \u2013 2007<\/p>\n\n\n\n<p><strong>LIVE<\/strong><br>No pr\u00f3ximo dia 27 de maio, Claudia Guedes comanda um bate-papo com Adriana no Instagram @mulheresacesta. N\u00e3o perca, a partir das 19 horas!<\/p>\n","protected":false},"excerpt":{"rendered":"<p>Nascida em S\u00e3o Bernardo do Campo, Adriana Amado arremessou as primeiras bolas \u00e0 cesta ainda na escola. Na faculdade, chegou a ser monitora das escolinhas da modalidade. Ainda nessa \u00e9poca, com o apoio do CHINA, que j\u00e1 falamos aqui, teve a oportunidade de treinar atletas das categorias de base, onde conquistou seu primeiro campeonato: Olimpesec, [&hellip;]<\/p>\n","protected":false},"author":1,"featured_media":1983,"comment_status":"open","ping_status":"open","sticky":false,"template":"","format":"standard","meta":{"footnotes":""},"categories":[12],"tags":[51,73,15,9],"class_list":["post-1982","post","type-post","status-publish","format-standard","has-post-thumbnail","hentry","category-blog","tag-fiba","tag-tecnica-de-basquete","tag-basquete-feminino","tag-mulheres-a-cesta"],"acf":[],"yoast_head":"<!-- This site is optimized with the Yoast SEO plugin v26.4 - https:\/\/yoast.com\/wordpress\/plugins\/seo\/ -->\n<title>Treinadora brasileira, destaque internacional<\/title>\n<meta name=\"description\" content=\"Nascida em S\u00e3o Bernardo do Campo, Adriana Amado arremessou as primeiras bolas \u00e0 cesta ainda na escola. Na faculdade, chegou a ser monitora das escolinhas\" \/>\n<meta name=\"robots\" content=\"index, follow, max-snippet:-1, max-image-preview:large, max-video-preview:-1\" \/>\n<link rel=\"canonical\" href=\"https:\/\/mulheresacesta.com.br\/en\/2021\/05\/treinadora-brasileira-destaque-internacional\/\" \/>\n<meta property=\"og:locale\" content=\"en_US\" \/>\n<meta property=\"og:locale:alternate\" content=\"pt_BR\" \/>\n<meta property=\"og:type\" content=\"article\" \/>\n<meta property=\"og:title\" content=\"Treinadora brasileira, destaque internacional\" \/>\n<meta property=\"og:description\" content=\"Nascida em S\u00e3o Bernardo do Campo, Adriana Amado arremessou as primeiras bolas \u00e0 cesta ainda na escola. Na faculdade, chegou a ser monitora das escolinhas\" \/>\n<meta property=\"og:url\" content=\"https:\/\/mulheresacesta.com.br\/en\/2021\/05\/treinadora-brasileira-destaque-internacional\/\" \/>\n<meta property=\"og:site_name\" content=\"Mulheres \u00e0 Cesta\" \/>\n<meta property=\"article:published_time\" content=\"2021-05-18T18:52:00+00:00\" \/>\n<meta property=\"article:modified_time\" content=\"2021-05-18T22:49:30+00:00\" \/>\n<meta property=\"og:image\" content=\"https:\/\/mulheresacesta.com.br\/wp-content\/uploads\/2021\/05\/Untitled-1-5.jpg\" \/>\n\t<meta property=\"og:image:width\" content=\"1200\" \/>\n\t<meta property=\"og:image:height\" content=\"620\" \/>\n\t<meta property=\"og:image:type\" content=\"image\/jpeg\" \/>\n<meta name=\"author\" content=\"mulheres\" \/>\n<meta name=\"twitter:card\" content=\"summary_large_image\" \/>\n<meta name=\"twitter:label1\" content=\"Written by\" \/>\n\t<meta name=\"twitter:data1\" content=\"mulheres\" \/>\n\t<meta name=\"twitter:label2\" content=\"Est. reading time\" \/>\n\t<meta name=\"twitter:data2\" content=\"2 minutes\" \/>\n<script type=\"application\/ld+json\" class=\"yoast-schema-graph\">{\"@context\":\"https:\/\/schema.org\",\"@graph\":[{\"@type\":\"Article\",\"@id\":\"https:\/\/mulheresacesta.com.br\/en\/2021\/05\/treinadora-brasileira-destaque-internacional\/#article\",\"isPartOf\":{\"@id\":\"https:\/\/mulheresacesta.com.br\/en\/2021\/05\/treinadora-brasileira-destaque-internacional\/\"},\"author\":{\"name\":\"mulheres\",\"@id\":\"https:\/\/mulheresacesta.com.br\/en\/#\/schema\/person\/11ebd3af76a9fcb3d26c815924faac42\"},\"headline\":\"Treinadora brasileira, destaque internacional\",\"datePublished\":\"2021-05-18T18:52:00+00:00\",\"dateModified\":\"2021-05-18T22:49:30+00:00\",\"mainEntityOfPage\":{\"@id\":\"https:\/\/mulheresacesta.com.br\/en\/2021\/05\/treinadora-brasileira-destaque-internacional\/\"},\"wordCount\":408,\"commentCount\":0,\"publisher\":{\"@id\":\"https:\/\/mulheresacesta.com.br\/en\/#organization\"},\"image\":{\"@id\":\"https:\/\/mulheresacesta.com.br\/en\/2021\/05\/treinadora-brasileira-destaque-internacional\/#primaryimage\"},\"thumbnailUrl\":\"https:\/\/mulheresacesta.com.br\/wp-content\/uploads\/2021\/05\/Untitled-1-5.jpg\",\"keywords\":[\"fiba\",\"tecnica de basquete\",\"basquete feminino\",\"mulheres a cesta\"],\"articleSection\":[\"Blog\"],\"inLanguage\":\"en-US\",\"potentialAction\":[{\"@type\":\"CommentAction\",\"name\":\"Comment\",\"target\":[\"https:\/\/mulheresacesta.com.br\/en\/2021\/05\/treinadora-brasileira-destaque-internacional\/#respond\"]}]},{\"@type\":\"WebPage\",\"@id\":\"https:\/\/mulheresacesta.com.br\/en\/2021\/05\/treinadora-brasileira-destaque-internacional\/\",\"url\":\"https:\/\/mulheresacesta.com.br\/en\/2021\/05\/treinadora-brasileira-destaque-internacional\/\",\"name\":\"Treinadora brasileira, destaque internacional\",\"isPartOf\":{\"@id\":\"https:\/\/mulheresacesta.com.br\/en\/#website\"},\"primaryImageOfPage\":{\"@id\":\"https:\/\/mulheresacesta.com.br\/en\/2021\/05\/treinadora-brasileira-destaque-internacional\/#primaryimage\"},\"image\":{\"@id\":\"https:\/\/mulheresacesta.com.br\/en\/2021\/05\/treinadora-brasileira-destaque-internacional\/#primaryimage\"},\"thumbnailUrl\":\"https:\/\/mulheresacesta.com.br\/wp-content\/uploads\/2021\/05\/Untitled-1-5.jpg\",\"datePublished\":\"2021-05-18T18:52:00+00:00\",\"dateModified\":\"2021-05-18T22:49:30+00:00\",\"description\":\"Nascida em S\u00e3o Bernardo do Campo, Adriana Amado arremessou as primeiras bolas \u00e0 cesta ainda na escola. Na faculdade, chegou a ser monitora das escolinhas\",\"breadcrumb\":{\"@id\":\"https:\/\/mulheresacesta.com.br\/en\/2021\/05\/treinadora-brasileira-destaque-internacional\/#breadcrumb\"},\"inLanguage\":\"en-US\",\"potentialAction\":[{\"@type\":\"ReadAction\",\"target\":[\"https:\/\/mulheresacesta.com.br\/en\/2021\/05\/treinadora-brasileira-destaque-internacional\/\"]}]},{\"@type\":\"ImageObject\",\"inLanguage\":\"en-US\",\"@id\":\"https:\/\/mulheresacesta.com.br\/en\/2021\/05\/treinadora-brasileira-destaque-internacional\/#primaryimage\",\"url\":\"https:\/\/mulheresacesta.com.br\/wp-content\/uploads\/2021\/05\/Untitled-1-5.jpg\",\"contentUrl\":\"https:\/\/mulheresacesta.com.br\/wp-content\/uploads\/2021\/05\/Untitled-1-5.jpg\",\"width\":1200,\"height\":620},{\"@type\":\"BreadcrumbList\",\"@id\":\"https:\/\/mulheresacesta.com.br\/en\/2021\/05\/treinadora-brasileira-destaque-internacional\/#breadcrumb\",\"itemListElement\":[{\"@type\":\"ListItem\",\"position\":1,\"name\":\"In\u00edcio\",\"item\":\"https:\/\/mulheresacesta.com.br\/\"},{\"@type\":\"ListItem\",\"position\":2,\"name\":\"Treinadora brasileira, destaque internacional\"}]},{\"@type\":\"WebSite\",\"@id\":\"https:\/\/mulheresacesta.com.br\/en\/#website\",\"url\":\"https:\/\/mulheresacesta.com.br\/en\/\",\"name\":\"Mulheres \u00e0 Cesta\",\"description\":\"\",\"publisher\":{\"@id\":\"https:\/\/mulheresacesta.com.br\/en\/#organization\"},\"potentialAction\":[{\"@type\":\"SearchAction\",\"target\":{\"@type\":\"EntryPoint\",\"urlTemplate\":\"https:\/\/mulheresacesta.com.br\/en\/?s={search_term_string}\"},\"query-input\":{\"@type\":\"PropertyValueSpecification\",\"valueRequired\":true,\"valueName\":\"search_term_string\"}}],\"inLanguage\":\"en-US\"},{\"@type\":\"Organization\",\"@id\":\"https:\/\/mulheresacesta.com.br\/en\/#organization\",\"name\":\"Mulheres \u00e0 Cesta\",\"url\":\"https:\/\/mulheresacesta.com.br\/en\/\",\"logo\":{\"@type\":\"ImageObject\",\"inLanguage\":\"en-US\",\"@id\":\"https:\/\/mulheresacesta.com.br\/en\/#\/schema\/logo\/image\/\",\"url\":\"https:\/\/mulheresacesta.com.br\/wp-content\/uploads\/2020\/10\/mulheres-a-cesta.jpg\",\"contentUrl\":\"https:\/\/mulheresacesta.com.br\/wp-content\/uploads\/2020\/10\/mulheres-a-cesta.jpg\",\"width\":400,\"height\":300,\"caption\":\"Mulheres \u00e0 Cesta\"},\"image\":{\"@id\":\"https:\/\/mulheresacesta.com.br\/en\/#\/schema\/logo\/image\/\"}},{\"@type\":\"Person\",\"@id\":\"https:\/\/mulheresacesta.com.br\/en\/#\/schema\/person\/11ebd3af76a9fcb3d26c815924faac42\",\"name\":\"mulheres\",\"sameAs\":[\"http:\/\/localhost\/mulheresacesta\"],\"url\":\"https:\/\/mulheresacesta.com.br\/en\/author\/mulheres\/\"}]}<\/script>\n<!-- \/ Yoast SEO plugin. -->","yoast_head_json":{"title":"Treinadora brasileira, destaque internacional","description":"Nascida em S\u00e3o Bernardo do Campo, Adriana Amado arremessou as primeiras bolas \u00e0 cesta ainda na escola. Na faculdade, chegou a ser monitora das escolinhas","robots":{"index":"index","follow":"follow","max-snippet":"max-snippet:-1","max-image-preview":"max-image-preview:large","max-video-preview":"max-video-preview:-1"},"canonical":"https:\/\/mulheresacesta.com.br\/en\/2021\/05\/treinadora-brasileira-destaque-internacional\/","og_locale":"en_US","og_type":"article","og_title":"[:pt]Treinadora brasileira, destaque internacional[:] - Mulheres \u00e0 Cesta","og_description":"Nascida em S\u00e3o Bernardo do Campo, Adriana Amado arremessou as primeiras bolas \u00e0 cesta ainda na escola. Na faculdade, chegou a ser monitora das escolinhas","og_url":"https:\/\/mulheresacesta.com.br\/en\/2021\/05\/treinadora-brasileira-destaque-internacional\/","og_site_name":"Mulheres \u00e0 Cesta","article_published_time":"2021-05-18T18:52:00+00:00","article_modified_time":"2021-05-18T22:49:30+00:00","og_image":[{"width":1200,"height":620,"url":"https:\/\/mulheresacesta.com.br\/wp-content\/uploads\/2021\/05\/Untitled-1-5.jpg","type":"image\/jpeg"}],"author":"mulheres","twitter_card":"summary_large_image","twitter_misc":{"Written by":"mulheres","Est. reading time":"2 minutes"},"schema":{"@context":"https:\/\/schema.org","@graph":[{"@type":"Article","@id":"https:\/\/mulheresacesta.com.br\/en\/2021\/05\/treinadora-brasileira-destaque-internacional\/#article","isPartOf":{"@id":"https:\/\/mulheresacesta.com.br\/en\/2021\/05\/treinadora-brasileira-destaque-internacional\/"},"author":{"name":"mulheres","@id":"https:\/\/mulheresacesta.com.br\/en\/#\/schema\/person\/11ebd3af76a9fcb3d26c815924faac42"},"headline":"Treinadora brasileira, destaque internacional","datePublished":"2021-05-18T18:52:00+00:00","dateModified":"2021-05-18T22:49:30+00:00","mainEntityOfPage":{"@id":"https:\/\/mulheresacesta.com.br\/en\/2021\/05\/treinadora-brasileira-destaque-internacional\/"},"wordCount":408,"commentCount":0,"publisher":{"@id":"https:\/\/mulheresacesta.com.br\/en\/#organization"},"image":{"@id":"https:\/\/mulheresacesta.com.br\/en\/2021\/05\/treinadora-brasileira-destaque-internacional\/#primaryimage"},"thumbnailUrl":"https:\/\/mulheresacesta.com.br\/wp-content\/uploads\/2021\/05\/Untitled-1-5.jpg","keywords":["fiba","tecnica de basquete","basquete feminino","mulheres a cesta"],"articleSection":["Blog"],"inLanguage":"en-US","potentialAction":[{"@type":"CommentAction","name":"Comment","target":["https:\/\/mulheresacesta.com.br\/en\/2021\/05\/treinadora-brasileira-destaque-internacional\/#respond"]}]},{"@type":"WebPage","@id":"https:\/\/mulheresacesta.com.br\/en\/2021\/05\/treinadora-brasileira-destaque-internacional\/","url":"https:\/\/mulheresacesta.com.br\/en\/2021\/05\/treinadora-brasileira-destaque-internacional\/","name":"Treinadora brasileira, destaque internacional","isPartOf":{"@id":"https:\/\/mulheresacesta.com.br\/en\/#website"},"primaryImageOfPage":{"@id":"https:\/\/mulheresacesta.com.br\/en\/2021\/05\/treinadora-brasileira-destaque-internacional\/#primaryimage"},"image":{"@id":"https:\/\/mulheresacesta.com.br\/en\/2021\/05\/treinadora-brasileira-destaque-internacional\/#primaryimage"},"thumbnailUrl":"https:\/\/mulheresacesta.com.br\/wp-content\/uploads\/2021\/05\/Untitled-1-5.jpg","datePublished":"2021-05-18T18:52:00+00:00","dateModified":"2021-05-18T22:49:30+00:00","description":"Nascida em S\u00e3o Bernardo do Campo, Adriana Amado arremessou as primeiras bolas \u00e0 cesta ainda na escola. Na faculdade, chegou a ser monitora das escolinhas","breadcrumb":{"@id":"https:\/\/mulheresacesta.com.br\/en\/2021\/05\/treinadora-brasileira-destaque-internacional\/#breadcrumb"},"inLanguage":"en-US","potentialAction":[{"@type":"ReadAction","target":["https:\/\/mulheresacesta.com.br\/en\/2021\/05\/treinadora-brasileira-destaque-internacional\/"]}]},{"@type":"ImageObject","inLanguage":"en-US","@id":"https:\/\/mulheresacesta.com.br\/en\/2021\/05\/treinadora-brasileira-destaque-internacional\/#primaryimage","url":"https:\/\/mulheresacesta.com.br\/wp-content\/uploads\/2021\/05\/Untitled-1-5.jpg","contentUrl":"https:\/\/mulheresacesta.com.br\/wp-content\/uploads\/2021\/05\/Untitled-1-5.jpg","width":1200,"height":620},{"@type":"BreadcrumbList","@id":"https:\/\/mulheresacesta.com.br\/en\/2021\/05\/treinadora-brasileira-destaque-internacional\/#breadcrumb","itemListElement":[{"@type":"ListItem","position":1,"name":"In\u00edcio","item":"https:\/\/mulheresacesta.com.br\/"},{"@type":"ListItem","position":2,"name":"Treinadora brasileira, destaque internacional"}]},{"@type":"WebSite","@id":"https:\/\/mulheresacesta.com.br\/en\/#website","url":"https:\/\/mulheresacesta.com.br\/en\/","name":"Mulheres \u00e0 Cesta","description":"","publisher":{"@id":"https:\/\/mulheresacesta.com.br\/en\/#organization"},"potentialAction":[{"@type":"SearchAction","target":{"@type":"EntryPoint","urlTemplate":"https:\/\/mulheresacesta.com.br\/en\/?s={search_term_string}"},"query-input":{"@type":"PropertyValueSpecification","valueRequired":true,"valueName":"search_term_string"}}],"inLanguage":"en-US"},{"@type":"Organization","@id":"https:\/\/mulheresacesta.com.br\/en\/#organization","name":"Mulheres \u00e0 Cesta","url":"https:\/\/mulheresacesta.com.br\/en\/","logo":{"@type":"ImageObject","inLanguage":"en-US","@id":"https:\/\/mulheresacesta.com.br\/en\/#\/schema\/logo\/image\/","url":"https:\/\/mulheresacesta.com.br\/wp-content\/uploads\/2020\/10\/mulheres-a-cesta.jpg","contentUrl":"https:\/\/mulheresacesta.com.br\/wp-content\/uploads\/2020\/10\/mulheres-a-cesta.jpg","width":400,"height":300,"caption":"Mulheres \u00e0 Cesta"},"image":{"@id":"https:\/\/mulheresacesta.com.br\/en\/#\/schema\/logo\/image\/"}},{"@type":"Person","@id":"https:\/\/mulheresacesta.com.br\/en\/#\/schema\/person\/11ebd3af76a9fcb3d26c815924faac42","name":"mulheres","sameAs":["http:\/\/localhost\/mulheresacesta"],"url":"https:\/\/mulheresacesta.com.br\/en\/author\/mulheres\/"}]}},"_links":{"self":[{"href":"https:\/\/mulheresacesta.com.br\/en\/wp-json\/wp\/v2\/posts\/1982","targetHints":{"allow":["GET"]}}],"collection":[{"href":"https:\/\/mulheresacesta.com.br\/en\/wp-json\/wp\/v2\/posts"}],"about":[{"href":"https:\/\/mulheresacesta.com.br\/en\/wp-json\/wp\/v2\/types\/post"}],"author":[{"embeddable":true,"href":"https:\/\/mulheresacesta.com.br\/en\/wp-json\/wp\/v2\/users\/1"}],"replies":[{"embeddable":true,"href":"https:\/\/mulheresacesta.com.br\/en\/wp-json\/wp\/v2\/comments?post=1982"}],"version-history":[{"count":3,"href":"https:\/\/mulheresacesta.com.br\/en\/wp-json\/wp\/v2\/posts\/1982\/revisions"}],"predecessor-version":[{"id":2012,"href":"https:\/\/mulheresacesta.com.br\/en\/wp-json\/wp\/v2\/posts\/1982\/revisions\/2012"}],"wp:featuredmedia":[{"embeddable":true,"href":"https:\/\/mulheresacesta.com.br\/en\/wp-json\/wp\/v2\/media\/1983"}],"wp:attachment":[{"href":"https:\/\/mulheresacesta.com.br\/en\/wp-json\/wp\/v2\/media?parent=1982"}],"wp:term":[{"taxonomy":"category","embeddable":true,"href":"https:\/\/mulheresacesta.com.br\/en\/wp-json\/wp\/v2\/categories?post=1982"},{"taxonomy":"post_tag","embeddable":true,"href":"https:\/\/mulheresacesta.com.br\/en\/wp-json\/wp\/v2\/tags?post=1982"}],"curies":[{"name":"wp","href":"https:\/\/api.w.org\/{rel}","templated":true}]}}