{"id":2027,"date":"2021-06-04T11:08:00","date_gmt":"2021-06-04T14:08:00","guid":{"rendered":"https:\/\/mulheresacesta.com.br\/?p=2027"},"modified":"2021-06-03T16:49:52","modified_gmt":"2021-06-03T19:49:52","slug":"basquete-campinas-ganha-reforco-para-disputa-da-lbf","status":"publish","type":"post","link":"https:\/\/mulheresacesta.com.br\/en\/2021\/06\/basquete-campinas-ganha-reforco-para-disputa-da-lbf\/","title":{"rendered":"Basquete Campinas ganha refor\u00e7o para disputa da LBF"},"content":{"rendered":"\n<p>O Basquete Campinas fez mais uma contrata\u00e7\u00e3o para a sequ\u00eancia da temporada. A experiente ala La\u00eds Tobias, de 34 anos, se junta ao elenco para disputar Liga de Basquete Feminino (LBF).<\/p>\n\n\n\n<p>La\u00eds \u00e9 o segundo refor\u00e7o do Campinas desde a chegada do t\u00e9cnico Norberto Jos\u00e9 da Silva, o Borracha. Antes dela, j\u00e1 havia chegado a ala-piv\u00f4 Gabi Guimar\u00e3es, que j\u00e1 estreio no campeonato.<\/p>\n\n\n\n<p>O Campinas \u00e9 atual vice-l\u00edder da LBF, com 15 pontos ap\u00f3s seis vit\u00f3rias e tr\u00eas derrotas.<\/p>\n\n\n\n<p><strong>La\u00eds Tobias<\/strong><\/p>\n\n\n\n<p>A atleta estava no Ponta Grossa desde 2019, ano em que conquistou o Campeonato Paranaense. Antes disso, acumula passagens por Ituano, Catanduva, Sport Recife, Ourinhos e Joinville.<\/p>\n\n\n\n<p>La\u00eds Tobias j\u00e1 disputou cinco vezes a LBF, tendo feito sua estreia na temporada 2010\/2011, pelo Joinville, e participado pela \u00faltima vez em 2018, no Ituano. Ao todo, foram 73 jogos pela competi\u00e7\u00e3o, com m\u00e9dia de 8,5 pontos por partida.<\/p>\n\n\n\n<p>Apesar de j\u00e1 estar integrada ao elenco, La\u00eds ainda n\u00e3o sabe quando poder\u00e1 entrar em quadra com a nova equipe, uma vez que a Liga de Basquete agora tem uma pausa para a disputa da American Cup, que acontece de 11 a 19 de junho, em Porto Rico.<\/p>\n","protected":false},"excerpt":{"rendered":"<p>O Basquete Campinas fez mais uma contrata\u00e7\u00e3o para a sequ\u00eancia da temporada. A experiente ala La\u00eds Tobias, de 34 anos, se junta ao elenco para disputar Liga de Basquete Feminino (LBF). La\u00eds \u00e9 o segundo refor\u00e7o do Campinas desde a chegada do t\u00e9cnico Norberto Jos\u00e9 da Silva, o Borracha. Antes dela, j\u00e1 havia chegado a [&hellip;]<\/p>\n","protected":false},"author":1,"featured_media":2028,"comment_status":"open","ping_status":"open","sticky":false,"template":"","format":"standard","meta":{"footnotes":""},"categories":[12],"tags":[],"class_list":["post-2027","post","type-post","status-publish","format-standard","has-post-thumbnail","hentry","category-blog"],"acf":[],"yoast_head":"<!-- This site is optimized with the Yoast SEO plugin v26.4 - https:\/\/yoast.com\/wordpress\/plugins\/seo\/ -->\n<title>Basquete Campinas ganha refor\u00e7o para disputa da LBF<\/title>\n<meta name=\"description\" content=\"O Basquete Campinas fez mais uma contrata\u00e7\u00e3o para a sequ\u00eancia da temporada. A experiente ala La\u00eds Tobias, de 34 anos, se junta ao elenco para disputar\" \/>\n<meta name=\"robots\" content=\"index, follow, max-snippet:-1, max-image-preview:large, max-video-preview:-1\" \/>\n<link rel=\"canonical\" href=\"https:\/\/mulheresacesta.com.br\/en\/2021\/06\/basquete-campinas-ganha-reforco-para-disputa-da-lbf\/\" \/>\n<meta property=\"og:locale\" content=\"en_US\" \/>\n<meta property=\"og:locale:alternate\" content=\"pt_BR\" \/>\n<meta property=\"og:type\" content=\"article\" \/>\n<meta property=\"og:title\" content=\"Basquete Campinas ganha refor\u00e7o para disputa da LBF\" \/>\n<meta property=\"og:description\" content=\"O Basquete Campinas fez mais uma contrata\u00e7\u00e3o para a sequ\u00eancia da temporada. A experiente ala La\u00eds Tobias, de 34 anos, se junta ao elenco para disputar\" \/>\n<meta property=\"og:url\" content=\"https:\/\/mulheresacesta.com.br\/en\/2021\/06\/basquete-campinas-ganha-reforco-para-disputa-da-lbf\/\" \/>\n<meta property=\"og:site_name\" content=\"Mulheres \u00e0 Cesta\" \/>\n<meta property=\"article:published_time\" content=\"2021-06-04T14:08:00+00:00\" \/>\n<meta property=\"og:image\" content=\"https:\/\/mulheresacesta.com.br\/wp-content\/uploads\/2021\/05\/lais-basquete.jpg\" \/>\n\t<meta property=\"og:image:width\" content=\"600\" \/>\n\t<meta property=\"og:image:height\" content=\"750\" \/>\n\t<meta property=\"og:image:type\" content=\"image\/jpeg\" \/>\n<meta name=\"author\" content=\"mulheres\" \/>\n<meta name=\"twitter:card\" content=\"summary_large_image\" \/>\n<meta name=\"twitter:label1\" content=\"Written by\" \/>\n\t<meta name=\"twitter:data1\" content=\"mulheres\" \/>\n\t<meta name=\"twitter:label2\" content=\"Est. reading time\" \/>\n\t<meta name=\"twitter:data2\" content=\"1 minute\" \/>\n<script type=\"application\/ld+json\" class=\"yoast-schema-graph\">{\"@context\":\"https:\/\/schema.org\",\"@graph\":[{\"@type\":\"Article\",\"@id\":\"https:\/\/mulheresacesta.com.br\/2021\/06\/basquete-campinas-ganha-reforco-para-disputa-da-lbf\/#article\",\"isPartOf\":{\"@id\":\"https:\/\/mulheresacesta.com.br\/2021\/06\/basquete-campinas-ganha-reforco-para-disputa-da-lbf\/\"},\"author\":{\"name\":\"mulheres\",\"@id\":\"https:\/\/mulheresacesta.com.br\/en\/#\/schema\/person\/11ebd3af76a9fcb3d26c815924faac42\"},\"headline\":\"Basquete Campinas ganha refor\u00e7o para disputa da LBF\",\"datePublished\":\"2021-06-04T14:08:00+00:00\",\"mainEntityOfPage\":{\"@id\":\"https:\/\/mulheresacesta.com.br\/2021\/06\/basquete-campinas-ganha-reforco-para-disputa-da-lbf\/\"},\"wordCount\":213,\"commentCount\":0,\"publisher\":{\"@id\":\"https:\/\/mulheresacesta.com.br\/en\/#organization\"},\"image\":{\"@id\":\"https:\/\/mulheresacesta.com.br\/2021\/06\/basquete-campinas-ganha-reforco-para-disputa-da-lbf\/#primaryimage\"},\"thumbnailUrl\":\"https:\/\/mulheresacesta.com.br\/wp-content\/uploads\/2021\/05\/lais-basquete.jpg\",\"articleSection\":[\"Blog\"],\"inLanguage\":\"en-US\",\"potentialAction\":[{\"@type\":\"CommentAction\",\"name\":\"Comment\",\"target\":[\"https:\/\/mulheresacesta.com.br\/2021\/06\/basquete-campinas-ganha-reforco-para-disputa-da-lbf\/#respond\"]}]},{\"@type\":\"WebPage\",\"@id\":\"https:\/\/mulheresacesta.com.br\/2021\/06\/basquete-campinas-ganha-reforco-para-disputa-da-lbf\/\",\"url\":\"https:\/\/mulheresacesta.com.br\/2021\/06\/basquete-campinas-ganha-reforco-para-disputa-da-lbf\/\",\"name\":\"Basquete Campinas ganha refor\u00e7o para disputa da LBF\",\"isPartOf\":{\"@id\":\"https:\/\/mulheresacesta.com.br\/en\/#website\"},\"primaryImageOfPage\":{\"@id\":\"https:\/\/mulheresacesta.com.br\/2021\/06\/basquete-campinas-ganha-reforco-para-disputa-da-lbf\/#primaryimage\"},\"image\":{\"@id\":\"https:\/\/mulheresacesta.com.br\/2021\/06\/basquete-campinas-ganha-reforco-para-disputa-da-lbf\/#primaryimage\"},\"thumbnailUrl\":\"https:\/\/mulheresacesta.com.br\/wp-content\/uploads\/2021\/05\/lais-basquete.jpg\",\"datePublished\":\"2021-06-04T14:08:00+00:00\",\"description\":\"O Basquete Campinas fez mais uma contrata\u00e7\u00e3o para a sequ\u00eancia da temporada. A experiente ala La\u00eds Tobias, de 34 anos, se junta ao elenco para disputar\",\"breadcrumb\":{\"@id\":\"https:\/\/mulheresacesta.com.br\/2021\/06\/basquete-campinas-ganha-reforco-para-disputa-da-lbf\/#breadcrumb\"},\"inLanguage\":\"en-US\",\"potentialAction\":[{\"@type\":\"ReadAction\",\"target\":[\"https:\/\/mulheresacesta.com.br\/2021\/06\/basquete-campinas-ganha-reforco-para-disputa-da-lbf\/\"]}]},{\"@type\":\"ImageObject\",\"inLanguage\":\"en-US\",\"@id\":\"https:\/\/mulheresacesta.com.br\/2021\/06\/basquete-campinas-ganha-reforco-para-disputa-da-lbf\/#primaryimage\",\"url\":\"https:\/\/mulheresacesta.com.br\/wp-content\/uploads\/2021\/05\/lais-basquete.jpg\",\"contentUrl\":\"https:\/\/mulheresacesta.com.br\/wp-content\/uploads\/2021\/05\/lais-basquete.jpg\",\"width\":600,\"height\":750},{\"@type\":\"BreadcrumbList\",\"@id\":\"https:\/\/mulheresacesta.com.br\/2021\/06\/basquete-campinas-ganha-reforco-para-disputa-da-lbf\/#breadcrumb\",\"itemListElement\":[{\"@type\":\"ListItem\",\"position\":1,\"name\":\"In\u00edcio\",\"item\":\"https:\/\/mulheresacesta.com.br\/\"},{\"@type\":\"ListItem\",\"position\":2,\"name\":\"Basquete Campinas ganha refor\u00e7o para disputa da LBF\"}]},{\"@type\":\"WebSite\",\"@id\":\"https:\/\/mulheresacesta.com.br\/en\/#website\",\"url\":\"https:\/\/mulheresacesta.com.br\/en\/\",\"name\":\"Mulheres \u00e0 Cesta\",\"description\":\"\",\"publisher\":{\"@id\":\"https:\/\/mulheresacesta.com.br\/en\/#organization\"},\"potentialAction\":[{\"@type\":\"SearchAction\",\"target\":{\"@type\":\"EntryPoint\",\"urlTemplate\":\"https:\/\/mulheresacesta.com.br\/en\/?s={search_term_string}\"},\"query-input\":{\"@type\":\"PropertyValueSpecification\",\"valueRequired\":true,\"valueName\":\"search_term_string\"}}],\"inLanguage\":\"en-US\"},{\"@type\":\"Organization\",\"@id\":\"https:\/\/mulheresacesta.com.br\/en\/#organization\",\"name\":\"Mulheres \u00e0 Cesta\",\"url\":\"https:\/\/mulheresacesta.com.br\/en\/\",\"logo\":{\"@type\":\"ImageObject\",\"inLanguage\":\"en-US\",\"@id\":\"https:\/\/mulheresacesta.com.br\/en\/#\/schema\/logo\/image\/\",\"url\":\"https:\/\/mulheresacesta.com.br\/wp-content\/uploads\/2020\/10\/mulheres-a-cesta.jpg\",\"contentUrl\":\"https:\/\/mulheresacesta.com.br\/wp-content\/uploads\/2020\/10\/mulheres-a-cesta.jpg\",\"width\":400,\"height\":300,\"caption\":\"Mulheres \u00e0 Cesta\"},\"image\":{\"@id\":\"https:\/\/mulheresacesta.com.br\/en\/#\/schema\/logo\/image\/\"}},{\"@type\":\"Person\",\"@id\":\"https:\/\/mulheresacesta.com.br\/en\/#\/schema\/person\/11ebd3af76a9fcb3d26c815924faac42\",\"name\":\"mulheres\",\"sameAs\":[\"http:\/\/localhost\/mulheresacesta\"],\"url\":\"https:\/\/mulheresacesta.com.br\/en\/author\/mulheres\/\"}]}<\/script>\n<!-- \/ Yoast SEO plugin. -->","yoast_head_json":{"title":"Basquete Campinas ganha refor\u00e7o para disputa da LBF","description":"O Basquete Campinas fez mais uma contrata\u00e7\u00e3o para a sequ\u00eancia da temporada. A experiente ala La\u00eds Tobias, de 34 anos, se junta ao elenco para disputar","robots":{"index":"index","follow":"follow","max-snippet":"max-snippet:-1","max-image-preview":"max-image-preview:large","max-video-preview":"max-video-preview:-1"},"canonical":"https:\/\/mulheresacesta.com.br\/en\/2021\/06\/basquete-campinas-ganha-reforco-para-disputa-da-lbf\/","og_locale":"en_US","og_type":"article","og_title":"[:pt]Basquete Campinas ganha refor\u00e7o para disputa da LBF[:] - Mulheres \u00e0 Cesta","og_description":"O Basquete Campinas fez mais uma contrata\u00e7\u00e3o para a sequ\u00eancia da temporada. A experiente ala La\u00eds Tobias, de 34 anos, se junta ao elenco para disputar","og_url":"https:\/\/mulheresacesta.com.br\/en\/2021\/06\/basquete-campinas-ganha-reforco-para-disputa-da-lbf\/","og_site_name":"Mulheres \u00e0 Cesta","article_published_time":"2021-06-04T14:08:00+00:00","og_image":[{"width":600,"height":750,"url":"https:\/\/mulheresacesta.com.br\/wp-content\/uploads\/2021\/05\/lais-basquete.jpg","type":"image\/jpeg"}],"author":"mulheres","twitter_card":"summary_large_image","twitter_misc":{"Written by":"mulheres","Est. reading time":"1 minute"},"schema":{"@context":"https:\/\/schema.org","@graph":[{"@type":"Article","@id":"https:\/\/mulheresacesta.com.br\/2021\/06\/basquete-campinas-ganha-reforco-para-disputa-da-lbf\/#article","isPartOf":{"@id":"https:\/\/mulheresacesta.com.br\/2021\/06\/basquete-campinas-ganha-reforco-para-disputa-da-lbf\/"},"author":{"name":"mulheres","@id":"https:\/\/mulheresacesta.com.br\/en\/#\/schema\/person\/11ebd3af76a9fcb3d26c815924faac42"},"headline":"Basquete Campinas ganha refor\u00e7o para disputa da LBF","datePublished":"2021-06-04T14:08:00+00:00","mainEntityOfPage":{"@id":"https:\/\/mulheresacesta.com.br\/2021\/06\/basquete-campinas-ganha-reforco-para-disputa-da-lbf\/"},"wordCount":213,"commentCount":0,"publisher":{"@id":"https:\/\/mulheresacesta.com.br\/en\/#organization"},"image":{"@id":"https:\/\/mulheresacesta.com.br\/2021\/06\/basquete-campinas-ganha-reforco-para-disputa-da-lbf\/#primaryimage"},"thumbnailUrl":"https:\/\/mulheresacesta.com.br\/wp-content\/uploads\/2021\/05\/lais-basquete.jpg","articleSection":["Blog"],"inLanguage":"en-US","potentialAction":[{"@type":"CommentAction","name":"Comment","target":["https:\/\/mulheresacesta.com.br\/2021\/06\/basquete-campinas-ganha-reforco-para-disputa-da-lbf\/#respond"]}]},{"@type":"WebPage","@id":"https:\/\/mulheresacesta.com.br\/2021\/06\/basquete-campinas-ganha-reforco-para-disputa-da-lbf\/","url":"https:\/\/mulheresacesta.com.br\/2021\/06\/basquete-campinas-ganha-reforco-para-disputa-da-lbf\/","name":"Basquete Campinas ganha refor\u00e7o para disputa da LBF","isPartOf":{"@id":"https:\/\/mulheresacesta.com.br\/en\/#website"},"primaryImageOfPage":{"@id":"https:\/\/mulheresacesta.com.br\/2021\/06\/basquete-campinas-ganha-reforco-para-disputa-da-lbf\/#primaryimage"},"image":{"@id":"https:\/\/mulheresacesta.com.br\/2021\/06\/basquete-campinas-ganha-reforco-para-disputa-da-lbf\/#primaryimage"},"thumbnailUrl":"https:\/\/mulheresacesta.com.br\/wp-content\/uploads\/2021\/05\/lais-basquete.jpg","datePublished":"2021-06-04T14:08:00+00:00","description":"O Basquete Campinas fez mais uma contrata\u00e7\u00e3o para a sequ\u00eancia da temporada. A experiente ala La\u00eds Tobias, de 34 anos, se junta ao elenco para disputar","breadcrumb":{"@id":"https:\/\/mulheresacesta.com.br\/2021\/06\/basquete-campinas-ganha-reforco-para-disputa-da-lbf\/#breadcrumb"},"inLanguage":"en-US","potentialAction":[{"@type":"ReadAction","target":["https:\/\/mulheresacesta.com.br\/2021\/06\/basquete-campinas-ganha-reforco-para-disputa-da-lbf\/"]}]},{"@type":"ImageObject","inLanguage":"en-US","@id":"https:\/\/mulheresacesta.com.br\/2021\/06\/basquete-campinas-ganha-reforco-para-disputa-da-lbf\/#primaryimage","url":"https:\/\/mulheresacesta.com.br\/wp-content\/uploads\/2021\/05\/lais-basquete.jpg","contentUrl":"https:\/\/mulheresacesta.com.br\/wp-content\/uploads\/2021\/05\/lais-basquete.jpg","width":600,"height":750},{"@type":"BreadcrumbList","@id":"https:\/\/mulheresacesta.com.br\/2021\/06\/basquete-campinas-ganha-reforco-para-disputa-da-lbf\/#breadcrumb","itemListElement":[{"@type":"ListItem","position":1,"name":"In\u00edcio","item":"https:\/\/mulheresacesta.com.br\/"},{"@type":"ListItem","position":2,"name":"Basquete Campinas ganha refor\u00e7o para disputa da LBF"}]},{"@type":"WebSite","@id":"https:\/\/mulheresacesta.com.br\/en\/#website","url":"https:\/\/mulheresacesta.com.br\/en\/","name":"Mulheres \u00e0 Cesta","description":"","publisher":{"@id":"https:\/\/mulheresacesta.com.br\/en\/#organization"},"potentialAction":[{"@type":"SearchAction","target":{"@type":"EntryPoint","urlTemplate":"https:\/\/mulheresacesta.com.br\/en\/?s={search_term_string}"},"query-input":{"@type":"PropertyValueSpecification","valueRequired":true,"valueName":"search_term_string"}}],"inLanguage":"en-US"},{"@type":"Organization","@id":"https:\/\/mulheresacesta.com.br\/en\/#organization","name":"Mulheres \u00e0 Cesta","url":"https:\/\/mulheresacesta.com.br\/en\/","logo":{"@type":"ImageObject","inLanguage":"en-US","@id":"https:\/\/mulheresacesta.com.br\/en\/#\/schema\/logo\/image\/","url":"https:\/\/mulheresacesta.com.br\/wp-content\/uploads\/2020\/10\/mulheres-a-cesta.jpg","contentUrl":"https:\/\/mulheresacesta.com.br\/wp-content\/uploads\/2020\/10\/mulheres-a-cesta.jpg","width":400,"height":300,"caption":"Mulheres \u00e0 Cesta"},"image":{"@id":"https:\/\/mulheresacesta.com.br\/en\/#\/schema\/logo\/image\/"}},{"@type":"Person","@id":"https:\/\/mulheresacesta.com.br\/en\/#\/schema\/person\/11ebd3af76a9fcb3d26c815924faac42","name":"mulheres","sameAs":["http:\/\/localhost\/mulheresacesta"],"url":"https:\/\/mulheresacesta.com.br\/en\/author\/mulheres\/"}]}},"_links":{"self":[{"href":"https:\/\/mulheresacesta.com.br\/en\/wp-json\/wp\/v2\/posts\/2027","targetHints":{"allow":["GET"]}}],"collection":[{"href":"https:\/\/mulheresacesta.com.br\/en\/wp-json\/wp\/v2\/posts"}],"about":[{"href":"https:\/\/mulheresacesta.com.br\/en\/wp-json\/wp\/v2\/types\/post"}],"author":[{"embeddable":true,"href":"https:\/\/mulheresacesta.com.br\/en\/wp-json\/wp\/v2\/users\/1"}],"replies":[{"embeddable":true,"href":"https:\/\/mulheresacesta.com.br\/en\/wp-json\/wp\/v2\/comments?post=2027"}],"version-history":[{"count":1,"href":"https:\/\/mulheresacesta.com.br\/en\/wp-json\/wp\/v2\/posts\/2027\/revisions"}],"predecessor-version":[{"id":2029,"href":"https:\/\/mulheresacesta.com.br\/en\/wp-json\/wp\/v2\/posts\/2027\/revisions\/2029"}],"wp:featuredmedia":[{"embeddable":true,"href":"https:\/\/mulheresacesta.com.br\/en\/wp-json\/wp\/v2\/media\/2028"}],"wp:attachment":[{"href":"https:\/\/mulheresacesta.com.br\/en\/wp-json\/wp\/v2\/media?parent=2027"}],"wp:term":[{"taxonomy":"category","embeddable":true,"href":"https:\/\/mulheresacesta.com.br\/en\/wp-json\/wp\/v2\/categories?post=2027"},{"taxonomy":"post_tag","embeddable":true,"href":"https:\/\/mulheresacesta.com.br\/en\/wp-json\/wp\/v2\/tags?post=2027"}],"curies":[{"name":"wp","href":"https:\/\/api.w.org\/{rel}","templated":true}]}}