{"id":2049,"date":"2021-06-07T15:56:10","date_gmt":"2021-06-07T18:56:10","guid":{"rendered":"https:\/\/mulheresacesta.com.br\/?p=2049"},"modified":"2021-06-07T16:45:58","modified_gmt":"2021-06-07T19:45:58","slug":"saiba-quais-sao-as-jogadoras-que-vao-representar-o-brasil-na-americacup","status":"publish","type":"post","link":"https:\/\/mulheresacesta.com.br\/en\/2021\/06\/saiba-quais-sao-as-jogadoras-que-vao-representar-o-brasil-na-americacup\/","title":{"rendered":"Saiba quais s\u00e3o as jogadoras que v\u00e3o representar o Brasil na AmericaCup"},"content":{"rendered":"\n<p>Agora \u00e9 oficial! A Sele\u00e7\u00e3o Brasileira feminina de basquete definiu os nomes das 12 jogadoras que v\u00e3o representar o Brasil na AmeriCup, que acontece entre os dias 11 at\u00e9 19 de junho, em San Juan, Porto Rico.<\/p>\n\n\n\n<p>A escolha das atletas foi decidida ap\u00f3s duas semanas de treino em Salto, em S\u00e3o Paulo. Ramona j\u00e1 havia se lesionado e a jovem Sara Rodrigues foi dispensada. E Nadia pediu dispensa por quest\u00f5es familiares na \u00faltima sexta-feira. Maria Albiero e Tati Pacheco foram os \u00faltimos cortes.<\/p>\n\n\n\n<p><strong>Armadoras<\/strong><br>D\u00e9bora Costa &#8211; Sampaio Basquete<br>Alana Gon\u00e7alo &#8211; Ituano Basquete<\/p>\n\n\n\n<p><strong>Alas\/Armadoras<\/strong><br>Tain\u00e1 Paix\u00e3o &#8211; SESI Araraquara<br>Patty Teixeira &#8211; Ituano Basquete<br>T\u00e1ssia Carcavalli &#8211; Vera Cruz Campinas<\/p>\n\n\n\n<p><strong>Alas<\/strong><br>Thayn\u00e1 Silva &#8211; Sodi\u00ea Doces\/Mesquita\/LSB<br>Mariane Carvalho &#8211; SESI Araraquara<br>Rapha Monteiro &#8211; Sampaio Basquete<\/p>\n\n\n\n<p><strong>Ala\/piv\u00f4<\/strong><br>Mari Dias &#8211; Ituano Basquete<\/p>\n\n\n\n<p><strong>Piv\u00f4s<\/strong><br>\u00c9rika de Souza &#8211; Ituano Basquete<br>Clarissa dos Santos &#8211; Villeneuve-FRA<br>Kamilla Cardoso &#8211; South Carolina-EUA<\/p>\n\n\n\n<p>O Brasil viaja para San Juan nesta segunda-feira (7 de junho) e ainda pega Ilhas Virgens, Col\u00f4mbia e Canad\u00e1 na primeira fase. Os quatro melhores do grupo avan\u00e7am para as quartas de final, com o duelo entre o 1\u00baA x 4\u00baB, 2\u00baA x 3\u00baB, 1\u00baB x 4\u00baA e 2\u00baB x 3\u00baA. Os quatro semifinalistas se mant\u00eam na briga pelo t\u00edtulo e garantem classifica\u00e7\u00e3o para o Pr\u00e9-Mundial, que ser\u00e1 disputado em fevereiro de 2022.<\/p>\n\n\n\n<p><\/p>\n\n\n\n<p><\/p>\n","protected":false},"excerpt":{"rendered":"<p>Agora \u00e9 oficial! A Sele\u00e7\u00e3o Brasileira feminina de basquete definiu os nomes das 12 jogadoras que v\u00e3o representar o Brasil na AmeriCup, que acontece entre os dias 11 at\u00e9 19 de junho, em San Juan, Porto Rico. A escolha das atletas foi decidida ap\u00f3s duas semanas de treino em Salto, em S\u00e3o Paulo. Ramona j\u00e1 [&hellip;]<\/p>\n","protected":false},"author":1,"featured_media":2050,"comment_status":"open","ping_status":"open","sticky":false,"template":"","format":"standard","meta":{"footnotes":""},"categories":[12],"tags":[75,6],"class_list":["post-2049","post","type-post","status-publish","format-standard","has-post-thumbnail","hentry","category-blog","tag-americacup","tag-basquete"],"acf":[],"yoast_head":"<!-- This site is optimized with the Yoast SEO plugin v26.4 - https:\/\/yoast.com\/wordpress\/plugins\/seo\/ -->\n<title>Saiba quais s\u00e3o as jogadoras que v\u00e3o representar o Brasil na AmericaCup<\/title>\n<meta name=\"description\" content=\"Agora \u00e9 oficial! A Sele\u00e7\u00e3o Brasileira feminina de basquete definiu os nomes das 12 jogadoras que v\u00e3o representar o Brasil na AmeriCup, que acontece entre\" \/>\n<meta name=\"robots\" content=\"index, follow, max-snippet:-1, max-image-preview:large, max-video-preview:-1\" \/>\n<link rel=\"canonical\" href=\"https:\/\/mulheresacesta.com.br\/en\/2021\/06\/saiba-quais-sao-as-jogadoras-que-vao-representar-o-brasil-na-americacup\/\" \/>\n<meta property=\"og:locale\" content=\"en_US\" \/>\n<meta property=\"og:locale:alternate\" content=\"pt_BR\" \/>\n<meta property=\"og:type\" content=\"article\" \/>\n<meta property=\"og:title\" content=\"Saiba quais s\u00e3o as jogadoras que v\u00e3o representar o Brasil na AmericaCup\" \/>\n<meta property=\"og:description\" content=\"Agora \u00e9 oficial! A Sele\u00e7\u00e3o Brasileira feminina de basquete definiu os nomes das 12 jogadoras que v\u00e3o representar o Brasil na AmeriCup, que acontece entre\" \/>\n<meta property=\"og:url\" content=\"https:\/\/mulheresacesta.com.br\/en\/2021\/06\/saiba-quais-sao-as-jogadoras-que-vao-representar-o-brasil-na-americacup\/\" \/>\n<meta property=\"og:site_name\" content=\"Mulheres \u00e0 Cesta\" \/>\n<meta property=\"article:published_time\" content=\"2021-06-07T18:56:10+00:00\" \/>\n<meta property=\"article:modified_time\" content=\"2021-06-07T19:45:58+00:00\" \/>\n<meta property=\"og:image\" content=\"https:\/\/mulheresacesta.com.br\/wp-content\/uploads\/2021\/06\/divulgacao_basquete_widelg.jpg\" \/>\n\t<meta property=\"og:image:width\" content=\"800\" \/>\n\t<meta property=\"og:image:height\" content=\"450\" \/>\n\t<meta property=\"og:image:type\" content=\"image\/jpeg\" \/>\n<meta name=\"author\" content=\"mulheres\" \/>\n<meta name=\"twitter:card\" content=\"summary_large_image\" \/>\n<meta name=\"twitter:label1\" content=\"Written by\" \/>\n\t<meta name=\"twitter:data1\" content=\"mulheres\" \/>\n\t<meta name=\"twitter:label2\" content=\"Est. reading time\" \/>\n\t<meta name=\"twitter:data2\" content=\"1 minute\" \/>\n<script type=\"application\/ld+json\" class=\"yoast-schema-graph\">{\"@context\":\"https:\/\/schema.org\",\"@graph\":[{\"@type\":\"Article\",\"@id\":\"https:\/\/mulheresacesta.com.br\/en\/2021\/06\/saiba-quais-sao-as-jogadoras-que-vao-representar-o-brasil-na-americacup\/#article\",\"isPartOf\":{\"@id\":\"https:\/\/mulheresacesta.com.br\/en\/2021\/06\/saiba-quais-sao-as-jogadoras-que-vao-representar-o-brasil-na-americacup\/\"},\"author\":{\"name\":\"mulheres\",\"@id\":\"https:\/\/mulheresacesta.com.br\/en\/#\/schema\/person\/11ebd3af76a9fcb3d26c815924faac42\"},\"headline\":\"Saiba quais s\u00e3o as jogadoras que v\u00e3o representar o Brasil na AmericaCup\",\"datePublished\":\"2021-06-07T18:56:10+00:00\",\"dateModified\":\"2021-06-07T19:45:58+00:00\",\"mainEntityOfPage\":{\"@id\":\"https:\/\/mulheresacesta.com.br\/en\/2021\/06\/saiba-quais-sao-as-jogadoras-que-vao-representar-o-brasil-na-americacup\/\"},\"wordCount\":247,\"commentCount\":0,\"publisher\":{\"@id\":\"https:\/\/mulheresacesta.com.br\/en\/#organization\"},\"image\":{\"@id\":\"https:\/\/mulheresacesta.com.br\/en\/2021\/06\/saiba-quais-sao-as-jogadoras-que-vao-representar-o-brasil-na-americacup\/#primaryimage\"},\"thumbnailUrl\":\"https:\/\/mulheresacesta.com.br\/wp-content\/uploads\/2021\/06\/divulgacao_basquete_widelg.jpg\",\"keywords\":[\"americacup\",\"basquete\"],\"articleSection\":[\"Blog\"],\"inLanguage\":\"en-US\",\"potentialAction\":[{\"@type\":\"CommentAction\",\"name\":\"Comment\",\"target\":[\"https:\/\/mulheresacesta.com.br\/en\/2021\/06\/saiba-quais-sao-as-jogadoras-que-vao-representar-o-brasil-na-americacup\/#respond\"]}]},{\"@type\":\"WebPage\",\"@id\":\"https:\/\/mulheresacesta.com.br\/en\/2021\/06\/saiba-quais-sao-as-jogadoras-que-vao-representar-o-brasil-na-americacup\/\",\"url\":\"https:\/\/mulheresacesta.com.br\/en\/2021\/06\/saiba-quais-sao-as-jogadoras-que-vao-representar-o-brasil-na-americacup\/\",\"name\":\"Saiba quais s\u00e3o as jogadoras que v\u00e3o representar o Brasil na AmericaCup\",\"isPartOf\":{\"@id\":\"https:\/\/mulheresacesta.com.br\/en\/#website\"},\"primaryImageOfPage\":{\"@id\":\"https:\/\/mulheresacesta.com.br\/en\/2021\/06\/saiba-quais-sao-as-jogadoras-que-vao-representar-o-brasil-na-americacup\/#primaryimage\"},\"image\":{\"@id\":\"https:\/\/mulheresacesta.com.br\/en\/2021\/06\/saiba-quais-sao-as-jogadoras-que-vao-representar-o-brasil-na-americacup\/#primaryimage\"},\"thumbnailUrl\":\"https:\/\/mulheresacesta.com.br\/wp-content\/uploads\/2021\/06\/divulgacao_basquete_widelg.jpg\",\"datePublished\":\"2021-06-07T18:56:10+00:00\",\"dateModified\":\"2021-06-07T19:45:58+00:00\",\"description\":\"Agora \u00e9 oficial! A Sele\u00e7\u00e3o Brasileira feminina de basquete definiu os nomes das 12 jogadoras que v\u00e3o representar o Brasil na AmeriCup, que acontece entre\",\"breadcrumb\":{\"@id\":\"https:\/\/mulheresacesta.com.br\/en\/2021\/06\/saiba-quais-sao-as-jogadoras-que-vao-representar-o-brasil-na-americacup\/#breadcrumb\"},\"inLanguage\":\"en-US\",\"potentialAction\":[{\"@type\":\"ReadAction\",\"target\":[\"https:\/\/mulheresacesta.com.br\/en\/2021\/06\/saiba-quais-sao-as-jogadoras-que-vao-representar-o-brasil-na-americacup\/\"]}]},{\"@type\":\"ImageObject\",\"inLanguage\":\"en-US\",\"@id\":\"https:\/\/mulheresacesta.com.br\/en\/2021\/06\/saiba-quais-sao-as-jogadoras-que-vao-representar-o-brasil-na-americacup\/#primaryimage\",\"url\":\"https:\/\/mulheresacesta.com.br\/wp-content\/uploads\/2021\/06\/divulgacao_basquete_widelg.jpg\",\"contentUrl\":\"https:\/\/mulheresacesta.com.br\/wp-content\/uploads\/2021\/06\/divulgacao_basquete_widelg.jpg\",\"width\":800,\"height\":450},{\"@type\":\"BreadcrumbList\",\"@id\":\"https:\/\/mulheresacesta.com.br\/en\/2021\/06\/saiba-quais-sao-as-jogadoras-que-vao-representar-o-brasil-na-americacup\/#breadcrumb\",\"itemListElement\":[{\"@type\":\"ListItem\",\"position\":1,\"name\":\"In\u00edcio\",\"item\":\"https:\/\/mulheresacesta.com.br\/\"},{\"@type\":\"ListItem\",\"position\":2,\"name\":\"Saiba quais s\u00e3o as jogadoras que v\u00e3o representar o Brasil na AmericaCup\"}]},{\"@type\":\"WebSite\",\"@id\":\"https:\/\/mulheresacesta.com.br\/en\/#website\",\"url\":\"https:\/\/mulheresacesta.com.br\/en\/\",\"name\":\"Mulheres \u00e0 Cesta\",\"description\":\"\",\"publisher\":{\"@id\":\"https:\/\/mulheresacesta.com.br\/en\/#organization\"},\"potentialAction\":[{\"@type\":\"SearchAction\",\"target\":{\"@type\":\"EntryPoint\",\"urlTemplate\":\"https:\/\/mulheresacesta.com.br\/en\/?s={search_term_string}\"},\"query-input\":{\"@type\":\"PropertyValueSpecification\",\"valueRequired\":true,\"valueName\":\"search_term_string\"}}],\"inLanguage\":\"en-US\"},{\"@type\":\"Organization\",\"@id\":\"https:\/\/mulheresacesta.com.br\/en\/#organization\",\"name\":\"Mulheres \u00e0 Cesta\",\"url\":\"https:\/\/mulheresacesta.com.br\/en\/\",\"logo\":{\"@type\":\"ImageObject\",\"inLanguage\":\"en-US\",\"@id\":\"https:\/\/mulheresacesta.com.br\/en\/#\/schema\/logo\/image\/\",\"url\":\"https:\/\/mulheresacesta.com.br\/wp-content\/uploads\/2020\/10\/mulheres-a-cesta.jpg\",\"contentUrl\":\"https:\/\/mulheresacesta.com.br\/wp-content\/uploads\/2020\/10\/mulheres-a-cesta.jpg\",\"width\":400,\"height\":300,\"caption\":\"Mulheres \u00e0 Cesta\"},\"image\":{\"@id\":\"https:\/\/mulheresacesta.com.br\/en\/#\/schema\/logo\/image\/\"}},{\"@type\":\"Person\",\"@id\":\"https:\/\/mulheresacesta.com.br\/en\/#\/schema\/person\/11ebd3af76a9fcb3d26c815924faac42\",\"name\":\"mulheres\",\"sameAs\":[\"http:\/\/localhost\/mulheresacesta\"],\"url\":\"https:\/\/mulheresacesta.com.br\/en\/author\/mulheres\/\"}]}<\/script>\n<!-- \/ Yoast SEO plugin. -->","yoast_head_json":{"title":"Saiba quais s\u00e3o as jogadoras que v\u00e3o representar o Brasil na AmericaCup","description":"Agora \u00e9 oficial! A Sele\u00e7\u00e3o Brasileira feminina de basquete definiu os nomes das 12 jogadoras que v\u00e3o representar o Brasil na AmeriCup, que acontece entre","robots":{"index":"index","follow":"follow","max-snippet":"max-snippet:-1","max-image-preview":"max-image-preview:large","max-video-preview":"max-video-preview:-1"},"canonical":"https:\/\/mulheresacesta.com.br\/en\/2021\/06\/saiba-quais-sao-as-jogadoras-que-vao-representar-o-brasil-na-americacup\/","og_locale":"en_US","og_type":"article","og_title":"[:pt]Saiba quais s\u00e3o as jogadoras que v\u00e3o representar o Brasil na AmericaCup[:] - Mulheres \u00e0 Cesta","og_description":"Agora \u00e9 oficial! A Sele\u00e7\u00e3o Brasileira feminina de basquete definiu os nomes das 12 jogadoras que v\u00e3o representar o Brasil na AmeriCup, que acontece entre","og_url":"https:\/\/mulheresacesta.com.br\/en\/2021\/06\/saiba-quais-sao-as-jogadoras-que-vao-representar-o-brasil-na-americacup\/","og_site_name":"Mulheres \u00e0 Cesta","article_published_time":"2021-06-07T18:56:10+00:00","article_modified_time":"2021-06-07T19:45:58+00:00","og_image":[{"width":800,"height":450,"url":"https:\/\/mulheresacesta.com.br\/wp-content\/uploads\/2021\/06\/divulgacao_basquete_widelg.jpg","type":"image\/jpeg"}],"author":"mulheres","twitter_card":"summary_large_image","twitter_misc":{"Written by":"mulheres","Est. reading time":"1 minute"},"schema":{"@context":"https:\/\/schema.org","@graph":[{"@type":"Article","@id":"https:\/\/mulheresacesta.com.br\/en\/2021\/06\/saiba-quais-sao-as-jogadoras-que-vao-representar-o-brasil-na-americacup\/#article","isPartOf":{"@id":"https:\/\/mulheresacesta.com.br\/en\/2021\/06\/saiba-quais-sao-as-jogadoras-que-vao-representar-o-brasil-na-americacup\/"},"author":{"name":"mulheres","@id":"https:\/\/mulheresacesta.com.br\/en\/#\/schema\/person\/11ebd3af76a9fcb3d26c815924faac42"},"headline":"Saiba quais s\u00e3o as jogadoras que v\u00e3o representar o Brasil na AmericaCup","datePublished":"2021-06-07T18:56:10+00:00","dateModified":"2021-06-07T19:45:58+00:00","mainEntityOfPage":{"@id":"https:\/\/mulheresacesta.com.br\/en\/2021\/06\/saiba-quais-sao-as-jogadoras-que-vao-representar-o-brasil-na-americacup\/"},"wordCount":247,"commentCount":0,"publisher":{"@id":"https:\/\/mulheresacesta.com.br\/en\/#organization"},"image":{"@id":"https:\/\/mulheresacesta.com.br\/en\/2021\/06\/saiba-quais-sao-as-jogadoras-que-vao-representar-o-brasil-na-americacup\/#primaryimage"},"thumbnailUrl":"https:\/\/mulheresacesta.com.br\/wp-content\/uploads\/2021\/06\/divulgacao_basquete_widelg.jpg","keywords":["americacup","basquete"],"articleSection":["Blog"],"inLanguage":"en-US","potentialAction":[{"@type":"CommentAction","name":"Comment","target":["https:\/\/mulheresacesta.com.br\/en\/2021\/06\/saiba-quais-sao-as-jogadoras-que-vao-representar-o-brasil-na-americacup\/#respond"]}]},{"@type":"WebPage","@id":"https:\/\/mulheresacesta.com.br\/en\/2021\/06\/saiba-quais-sao-as-jogadoras-que-vao-representar-o-brasil-na-americacup\/","url":"https:\/\/mulheresacesta.com.br\/en\/2021\/06\/saiba-quais-sao-as-jogadoras-que-vao-representar-o-brasil-na-americacup\/","name":"Saiba quais s\u00e3o as jogadoras que v\u00e3o representar o Brasil na AmericaCup","isPartOf":{"@id":"https:\/\/mulheresacesta.com.br\/en\/#website"},"primaryImageOfPage":{"@id":"https:\/\/mulheresacesta.com.br\/en\/2021\/06\/saiba-quais-sao-as-jogadoras-que-vao-representar-o-brasil-na-americacup\/#primaryimage"},"image":{"@id":"https:\/\/mulheresacesta.com.br\/en\/2021\/06\/saiba-quais-sao-as-jogadoras-que-vao-representar-o-brasil-na-americacup\/#primaryimage"},"thumbnailUrl":"https:\/\/mulheresacesta.com.br\/wp-content\/uploads\/2021\/06\/divulgacao_basquete_widelg.jpg","datePublished":"2021-06-07T18:56:10+00:00","dateModified":"2021-06-07T19:45:58+00:00","description":"Agora \u00e9 oficial! A Sele\u00e7\u00e3o Brasileira feminina de basquete definiu os nomes das 12 jogadoras que v\u00e3o representar o Brasil na AmeriCup, que acontece entre","breadcrumb":{"@id":"https:\/\/mulheresacesta.com.br\/en\/2021\/06\/saiba-quais-sao-as-jogadoras-que-vao-representar-o-brasil-na-americacup\/#breadcrumb"},"inLanguage":"en-US","potentialAction":[{"@type":"ReadAction","target":["https:\/\/mulheresacesta.com.br\/en\/2021\/06\/saiba-quais-sao-as-jogadoras-que-vao-representar-o-brasil-na-americacup\/"]}]},{"@type":"ImageObject","inLanguage":"en-US","@id":"https:\/\/mulheresacesta.com.br\/en\/2021\/06\/saiba-quais-sao-as-jogadoras-que-vao-representar-o-brasil-na-americacup\/#primaryimage","url":"https:\/\/mulheresacesta.com.br\/wp-content\/uploads\/2021\/06\/divulgacao_basquete_widelg.jpg","contentUrl":"https:\/\/mulheresacesta.com.br\/wp-content\/uploads\/2021\/06\/divulgacao_basquete_widelg.jpg","width":800,"height":450},{"@type":"BreadcrumbList","@id":"https:\/\/mulheresacesta.com.br\/en\/2021\/06\/saiba-quais-sao-as-jogadoras-que-vao-representar-o-brasil-na-americacup\/#breadcrumb","itemListElement":[{"@type":"ListItem","position":1,"name":"In\u00edcio","item":"https:\/\/mulheresacesta.com.br\/"},{"@type":"ListItem","position":2,"name":"Saiba quais s\u00e3o as jogadoras que v\u00e3o representar o Brasil na AmericaCup"}]},{"@type":"WebSite","@id":"https:\/\/mulheresacesta.com.br\/en\/#website","url":"https:\/\/mulheresacesta.com.br\/en\/","name":"Mulheres \u00e0 Cesta","description":"","publisher":{"@id":"https:\/\/mulheresacesta.com.br\/en\/#organization"},"potentialAction":[{"@type":"SearchAction","target":{"@type":"EntryPoint","urlTemplate":"https:\/\/mulheresacesta.com.br\/en\/?s={search_term_string}"},"query-input":{"@type":"PropertyValueSpecification","valueRequired":true,"valueName":"search_term_string"}}],"inLanguage":"en-US"},{"@type":"Organization","@id":"https:\/\/mulheresacesta.com.br\/en\/#organization","name":"Mulheres \u00e0 Cesta","url":"https:\/\/mulheresacesta.com.br\/en\/","logo":{"@type":"ImageObject","inLanguage":"en-US","@id":"https:\/\/mulheresacesta.com.br\/en\/#\/schema\/logo\/image\/","url":"https:\/\/mulheresacesta.com.br\/wp-content\/uploads\/2020\/10\/mulheres-a-cesta.jpg","contentUrl":"https:\/\/mulheresacesta.com.br\/wp-content\/uploads\/2020\/10\/mulheres-a-cesta.jpg","width":400,"height":300,"caption":"Mulheres \u00e0 Cesta"},"image":{"@id":"https:\/\/mulheresacesta.com.br\/en\/#\/schema\/logo\/image\/"}},{"@type":"Person","@id":"https:\/\/mulheresacesta.com.br\/en\/#\/schema\/person\/11ebd3af76a9fcb3d26c815924faac42","name":"mulheres","sameAs":["http:\/\/localhost\/mulheresacesta"],"url":"https:\/\/mulheresacesta.com.br\/en\/author\/mulheres\/"}]}},"_links":{"self":[{"href":"https:\/\/mulheresacesta.com.br\/en\/wp-json\/wp\/v2\/posts\/2049","targetHints":{"allow":["GET"]}}],"collection":[{"href":"https:\/\/mulheresacesta.com.br\/en\/wp-json\/wp\/v2\/posts"}],"about":[{"href":"https:\/\/mulheresacesta.com.br\/en\/wp-json\/wp\/v2\/types\/post"}],"author":[{"embeddable":true,"href":"https:\/\/mulheresacesta.com.br\/en\/wp-json\/wp\/v2\/users\/1"}],"replies":[{"embeddable":true,"href":"https:\/\/mulheresacesta.com.br\/en\/wp-json\/wp\/v2\/comments?post=2049"}],"version-history":[{"count":7,"href":"https:\/\/mulheresacesta.com.br\/en\/wp-json\/wp\/v2\/posts\/2049\/revisions"}],"predecessor-version":[{"id":2057,"href":"https:\/\/mulheresacesta.com.br\/en\/wp-json\/wp\/v2\/posts\/2049\/revisions\/2057"}],"wp:featuredmedia":[{"embeddable":true,"href":"https:\/\/mulheresacesta.com.br\/en\/wp-json\/wp\/v2\/media\/2050"}],"wp:attachment":[{"href":"https:\/\/mulheresacesta.com.br\/en\/wp-json\/wp\/v2\/media?parent=2049"}],"wp:term":[{"taxonomy":"category","embeddable":true,"href":"https:\/\/mulheresacesta.com.br\/en\/wp-json\/wp\/v2\/categories?post=2049"},{"taxonomy":"post_tag","embeddable":true,"href":"https:\/\/mulheresacesta.com.br\/en\/wp-json\/wp\/v2\/tags?post=2049"}],"curies":[{"name":"wp","href":"https:\/\/api.w.org\/{rel}","templated":true}]}}