{"id":2060,"date":"2021-06-15T12:47:00","date_gmt":"2021-06-15T15:47:00","guid":{"rendered":"https:\/\/mulheresacesta.com.br\/?p=2060"},"modified":"2021-06-09T13:01:37","modified_gmt":"2021-06-09T16:01:37","slug":"curriculo-de-campea","status":"publish","type":"post","link":"https:\/\/mulheresacesta.com.br\/en\/2021\/06\/curriculo-de-campea\/","title":{"rendered":"Curr\u00edculo de campe\u00e3"},"content":{"rendered":"\n<p>A curitibana Dalila Bulc\u00e3o Mello traz em seu curr\u00edculo o t\u00edtulo de Campe\u00e3 Mundial em 1994, na Austr\u00e1lia.<\/p>\n\n\n\n<p>Descoberta pelo t\u00e9cnico Carlos Schneider, o Xex\u00e9u, a piv\u00f4 deu in\u00edcio \u00e0 sua carreira no basquetebol juvenil do Clube Curitibano, aos 19 anos. Em 1989, foi morar nos Estados Unidos e formou-se em Zootecnia pela Universidade Texas State, defendendo o Lady Buffs at\u00e9 1993. No seu retorno ao Brasil foi convocada para a Sele\u00e7\u00e3o Brasileira e, no ano seguinte, conquistou o t\u00edtulo in\u00e9dito.<\/p>\n\n\n\n<p>\u201cMeu falecido pai, Jo\u00e3o Bulc\u00e3o, era meu maior f\u00e3 e enviava as reportagens dos jornais texanos com todas as estat\u00edsticas poss\u00edveis de cada partida para o presidente da Federa\u00e7\u00e3o Paranaense da \u00e9poca, o Fernando Sanches. Foi gra\u00e7as a eles que fui convocada para aquela sele\u00e7\u00e3o de 1994.\u201d, conta Dalila. S\u00f3 para se ter uma ideia, na temporada 93\/4, Dalila teve m\u00e9dias de 18 pontos, 10,4 rebotes e 3 tocos. N\u00e3o foi \u00e0 toa que jogou durante5 anos pela West Texas A&#038;M University de Canyon, Texas, ganhando 100% de bolsa de estudos, moradia e alimenta\u00e7\u00e3o.<\/p>\n\n\n\n<p>A ex piv\u00f4 encerrou sua carreira aos 24 anos, logo ap\u00f3s a conquista do t\u00edtulo in\u00e9dito. Mas n\u00e3o conseguiu ficar muito tempo afastada da bola laranja. Durante quase 10 anos, trabalhou na Escola Internacional de Curitiba (ISC) como coach de basquetebol das equipes masculina e feminina. E desde 2004 trabalha na Secretaria de Esporte e Lazer de Curitiba (SMELJ), com basquetebol de base desde a inicia\u00e7\u00e3o.<\/p>\n\n\n\n<p>Al\u00e9m disso, a campe\u00e3 mundial retornou as quadras, entre 2000 e 2019, defendendo a Sele\u00e7\u00e3o Brasileira Master. \u201cEssa \u00e9 a melhor fase da carreira! Ser uma jogadora master \u00e9 muito bom, porque \u00e9 um hobby! Claro que temos que ter mesma garra e disposi\u00e7\u00e3o de antigamente, mas dentro de nossos limites.\u201d, completa.<\/p>\n\n\n\n<p>E se voc\u00ea quer saber mais sobre a trajet\u00f3ria dessa campe\u00e3, acompanhe no dia 17 de junho, a participa\u00e7\u00e3o dela na live com Claudia Guedes, a partir das 18 horas, no Instagram @mulheresacesta.<\/p>\n\n\n\n<figure class=\"wp-block-gallery columns-3 is-cropped wp-block-gallery-1 is-layout-flex wp-block-gallery-is-layout-flex\"><ul class=\"blocks-gallery-grid\"><li class=\"blocks-gallery-item\"><figure><img loading=\"lazy\" decoding=\"async\" width=\"402\" height=\"593\" src=\"https:\/\/mulheresacesta.com.br\/wp-content\/uploads\/2021\/06\/1012_Basquete_Dalila_Mello_thumb3.jpg\" alt=\"\" data-id=\"2062\" data-link=\"https:\/\/mulheresacesta.com.br\/?attachment_id=2062\" class=\"wp-image-2062\" srcset=\"https:\/\/mulheresacesta.com.br\/wp-content\/uploads\/2021\/06\/1012_Basquete_Dalila_Mello_thumb3.jpg 402w, https:\/\/mulheresacesta.com.br\/wp-content\/uploads\/2021\/06\/1012_Basquete_Dalila_Mello_thumb3-203x300.jpg 203w\" sizes=\"auto, (max-width: 402px) 100vw, 402px\" \/><\/figure><\/li><li class=\"blocks-gallery-item\"><figure><img loading=\"lazy\" decoding=\"async\" width=\"480\" height=\"360\" src=\"https:\/\/mulheresacesta.com.br\/wp-content\/uploads\/2021\/06\/hqdefault.jpg\" alt=\"\" data-id=\"2065\" data-link=\"https:\/\/mulheresacesta.com.br\/?attachment_id=2065\" class=\"wp-image-2065\" srcset=\"https:\/\/mulheresacesta.com.br\/wp-content\/uploads\/2021\/06\/hqdefault.jpg 480w, https:\/\/mulheresacesta.com.br\/wp-content\/uploads\/2021\/06\/hqdefault-300x225.jpg 300w\" sizes=\"auto, (max-width: 480px) 100vw, 480px\" \/><\/figure><\/li><li class=\"blocks-gallery-item\"><figure><img loading=\"lazy\" decoding=\"async\" width=\"1024\" height=\"576\" src=\"https:\/\/mulheresacesta.com.br\/wp-content\/uploads\/2021\/06\/maxresdefault-1024x576.jpg\" alt=\"\" data-id=\"2066\" data-link=\"https:\/\/mulheresacesta.com.br\/?attachment_id=2066\" class=\"wp-image-2066\" srcset=\"https:\/\/mulheresacesta.com.br\/wp-content\/uploads\/2021\/06\/maxresdefault-1024x576.jpg 1024w, https:\/\/mulheresacesta.com.br\/wp-content\/uploads\/2021\/06\/maxresdefault-300x169.jpg 300w, https:\/\/mulheresacesta.com.br\/wp-content\/uploads\/2021\/06\/maxresdefault-768x432.jpg 768w, https:\/\/mulheresacesta.com.br\/wp-content\/uploads\/2021\/06\/maxresdefault.jpg 1280w\" sizes=\"auto, (max-width: 1024px) 100vw, 1024px\" \/><\/figure><\/li><li class=\"blocks-gallery-item\"><figure><img loading=\"lazy\" decoding=\"async\" width=\"910\" height=\"450\" src=\"https:\/\/mulheresacesta.com.br\/wp-content\/uploads\/2021\/06\/basquete_1560344082.jpg\" alt=\"\" data-id=\"2072\" data-full-url=\"https:\/\/mulheresacesta.com.br\/wp-content\/uploads\/2021\/06\/basquete_1560344082.jpg\" data-link=\"https:\/\/mulheresacesta.com.br\/?attachment_id=2072\" class=\"wp-image-2072\" srcset=\"https:\/\/mulheresacesta.com.br\/wp-content\/uploads\/2021\/06\/basquete_1560344082.jpg 910w, https:\/\/mulheresacesta.com.br\/wp-content\/uploads\/2021\/06\/basquete_1560344082-300x148.jpg 300w, https:\/\/mulheresacesta.com.br\/wp-content\/uploads\/2021\/06\/basquete_1560344082-768x380.jpg 768w\" sizes=\"auto, (max-width: 910px) 100vw, 910px\" \/><\/figure><\/li><\/ul><\/figure>\n","protected":false},"excerpt":{"rendered":"<p>A curitibana Dalila Bulc\u00e3o Mello traz em seu curr\u00edculo o t\u00edtulo de Campe\u00e3 Mundial em 1994, na Austr\u00e1lia. Descoberta pelo t\u00e9cnico Carlos Schneider, o Xex\u00e9u, a piv\u00f4 deu in\u00edcio \u00e0 sua carreira no basquetebol juvenil do Clube Curitibano, aos 19 anos. Em 1989, foi morar nos Estados Unidos e formou-se em Zootecnia pela Universidade Texas [&hellip;]<\/p>\n","protected":false},"author":1,"featured_media":2061,"comment_status":"open","ping_status":"open","sticky":false,"template":"","format":"standard","meta":{"footnotes":""},"categories":[12],"tags":[18,87,84,15],"class_list":["post-2060","post","type-post","status-publish","format-standard","has-post-thumbnail","hentry","category-blog","tag-claudia-guedes","tag-dalila-bulcao-mello","tag-selecao-brasileira","tag-basquete-feminino"],"acf":[],"yoast_head":"<!-- This site is optimized with the Yoast SEO plugin v26.4 - https:\/\/yoast.com\/wordpress\/plugins\/seo\/ -->\n<title>Curr\u00edculo de campe\u00e3<\/title>\n<meta name=\"description\" content=\"A curitibana Dalila Bulc\u00e3o Mello traz em seu curr\u00edculo o t\u00edtulo de Campe\u00e3 Mundial em 1994, na Austr\u00e1lia. Descoberta pelo t\u00e9cnico Carlos Schneider, o\" \/>\n<meta name=\"robots\" content=\"index, follow, max-snippet:-1, max-image-preview:large, max-video-preview:-1\" \/>\n<link rel=\"canonical\" href=\"https:\/\/mulheresacesta.com.br\/en\/2021\/06\/curriculo-de-campea\/\" \/>\n<meta property=\"og:locale\" content=\"en_US\" \/>\n<meta property=\"og:locale:alternate\" content=\"pt_BR\" \/>\n<meta property=\"og:type\" content=\"article\" \/>\n<meta property=\"og:title\" content=\"Curr\u00edculo de campe\u00e3\" \/>\n<meta property=\"og:description\" content=\"A curitibana Dalila Bulc\u00e3o Mello traz em seu curr\u00edculo o t\u00edtulo de Campe\u00e3 Mundial em 1994, na Austr\u00e1lia. Descoberta pelo t\u00e9cnico Carlos Schneider, o\" \/>\n<meta property=\"og:url\" content=\"https:\/\/mulheresacesta.com.br\/en\/2021\/06\/curriculo-de-campea\/\" \/>\n<meta property=\"og:site_name\" content=\"Mulheres \u00e0 Cesta\" \/>\n<meta property=\"article:published_time\" content=\"2021-06-15T15:47:00+00:00\" \/>\n<meta property=\"og:image\" content=\"https:\/\/mulheresacesta.com.br\/wp-content\/uploads\/2021\/06\/DALILA.png\" \/>\n\t<meta property=\"og:image:width\" content=\"1200\" \/>\n\t<meta property=\"og:image:height\" content=\"627\" \/>\n\t<meta property=\"og:image:type\" content=\"image\/png\" \/>\n<meta name=\"author\" content=\"mulheres\" \/>\n<meta name=\"twitter:card\" content=\"summary_large_image\" \/>\n<meta name=\"twitter:label1\" content=\"Written by\" \/>\n\t<meta name=\"twitter:data1\" content=\"mulheres\" \/>\n\t<meta name=\"twitter:label2\" content=\"Est. reading time\" \/>\n\t<meta name=\"twitter:data2\" content=\"2 minutes\" \/>\n<script type=\"application\/ld+json\" class=\"yoast-schema-graph\">{\"@context\":\"https:\/\/schema.org\",\"@graph\":[{\"@type\":\"Article\",\"@id\":\"https:\/\/mulheresacesta.com.br\/en\/2021\/06\/curriculo-de-campea\/#article\",\"isPartOf\":{\"@id\":\"https:\/\/mulheresacesta.com.br\/en\/2021\/06\/curriculo-de-campea\/\"},\"author\":{\"name\":\"mulheres\",\"@id\":\"https:\/\/mulheresacesta.com.br\/en\/#\/schema\/person\/11ebd3af76a9fcb3d26c815924faac42\"},\"headline\":\"Curr\u00edculo de campe\u00e3\",\"datePublished\":\"2021-06-15T15:47:00+00:00\",\"mainEntityOfPage\":{\"@id\":\"https:\/\/mulheresacesta.com.br\/en\/2021\/06\/curriculo-de-campea\/\"},\"wordCount\":342,\"commentCount\":0,\"publisher\":{\"@id\":\"https:\/\/mulheresacesta.com.br\/en\/#organization\"},\"image\":{\"@id\":\"https:\/\/mulheresacesta.com.br\/en\/2021\/06\/curriculo-de-campea\/#primaryimage\"},\"thumbnailUrl\":\"https:\/\/mulheresacesta.com.br\/wp-content\/uploads\/2021\/06\/DALILA.png\",\"keywords\":[\"claudia guedes\",\"Dalila Bulc\u00e3o Mello\",\"sele\u00e7\u00e3o brasileira\",\"basquete feminino\"],\"articleSection\":[\"Blog\"],\"inLanguage\":\"en-US\",\"potentialAction\":[{\"@type\":\"CommentAction\",\"name\":\"Comment\",\"target\":[\"https:\/\/mulheresacesta.com.br\/en\/2021\/06\/curriculo-de-campea\/#respond\"]}]},{\"@type\":\"WebPage\",\"@id\":\"https:\/\/mulheresacesta.com.br\/en\/2021\/06\/curriculo-de-campea\/\",\"url\":\"https:\/\/mulheresacesta.com.br\/en\/2021\/06\/curriculo-de-campea\/\",\"name\":\"Curr\u00edculo de campe\u00e3\",\"isPartOf\":{\"@id\":\"https:\/\/mulheresacesta.com.br\/en\/#website\"},\"primaryImageOfPage\":{\"@id\":\"https:\/\/mulheresacesta.com.br\/en\/2021\/06\/curriculo-de-campea\/#primaryimage\"},\"image\":{\"@id\":\"https:\/\/mulheresacesta.com.br\/en\/2021\/06\/curriculo-de-campea\/#primaryimage\"},\"thumbnailUrl\":\"https:\/\/mulheresacesta.com.br\/wp-content\/uploads\/2021\/06\/DALILA.png\",\"datePublished\":\"2021-06-15T15:47:00+00:00\",\"description\":\"A curitibana Dalila Bulc\u00e3o Mello traz em seu curr\u00edculo o t\u00edtulo de Campe\u00e3 Mundial em 1994, na Austr\u00e1lia. Descoberta pelo t\u00e9cnico Carlos Schneider, o\",\"breadcrumb\":{\"@id\":\"https:\/\/mulheresacesta.com.br\/en\/2021\/06\/curriculo-de-campea\/#breadcrumb\"},\"inLanguage\":\"en-US\",\"potentialAction\":[{\"@type\":\"ReadAction\",\"target\":[\"https:\/\/mulheresacesta.com.br\/en\/2021\/06\/curriculo-de-campea\/\"]}]},{\"@type\":\"ImageObject\",\"inLanguage\":\"en-US\",\"@id\":\"https:\/\/mulheresacesta.com.br\/en\/2021\/06\/curriculo-de-campea\/#primaryimage\",\"url\":\"https:\/\/mulheresacesta.com.br\/wp-content\/uploads\/2021\/06\/DALILA.png\",\"contentUrl\":\"https:\/\/mulheresacesta.com.br\/wp-content\/uploads\/2021\/06\/DALILA.png\",\"width\":1200,\"height\":627},{\"@type\":\"BreadcrumbList\",\"@id\":\"https:\/\/mulheresacesta.com.br\/en\/2021\/06\/curriculo-de-campea\/#breadcrumb\",\"itemListElement\":[{\"@type\":\"ListItem\",\"position\":1,\"name\":\"In\u00edcio\",\"item\":\"https:\/\/mulheresacesta.com.br\/\"},{\"@type\":\"ListItem\",\"position\":2,\"name\":\"Curr\u00edculo de campe\u00e3\"}]},{\"@type\":\"WebSite\",\"@id\":\"https:\/\/mulheresacesta.com.br\/en\/#website\",\"url\":\"https:\/\/mulheresacesta.com.br\/en\/\",\"name\":\"Mulheres \u00e0 Cesta\",\"description\":\"\",\"publisher\":{\"@id\":\"https:\/\/mulheresacesta.com.br\/en\/#organization\"},\"potentialAction\":[{\"@type\":\"SearchAction\",\"target\":{\"@type\":\"EntryPoint\",\"urlTemplate\":\"https:\/\/mulheresacesta.com.br\/en\/?s={search_term_string}\"},\"query-input\":{\"@type\":\"PropertyValueSpecification\",\"valueRequired\":true,\"valueName\":\"search_term_string\"}}],\"inLanguage\":\"en-US\"},{\"@type\":\"Organization\",\"@id\":\"https:\/\/mulheresacesta.com.br\/en\/#organization\",\"name\":\"Mulheres \u00e0 Cesta\",\"url\":\"https:\/\/mulheresacesta.com.br\/en\/\",\"logo\":{\"@type\":\"ImageObject\",\"inLanguage\":\"en-US\",\"@id\":\"https:\/\/mulheresacesta.com.br\/en\/#\/schema\/logo\/image\/\",\"url\":\"https:\/\/mulheresacesta.com.br\/wp-content\/uploads\/2020\/10\/mulheres-a-cesta.jpg\",\"contentUrl\":\"https:\/\/mulheresacesta.com.br\/wp-content\/uploads\/2020\/10\/mulheres-a-cesta.jpg\",\"width\":400,\"height\":300,\"caption\":\"Mulheres \u00e0 Cesta\"},\"image\":{\"@id\":\"https:\/\/mulheresacesta.com.br\/en\/#\/schema\/logo\/image\/\"}},{\"@type\":\"Person\",\"@id\":\"https:\/\/mulheresacesta.com.br\/en\/#\/schema\/person\/11ebd3af76a9fcb3d26c815924faac42\",\"name\":\"mulheres\",\"sameAs\":[\"http:\/\/localhost\/mulheresacesta\"],\"url\":\"https:\/\/mulheresacesta.com.br\/en\/author\/mulheres\/\"}]}<\/script>\n<!-- \/ Yoast SEO plugin. -->","yoast_head_json":{"title":"Curr\u00edculo de campe\u00e3","description":"A curitibana Dalila Bulc\u00e3o Mello traz em seu curr\u00edculo o t\u00edtulo de Campe\u00e3 Mundial em 1994, na Austr\u00e1lia. Descoberta pelo t\u00e9cnico Carlos Schneider, o","robots":{"index":"index","follow":"follow","max-snippet":"max-snippet:-1","max-image-preview":"max-image-preview:large","max-video-preview":"max-video-preview:-1"},"canonical":"https:\/\/mulheresacesta.com.br\/en\/2021\/06\/curriculo-de-campea\/","og_locale":"en_US","og_type":"article","og_title":"[:pt]Curr\u00edculo de campe\u00e3[:] - Mulheres \u00e0 Cesta","og_description":"A curitibana Dalila Bulc\u00e3o Mello traz em seu curr\u00edculo o t\u00edtulo de Campe\u00e3 Mundial em 1994, na Austr\u00e1lia. Descoberta pelo t\u00e9cnico Carlos Schneider, o","og_url":"https:\/\/mulheresacesta.com.br\/en\/2021\/06\/curriculo-de-campea\/","og_site_name":"Mulheres \u00e0 Cesta","article_published_time":"2021-06-15T15:47:00+00:00","og_image":[{"width":1200,"height":627,"url":"https:\/\/mulheresacesta.com.br\/wp-content\/uploads\/2021\/06\/DALILA.png","type":"image\/png"}],"author":"mulheres","twitter_card":"summary_large_image","twitter_misc":{"Written by":"mulheres","Est. reading time":"2 minutes"},"schema":{"@context":"https:\/\/schema.org","@graph":[{"@type":"Article","@id":"https:\/\/mulheresacesta.com.br\/en\/2021\/06\/curriculo-de-campea\/#article","isPartOf":{"@id":"https:\/\/mulheresacesta.com.br\/en\/2021\/06\/curriculo-de-campea\/"},"author":{"name":"mulheres","@id":"https:\/\/mulheresacesta.com.br\/en\/#\/schema\/person\/11ebd3af76a9fcb3d26c815924faac42"},"headline":"Curr\u00edculo de campe\u00e3","datePublished":"2021-06-15T15:47:00+00:00","mainEntityOfPage":{"@id":"https:\/\/mulheresacesta.com.br\/en\/2021\/06\/curriculo-de-campea\/"},"wordCount":342,"commentCount":0,"publisher":{"@id":"https:\/\/mulheresacesta.com.br\/en\/#organization"},"image":{"@id":"https:\/\/mulheresacesta.com.br\/en\/2021\/06\/curriculo-de-campea\/#primaryimage"},"thumbnailUrl":"https:\/\/mulheresacesta.com.br\/wp-content\/uploads\/2021\/06\/DALILA.png","keywords":["claudia guedes","Dalila Bulc\u00e3o Mello","sele\u00e7\u00e3o brasileira","basquete feminino"],"articleSection":["Blog"],"inLanguage":"en-US","potentialAction":[{"@type":"CommentAction","name":"Comment","target":["https:\/\/mulheresacesta.com.br\/en\/2021\/06\/curriculo-de-campea\/#respond"]}]},{"@type":"WebPage","@id":"https:\/\/mulheresacesta.com.br\/en\/2021\/06\/curriculo-de-campea\/","url":"https:\/\/mulheresacesta.com.br\/en\/2021\/06\/curriculo-de-campea\/","name":"Curr\u00edculo de campe\u00e3","isPartOf":{"@id":"https:\/\/mulheresacesta.com.br\/en\/#website"},"primaryImageOfPage":{"@id":"https:\/\/mulheresacesta.com.br\/en\/2021\/06\/curriculo-de-campea\/#primaryimage"},"image":{"@id":"https:\/\/mulheresacesta.com.br\/en\/2021\/06\/curriculo-de-campea\/#primaryimage"},"thumbnailUrl":"https:\/\/mulheresacesta.com.br\/wp-content\/uploads\/2021\/06\/DALILA.png","datePublished":"2021-06-15T15:47:00+00:00","description":"A curitibana Dalila Bulc\u00e3o Mello traz em seu curr\u00edculo o t\u00edtulo de Campe\u00e3 Mundial em 1994, na Austr\u00e1lia. Descoberta pelo t\u00e9cnico Carlos Schneider, o","breadcrumb":{"@id":"https:\/\/mulheresacesta.com.br\/en\/2021\/06\/curriculo-de-campea\/#breadcrumb"},"inLanguage":"en-US","potentialAction":[{"@type":"ReadAction","target":["https:\/\/mulheresacesta.com.br\/en\/2021\/06\/curriculo-de-campea\/"]}]},{"@type":"ImageObject","inLanguage":"en-US","@id":"https:\/\/mulheresacesta.com.br\/en\/2021\/06\/curriculo-de-campea\/#primaryimage","url":"https:\/\/mulheresacesta.com.br\/wp-content\/uploads\/2021\/06\/DALILA.png","contentUrl":"https:\/\/mulheresacesta.com.br\/wp-content\/uploads\/2021\/06\/DALILA.png","width":1200,"height":627},{"@type":"BreadcrumbList","@id":"https:\/\/mulheresacesta.com.br\/en\/2021\/06\/curriculo-de-campea\/#breadcrumb","itemListElement":[{"@type":"ListItem","position":1,"name":"In\u00edcio","item":"https:\/\/mulheresacesta.com.br\/"},{"@type":"ListItem","position":2,"name":"Curr\u00edculo de campe\u00e3"}]},{"@type":"WebSite","@id":"https:\/\/mulheresacesta.com.br\/en\/#website","url":"https:\/\/mulheresacesta.com.br\/en\/","name":"Mulheres \u00e0 Cesta","description":"","publisher":{"@id":"https:\/\/mulheresacesta.com.br\/en\/#organization"},"potentialAction":[{"@type":"SearchAction","target":{"@type":"EntryPoint","urlTemplate":"https:\/\/mulheresacesta.com.br\/en\/?s={search_term_string}"},"query-input":{"@type":"PropertyValueSpecification","valueRequired":true,"valueName":"search_term_string"}}],"inLanguage":"en-US"},{"@type":"Organization","@id":"https:\/\/mulheresacesta.com.br\/en\/#organization","name":"Mulheres \u00e0 Cesta","url":"https:\/\/mulheresacesta.com.br\/en\/","logo":{"@type":"ImageObject","inLanguage":"en-US","@id":"https:\/\/mulheresacesta.com.br\/en\/#\/schema\/logo\/image\/","url":"https:\/\/mulheresacesta.com.br\/wp-content\/uploads\/2020\/10\/mulheres-a-cesta.jpg","contentUrl":"https:\/\/mulheresacesta.com.br\/wp-content\/uploads\/2020\/10\/mulheres-a-cesta.jpg","width":400,"height":300,"caption":"Mulheres \u00e0 Cesta"},"image":{"@id":"https:\/\/mulheresacesta.com.br\/en\/#\/schema\/logo\/image\/"}},{"@type":"Person","@id":"https:\/\/mulheresacesta.com.br\/en\/#\/schema\/person\/11ebd3af76a9fcb3d26c815924faac42","name":"mulheres","sameAs":["http:\/\/localhost\/mulheresacesta"],"url":"https:\/\/mulheresacesta.com.br\/en\/author\/mulheres\/"}]}},"_links":{"self":[{"href":"https:\/\/mulheresacesta.com.br\/en\/wp-json\/wp\/v2\/posts\/2060","targetHints":{"allow":["GET"]}}],"collection":[{"href":"https:\/\/mulheresacesta.com.br\/en\/wp-json\/wp\/v2\/posts"}],"about":[{"href":"https:\/\/mulheresacesta.com.br\/en\/wp-json\/wp\/v2\/types\/post"}],"author":[{"embeddable":true,"href":"https:\/\/mulheresacesta.com.br\/en\/wp-json\/wp\/v2\/users\/1"}],"replies":[{"embeddable":true,"href":"https:\/\/mulheresacesta.com.br\/en\/wp-json\/wp\/v2\/comments?post=2060"}],"version-history":[{"count":5,"href":"https:\/\/mulheresacesta.com.br\/en\/wp-json\/wp\/v2\/posts\/2060\/revisions"}],"predecessor-version":[{"id":2074,"href":"https:\/\/mulheresacesta.com.br\/en\/wp-json\/wp\/v2\/posts\/2060\/revisions\/2074"}],"wp:featuredmedia":[{"embeddable":true,"href":"https:\/\/mulheresacesta.com.br\/en\/wp-json\/wp\/v2\/media\/2061"}],"wp:attachment":[{"href":"https:\/\/mulheresacesta.com.br\/en\/wp-json\/wp\/v2\/media?parent=2060"}],"wp:term":[{"taxonomy":"category","embeddable":true,"href":"https:\/\/mulheresacesta.com.br\/en\/wp-json\/wp\/v2\/categories?post=2060"},{"taxonomy":"post_tag","embeddable":true,"href":"https:\/\/mulheresacesta.com.br\/en\/wp-json\/wp\/v2\/tags?post=2060"}],"curies":[{"name":"wp","href":"https:\/\/api.w.org\/{rel}","templated":true}]}}