{"id":2121,"date":"2021-06-24T16:57:42","date_gmt":"2021-06-24T19:57:42","guid":{"rendered":"https:\/\/mulheresacesta.com.br\/?p=2121"},"modified":"2021-06-24T17:23:47","modified_gmt":"2021-06-24T20:23:47","slug":"mundial-sub-19","status":"publish","type":"post","link":"https:\/\/mulheresacesta.com.br\/en\/2021\/06\/mundial-sub-19\/","title":{"rendered":"Mundial Sub-19"},"content":{"rendered":"\n<p>Esse ano, o Mundial Sub-19 de Basquete Feminino acontece entre os dias 7 e 15 de agosto, em Debrecen, na Hungria. A competi\u00e7\u00e3o marca o retorno da sele\u00e7\u00e3o brasileira feminina a um Mundial de base.<\/p>\n\n\n\n<p>O Brasil disputaria a Copa Am\u00e9rica Sub-19 para conquistar a vaga para o Mundial. Mas a pandemia fez com que a Fiba cancelasse a competi\u00e7\u00e3o e desse a classifica\u00e7\u00e3o atrav\u00e9s do ranqueamento. Assim, a sele\u00e7\u00e3o brasileira se garantiu diretamente no torneio.<\/p>\n\n\n\n<p>O Brasil est\u00e1 no Grupo C e estreia diante da Fran\u00e7a no dia 7, um s\u00e1bado, a partir das 7h30 (de Bras\u00edlia). O time ainda pega Espanha e Coreia do Sul na primeira fase.<\/p>\n\n\n\n<p>Pela f\u00f3rmula de disputa, os 16 times jogam dentro das suas chaves para definir o ranqueamento das oitavas de final. Nesse est\u00e1gio, o Grupo C, do Brasil, cruzaria as sele\u00e7\u00f5es do Grupo D, que conta com Mali, Canad\u00e1, Jap\u00e3o e Rep\u00fablica Checa, indo em seguida para as quartas de final, semifinais e decis\u00e3o do torneio, no dia 15.<\/p>\n\n\n\n<p><strong>Confira a tabela do Brasil na 1.\u00aa fase do Mundial Sub-19 Feminino:<\/strong><\/p>\n\n\n\n<p>07\/08 (s\u00e1bado) :7h30 &#8211; Brasil x Fran\u00e7a<br>08\/08 (domingo) :7 horas &#8211; Brasil x Espanha<br>10\/08 (ter\u00e7a-feira): 4h30 &#8211; Brasil x Coreia do Sul<\/p>\n","protected":false},"excerpt":{"rendered":"<p>Esse ano, o Mundial Sub-19 de Basquete Feminino acontece entre os dias 7 e 15 de agosto, em Debrecen, na Hungria. A competi\u00e7\u00e3o marca o retorno da sele\u00e7\u00e3o brasileira feminina a um Mundial de base. O Brasil disputaria a Copa Am\u00e9rica Sub-19 para conquistar a vaga para o Mundial. Mas a pandemia fez com que [&hellip;]<\/p>\n","protected":false},"author":1,"featured_media":2122,"comment_status":"open","ping_status":"open","sticky":false,"template":"","format":"standard","meta":{"footnotes":""},"categories":[12],"tags":[18,94,15],"class_list":["post-2121","post","type-post","status-publish","format-standard","has-post-thumbnail","hentry","category-blog","tag-claudia-guedes","tag-mundial-sub-19-de-basquete-feminino","tag-basquete-feminino"],"acf":[],"yoast_head":"<!-- This site is optimized with the Yoast SEO plugin v26.4 - https:\/\/yoast.com\/wordpress\/plugins\/seo\/ -->\n<title>Mundial Sub-19<\/title>\n<meta name=\"description\" content=\"Esse ano, o Mundial Sub-19 de Basquete Feminino acontece entre os dias 7 e 15 de agosto, em Debrecen, na Hungria. A competi\u00e7\u00e3o marca o retorno da sele\u00e7\u00e3o\" \/>\n<meta name=\"robots\" content=\"index, follow, max-snippet:-1, max-image-preview:large, max-video-preview:-1\" \/>\n<link rel=\"canonical\" href=\"https:\/\/mulheresacesta.com.br\/en\/2021\/06\/mundial-sub-19\/\" \/>\n<meta property=\"og:locale\" content=\"en_US\" \/>\n<meta property=\"og:locale:alternate\" content=\"pt_BR\" \/>\n<meta property=\"og:type\" content=\"article\" \/>\n<meta property=\"og:title\" content=\"Mundial Sub-19\" \/>\n<meta property=\"og:description\" content=\"Esse ano, o Mundial Sub-19 de Basquete Feminino acontece entre os dias 7 e 15 de agosto, em Debrecen, na Hungria. A competi\u00e7\u00e3o marca o retorno da sele\u00e7\u00e3o\" \/>\n<meta property=\"og:url\" content=\"https:\/\/mulheresacesta.com.br\/en\/2021\/06\/mundial-sub-19\/\" \/>\n<meta property=\"og:site_name\" content=\"Mulheres \u00e0 Cesta\" \/>\n<meta property=\"article:published_time\" content=\"2021-06-24T19:57:42+00:00\" \/>\n<meta property=\"article:modified_time\" content=\"2021-06-24T20:23:47+00:00\" \/>\n<meta property=\"og:image\" content=\"https:\/\/mulheresacesta.com.br\/wp-content\/uploads\/2021\/06\/Untitled-3-1.png\" \/>\n\t<meta property=\"og:image:width\" content=\"2160\" \/>\n\t<meta property=\"og:image:height\" content=\"1080\" \/>\n\t<meta property=\"og:image:type\" content=\"image\/png\" \/>\n<meta name=\"author\" content=\"mulheres\" \/>\n<meta name=\"twitter:card\" content=\"summary_large_image\" \/>\n<meta name=\"twitter:label1\" content=\"Written by\" \/>\n\t<meta name=\"twitter:data1\" content=\"mulheres\" \/>\n\t<meta name=\"twitter:label2\" content=\"Est. reading time\" \/>\n\t<meta name=\"twitter:data2\" content=\"1 minute\" \/>\n<script type=\"application\/ld+json\" class=\"yoast-schema-graph\">{\"@context\":\"https:\/\/schema.org\",\"@graph\":[{\"@type\":\"Article\",\"@id\":\"https:\/\/mulheresacesta.com.br\/en\/2021\/06\/mundial-sub-19\/#article\",\"isPartOf\":{\"@id\":\"https:\/\/mulheresacesta.com.br\/en\/2021\/06\/mundial-sub-19\/\"},\"author\":{\"name\":\"mulheres\",\"@id\":\"https:\/\/mulheresacesta.com.br\/en\/#\/schema\/person\/11ebd3af76a9fcb3d26c815924faac42\"},\"headline\":\"Mundial Sub-19\",\"datePublished\":\"2021-06-24T19:57:42+00:00\",\"dateModified\":\"2021-06-24T20:23:47+00:00\",\"mainEntityOfPage\":{\"@id\":\"https:\/\/mulheresacesta.com.br\/en\/2021\/06\/mundial-sub-19\/\"},\"wordCount\":217,\"commentCount\":0,\"publisher\":{\"@id\":\"https:\/\/mulheresacesta.com.br\/en\/#organization\"},\"image\":{\"@id\":\"https:\/\/mulheresacesta.com.br\/en\/2021\/06\/mundial-sub-19\/#primaryimage\"},\"thumbnailUrl\":\"https:\/\/mulheresacesta.com.br\/wp-content\/uploads\/2021\/06\/Untitled-3-1.png\",\"keywords\":[\"claudia guedes\",\"Mundial Sub-19 de Basquete Feminino\",\"basquete feminino\"],\"articleSection\":[\"Blog\"],\"inLanguage\":\"en-US\",\"potentialAction\":[{\"@type\":\"CommentAction\",\"name\":\"Comment\",\"target\":[\"https:\/\/mulheresacesta.com.br\/en\/2021\/06\/mundial-sub-19\/#respond\"]}]},{\"@type\":\"WebPage\",\"@id\":\"https:\/\/mulheresacesta.com.br\/en\/2021\/06\/mundial-sub-19\/\",\"url\":\"https:\/\/mulheresacesta.com.br\/en\/2021\/06\/mundial-sub-19\/\",\"name\":\"Mundial Sub-19\",\"isPartOf\":{\"@id\":\"https:\/\/mulheresacesta.com.br\/en\/#website\"},\"primaryImageOfPage\":{\"@id\":\"https:\/\/mulheresacesta.com.br\/en\/2021\/06\/mundial-sub-19\/#primaryimage\"},\"image\":{\"@id\":\"https:\/\/mulheresacesta.com.br\/en\/2021\/06\/mundial-sub-19\/#primaryimage\"},\"thumbnailUrl\":\"https:\/\/mulheresacesta.com.br\/wp-content\/uploads\/2021\/06\/Untitled-3-1.png\",\"datePublished\":\"2021-06-24T19:57:42+00:00\",\"dateModified\":\"2021-06-24T20:23:47+00:00\",\"description\":\"Esse ano, o Mundial Sub-19 de Basquete Feminino acontece entre os dias 7 e 15 de agosto, em Debrecen, na Hungria. A competi\u00e7\u00e3o marca o retorno da sele\u00e7\u00e3o\",\"breadcrumb\":{\"@id\":\"https:\/\/mulheresacesta.com.br\/en\/2021\/06\/mundial-sub-19\/#breadcrumb\"},\"inLanguage\":\"en-US\",\"potentialAction\":[{\"@type\":\"ReadAction\",\"target\":[\"https:\/\/mulheresacesta.com.br\/en\/2021\/06\/mundial-sub-19\/\"]}]},{\"@type\":\"ImageObject\",\"inLanguage\":\"en-US\",\"@id\":\"https:\/\/mulheresacesta.com.br\/en\/2021\/06\/mundial-sub-19\/#primaryimage\",\"url\":\"https:\/\/mulheresacesta.com.br\/wp-content\/uploads\/2021\/06\/Untitled-3-1.png\",\"contentUrl\":\"https:\/\/mulheresacesta.com.br\/wp-content\/uploads\/2021\/06\/Untitled-3-1.png\",\"width\":2160,\"height\":1080},{\"@type\":\"BreadcrumbList\",\"@id\":\"https:\/\/mulheresacesta.com.br\/en\/2021\/06\/mundial-sub-19\/#breadcrumb\",\"itemListElement\":[{\"@type\":\"ListItem\",\"position\":1,\"name\":\"In\u00edcio\",\"item\":\"https:\/\/mulheresacesta.com.br\/\"},{\"@type\":\"ListItem\",\"position\":2,\"name\":\"Mundial Sub-19\"}]},{\"@type\":\"WebSite\",\"@id\":\"https:\/\/mulheresacesta.com.br\/en\/#website\",\"url\":\"https:\/\/mulheresacesta.com.br\/en\/\",\"name\":\"Mulheres \u00e0 Cesta\",\"description\":\"\",\"publisher\":{\"@id\":\"https:\/\/mulheresacesta.com.br\/en\/#organization\"},\"potentialAction\":[{\"@type\":\"SearchAction\",\"target\":{\"@type\":\"EntryPoint\",\"urlTemplate\":\"https:\/\/mulheresacesta.com.br\/en\/?s={search_term_string}\"},\"query-input\":{\"@type\":\"PropertyValueSpecification\",\"valueRequired\":true,\"valueName\":\"search_term_string\"}}],\"inLanguage\":\"en-US\"},{\"@type\":\"Organization\",\"@id\":\"https:\/\/mulheresacesta.com.br\/en\/#organization\",\"name\":\"Mulheres \u00e0 Cesta\",\"url\":\"https:\/\/mulheresacesta.com.br\/en\/\",\"logo\":{\"@type\":\"ImageObject\",\"inLanguage\":\"en-US\",\"@id\":\"https:\/\/mulheresacesta.com.br\/en\/#\/schema\/logo\/image\/\",\"url\":\"https:\/\/mulheresacesta.com.br\/wp-content\/uploads\/2020\/10\/mulheres-a-cesta.jpg\",\"contentUrl\":\"https:\/\/mulheresacesta.com.br\/wp-content\/uploads\/2020\/10\/mulheres-a-cesta.jpg\",\"width\":400,\"height\":300,\"caption\":\"Mulheres \u00e0 Cesta\"},\"image\":{\"@id\":\"https:\/\/mulheresacesta.com.br\/en\/#\/schema\/logo\/image\/\"}},{\"@type\":\"Person\",\"@id\":\"https:\/\/mulheresacesta.com.br\/en\/#\/schema\/person\/11ebd3af76a9fcb3d26c815924faac42\",\"name\":\"mulheres\",\"sameAs\":[\"http:\/\/localhost\/mulheresacesta\"],\"url\":\"https:\/\/mulheresacesta.com.br\/en\/author\/mulheres\/\"}]}<\/script>\n<!-- \/ Yoast SEO plugin. -->","yoast_head_json":{"title":"Mundial Sub-19","description":"Esse ano, o Mundial Sub-19 de Basquete Feminino acontece entre os dias 7 e 15 de agosto, em Debrecen, na Hungria. A competi\u00e7\u00e3o marca o retorno da sele\u00e7\u00e3o","robots":{"index":"index","follow":"follow","max-snippet":"max-snippet:-1","max-image-preview":"max-image-preview:large","max-video-preview":"max-video-preview:-1"},"canonical":"https:\/\/mulheresacesta.com.br\/en\/2021\/06\/mundial-sub-19\/","og_locale":"en_US","og_type":"article","og_title":"[:pt]Mundial Sub-19[:] - Mulheres \u00e0 Cesta","og_description":"Esse ano, o Mundial Sub-19 de Basquete Feminino acontece entre os dias 7 e 15 de agosto, em Debrecen, na Hungria. A competi\u00e7\u00e3o marca o retorno da sele\u00e7\u00e3o","og_url":"https:\/\/mulheresacesta.com.br\/en\/2021\/06\/mundial-sub-19\/","og_site_name":"Mulheres \u00e0 Cesta","article_published_time":"2021-06-24T19:57:42+00:00","article_modified_time":"2021-06-24T20:23:47+00:00","og_image":[{"width":2160,"height":1080,"url":"https:\/\/mulheresacesta.com.br\/wp-content\/uploads\/2021\/06\/Untitled-3-1.png","type":"image\/png"}],"author":"mulheres","twitter_card":"summary_large_image","twitter_misc":{"Written by":"mulheres","Est. reading time":"1 minute"},"schema":{"@context":"https:\/\/schema.org","@graph":[{"@type":"Article","@id":"https:\/\/mulheresacesta.com.br\/en\/2021\/06\/mundial-sub-19\/#article","isPartOf":{"@id":"https:\/\/mulheresacesta.com.br\/en\/2021\/06\/mundial-sub-19\/"},"author":{"name":"mulheres","@id":"https:\/\/mulheresacesta.com.br\/en\/#\/schema\/person\/11ebd3af76a9fcb3d26c815924faac42"},"headline":"Mundial Sub-19","datePublished":"2021-06-24T19:57:42+00:00","dateModified":"2021-06-24T20:23:47+00:00","mainEntityOfPage":{"@id":"https:\/\/mulheresacesta.com.br\/en\/2021\/06\/mundial-sub-19\/"},"wordCount":217,"commentCount":0,"publisher":{"@id":"https:\/\/mulheresacesta.com.br\/en\/#organization"},"image":{"@id":"https:\/\/mulheresacesta.com.br\/en\/2021\/06\/mundial-sub-19\/#primaryimage"},"thumbnailUrl":"https:\/\/mulheresacesta.com.br\/wp-content\/uploads\/2021\/06\/Untitled-3-1.png","keywords":["claudia guedes","Mundial Sub-19 de Basquete Feminino","basquete feminino"],"articleSection":["Blog"],"inLanguage":"en-US","potentialAction":[{"@type":"CommentAction","name":"Comment","target":["https:\/\/mulheresacesta.com.br\/en\/2021\/06\/mundial-sub-19\/#respond"]}]},{"@type":"WebPage","@id":"https:\/\/mulheresacesta.com.br\/en\/2021\/06\/mundial-sub-19\/","url":"https:\/\/mulheresacesta.com.br\/en\/2021\/06\/mundial-sub-19\/","name":"Mundial Sub-19","isPartOf":{"@id":"https:\/\/mulheresacesta.com.br\/en\/#website"},"primaryImageOfPage":{"@id":"https:\/\/mulheresacesta.com.br\/en\/2021\/06\/mundial-sub-19\/#primaryimage"},"image":{"@id":"https:\/\/mulheresacesta.com.br\/en\/2021\/06\/mundial-sub-19\/#primaryimage"},"thumbnailUrl":"https:\/\/mulheresacesta.com.br\/wp-content\/uploads\/2021\/06\/Untitled-3-1.png","datePublished":"2021-06-24T19:57:42+00:00","dateModified":"2021-06-24T20:23:47+00:00","description":"Esse ano, o Mundial Sub-19 de Basquete Feminino acontece entre os dias 7 e 15 de agosto, em Debrecen, na Hungria. A competi\u00e7\u00e3o marca o retorno da sele\u00e7\u00e3o","breadcrumb":{"@id":"https:\/\/mulheresacesta.com.br\/en\/2021\/06\/mundial-sub-19\/#breadcrumb"},"inLanguage":"en-US","potentialAction":[{"@type":"ReadAction","target":["https:\/\/mulheresacesta.com.br\/en\/2021\/06\/mundial-sub-19\/"]}]},{"@type":"ImageObject","inLanguage":"en-US","@id":"https:\/\/mulheresacesta.com.br\/en\/2021\/06\/mundial-sub-19\/#primaryimage","url":"https:\/\/mulheresacesta.com.br\/wp-content\/uploads\/2021\/06\/Untitled-3-1.png","contentUrl":"https:\/\/mulheresacesta.com.br\/wp-content\/uploads\/2021\/06\/Untitled-3-1.png","width":2160,"height":1080},{"@type":"BreadcrumbList","@id":"https:\/\/mulheresacesta.com.br\/en\/2021\/06\/mundial-sub-19\/#breadcrumb","itemListElement":[{"@type":"ListItem","position":1,"name":"In\u00edcio","item":"https:\/\/mulheresacesta.com.br\/"},{"@type":"ListItem","position":2,"name":"Mundial Sub-19"}]},{"@type":"WebSite","@id":"https:\/\/mulheresacesta.com.br\/en\/#website","url":"https:\/\/mulheresacesta.com.br\/en\/","name":"Mulheres \u00e0 Cesta","description":"","publisher":{"@id":"https:\/\/mulheresacesta.com.br\/en\/#organization"},"potentialAction":[{"@type":"SearchAction","target":{"@type":"EntryPoint","urlTemplate":"https:\/\/mulheresacesta.com.br\/en\/?s={search_term_string}"},"query-input":{"@type":"PropertyValueSpecification","valueRequired":true,"valueName":"search_term_string"}}],"inLanguage":"en-US"},{"@type":"Organization","@id":"https:\/\/mulheresacesta.com.br\/en\/#organization","name":"Mulheres \u00e0 Cesta","url":"https:\/\/mulheresacesta.com.br\/en\/","logo":{"@type":"ImageObject","inLanguage":"en-US","@id":"https:\/\/mulheresacesta.com.br\/en\/#\/schema\/logo\/image\/","url":"https:\/\/mulheresacesta.com.br\/wp-content\/uploads\/2020\/10\/mulheres-a-cesta.jpg","contentUrl":"https:\/\/mulheresacesta.com.br\/wp-content\/uploads\/2020\/10\/mulheres-a-cesta.jpg","width":400,"height":300,"caption":"Mulheres \u00e0 Cesta"},"image":{"@id":"https:\/\/mulheresacesta.com.br\/en\/#\/schema\/logo\/image\/"}},{"@type":"Person","@id":"https:\/\/mulheresacesta.com.br\/en\/#\/schema\/person\/11ebd3af76a9fcb3d26c815924faac42","name":"mulheres","sameAs":["http:\/\/localhost\/mulheresacesta"],"url":"https:\/\/mulheresacesta.com.br\/en\/author\/mulheres\/"}]}},"_links":{"self":[{"href":"https:\/\/mulheresacesta.com.br\/en\/wp-json\/wp\/v2\/posts\/2121","targetHints":{"allow":["GET"]}}],"collection":[{"href":"https:\/\/mulheresacesta.com.br\/en\/wp-json\/wp\/v2\/posts"}],"about":[{"href":"https:\/\/mulheresacesta.com.br\/en\/wp-json\/wp\/v2\/types\/post"}],"author":[{"embeddable":true,"href":"https:\/\/mulheresacesta.com.br\/en\/wp-json\/wp\/v2\/users\/1"}],"replies":[{"embeddable":true,"href":"https:\/\/mulheresacesta.com.br\/en\/wp-json\/wp\/v2\/comments?post=2121"}],"version-history":[{"count":1,"href":"https:\/\/mulheresacesta.com.br\/en\/wp-json\/wp\/v2\/posts\/2121\/revisions"}],"predecessor-version":[{"id":2123,"href":"https:\/\/mulheresacesta.com.br\/en\/wp-json\/wp\/v2\/posts\/2121\/revisions\/2123"}],"wp:featuredmedia":[{"embeddable":true,"href":"https:\/\/mulheresacesta.com.br\/en\/wp-json\/wp\/v2\/media\/2122"}],"wp:attachment":[{"href":"https:\/\/mulheresacesta.com.br\/en\/wp-json\/wp\/v2\/media?parent=2121"}],"wp:term":[{"taxonomy":"category","embeddable":true,"href":"https:\/\/mulheresacesta.com.br\/en\/wp-json\/wp\/v2\/categories?post=2121"},{"taxonomy":"post_tag","embeddable":true,"href":"https:\/\/mulheresacesta.com.br\/en\/wp-json\/wp\/v2\/tags?post=2121"}],"curies":[{"name":"wp","href":"https:\/\/api.w.org\/{rel}","templated":true}]}}