{"id":2168,"date":"2021-07-09T15:41:00","date_gmt":"2021-07-09T18:41:00","guid":{"rendered":"https:\/\/mulheresacesta.com.br\/?p=2168"},"modified":"2023-09-22T17:29:30","modified_gmt":"2023-09-22T20:29:30","slug":"historia-de-hortencia-e-paula-vai-parar-nas-telonas","status":"publish","type":"post","link":"https:\/\/mulheresacesta.com.br\/en\/2021\/07\/historia-de-hortencia-e-paula-vai-parar-nas-telonas\/","title":{"rendered":"Hist\u00f3ria de Hort\u00eancia e Paula vai parar nas telonas"},"content":{"rendered":"\n<p>Dois dos maiores nomes da hist\u00f3ria do esporte brasileiro, Magic Paula e Hort\u00eancia v\u00e3o virar filme, em breve. Isso porque a Ancine, Ag\u00eancia Nacional do Cinema, deu o aval \u00e0 produtora Caf\u00e9 Royal em janeiro para arrecadar R$ 6,9 milh\u00f5es e produzir o longa.<\/p>\n\n\n\n<p>O filme ser\u00e1 feito por equipe formada majoritariamente por mulheres. A dire\u00e7\u00e3o fica por conta de Georgia Guerra, que fez sua estreia na fun\u00e7\u00e3o com o document\u00e1rio O samba que mora em mim, de 2010.<\/p>\n\n\n\n<p>O longa-metragem ser\u00e1 uma fic\u00e7\u00e3o inspirada na hist\u00f3ria de vida da dupla. O recorte temporal vai de 1989 at\u00e9 1996, passando pela hist\u00f3rica conquista do Pan de Havana, em 1991, do Mundial da Austr\u00e1lia em 1994 e da medalha Ol\u00edmpica em Atlanta 1996. As imagens dos jogos ser\u00e3o as originais, gra\u00e7as a um grande trabalho de roteiro e pesquisa.<\/p>\n\n\n\n<p>Nas telonas, Hort\u00eancia ser\u00e1 vivida por Let\u00edcia Colin. J\u00e1 o papel de Magic Paula ficar\u00e1 com Camila M\u00e1rdila.<\/p>\n\n\n\n<p>Atualmente, Hort\u00eancia \u00e9 empres\u00e1ria, palestrante e faz parte do time de comentaristas da Rede Globo. J\u00e1 Magic Paula foi eleita recentemente para ser vice-presidente da Confedera\u00e7\u00e3o Brasileira de Baskteball.<\/p>\n\n\n\n<p><strong>Elenco<\/strong><\/p>\n\n\n\n<p>Let\u00edcia Colin estreou na TV em 2000, no seriado &#8216;Sandy &#038; Junior&#8217;, e \u00e9 conhecida por interpretar, entre outras personagens, Rosa, na novela &#8216;Segundo Sol&#8217;, e Amanda, da s\u00e9rie dram\u00e1tica &#8216;Onde Est\u00e1 Meu Cora\u00e7\u00e3o&#8217;, em que atua como uma m\u00e9dica que, mais tarde, se torna viciada em crack. Ambas as produ\u00e7\u00f5es s\u00e3o da Rede Globo. A paulista de 31 anos j\u00e1 trabalhou na Band, Record e HBO antes de voltar a ser global em 2013. Al\u00e9m disso, Colin jogou basquete na adolesc\u00eancia, incentivada pelos pais, professores de Educa\u00e7\u00e3o F\u00edsica.<\/p>\n\n\n\n<div class=\"wp-block-image\"><figure class=\"aligncenter size-large is-resized\"><img loading=\"lazy\" decoding=\"async\" src=\"https:\/\/mulheresacesta.com.br\/wp-content\/uploads\/2021\/07\/leticia-colin-1.jpg\" alt=\"\" class=\"wp-image-2172\" width=\"496\" height=\"278\" srcset=\"https:\/\/mulheresacesta.com.br\/wp-content\/uploads\/2021\/07\/leticia-colin-1.jpg 960w, https:\/\/mulheresacesta.com.br\/wp-content\/uploads\/2021\/07\/leticia-colin-1-300x168.jpg 300w, https:\/\/mulheresacesta.com.br\/wp-content\/uploads\/2021\/07\/leticia-colin-1-768x431.jpg 768w\" sizes=\"auto, (max-width: 496px) 100vw, 496px\" \/><\/figure><\/div>\n\n\n\n<p>Por sua vez, Camila M\u00e1rdila, que ser\u00e1 Paula, ganhou notoriedade ao participar do filme &#8216;Que horas ela volta?&#8217; como a personagem J\u00e9ssica, filha da protagonista Val, interpretada por Regina Cas\u00e9. Sua estreia no hor\u00e1rio nobre da Globo aconteceu em 2019, quando voltou a trabalhar com a diretora Manuela Dias na novela &#8216;Amor de M\u00e3e&#8217;.<\/p>\n\n\n\n<div class=\"wp-block-image\"><figure class=\"aligncenter size-large is-resized\"><img loading=\"lazy\" decoding=\"async\" src=\"https:\/\/mulheresacesta.com.br\/wp-content\/uploads\/2021\/07\/CYYQIJEWEAQdBX7-1024x683.jpg\" alt=\"\" class=\"wp-image-2174\" width=\"492\" height=\"327\" srcset=\"https:\/\/mulheresacesta.com.br\/wp-content\/uploads\/2021\/07\/CYYQIJEWEAQdBX7-1024x683.jpg 1024w, https:\/\/mulheresacesta.com.br\/wp-content\/uploads\/2021\/07\/CYYQIJEWEAQdBX7-300x200.jpg 300w, https:\/\/mulheresacesta.com.br\/wp-content\/uploads\/2021\/07\/CYYQIJEWEAQdBX7-768x512.jpg 768w, https:\/\/mulheresacesta.com.br\/wp-content\/uploads\/2021\/07\/CYYQIJEWEAQdBX7.jpg 1200w\" sizes=\"auto, (max-width: 492px) 100vw, 492px\" \/><\/figure><\/div>\n","protected":false},"excerpt":{"rendered":"<p>Dois dos maiores nomes da hist\u00f3ria do esporte brasileiro, Magic Paula e Hort\u00eancia v\u00e3o virar filme, em breve. Isso porque a Ancine, Ag\u00eancia Nacional do Cinema, deu o aval \u00e0 produtora Caf\u00e9 Royal em janeiro para arrecadar R$ 6,9 milh\u00f5es e produzir o longa. O filme ser\u00e1 feito por equipe formada majoritariamente por mulheres. A [&hellip;]<\/p>\n","protected":false},"author":1,"featured_media":4610,"comment_status":"open","ping_status":"open","sticky":false,"template":"","format":"standard","meta":{"footnotes":""},"categories":[12],"tags":[63,97,37,84],"class_list":["post-2168","post","type-post","status-publish","format-standard","has-post-thumbnail","hentry","category-blog","tag-basquete-brasil","tag-hortencia","tag-paula","tag-selecao-brasileira"],"acf":[],"yoast_head":"<!-- This site is optimized with the Yoast SEO plugin v26.4 - https:\/\/yoast.com\/wordpress\/plugins\/seo\/ -->\n<title>Hist\u00f3ria de Hort\u00eancia e Paula vai parar nas telonas<\/title>\n<meta name=\"description\" content=\"Dois dos maiores nomes da hist\u00f3ria do esporte brasileiro, Magic Paula e Hort\u00eancia v\u00e3o virar filme, em breve. Isso porque a Ancine, Ag\u00eancia Nacional do\" \/>\n<meta name=\"robots\" content=\"index, follow, max-snippet:-1, max-image-preview:large, max-video-preview:-1\" \/>\n<link rel=\"canonical\" href=\"https:\/\/mulheresacesta.com.br\/en\/2021\/07\/historia-de-hortencia-e-paula-vai-parar-nas-telonas\/\" \/>\n<meta property=\"og:locale\" content=\"en_US\" \/>\n<meta property=\"og:locale:alternate\" content=\"pt_BR\" \/>\n<meta property=\"og:type\" content=\"article\" \/>\n<meta property=\"og:title\" content=\"Hist\u00f3ria de Hort\u00eancia e Paula vai parar nas telonas\" \/>\n<meta property=\"og:description\" content=\"Dois dos maiores nomes da hist\u00f3ria do esporte brasileiro, Magic Paula e Hort\u00eancia v\u00e3o virar filme, em breve. Isso porque a Ancine, Ag\u00eancia Nacional do\" \/>\n<meta property=\"og:url\" content=\"https:\/\/mulheresacesta.com.br\/en\/2021\/07\/historia-de-hortencia-e-paula-vai-parar-nas-telonas\/\" \/>\n<meta property=\"og:site_name\" content=\"Mulheres \u00e0 Cesta\" \/>\n<meta property=\"article:published_time\" content=\"2021-07-09T18:41:00+00:00\" \/>\n<meta property=\"article:modified_time\" content=\"2023-09-22T20:29:30+00:00\" \/>\n<meta property=\"og:image\" content=\"https:\/\/mulheresacesta.com.br\/wp-content\/uploads\/2021\/07\/Magic-Paula-e-Horte\u0302ncia-nas-telonas-.jpg\" \/>\n\t<meta property=\"og:image:width\" content=\"1580\" \/>\n\t<meta property=\"og:image:height\" content=\"890\" \/>\n\t<meta property=\"og:image:type\" content=\"image\/jpeg\" \/>\n<meta name=\"author\" content=\"mulheres\" \/>\n<meta name=\"twitter:card\" content=\"summary_large_image\" \/>\n<meta name=\"twitter:label1\" content=\"Written by\" \/>\n\t<meta name=\"twitter:data1\" content=\"mulheres\" \/>\n\t<meta name=\"twitter:label2\" content=\"Est. reading time\" \/>\n\t<meta name=\"twitter:data2\" content=\"2 minutes\" \/>\n<script type=\"application\/ld+json\" class=\"yoast-schema-graph\">{\"@context\":\"https:\/\/schema.org\",\"@graph\":[{\"@type\":\"Article\",\"@id\":\"https:\/\/mulheresacesta.com.br\/en\/2021\/07\/historia-de-hortencia-e-paula-vai-parar-nas-telonas\/#article\",\"isPartOf\":{\"@id\":\"https:\/\/mulheresacesta.com.br\/en\/2021\/07\/historia-de-hortencia-e-paula-vai-parar-nas-telonas\/\"},\"author\":{\"name\":\"mulheres\",\"@id\":\"https:\/\/mulheresacesta.com.br\/en\/#\/schema\/person\/11ebd3af76a9fcb3d26c815924faac42\"},\"headline\":\"Hist\u00f3ria de Hort\u00eancia e Paula vai parar nas telonas\",\"datePublished\":\"2021-07-09T18:41:00+00:00\",\"dateModified\":\"2023-09-22T20:29:30+00:00\",\"mainEntityOfPage\":{\"@id\":\"https:\/\/mulheresacesta.com.br\/en\/2021\/07\/historia-de-hortencia-e-paula-vai-parar-nas-telonas\/\"},\"wordCount\":365,\"commentCount\":0,\"publisher\":{\"@id\":\"https:\/\/mulheresacesta.com.br\/en\/#organization\"},\"image\":{\"@id\":\"https:\/\/mulheresacesta.com.br\/en\/2021\/07\/historia-de-hortencia-e-paula-vai-parar-nas-telonas\/#primaryimage\"},\"thumbnailUrl\":\"https:\/\/mulheresacesta.com.br\/wp-content\/uploads\/2021\/07\/Magic-Paula-e-Horte\u0302ncia-nas-telonas-.jpg\",\"keywords\":[\"basquete brasil\",\"hort\u00eancia\",\"paula\",\"sele\u00e7\u00e3o brasileira\"],\"articleSection\":[\"Blog\"],\"inLanguage\":\"en-US\",\"potentialAction\":[{\"@type\":\"CommentAction\",\"name\":\"Comment\",\"target\":[\"https:\/\/mulheresacesta.com.br\/en\/2021\/07\/historia-de-hortencia-e-paula-vai-parar-nas-telonas\/#respond\"]}]},{\"@type\":\"WebPage\",\"@id\":\"https:\/\/mulheresacesta.com.br\/en\/2021\/07\/historia-de-hortencia-e-paula-vai-parar-nas-telonas\/\",\"url\":\"https:\/\/mulheresacesta.com.br\/en\/2021\/07\/historia-de-hortencia-e-paula-vai-parar-nas-telonas\/\",\"name\":\"Hist\u00f3ria de Hort\u00eancia e Paula vai parar nas telonas\",\"isPartOf\":{\"@id\":\"https:\/\/mulheresacesta.com.br\/en\/#website\"},\"primaryImageOfPage\":{\"@id\":\"https:\/\/mulheresacesta.com.br\/en\/2021\/07\/historia-de-hortencia-e-paula-vai-parar-nas-telonas\/#primaryimage\"},\"image\":{\"@id\":\"https:\/\/mulheresacesta.com.br\/en\/2021\/07\/historia-de-hortencia-e-paula-vai-parar-nas-telonas\/#primaryimage\"},\"thumbnailUrl\":\"https:\/\/mulheresacesta.com.br\/wp-content\/uploads\/2021\/07\/Magic-Paula-e-Horte\u0302ncia-nas-telonas-.jpg\",\"datePublished\":\"2021-07-09T18:41:00+00:00\",\"dateModified\":\"2023-09-22T20:29:30+00:00\",\"description\":\"Dois dos maiores nomes da hist\u00f3ria do esporte brasileiro, Magic Paula e Hort\u00eancia v\u00e3o virar filme, em breve. Isso porque a Ancine, Ag\u00eancia Nacional do\",\"breadcrumb\":{\"@id\":\"https:\/\/mulheresacesta.com.br\/en\/2021\/07\/historia-de-hortencia-e-paula-vai-parar-nas-telonas\/#breadcrumb\"},\"inLanguage\":\"en-US\",\"potentialAction\":[{\"@type\":\"ReadAction\",\"target\":[\"https:\/\/mulheresacesta.com.br\/en\/2021\/07\/historia-de-hortencia-e-paula-vai-parar-nas-telonas\/\"]}]},{\"@type\":\"ImageObject\",\"inLanguage\":\"en-US\",\"@id\":\"https:\/\/mulheresacesta.com.br\/en\/2021\/07\/historia-de-hortencia-e-paula-vai-parar-nas-telonas\/#primaryimage\",\"url\":\"https:\/\/mulheresacesta.com.br\/wp-content\/uploads\/2021\/07\/Magic-Paula-e-Horte\u0302ncia-nas-telonas-.jpg\",\"contentUrl\":\"https:\/\/mulheresacesta.com.br\/wp-content\/uploads\/2021\/07\/Magic-Paula-e-Horte\u0302ncia-nas-telonas-.jpg\",\"width\":1580,\"height\":890},{\"@type\":\"BreadcrumbList\",\"@id\":\"https:\/\/mulheresacesta.com.br\/en\/2021\/07\/historia-de-hortencia-e-paula-vai-parar-nas-telonas\/#breadcrumb\",\"itemListElement\":[{\"@type\":\"ListItem\",\"position\":1,\"name\":\"In\u00edcio\",\"item\":\"https:\/\/mulheresacesta.com.br\/\"},{\"@type\":\"ListItem\",\"position\":2,\"name\":\"Hist\u00f3ria de Hort\u00eancia e Paula vai parar nas telonas\"}]},{\"@type\":\"WebSite\",\"@id\":\"https:\/\/mulheresacesta.com.br\/en\/#website\",\"url\":\"https:\/\/mulheresacesta.com.br\/en\/\",\"name\":\"Mulheres \u00e0 Cesta\",\"description\":\"\",\"publisher\":{\"@id\":\"https:\/\/mulheresacesta.com.br\/en\/#organization\"},\"potentialAction\":[{\"@type\":\"SearchAction\",\"target\":{\"@type\":\"EntryPoint\",\"urlTemplate\":\"https:\/\/mulheresacesta.com.br\/en\/?s={search_term_string}\"},\"query-input\":{\"@type\":\"PropertyValueSpecification\",\"valueRequired\":true,\"valueName\":\"search_term_string\"}}],\"inLanguage\":\"en-US\"},{\"@type\":\"Organization\",\"@id\":\"https:\/\/mulheresacesta.com.br\/en\/#organization\",\"name\":\"Mulheres \u00e0 Cesta\",\"url\":\"https:\/\/mulheresacesta.com.br\/en\/\",\"logo\":{\"@type\":\"ImageObject\",\"inLanguage\":\"en-US\",\"@id\":\"https:\/\/mulheresacesta.com.br\/en\/#\/schema\/logo\/image\/\",\"url\":\"https:\/\/mulheresacesta.com.br\/wp-content\/uploads\/2020\/10\/mulheres-a-cesta.jpg\",\"contentUrl\":\"https:\/\/mulheresacesta.com.br\/wp-content\/uploads\/2020\/10\/mulheres-a-cesta.jpg\",\"width\":400,\"height\":300,\"caption\":\"Mulheres \u00e0 Cesta\"},\"image\":{\"@id\":\"https:\/\/mulheresacesta.com.br\/en\/#\/schema\/logo\/image\/\"}},{\"@type\":\"Person\",\"@id\":\"https:\/\/mulheresacesta.com.br\/en\/#\/schema\/person\/11ebd3af76a9fcb3d26c815924faac42\",\"name\":\"mulheres\",\"sameAs\":[\"http:\/\/localhost\/mulheresacesta\"],\"url\":\"https:\/\/mulheresacesta.com.br\/en\/author\/mulheres\/\"}]}<\/script>\n<!-- \/ Yoast SEO plugin. -->","yoast_head_json":{"title":"Hist\u00f3ria de Hort\u00eancia e Paula vai parar nas telonas","description":"Dois dos maiores nomes da hist\u00f3ria do esporte brasileiro, Magic Paula e Hort\u00eancia v\u00e3o virar filme, em breve. Isso porque a Ancine, Ag\u00eancia Nacional do","robots":{"index":"index","follow":"follow","max-snippet":"max-snippet:-1","max-image-preview":"max-image-preview:large","max-video-preview":"max-video-preview:-1"},"canonical":"https:\/\/mulheresacesta.com.br\/en\/2021\/07\/historia-de-hortencia-e-paula-vai-parar-nas-telonas\/","og_locale":"en_US","og_type":"article","og_title":"[:pt]Hist\u00f3ria de Hort\u00eancia e Paula vai parar nas telonas[:] - Mulheres \u00e0 Cesta","og_description":"Dois dos maiores nomes da hist\u00f3ria do esporte brasileiro, Magic Paula e Hort\u00eancia v\u00e3o virar filme, em breve. Isso porque a Ancine, Ag\u00eancia Nacional do","og_url":"https:\/\/mulheresacesta.com.br\/en\/2021\/07\/historia-de-hortencia-e-paula-vai-parar-nas-telonas\/","og_site_name":"Mulheres \u00e0 Cesta","article_published_time":"2021-07-09T18:41:00+00:00","article_modified_time":"2023-09-22T20:29:30+00:00","og_image":[{"width":1580,"height":890,"url":"https:\/\/mulheresacesta.com.br\/wp-content\/uploads\/2021\/07\/Magic-Paula-e-Horte\u0302ncia-nas-telonas-.jpg","type":"image\/jpeg"}],"author":"mulheres","twitter_card":"summary_large_image","twitter_misc":{"Written by":"mulheres","Est. reading time":"2 minutes"},"schema":{"@context":"https:\/\/schema.org","@graph":[{"@type":"Article","@id":"https:\/\/mulheresacesta.com.br\/en\/2021\/07\/historia-de-hortencia-e-paula-vai-parar-nas-telonas\/#article","isPartOf":{"@id":"https:\/\/mulheresacesta.com.br\/en\/2021\/07\/historia-de-hortencia-e-paula-vai-parar-nas-telonas\/"},"author":{"name":"mulheres","@id":"https:\/\/mulheresacesta.com.br\/en\/#\/schema\/person\/11ebd3af76a9fcb3d26c815924faac42"},"headline":"Hist\u00f3ria de Hort\u00eancia e Paula vai parar nas telonas","datePublished":"2021-07-09T18:41:00+00:00","dateModified":"2023-09-22T20:29:30+00:00","mainEntityOfPage":{"@id":"https:\/\/mulheresacesta.com.br\/en\/2021\/07\/historia-de-hortencia-e-paula-vai-parar-nas-telonas\/"},"wordCount":365,"commentCount":0,"publisher":{"@id":"https:\/\/mulheresacesta.com.br\/en\/#organization"},"image":{"@id":"https:\/\/mulheresacesta.com.br\/en\/2021\/07\/historia-de-hortencia-e-paula-vai-parar-nas-telonas\/#primaryimage"},"thumbnailUrl":"https:\/\/mulheresacesta.com.br\/wp-content\/uploads\/2021\/07\/Magic-Paula-e-Horte\u0302ncia-nas-telonas-.jpg","keywords":["basquete brasil","hort\u00eancia","paula","sele\u00e7\u00e3o brasileira"],"articleSection":["Blog"],"inLanguage":"en-US","potentialAction":[{"@type":"CommentAction","name":"Comment","target":["https:\/\/mulheresacesta.com.br\/en\/2021\/07\/historia-de-hortencia-e-paula-vai-parar-nas-telonas\/#respond"]}]},{"@type":"WebPage","@id":"https:\/\/mulheresacesta.com.br\/en\/2021\/07\/historia-de-hortencia-e-paula-vai-parar-nas-telonas\/","url":"https:\/\/mulheresacesta.com.br\/en\/2021\/07\/historia-de-hortencia-e-paula-vai-parar-nas-telonas\/","name":"Hist\u00f3ria de Hort\u00eancia e Paula vai parar nas telonas","isPartOf":{"@id":"https:\/\/mulheresacesta.com.br\/en\/#website"},"primaryImageOfPage":{"@id":"https:\/\/mulheresacesta.com.br\/en\/2021\/07\/historia-de-hortencia-e-paula-vai-parar-nas-telonas\/#primaryimage"},"image":{"@id":"https:\/\/mulheresacesta.com.br\/en\/2021\/07\/historia-de-hortencia-e-paula-vai-parar-nas-telonas\/#primaryimage"},"thumbnailUrl":"https:\/\/mulheresacesta.com.br\/wp-content\/uploads\/2021\/07\/Magic-Paula-e-Horte\u0302ncia-nas-telonas-.jpg","datePublished":"2021-07-09T18:41:00+00:00","dateModified":"2023-09-22T20:29:30+00:00","description":"Dois dos maiores nomes da hist\u00f3ria do esporte brasileiro, Magic Paula e Hort\u00eancia v\u00e3o virar filme, em breve. Isso porque a Ancine, Ag\u00eancia Nacional do","breadcrumb":{"@id":"https:\/\/mulheresacesta.com.br\/en\/2021\/07\/historia-de-hortencia-e-paula-vai-parar-nas-telonas\/#breadcrumb"},"inLanguage":"en-US","potentialAction":[{"@type":"ReadAction","target":["https:\/\/mulheresacesta.com.br\/en\/2021\/07\/historia-de-hortencia-e-paula-vai-parar-nas-telonas\/"]}]},{"@type":"ImageObject","inLanguage":"en-US","@id":"https:\/\/mulheresacesta.com.br\/en\/2021\/07\/historia-de-hortencia-e-paula-vai-parar-nas-telonas\/#primaryimage","url":"https:\/\/mulheresacesta.com.br\/wp-content\/uploads\/2021\/07\/Magic-Paula-e-Horte\u0302ncia-nas-telonas-.jpg","contentUrl":"https:\/\/mulheresacesta.com.br\/wp-content\/uploads\/2021\/07\/Magic-Paula-e-Horte\u0302ncia-nas-telonas-.jpg","width":1580,"height":890},{"@type":"BreadcrumbList","@id":"https:\/\/mulheresacesta.com.br\/en\/2021\/07\/historia-de-hortencia-e-paula-vai-parar-nas-telonas\/#breadcrumb","itemListElement":[{"@type":"ListItem","position":1,"name":"In\u00edcio","item":"https:\/\/mulheresacesta.com.br\/"},{"@type":"ListItem","position":2,"name":"Hist\u00f3ria de Hort\u00eancia e Paula vai parar nas telonas"}]},{"@type":"WebSite","@id":"https:\/\/mulheresacesta.com.br\/en\/#website","url":"https:\/\/mulheresacesta.com.br\/en\/","name":"Mulheres \u00e0 Cesta","description":"","publisher":{"@id":"https:\/\/mulheresacesta.com.br\/en\/#organization"},"potentialAction":[{"@type":"SearchAction","target":{"@type":"EntryPoint","urlTemplate":"https:\/\/mulheresacesta.com.br\/en\/?s={search_term_string}"},"query-input":{"@type":"PropertyValueSpecification","valueRequired":true,"valueName":"search_term_string"}}],"inLanguage":"en-US"},{"@type":"Organization","@id":"https:\/\/mulheresacesta.com.br\/en\/#organization","name":"Mulheres \u00e0 Cesta","url":"https:\/\/mulheresacesta.com.br\/en\/","logo":{"@type":"ImageObject","inLanguage":"en-US","@id":"https:\/\/mulheresacesta.com.br\/en\/#\/schema\/logo\/image\/","url":"https:\/\/mulheresacesta.com.br\/wp-content\/uploads\/2020\/10\/mulheres-a-cesta.jpg","contentUrl":"https:\/\/mulheresacesta.com.br\/wp-content\/uploads\/2020\/10\/mulheres-a-cesta.jpg","width":400,"height":300,"caption":"Mulheres \u00e0 Cesta"},"image":{"@id":"https:\/\/mulheresacesta.com.br\/en\/#\/schema\/logo\/image\/"}},{"@type":"Person","@id":"https:\/\/mulheresacesta.com.br\/en\/#\/schema\/person\/11ebd3af76a9fcb3d26c815924faac42","name":"mulheres","sameAs":["http:\/\/localhost\/mulheresacesta"],"url":"https:\/\/mulheresacesta.com.br\/en\/author\/mulheres\/"}]}},"_links":{"self":[{"href":"https:\/\/mulheresacesta.com.br\/en\/wp-json\/wp\/v2\/posts\/2168","targetHints":{"allow":["GET"]}}],"collection":[{"href":"https:\/\/mulheresacesta.com.br\/en\/wp-json\/wp\/v2\/posts"}],"about":[{"href":"https:\/\/mulheresacesta.com.br\/en\/wp-json\/wp\/v2\/types\/post"}],"author":[{"embeddable":true,"href":"https:\/\/mulheresacesta.com.br\/en\/wp-json\/wp\/v2\/users\/1"}],"replies":[{"embeddable":true,"href":"https:\/\/mulheresacesta.com.br\/en\/wp-json\/wp\/v2\/comments?post=2168"}],"version-history":[{"count":6,"href":"https:\/\/mulheresacesta.com.br\/en\/wp-json\/wp\/v2\/posts\/2168\/revisions"}],"predecessor-version":[{"id":2180,"href":"https:\/\/mulheresacesta.com.br\/en\/wp-json\/wp\/v2\/posts\/2168\/revisions\/2180"}],"wp:featuredmedia":[{"embeddable":true,"href":"https:\/\/mulheresacesta.com.br\/en\/wp-json\/wp\/v2\/media\/4610"}],"wp:attachment":[{"href":"https:\/\/mulheresacesta.com.br\/en\/wp-json\/wp\/v2\/media?parent=2168"}],"wp:term":[{"taxonomy":"category","embeddable":true,"href":"https:\/\/mulheresacesta.com.br\/en\/wp-json\/wp\/v2\/categories?post=2168"},{"taxonomy":"post_tag","embeddable":true,"href":"https:\/\/mulheresacesta.com.br\/en\/wp-json\/wp\/v2\/tags?post=2168"}],"curies":[{"name":"wp","href":"https:\/\/api.w.org\/{rel}","templated":true}]}}