{"id":2256,"date":"2021-08-06T09:27:00","date_gmt":"2021-08-06T12:27:00","guid":{"rendered":"https:\/\/mulheresacesta.com.br\/?p=2256"},"modified":"2021-08-04T09:36:35","modified_gmt":"2021-08-04T12:36:35","slug":"o-mundo-e-nosso","status":"publish","type":"post","link":"https:\/\/mulheresacesta.com.br\/en\/2021\/08\/o-mundo-e-nosso\/","title":{"rendered":"O mundo \u00e9 nosso!"},"content":{"rendered":"\n<p>N\u00e3o tem Olimp\u00edadas, mas tem Copa do Mundo!<\/p>\n\n\n\n<p>A Sele\u00e7\u00e3o Brasileira feminina sub-19 embarcou direto de S\u00e3o Paulo para Debrecen, na Hungria, onde ser\u00e1 realizada a Copa do Mundo.<\/p>\n\n\n\n<p>A nossa Sele\u00e7\u00e3o j\u00e1 estreia nesse s\u00e1bado, dia 7 de agosto, contra a Fran\u00e7a, pela primeira fase da competi\u00e7\u00e3o. Ainda nessa etapa, o Brasil enfrenta a Espanha e Coreia do Sul.<\/p>\n\n\n\n<p>Pela f\u00f3rmula de disputa, os 16 times participantes jogam dentro das suas chaves para definir o ranqueamento das oitavas de final. Nesse est\u00e1gio, o Grupo C, do Brasil, cruza com as Sele\u00e7\u00f5es do Grupo D, que conta com Mali, Canad\u00e1, Jap\u00e3o e Rep\u00fablica Tcheca, da seguinte forma: 1C x 4D, 2C x 3D, 3C x 2D e 4C x 1D, indo em seguida para as quartas de final, semifinais e decis\u00e3o do torneio, que acontece no dia 15 de agosto.<\/p>\n\n\n\n<p>Todos os jogos v\u00e3o ser transmitidos ao vivo no Youtube da FIBA<\/p>\n\n\n\n<p><strong>Prepara\u00e7\u00e3o<\/strong><\/p>\n\n\n\n<p>A CBB trabalha desde o ano passado com a Sele\u00e7\u00e3o sub-19, somando tr\u00eas etapas de prepara\u00e7\u00e3o para a Copa do Mundo.<\/p>\n\n\n\n<p>Em dezembro do ano passado, foi realizado um Camp de treinos com meninas com idade para a Copa do Mundo. Depois, o time se reuniu em Araraquara para os trabalhos visando a Copa Am\u00e9rica. Como o torneio foi cancelado e o Brasil se classificou para a Copa do Mundo pelo ranking, o per\u00edodo serviu de treinamento. Em Barueri, nas \u00faltimas duas semanas, o time finalizou os treinos, definindo as 12 atletas que viajaram para o torneio<\/p>\n\n\n\n<p><strong>Convocadas:<\/strong><\/p>\n\n\n\n<p><strong>Armadoras<\/strong><br>Ana Paula de Oliveira Dias \u2013 Basketball Santo Andr\u00e9<br>Beatriz Aneas \u2013 SESI Araraquara<br>Maria Eduarda Autran \u2013 KTO\/Blumenau<\/p>\n\n\n\n<p><strong>Alas\/Armadoras<\/strong><br>Bianca Darrigo Soares \u2013 SESI Araraquara<br>Stephany Caroline Gon\u00e7alves \u2013 Basketball Santo Andr\u00e9<\/p>\n\n\n\n<p><strong>Alas<\/strong><br>Allanis Delboni da Silva \u2013 ABASFI \u2013 Basquete Foz do Igua\u00e7u<br>Geovana Thaina Neves de Oliveira \u2013 S\u00e3o Jos\u00e9 Desportivo<br>Raiane Dias dos Santos \u2013 ADC Bradesco<br>Let\u00edcia Rechemback &#8211; KTO Blumenau<\/p>\n\n\n\n<p><strong>Piv\u00f4s<\/strong><br>Adrielly Francisco de Oliveira \u2013 LSB\/Mesquita\/Sodi\u00ea Doces<br>Maiara Pereira Dias \u2013 APAGEBASK\/Guarulhos<br>Ma\u00edsa Pereira Dias \u2013 APAGEBASK\/Guarulhos<\/p>\n\n\n\n<p><strong>Comiss\u00e3o t\u00e9cnica<\/strong><br>Diretora &#8211; Magic Paula<br>Gerente t\u00e9cnica \u2013 Adriana Aparecida dos Santos Lopez<br>Administrador \u2013 M\u00f4nica Junqueira At\u00edlio<br>T\u00e9cnico \u2013 Dyego Maranini Cavalcanti<br>Assistentes \u2013 Cl\u00e1udio Henrique Lisboa e Alessandra Minati<br>Preparador f\u00edsico \u2013 Rafael Bernardelli de Azevedo Marinho<br>M\u00e9dico \u2013 Sanna Roque Pinheiro<br>Fisioterapeuta \u2013 Ariane Lopes dos Santos<\/p>\n\n\n\n<p><\/p>\n\n\n\n<p>Fonto: esporteclubebasquete.com\/<\/p>\n","protected":false},"excerpt":{"rendered":"<p>N\u00e3o tem Olimp\u00edadas, mas tem Copa do Mundo! A Sele\u00e7\u00e3o Brasileira feminina sub-19 embarcou direto de S\u00e3o Paulo para Debrecen, na Hungria, onde ser\u00e1 realizada a Copa do Mundo. A nossa Sele\u00e7\u00e3o j\u00e1 estreia nesse s\u00e1bado, dia 7 de agosto, contra a Fran\u00e7a, pela primeira fase da competi\u00e7\u00e3o. Ainda nessa etapa, o Brasil enfrenta a [&hellip;]<\/p>\n","protected":false},"author":1,"featured_media":2257,"comment_status":"open","ping_status":"open","sticky":false,"template":"","format":"standard","meta":{"footnotes":""},"categories":[12],"tags":[108,15],"class_list":["post-2256","post","type-post","status-publish","format-standard","has-post-thumbnail","hentry","category-blog","tag-sub-19","tag-basquete-feminino"],"acf":[],"yoast_head":"<!-- This site is optimized with the Yoast SEO plugin v26.4 - https:\/\/yoast.com\/wordpress\/plugins\/seo\/ -->\n<title>O mundo \u00e9 nosso!<\/title>\n<meta name=\"description\" content=\"N\u00e3o tem Olimp\u00edadas, mas tem Copa do Mundo! A Sele\u00e7\u00e3o Brasileira feminina sub-19 embarcou direto de S\u00e3o Paulo para Debrecen, na Hungria, onde ser\u00e1\" \/>\n<meta name=\"robots\" content=\"index, follow, max-snippet:-1, max-image-preview:large, max-video-preview:-1\" \/>\n<link rel=\"canonical\" href=\"https:\/\/mulheresacesta.com.br\/en\/2021\/08\/o-mundo-e-nosso\/\" \/>\n<meta property=\"og:locale\" content=\"en_US\" \/>\n<meta property=\"og:locale:alternate\" content=\"pt_BR\" \/>\n<meta property=\"og:type\" content=\"article\" \/>\n<meta property=\"og:title\" content=\"O mundo \u00e9 nosso!\" \/>\n<meta property=\"og:description\" content=\"N\u00e3o tem Olimp\u00edadas, mas tem Copa do Mundo! A Sele\u00e7\u00e3o Brasileira feminina sub-19 embarcou direto de S\u00e3o Paulo para Debrecen, na Hungria, onde ser\u00e1\" \/>\n<meta property=\"og:url\" content=\"https:\/\/mulheresacesta.com.br\/en\/2021\/08\/o-mundo-e-nosso\/\" \/>\n<meta property=\"og:site_name\" content=\"Mulheres \u00e0 Cesta\" \/>\n<meta property=\"article:published_time\" content=\"2021-08-06T12:27:00+00:00\" \/>\n<meta property=\"og:image\" content=\"https:\/\/mulheresacesta.com.br\/wp-content\/uploads\/2021\/08\/Untitled-2-3.png\" \/>\n\t<meta property=\"og:image:width\" content=\"1242\" \/>\n\t<meta property=\"og:image:height\" content=\"578\" \/>\n\t<meta property=\"og:image:type\" content=\"image\/png\" \/>\n<meta name=\"author\" content=\"mulheres\" \/>\n<meta name=\"twitter:card\" content=\"summary_large_image\" \/>\n<meta name=\"twitter:label1\" content=\"Written by\" \/>\n\t<meta name=\"twitter:data1\" content=\"mulheres\" \/>\n\t<meta name=\"twitter:label2\" content=\"Est. reading time\" \/>\n\t<meta name=\"twitter:data2\" content=\"2 minutes\" \/>\n<script type=\"application\/ld+json\" class=\"yoast-schema-graph\">{\"@context\":\"https:\/\/schema.org\",\"@graph\":[{\"@type\":\"Article\",\"@id\":\"https:\/\/mulheresacesta.com.br\/en\/2021\/08\/o-mundo-e-nosso\/#article\",\"isPartOf\":{\"@id\":\"https:\/\/mulheresacesta.com.br\/en\/2021\/08\/o-mundo-e-nosso\/\"},\"author\":{\"name\":\"mulheres\",\"@id\":\"https:\/\/mulheresacesta.com.br\/en\/#\/schema\/person\/11ebd3af76a9fcb3d26c815924faac42\"},\"headline\":\"O mundo \u00e9 nosso!\",\"datePublished\":\"2021-08-06T12:27:00+00:00\",\"mainEntityOfPage\":{\"@id\":\"https:\/\/mulheresacesta.com.br\/en\/2021\/08\/o-mundo-e-nosso\/\"},\"wordCount\":400,\"commentCount\":0,\"publisher\":{\"@id\":\"https:\/\/mulheresacesta.com.br\/en\/#organization\"},\"image\":{\"@id\":\"https:\/\/mulheresacesta.com.br\/en\/2021\/08\/o-mundo-e-nosso\/#primaryimage\"},\"thumbnailUrl\":\"https:\/\/mulheresacesta.com.br\/wp-content\/uploads\/2021\/08\/Untitled-2-3.png\",\"keywords\":[\"sub 19\",\"basquete feminino\"],\"articleSection\":[\"Blog\"],\"inLanguage\":\"en-US\",\"potentialAction\":[{\"@type\":\"CommentAction\",\"name\":\"Comment\",\"target\":[\"https:\/\/mulheresacesta.com.br\/en\/2021\/08\/o-mundo-e-nosso\/#respond\"]}]},{\"@type\":\"WebPage\",\"@id\":\"https:\/\/mulheresacesta.com.br\/en\/2021\/08\/o-mundo-e-nosso\/\",\"url\":\"https:\/\/mulheresacesta.com.br\/en\/2021\/08\/o-mundo-e-nosso\/\",\"name\":\"O mundo \u00e9 nosso!\",\"isPartOf\":{\"@id\":\"https:\/\/mulheresacesta.com.br\/en\/#website\"},\"primaryImageOfPage\":{\"@id\":\"https:\/\/mulheresacesta.com.br\/en\/2021\/08\/o-mundo-e-nosso\/#primaryimage\"},\"image\":{\"@id\":\"https:\/\/mulheresacesta.com.br\/en\/2021\/08\/o-mundo-e-nosso\/#primaryimage\"},\"thumbnailUrl\":\"https:\/\/mulheresacesta.com.br\/wp-content\/uploads\/2021\/08\/Untitled-2-3.png\",\"datePublished\":\"2021-08-06T12:27:00+00:00\",\"description\":\"N\u00e3o tem Olimp\u00edadas, mas tem Copa do Mundo! A Sele\u00e7\u00e3o Brasileira feminina sub-19 embarcou direto de S\u00e3o Paulo para Debrecen, na Hungria, onde ser\u00e1\",\"breadcrumb\":{\"@id\":\"https:\/\/mulheresacesta.com.br\/en\/2021\/08\/o-mundo-e-nosso\/#breadcrumb\"},\"inLanguage\":\"en-US\",\"potentialAction\":[{\"@type\":\"ReadAction\",\"target\":[\"https:\/\/mulheresacesta.com.br\/en\/2021\/08\/o-mundo-e-nosso\/\"]}]},{\"@type\":\"ImageObject\",\"inLanguage\":\"en-US\",\"@id\":\"https:\/\/mulheresacesta.com.br\/en\/2021\/08\/o-mundo-e-nosso\/#primaryimage\",\"url\":\"https:\/\/mulheresacesta.com.br\/wp-content\/uploads\/2021\/08\/Untitled-2-3.png\",\"contentUrl\":\"https:\/\/mulheresacesta.com.br\/wp-content\/uploads\/2021\/08\/Untitled-2-3.png\",\"width\":1242,\"height\":578},{\"@type\":\"BreadcrumbList\",\"@id\":\"https:\/\/mulheresacesta.com.br\/en\/2021\/08\/o-mundo-e-nosso\/#breadcrumb\",\"itemListElement\":[{\"@type\":\"ListItem\",\"position\":1,\"name\":\"In\u00edcio\",\"item\":\"https:\/\/mulheresacesta.com.br\/\"},{\"@type\":\"ListItem\",\"position\":2,\"name\":\"O mundo \u00e9 nosso!\"}]},{\"@type\":\"WebSite\",\"@id\":\"https:\/\/mulheresacesta.com.br\/en\/#website\",\"url\":\"https:\/\/mulheresacesta.com.br\/en\/\",\"name\":\"Mulheres \u00e0 Cesta\",\"description\":\"\",\"publisher\":{\"@id\":\"https:\/\/mulheresacesta.com.br\/en\/#organization\"},\"potentialAction\":[{\"@type\":\"SearchAction\",\"target\":{\"@type\":\"EntryPoint\",\"urlTemplate\":\"https:\/\/mulheresacesta.com.br\/en\/?s={search_term_string}\"},\"query-input\":{\"@type\":\"PropertyValueSpecification\",\"valueRequired\":true,\"valueName\":\"search_term_string\"}}],\"inLanguage\":\"en-US\"},{\"@type\":\"Organization\",\"@id\":\"https:\/\/mulheresacesta.com.br\/en\/#organization\",\"name\":\"Mulheres \u00e0 Cesta\",\"url\":\"https:\/\/mulheresacesta.com.br\/en\/\",\"logo\":{\"@type\":\"ImageObject\",\"inLanguage\":\"en-US\",\"@id\":\"https:\/\/mulheresacesta.com.br\/en\/#\/schema\/logo\/image\/\",\"url\":\"https:\/\/mulheresacesta.com.br\/wp-content\/uploads\/2020\/10\/mulheres-a-cesta.jpg\",\"contentUrl\":\"https:\/\/mulheresacesta.com.br\/wp-content\/uploads\/2020\/10\/mulheres-a-cesta.jpg\",\"width\":400,\"height\":300,\"caption\":\"Mulheres \u00e0 Cesta\"},\"image\":{\"@id\":\"https:\/\/mulheresacesta.com.br\/en\/#\/schema\/logo\/image\/\"}},{\"@type\":\"Person\",\"@id\":\"https:\/\/mulheresacesta.com.br\/en\/#\/schema\/person\/11ebd3af76a9fcb3d26c815924faac42\",\"name\":\"mulheres\",\"sameAs\":[\"http:\/\/localhost\/mulheresacesta\"],\"url\":\"https:\/\/mulheresacesta.com.br\/en\/author\/mulheres\/\"}]}<\/script>\n<!-- \/ Yoast SEO plugin. -->","yoast_head_json":{"title":"O mundo \u00e9 nosso!","description":"N\u00e3o tem Olimp\u00edadas, mas tem Copa do Mundo! A Sele\u00e7\u00e3o Brasileira feminina sub-19 embarcou direto de S\u00e3o Paulo para Debrecen, na Hungria, onde ser\u00e1","robots":{"index":"index","follow":"follow","max-snippet":"max-snippet:-1","max-image-preview":"max-image-preview:large","max-video-preview":"max-video-preview:-1"},"canonical":"https:\/\/mulheresacesta.com.br\/en\/2021\/08\/o-mundo-e-nosso\/","og_locale":"en_US","og_type":"article","og_title":"[:pt]O mundo \u00e9 nosso![:] - Mulheres \u00e0 Cesta","og_description":"N\u00e3o tem Olimp\u00edadas, mas tem Copa do Mundo! A Sele\u00e7\u00e3o Brasileira feminina sub-19 embarcou direto de S\u00e3o Paulo para Debrecen, na Hungria, onde ser\u00e1","og_url":"https:\/\/mulheresacesta.com.br\/en\/2021\/08\/o-mundo-e-nosso\/","og_site_name":"Mulheres \u00e0 Cesta","article_published_time":"2021-08-06T12:27:00+00:00","og_image":[{"width":1242,"height":578,"url":"https:\/\/mulheresacesta.com.br\/wp-content\/uploads\/2021\/08\/Untitled-2-3.png","type":"image\/png"}],"author":"mulheres","twitter_card":"summary_large_image","twitter_misc":{"Written by":"mulheres","Est. reading time":"2 minutes"},"schema":{"@context":"https:\/\/schema.org","@graph":[{"@type":"Article","@id":"https:\/\/mulheresacesta.com.br\/en\/2021\/08\/o-mundo-e-nosso\/#article","isPartOf":{"@id":"https:\/\/mulheresacesta.com.br\/en\/2021\/08\/o-mundo-e-nosso\/"},"author":{"name":"mulheres","@id":"https:\/\/mulheresacesta.com.br\/en\/#\/schema\/person\/11ebd3af76a9fcb3d26c815924faac42"},"headline":"O mundo \u00e9 nosso!","datePublished":"2021-08-06T12:27:00+00:00","mainEntityOfPage":{"@id":"https:\/\/mulheresacesta.com.br\/en\/2021\/08\/o-mundo-e-nosso\/"},"wordCount":400,"commentCount":0,"publisher":{"@id":"https:\/\/mulheresacesta.com.br\/en\/#organization"},"image":{"@id":"https:\/\/mulheresacesta.com.br\/en\/2021\/08\/o-mundo-e-nosso\/#primaryimage"},"thumbnailUrl":"https:\/\/mulheresacesta.com.br\/wp-content\/uploads\/2021\/08\/Untitled-2-3.png","keywords":["sub 19","basquete feminino"],"articleSection":["Blog"],"inLanguage":"en-US","potentialAction":[{"@type":"CommentAction","name":"Comment","target":["https:\/\/mulheresacesta.com.br\/en\/2021\/08\/o-mundo-e-nosso\/#respond"]}]},{"@type":"WebPage","@id":"https:\/\/mulheresacesta.com.br\/en\/2021\/08\/o-mundo-e-nosso\/","url":"https:\/\/mulheresacesta.com.br\/en\/2021\/08\/o-mundo-e-nosso\/","name":"O mundo \u00e9 nosso!","isPartOf":{"@id":"https:\/\/mulheresacesta.com.br\/en\/#website"},"primaryImageOfPage":{"@id":"https:\/\/mulheresacesta.com.br\/en\/2021\/08\/o-mundo-e-nosso\/#primaryimage"},"image":{"@id":"https:\/\/mulheresacesta.com.br\/en\/2021\/08\/o-mundo-e-nosso\/#primaryimage"},"thumbnailUrl":"https:\/\/mulheresacesta.com.br\/wp-content\/uploads\/2021\/08\/Untitled-2-3.png","datePublished":"2021-08-06T12:27:00+00:00","description":"N\u00e3o tem Olimp\u00edadas, mas tem Copa do Mundo! A Sele\u00e7\u00e3o Brasileira feminina sub-19 embarcou direto de S\u00e3o Paulo para Debrecen, na Hungria, onde ser\u00e1","breadcrumb":{"@id":"https:\/\/mulheresacesta.com.br\/en\/2021\/08\/o-mundo-e-nosso\/#breadcrumb"},"inLanguage":"en-US","potentialAction":[{"@type":"ReadAction","target":["https:\/\/mulheresacesta.com.br\/en\/2021\/08\/o-mundo-e-nosso\/"]}]},{"@type":"ImageObject","inLanguage":"en-US","@id":"https:\/\/mulheresacesta.com.br\/en\/2021\/08\/o-mundo-e-nosso\/#primaryimage","url":"https:\/\/mulheresacesta.com.br\/wp-content\/uploads\/2021\/08\/Untitled-2-3.png","contentUrl":"https:\/\/mulheresacesta.com.br\/wp-content\/uploads\/2021\/08\/Untitled-2-3.png","width":1242,"height":578},{"@type":"BreadcrumbList","@id":"https:\/\/mulheresacesta.com.br\/en\/2021\/08\/o-mundo-e-nosso\/#breadcrumb","itemListElement":[{"@type":"ListItem","position":1,"name":"In\u00edcio","item":"https:\/\/mulheresacesta.com.br\/"},{"@type":"ListItem","position":2,"name":"O mundo \u00e9 nosso!"}]},{"@type":"WebSite","@id":"https:\/\/mulheresacesta.com.br\/en\/#website","url":"https:\/\/mulheresacesta.com.br\/en\/","name":"Mulheres \u00e0 Cesta","description":"","publisher":{"@id":"https:\/\/mulheresacesta.com.br\/en\/#organization"},"potentialAction":[{"@type":"SearchAction","target":{"@type":"EntryPoint","urlTemplate":"https:\/\/mulheresacesta.com.br\/en\/?s={search_term_string}"},"query-input":{"@type":"PropertyValueSpecification","valueRequired":true,"valueName":"search_term_string"}}],"inLanguage":"en-US"},{"@type":"Organization","@id":"https:\/\/mulheresacesta.com.br\/en\/#organization","name":"Mulheres \u00e0 Cesta","url":"https:\/\/mulheresacesta.com.br\/en\/","logo":{"@type":"ImageObject","inLanguage":"en-US","@id":"https:\/\/mulheresacesta.com.br\/en\/#\/schema\/logo\/image\/","url":"https:\/\/mulheresacesta.com.br\/wp-content\/uploads\/2020\/10\/mulheres-a-cesta.jpg","contentUrl":"https:\/\/mulheresacesta.com.br\/wp-content\/uploads\/2020\/10\/mulheres-a-cesta.jpg","width":400,"height":300,"caption":"Mulheres \u00e0 Cesta"},"image":{"@id":"https:\/\/mulheresacesta.com.br\/en\/#\/schema\/logo\/image\/"}},{"@type":"Person","@id":"https:\/\/mulheresacesta.com.br\/en\/#\/schema\/person\/11ebd3af76a9fcb3d26c815924faac42","name":"mulheres","sameAs":["http:\/\/localhost\/mulheresacesta"],"url":"https:\/\/mulheresacesta.com.br\/en\/author\/mulheres\/"}]}},"_links":{"self":[{"href":"https:\/\/mulheresacesta.com.br\/en\/wp-json\/wp\/v2\/posts\/2256","targetHints":{"allow":["GET"]}}],"collection":[{"href":"https:\/\/mulheresacesta.com.br\/en\/wp-json\/wp\/v2\/posts"}],"about":[{"href":"https:\/\/mulheresacesta.com.br\/en\/wp-json\/wp\/v2\/types\/post"}],"author":[{"embeddable":true,"href":"https:\/\/mulheresacesta.com.br\/en\/wp-json\/wp\/v2\/users\/1"}],"replies":[{"embeddable":true,"href":"https:\/\/mulheresacesta.com.br\/en\/wp-json\/wp\/v2\/comments?post=2256"}],"version-history":[{"count":1,"href":"https:\/\/mulheresacesta.com.br\/en\/wp-json\/wp\/v2\/posts\/2256\/revisions"}],"predecessor-version":[{"id":2258,"href":"https:\/\/mulheresacesta.com.br\/en\/wp-json\/wp\/v2\/posts\/2256\/revisions\/2258"}],"wp:featuredmedia":[{"embeddable":true,"href":"https:\/\/mulheresacesta.com.br\/en\/wp-json\/wp\/v2\/media\/2257"}],"wp:attachment":[{"href":"https:\/\/mulheresacesta.com.br\/en\/wp-json\/wp\/v2\/media?parent=2256"}],"wp:term":[{"taxonomy":"category","embeddable":true,"href":"https:\/\/mulheresacesta.com.br\/en\/wp-json\/wp\/v2\/categories?post=2256"},{"taxonomy":"post_tag","embeddable":true,"href":"https:\/\/mulheresacesta.com.br\/en\/wp-json\/wp\/v2\/tags?post=2256"}],"curies":[{"name":"wp","href":"https:\/\/api.w.org\/{rel}","templated":true}]}}