{"id":2268,"date":"2021-08-11T08:20:28","date_gmt":"2021-08-11T11:20:28","guid":{"rendered":"https:\/\/mulheresacesta.com.br\/?p=2268"},"modified":"2021-08-11T08:20:30","modified_gmt":"2021-08-11T11:20:30","slug":"de-aluno-a-professor","status":"publish","type":"post","link":"https:\/\/mulheresacesta.com.br\/en\/2021\/08\/de-aluno-a-professor\/","title":{"rendered":"De aluno \u00e0 professor!"},"content":{"rendered":"\n<p><\/p>\n\n\n\n<p>Sua dedica\u00e7\u00e3o chamou a aten\u00e7\u00e3o dos dirigentes e, aos 14 anos, assumiu como auxiliar-t\u00e9cnico dos treinadores Dirceu e Fernando \u2018Coruja\u2019, que deixaram a cidade. Tr\u00eas anos depois, passou a acumular a fun\u00e7\u00e3o de t\u00e9cnico desportivo em definitivo, exercendo o cargo at\u00e9 hoje, mostrando muita capacidade e compet\u00eancia no comando dos times Sub-15, Sub-16 e Sub-18 feminino, que disputam o Campeonato Estadual da FPB<\/p>\n\n\n\n<p>Em 2016, a Federa\u00e7\u00e3o Paulista de Basquetebol escolheu o t\u00e9cnico como o melhor treinador do Campeonato Estadual Sub-14 feminino. Esse foi o primeiro de muitos t\u00edtulos que o Cleiton j\u00e1 conquistou a frente do Indians Tup\u00e3!<\/p>\n\n\n\n<p><strong>Projeto Casa do Garoto<\/strong><\/p>\n\n\n\n<p>A Associa\u00e7\u00e3o de Assist\u00eancia Social \u201cJoana D\u00b4Arc\u201d foi fundada pelo grupo de jovens do Centro Esp\u00edrita Alan Kardec em 07 de junho de 1958 e prestava servi\u00e7os de assist\u00eancia social \u00e0 popula\u00e7\u00e3o carente do munic\u00edpio.<\/p>\n\n\n\n<p>Posteriormente receberam como doa\u00e7\u00e3o um terreno localizado na zona leste da cidade onde constru\u00edram um abrigo para acolher crian\u00e7as e adolescentes do sexo masculino cujo v\u00ednculo familiar encontrava-se fragilizado ou at\u00e9 mesmo rompido e o denominaram \u201cCasa do Garoto\u201d.<br>No ano de 1963, devido ao grande \u00edndice populacional infantil da regi\u00e3o, a dire\u00e7\u00e3o da mantenedora optou pela mudan\u00e7a do regime de atendimento, encerrando as atividades como abrigo e iniciando o atendimento em regime integral para crian\u00e7as e adolescentes entre 02 \u00e0 12 anos em regime de contra turno escolar.<br>Atualmente o projeto proporciona assist\u00eancia a cerca de 500 crian\u00e7as e adolescentes de 4 \u00e0 17 anos, em ambos os sexos atrav\u00e9s dos projetos: \u201cSemente da Cidadania\u201d; \u201cServi\u00e7o de Conviv\u00eancia e Fortalecimento de v\u00ednculos\u201d; \u201cNa ponta dos p\u00e9s\u201d; \u201cVirando o jogo\u201d. Os projetos envolvem contra-turno escolar, gin\u00e1stica r\u00edtmica e basquete.<\/p>\n\n\n\n<p><strong>Live<\/strong><strong><\/strong><\/p>\n\n\n\n<p>Na pr\u00f3xima quinta-feira, Cleiton \u00e9 o convidado de Claudia Guedes para uma live, onde ir\u00e1 contar sobre sua trajet\u00f3ria profissional e como \u00e9 atuar com as sele\u00e7\u00f5es de base do basquete feminino brasileiro.<\/p>\n\n\n\n<p>O bate-papo acontece a partir das 12 horas no Instagram @mulheresacesta. N\u00e3o perca!<\/p>\n","protected":false},"excerpt":{"rendered":"<p>Sua dedica\u00e7\u00e3o chamou a aten\u00e7\u00e3o dos dirigentes e, aos 14 anos, assumiu como auxiliar-t\u00e9cnico dos treinadores Dirceu e Fernando \u2018Coruja\u2019, que deixaram a cidade. Tr\u00eas anos depois, passou a acumular a fun\u00e7\u00e3o de t\u00e9cnico desportivo em definitivo, exercendo o cargo at\u00e9 hoje, mostrando muita capacidade e compet\u00eancia no comando dos times Sub-15, Sub-16 e Sub-18 [&hellip;]<\/p>\n","protected":false},"author":1,"featured_media":2269,"comment_status":"open","ping_status":"open","sticky":false,"template":"","format":"standard","meta":{"footnotes":""},"categories":[12],"tags":[109,33],"class_list":["post-2268","post","type-post","status-publish","format-standard","has-post-thumbnail","hentry","category-blog","tag-indians-tupa","tag-live"],"acf":[],"yoast_head":"<!-- This site is optimized with the Yoast SEO plugin v26.4 - https:\/\/yoast.com\/wordpress\/plugins\/seo\/ -->\n<title>De aluno \u00e0 professor!<\/title>\n<meta name=\"description\" content=\"Sua dedica\u00e7\u00e3o chamou a aten\u00e7\u00e3o dos dirigentes e, aos 14 anos, assumiu como auxiliar-t\u00e9cnico dos treinadores Dirceu e Fernando \u2018Coruja\u2019, que deixaram a\" \/>\n<meta name=\"robots\" content=\"index, follow, max-snippet:-1, max-image-preview:large, max-video-preview:-1\" \/>\n<link rel=\"canonical\" href=\"https:\/\/mulheresacesta.com.br\/en\/2021\/08\/de-aluno-a-professor\/\" \/>\n<meta property=\"og:locale\" content=\"en_US\" \/>\n<meta property=\"og:locale:alternate\" content=\"pt_BR\" \/>\n<meta property=\"og:type\" content=\"article\" \/>\n<meta property=\"og:title\" content=\"De aluno \u00e0 professor!\" \/>\n<meta property=\"og:description\" content=\"Sua dedica\u00e7\u00e3o chamou a aten\u00e7\u00e3o dos dirigentes e, aos 14 anos, assumiu como auxiliar-t\u00e9cnico dos treinadores Dirceu e Fernando \u2018Coruja\u2019, que deixaram a\" \/>\n<meta property=\"og:url\" content=\"https:\/\/mulheresacesta.com.br\/en\/2021\/08\/de-aluno-a-professor\/\" \/>\n<meta property=\"og:site_name\" content=\"Mulheres \u00e0 Cesta\" \/>\n<meta property=\"article:published_time\" content=\"2021-08-11T11:20:28+00:00\" \/>\n<meta property=\"article:modified_time\" content=\"2021-08-11T11:20:30+00:00\" \/>\n<meta property=\"og:image\" content=\"https:\/\/mulheresacesta.com.br\/wp-content\/uploads\/2021\/08\/1.png\" \/>\n\t<meta property=\"og:image:width\" content=\"980\" \/>\n\t<meta property=\"og:image:height\" content=\"568\" \/>\n\t<meta property=\"og:image:type\" content=\"image\/png\" \/>\n<meta name=\"author\" content=\"mulheres\" \/>\n<meta name=\"twitter:card\" content=\"summary_large_image\" \/>\n<meta name=\"twitter:label1\" content=\"Written by\" \/>\n\t<meta name=\"twitter:data1\" content=\"mulheres\" \/>\n\t<meta name=\"twitter:label2\" content=\"Est. reading time\" \/>\n\t<meta name=\"twitter:data2\" content=\"2 minutes\" \/>\n<script type=\"application\/ld+json\" class=\"yoast-schema-graph\">{\"@context\":\"https:\/\/schema.org\",\"@graph\":[{\"@type\":\"Article\",\"@id\":\"https:\/\/mulheresacesta.com.br\/en\/2021\/08\/de-aluno-a-professor\/#article\",\"isPartOf\":{\"@id\":\"https:\/\/mulheresacesta.com.br\/en\/2021\/08\/de-aluno-a-professor\/\"},\"author\":{\"name\":\"mulheres\",\"@id\":\"https:\/\/mulheresacesta.com.br\/en\/#\/schema\/person\/11ebd3af76a9fcb3d26c815924faac42\"},\"headline\":\"De aluno \u00e0 professor!\",\"datePublished\":\"2021-08-11T11:20:28+00:00\",\"dateModified\":\"2021-08-11T11:20:30+00:00\",\"mainEntityOfPage\":{\"@id\":\"https:\/\/mulheresacesta.com.br\/en\/2021\/08\/de-aluno-a-professor\/\"},\"wordCount\":352,\"commentCount\":0,\"publisher\":{\"@id\":\"https:\/\/mulheresacesta.com.br\/en\/#organization\"},\"image\":{\"@id\":\"https:\/\/mulheresacesta.com.br\/en\/2021\/08\/de-aluno-a-professor\/#primaryimage\"},\"thumbnailUrl\":\"https:\/\/mulheresacesta.com.br\/wp-content\/uploads\/2021\/08\/1.png\",\"keywords\":[\"indians tup\u00e3\",\"live\"],\"articleSection\":[\"Blog\"],\"inLanguage\":\"en-US\",\"potentialAction\":[{\"@type\":\"CommentAction\",\"name\":\"Comment\",\"target\":[\"https:\/\/mulheresacesta.com.br\/en\/2021\/08\/de-aluno-a-professor\/#respond\"]}]},{\"@type\":\"WebPage\",\"@id\":\"https:\/\/mulheresacesta.com.br\/en\/2021\/08\/de-aluno-a-professor\/\",\"url\":\"https:\/\/mulheresacesta.com.br\/en\/2021\/08\/de-aluno-a-professor\/\",\"name\":\"De aluno \u00e0 professor!\",\"isPartOf\":{\"@id\":\"https:\/\/mulheresacesta.com.br\/en\/#website\"},\"primaryImageOfPage\":{\"@id\":\"https:\/\/mulheresacesta.com.br\/en\/2021\/08\/de-aluno-a-professor\/#primaryimage\"},\"image\":{\"@id\":\"https:\/\/mulheresacesta.com.br\/en\/2021\/08\/de-aluno-a-professor\/#primaryimage\"},\"thumbnailUrl\":\"https:\/\/mulheresacesta.com.br\/wp-content\/uploads\/2021\/08\/1.png\",\"datePublished\":\"2021-08-11T11:20:28+00:00\",\"dateModified\":\"2021-08-11T11:20:30+00:00\",\"description\":\"Sua dedica\u00e7\u00e3o chamou a aten\u00e7\u00e3o dos dirigentes e, aos 14 anos, assumiu como auxiliar-t\u00e9cnico dos treinadores Dirceu e Fernando \u2018Coruja\u2019, que deixaram a\",\"breadcrumb\":{\"@id\":\"https:\/\/mulheresacesta.com.br\/en\/2021\/08\/de-aluno-a-professor\/#breadcrumb\"},\"inLanguage\":\"en-US\",\"potentialAction\":[{\"@type\":\"ReadAction\",\"target\":[\"https:\/\/mulheresacesta.com.br\/en\/2021\/08\/de-aluno-a-professor\/\"]}]},{\"@type\":\"ImageObject\",\"inLanguage\":\"en-US\",\"@id\":\"https:\/\/mulheresacesta.com.br\/en\/2021\/08\/de-aluno-a-professor\/#primaryimage\",\"url\":\"https:\/\/mulheresacesta.com.br\/wp-content\/uploads\/2021\/08\/1.png\",\"contentUrl\":\"https:\/\/mulheresacesta.com.br\/wp-content\/uploads\/2021\/08\/1.png\",\"width\":980,\"height\":568},{\"@type\":\"BreadcrumbList\",\"@id\":\"https:\/\/mulheresacesta.com.br\/en\/2021\/08\/de-aluno-a-professor\/#breadcrumb\",\"itemListElement\":[{\"@type\":\"ListItem\",\"position\":1,\"name\":\"In\u00edcio\",\"item\":\"https:\/\/mulheresacesta.com.br\/\"},{\"@type\":\"ListItem\",\"position\":2,\"name\":\"De aluno \u00e0 professor!\"}]},{\"@type\":\"WebSite\",\"@id\":\"https:\/\/mulheresacesta.com.br\/en\/#website\",\"url\":\"https:\/\/mulheresacesta.com.br\/en\/\",\"name\":\"Mulheres \u00e0 Cesta\",\"description\":\"\",\"publisher\":{\"@id\":\"https:\/\/mulheresacesta.com.br\/en\/#organization\"},\"potentialAction\":[{\"@type\":\"SearchAction\",\"target\":{\"@type\":\"EntryPoint\",\"urlTemplate\":\"https:\/\/mulheresacesta.com.br\/en\/?s={search_term_string}\"},\"query-input\":{\"@type\":\"PropertyValueSpecification\",\"valueRequired\":true,\"valueName\":\"search_term_string\"}}],\"inLanguage\":\"en-US\"},{\"@type\":\"Organization\",\"@id\":\"https:\/\/mulheresacesta.com.br\/en\/#organization\",\"name\":\"Mulheres \u00e0 Cesta\",\"url\":\"https:\/\/mulheresacesta.com.br\/en\/\",\"logo\":{\"@type\":\"ImageObject\",\"inLanguage\":\"en-US\",\"@id\":\"https:\/\/mulheresacesta.com.br\/en\/#\/schema\/logo\/image\/\",\"url\":\"https:\/\/mulheresacesta.com.br\/wp-content\/uploads\/2020\/10\/mulheres-a-cesta.jpg\",\"contentUrl\":\"https:\/\/mulheresacesta.com.br\/wp-content\/uploads\/2020\/10\/mulheres-a-cesta.jpg\",\"width\":400,\"height\":300,\"caption\":\"Mulheres \u00e0 Cesta\"},\"image\":{\"@id\":\"https:\/\/mulheresacesta.com.br\/en\/#\/schema\/logo\/image\/\"}},{\"@type\":\"Person\",\"@id\":\"https:\/\/mulheresacesta.com.br\/en\/#\/schema\/person\/11ebd3af76a9fcb3d26c815924faac42\",\"name\":\"mulheres\",\"sameAs\":[\"http:\/\/localhost\/mulheresacesta\"],\"url\":\"https:\/\/mulheresacesta.com.br\/en\/author\/mulheres\/\"}]}<\/script>\n<!-- \/ Yoast SEO plugin. -->","yoast_head_json":{"title":"De aluno \u00e0 professor!","description":"Sua dedica\u00e7\u00e3o chamou a aten\u00e7\u00e3o dos dirigentes e, aos 14 anos, assumiu como auxiliar-t\u00e9cnico dos treinadores Dirceu e Fernando \u2018Coruja\u2019, que deixaram a","robots":{"index":"index","follow":"follow","max-snippet":"max-snippet:-1","max-image-preview":"max-image-preview:large","max-video-preview":"max-video-preview:-1"},"canonical":"https:\/\/mulheresacesta.com.br\/en\/2021\/08\/de-aluno-a-professor\/","og_locale":"en_US","og_type":"article","og_title":"[:pt]De aluno \u00e0 professor![:] - Mulheres \u00e0 Cesta","og_description":"Sua dedica\u00e7\u00e3o chamou a aten\u00e7\u00e3o dos dirigentes e, aos 14 anos, assumiu como auxiliar-t\u00e9cnico dos treinadores Dirceu e Fernando \u2018Coruja\u2019, que deixaram a","og_url":"https:\/\/mulheresacesta.com.br\/en\/2021\/08\/de-aluno-a-professor\/","og_site_name":"Mulheres \u00e0 Cesta","article_published_time":"2021-08-11T11:20:28+00:00","article_modified_time":"2021-08-11T11:20:30+00:00","og_image":[{"width":980,"height":568,"url":"https:\/\/mulheresacesta.com.br\/wp-content\/uploads\/2021\/08\/1.png","type":"image\/png"}],"author":"mulheres","twitter_card":"summary_large_image","twitter_misc":{"Written by":"mulheres","Est. reading time":"2 minutes"},"schema":{"@context":"https:\/\/schema.org","@graph":[{"@type":"Article","@id":"https:\/\/mulheresacesta.com.br\/en\/2021\/08\/de-aluno-a-professor\/#article","isPartOf":{"@id":"https:\/\/mulheresacesta.com.br\/en\/2021\/08\/de-aluno-a-professor\/"},"author":{"name":"mulheres","@id":"https:\/\/mulheresacesta.com.br\/en\/#\/schema\/person\/11ebd3af76a9fcb3d26c815924faac42"},"headline":"De aluno \u00e0 professor!","datePublished":"2021-08-11T11:20:28+00:00","dateModified":"2021-08-11T11:20:30+00:00","mainEntityOfPage":{"@id":"https:\/\/mulheresacesta.com.br\/en\/2021\/08\/de-aluno-a-professor\/"},"wordCount":352,"commentCount":0,"publisher":{"@id":"https:\/\/mulheresacesta.com.br\/en\/#organization"},"image":{"@id":"https:\/\/mulheresacesta.com.br\/en\/2021\/08\/de-aluno-a-professor\/#primaryimage"},"thumbnailUrl":"https:\/\/mulheresacesta.com.br\/wp-content\/uploads\/2021\/08\/1.png","keywords":["indians tup\u00e3","live"],"articleSection":["Blog"],"inLanguage":"en-US","potentialAction":[{"@type":"CommentAction","name":"Comment","target":["https:\/\/mulheresacesta.com.br\/en\/2021\/08\/de-aluno-a-professor\/#respond"]}]},{"@type":"WebPage","@id":"https:\/\/mulheresacesta.com.br\/en\/2021\/08\/de-aluno-a-professor\/","url":"https:\/\/mulheresacesta.com.br\/en\/2021\/08\/de-aluno-a-professor\/","name":"De aluno \u00e0 professor!","isPartOf":{"@id":"https:\/\/mulheresacesta.com.br\/en\/#website"},"primaryImageOfPage":{"@id":"https:\/\/mulheresacesta.com.br\/en\/2021\/08\/de-aluno-a-professor\/#primaryimage"},"image":{"@id":"https:\/\/mulheresacesta.com.br\/en\/2021\/08\/de-aluno-a-professor\/#primaryimage"},"thumbnailUrl":"https:\/\/mulheresacesta.com.br\/wp-content\/uploads\/2021\/08\/1.png","datePublished":"2021-08-11T11:20:28+00:00","dateModified":"2021-08-11T11:20:30+00:00","description":"Sua dedica\u00e7\u00e3o chamou a aten\u00e7\u00e3o dos dirigentes e, aos 14 anos, assumiu como auxiliar-t\u00e9cnico dos treinadores Dirceu e Fernando \u2018Coruja\u2019, que deixaram a","breadcrumb":{"@id":"https:\/\/mulheresacesta.com.br\/en\/2021\/08\/de-aluno-a-professor\/#breadcrumb"},"inLanguage":"en-US","potentialAction":[{"@type":"ReadAction","target":["https:\/\/mulheresacesta.com.br\/en\/2021\/08\/de-aluno-a-professor\/"]}]},{"@type":"ImageObject","inLanguage":"en-US","@id":"https:\/\/mulheresacesta.com.br\/en\/2021\/08\/de-aluno-a-professor\/#primaryimage","url":"https:\/\/mulheresacesta.com.br\/wp-content\/uploads\/2021\/08\/1.png","contentUrl":"https:\/\/mulheresacesta.com.br\/wp-content\/uploads\/2021\/08\/1.png","width":980,"height":568},{"@type":"BreadcrumbList","@id":"https:\/\/mulheresacesta.com.br\/en\/2021\/08\/de-aluno-a-professor\/#breadcrumb","itemListElement":[{"@type":"ListItem","position":1,"name":"In\u00edcio","item":"https:\/\/mulheresacesta.com.br\/"},{"@type":"ListItem","position":2,"name":"De aluno \u00e0 professor!"}]},{"@type":"WebSite","@id":"https:\/\/mulheresacesta.com.br\/en\/#website","url":"https:\/\/mulheresacesta.com.br\/en\/","name":"Mulheres \u00e0 Cesta","description":"","publisher":{"@id":"https:\/\/mulheresacesta.com.br\/en\/#organization"},"potentialAction":[{"@type":"SearchAction","target":{"@type":"EntryPoint","urlTemplate":"https:\/\/mulheresacesta.com.br\/en\/?s={search_term_string}"},"query-input":{"@type":"PropertyValueSpecification","valueRequired":true,"valueName":"search_term_string"}}],"inLanguage":"en-US"},{"@type":"Organization","@id":"https:\/\/mulheresacesta.com.br\/en\/#organization","name":"Mulheres \u00e0 Cesta","url":"https:\/\/mulheresacesta.com.br\/en\/","logo":{"@type":"ImageObject","inLanguage":"en-US","@id":"https:\/\/mulheresacesta.com.br\/en\/#\/schema\/logo\/image\/","url":"https:\/\/mulheresacesta.com.br\/wp-content\/uploads\/2020\/10\/mulheres-a-cesta.jpg","contentUrl":"https:\/\/mulheresacesta.com.br\/wp-content\/uploads\/2020\/10\/mulheres-a-cesta.jpg","width":400,"height":300,"caption":"Mulheres \u00e0 Cesta"},"image":{"@id":"https:\/\/mulheresacesta.com.br\/en\/#\/schema\/logo\/image\/"}},{"@type":"Person","@id":"https:\/\/mulheresacesta.com.br\/en\/#\/schema\/person\/11ebd3af76a9fcb3d26c815924faac42","name":"mulheres","sameAs":["http:\/\/localhost\/mulheresacesta"],"url":"https:\/\/mulheresacesta.com.br\/en\/author\/mulheres\/"}]}},"_links":{"self":[{"href":"https:\/\/mulheresacesta.com.br\/en\/wp-json\/wp\/v2\/posts\/2268","targetHints":{"allow":["GET"]}}],"collection":[{"href":"https:\/\/mulheresacesta.com.br\/en\/wp-json\/wp\/v2\/posts"}],"about":[{"href":"https:\/\/mulheresacesta.com.br\/en\/wp-json\/wp\/v2\/types\/post"}],"author":[{"embeddable":true,"href":"https:\/\/mulheresacesta.com.br\/en\/wp-json\/wp\/v2\/users\/1"}],"replies":[{"embeddable":true,"href":"https:\/\/mulheresacesta.com.br\/en\/wp-json\/wp\/v2\/comments?post=2268"}],"version-history":[{"count":2,"href":"https:\/\/mulheresacesta.com.br\/en\/wp-json\/wp\/v2\/posts\/2268\/revisions"}],"predecessor-version":[{"id":2271,"href":"https:\/\/mulheresacesta.com.br\/en\/wp-json\/wp\/v2\/posts\/2268\/revisions\/2271"}],"wp:featuredmedia":[{"embeddable":true,"href":"https:\/\/mulheresacesta.com.br\/en\/wp-json\/wp\/v2\/media\/2269"}],"wp:attachment":[{"href":"https:\/\/mulheresacesta.com.br\/en\/wp-json\/wp\/v2\/media?parent=2268"}],"wp:term":[{"taxonomy":"category","embeddable":true,"href":"https:\/\/mulheresacesta.com.br\/en\/wp-json\/wp\/v2\/categories?post=2268"},{"taxonomy":"post_tag","embeddable":true,"href":"https:\/\/mulheresacesta.com.br\/en\/wp-json\/wp\/v2\/tags?post=2268"}],"curies":[{"name":"wp","href":"https:\/\/api.w.org\/{rel}","templated":true}]}}