{"id":2277,"date":"2021-08-13T08:24:02","date_gmt":"2021-08-13T11:24:02","guid":{"rendered":"https:\/\/mulheresacesta.com.br\/?p=2277"},"modified":"2021-08-13T08:24:42","modified_gmt":"2021-08-13T11:24:42","slug":"brasil-e-destaque-na-copa-do-mundo-de-basquete-feminino","status":"publish","type":"post","link":"https:\/\/mulheresacesta.com.br\/en\/2021\/08\/brasil-e-destaque-na-copa-do-mundo-de-basquete-feminino\/","title":{"rendered":"Brasil \u00e9 destaque na Copa do Mundo de Basquete Feminino"},"content":{"rendered":"\n<p>A pergunta foi feita aos torcedores que est\u00e3o acompanhando a competi\u00e7\u00e3o, que teve in\u00edcio esse m\u00eas.<\/p>\n\n\n\n<p>A brasileira Maiara Pereira teve a maior avalia\u00e7\u00e3o no quesito efici\u00eancia, ap\u00f3s somar \u200b\u200b30 pontos e 20 rebotes, bem como 7 bloqueios, contra a Cor\u00e9ia do Sul, embora o Brasil perdeu a partida por&nbsp;80 a 74.<\/p>\n\n\n\n<p><strong>Campeonato<\/strong><\/p>\n\n\n\n<p>No \u00faltimo dia 11, a sele\u00e7\u00e3o sub-19 feminina de basquete foi superada pela Rep\u00fablica Tcheca pelas oitavas de final. Em partida equilibrada, o Brasil foi para o terceiro quarto perdendo por apenas um ponto, mas viu a l\u00edder do Grupo D subir o ritmo para abrir vantagem na segunda parte do duelo, vencendo por 74 a 64.<\/p>\n\n\n\n<p>Foi a melhor partida do Brasil na competi\u00e7\u00e3o at\u00e9 aqui, mostrando evolu\u00e7\u00e3o t\u00e9cnica e t\u00e1tica de uma equipe que treinou em tr\u00eas per\u00edodos, com intervalos desde dezembro de 2020, mas sofreu por conta da pandemia e n\u00e3o p\u00f4de disputar competi\u00e7\u00f5es oficiais nos \u00faltimos 18 meses.<\/p>\n\n\n\n<p>Raiane foi o destaque do Brasil no duelo, com 19 pontos e seis rebotes. Ma\u00edsa teve 12 pontos, com nove rebotes. E Maiara anotou dez pontos, com seis rebotes. Do lado da Rep\u00fablica Tcheca,&nbsp;Katerina Zeithammerova fez 15 pontos e&nbsp;Petra Malikova anotou outros 15.&nbsp;<\/p>\n\n\n\n<p>A Rep\u00fablica Tcheca pega o vencedor de It\u00e1lia ou Hungria nas quartas de final, enquanto o Brasil encara o perdedor deste duelo, nas quartas de final B, mais uma oportunidade de rodagem internacional para o grupo.<\/p>\n\n\n\n<p><strong>Calend\u00e1rio<\/strong><\/p>\n\n\n\n<p>13 de agosto &#8211; sexta-feira<br>Quartas de final e 9\u00ba a 16\u00ba<\/p>\n\n\n\n<p>14 de agosto &#8211; s\u00e1bado<br>Semifinais e 9\u00ba a 16\u00ba<\/p>\n\n\n\n<p>15 de agosto<br>Final e 9\u00ba a 16\u00ba<\/p>\n","protected":false},"excerpt":{"rendered":"<p>A pergunta foi feita aos torcedores que est\u00e3o acompanhando a competi\u00e7\u00e3o, que teve in\u00edcio esse m\u00eas. A brasileira Maiara Pereira teve a maior avalia\u00e7\u00e3o no quesito efici\u00eancia, ap\u00f3s somar \u200b\u200b30 pontos e 20 rebotes, bem como 7 bloqueios, contra a Cor\u00e9ia do Sul, embora o Brasil perdeu a partida por&nbsp;80 a 74. Campeonato No \u00faltimo [&hellip;]<\/p>\n","protected":false},"author":1,"featured_media":2279,"comment_status":"open","ping_status":"open","sticky":false,"template":"","format":"standard","meta":{"footnotes":""},"categories":[12],"tags":[18,110,72,15,9],"class_list":["post-2277","post","type-post","status-publish","format-standard","has-post-thumbnail","hentry","category-blog","tag-claudia-guedes","tag-copa-do-mundo-de-basquete-feminino","tag-mulheres-no-esporte","tag-basquete-feminino","tag-mulheres-a-cesta"],"acf":[],"yoast_head":"<!-- This site is optimized with the Yoast SEO plugin v26.4 - https:\/\/yoast.com\/wordpress\/plugins\/seo\/ -->\n<title>Brasil \u00e9 destaque na Copa do Mundo de Basquete Feminino<\/title>\n<meta name=\"description\" content=\"A pergunta foi feita aos torcedores que est\u00e3o acompanhando a competi\u00e7\u00e3o, que teve in\u00edcio esse m\u00eas. A brasileira Maiara Pereira teve a maior avalia\u00e7\u00e3o no\" \/>\n<meta name=\"robots\" content=\"index, follow, max-snippet:-1, max-image-preview:large, max-video-preview:-1\" \/>\n<link rel=\"canonical\" href=\"https:\/\/mulheresacesta.com.br\/en\/2021\/08\/brasil-e-destaque-na-copa-do-mundo-de-basquete-feminino\/\" \/>\n<meta property=\"og:locale\" content=\"en_US\" \/>\n<meta property=\"og:locale:alternate\" content=\"pt_BR\" \/>\n<meta property=\"og:type\" content=\"article\" \/>\n<meta property=\"og:title\" content=\"Brasil \u00e9 destaque na Copa do Mundo de Basquete Feminino\" \/>\n<meta property=\"og:description\" content=\"A pergunta foi feita aos torcedores que est\u00e3o acompanhando a competi\u00e7\u00e3o, que teve in\u00edcio esse m\u00eas. A brasileira Maiara Pereira teve a maior avalia\u00e7\u00e3o no\" \/>\n<meta property=\"og:url\" content=\"https:\/\/mulheresacesta.com.br\/en\/2021\/08\/brasil-e-destaque-na-copa-do-mundo-de-basquete-feminino\/\" \/>\n<meta property=\"og:site_name\" content=\"Mulheres \u00e0 Cesta\" \/>\n<meta property=\"article:published_time\" content=\"2021-08-13T11:24:02+00:00\" \/>\n<meta property=\"article:modified_time\" content=\"2021-08-13T11:24:42+00:00\" \/>\n<meta property=\"og:image\" content=\"https:\/\/mulheresacesta.com.br\/wp-content\/uploads\/2021\/08\/Untitled-1-1.png\" \/>\n\t<meta property=\"og:image:width\" content=\"980\" \/>\n\t<meta property=\"og:image:height\" content=\"568\" \/>\n\t<meta property=\"og:image:type\" content=\"image\/png\" \/>\n<meta name=\"author\" content=\"mulheres\" \/>\n<meta name=\"twitter:card\" content=\"summary_large_image\" \/>\n<meta name=\"twitter:label1\" content=\"Written by\" \/>\n\t<meta name=\"twitter:data1\" content=\"mulheres\" \/>\n\t<meta name=\"twitter:label2\" content=\"Est. reading time\" \/>\n\t<meta name=\"twitter:data2\" content=\"1 minute\" \/>\n<script type=\"application\/ld+json\" class=\"yoast-schema-graph\">{\"@context\":\"https:\/\/schema.org\",\"@graph\":[{\"@type\":\"Article\",\"@id\":\"https:\/\/mulheresacesta.com.br\/en\/2021\/08\/brasil-e-destaque-na-copa-do-mundo-de-basquete-feminino\/#article\",\"isPartOf\":{\"@id\":\"https:\/\/mulheresacesta.com.br\/en\/2021\/08\/brasil-e-destaque-na-copa-do-mundo-de-basquete-feminino\/\"},\"author\":{\"name\":\"mulheres\",\"@id\":\"https:\/\/mulheresacesta.com.br\/en\/#\/schema\/person\/11ebd3af76a9fcb3d26c815924faac42\"},\"headline\":\"Brasil \u00e9 destaque na Copa do Mundo de Basquete Feminino\",\"datePublished\":\"2021-08-13T11:24:02+00:00\",\"dateModified\":\"2021-08-13T11:24:42+00:00\",\"mainEntityOfPage\":{\"@id\":\"https:\/\/mulheresacesta.com.br\/en\/2021\/08\/brasil-e-destaque-na-copa-do-mundo-de-basquete-feminino\/\"},\"wordCount\":283,\"commentCount\":0,\"publisher\":{\"@id\":\"https:\/\/mulheresacesta.com.br\/en\/#organization\"},\"image\":{\"@id\":\"https:\/\/mulheresacesta.com.br\/en\/2021\/08\/brasil-e-destaque-na-copa-do-mundo-de-basquete-feminino\/#primaryimage\"},\"thumbnailUrl\":\"https:\/\/mulheresacesta.com.br\/wp-content\/uploads\/2021\/08\/Untitled-1-1.png\",\"keywords\":[\"claudia guedes\",\"Copa do Mundo de Basquete Feminino\",\"mulheres no esporte\",\"basquete feminino\",\"mulheres a cesta\"],\"articleSection\":[\"Blog\"],\"inLanguage\":\"en-US\",\"potentialAction\":[{\"@type\":\"CommentAction\",\"name\":\"Comment\",\"target\":[\"https:\/\/mulheresacesta.com.br\/en\/2021\/08\/brasil-e-destaque-na-copa-do-mundo-de-basquete-feminino\/#respond\"]}]},{\"@type\":\"WebPage\",\"@id\":\"https:\/\/mulheresacesta.com.br\/en\/2021\/08\/brasil-e-destaque-na-copa-do-mundo-de-basquete-feminino\/\",\"url\":\"https:\/\/mulheresacesta.com.br\/en\/2021\/08\/brasil-e-destaque-na-copa-do-mundo-de-basquete-feminino\/\",\"name\":\"Brasil \u00e9 destaque na Copa do Mundo de Basquete Feminino\",\"isPartOf\":{\"@id\":\"https:\/\/mulheresacesta.com.br\/en\/#website\"},\"primaryImageOfPage\":{\"@id\":\"https:\/\/mulheresacesta.com.br\/en\/2021\/08\/brasil-e-destaque-na-copa-do-mundo-de-basquete-feminino\/#primaryimage\"},\"image\":{\"@id\":\"https:\/\/mulheresacesta.com.br\/en\/2021\/08\/brasil-e-destaque-na-copa-do-mundo-de-basquete-feminino\/#primaryimage\"},\"thumbnailUrl\":\"https:\/\/mulheresacesta.com.br\/wp-content\/uploads\/2021\/08\/Untitled-1-1.png\",\"datePublished\":\"2021-08-13T11:24:02+00:00\",\"dateModified\":\"2021-08-13T11:24:42+00:00\",\"description\":\"A pergunta foi feita aos torcedores que est\u00e3o acompanhando a competi\u00e7\u00e3o, que teve in\u00edcio esse m\u00eas. A brasileira Maiara Pereira teve a maior avalia\u00e7\u00e3o no\",\"breadcrumb\":{\"@id\":\"https:\/\/mulheresacesta.com.br\/en\/2021\/08\/brasil-e-destaque-na-copa-do-mundo-de-basquete-feminino\/#breadcrumb\"},\"inLanguage\":\"en-US\",\"potentialAction\":[{\"@type\":\"ReadAction\",\"target\":[\"https:\/\/mulheresacesta.com.br\/en\/2021\/08\/brasil-e-destaque-na-copa-do-mundo-de-basquete-feminino\/\"]}]},{\"@type\":\"ImageObject\",\"inLanguage\":\"en-US\",\"@id\":\"https:\/\/mulheresacesta.com.br\/en\/2021\/08\/brasil-e-destaque-na-copa-do-mundo-de-basquete-feminino\/#primaryimage\",\"url\":\"https:\/\/mulheresacesta.com.br\/wp-content\/uploads\/2021\/08\/Untitled-1-1.png\",\"contentUrl\":\"https:\/\/mulheresacesta.com.br\/wp-content\/uploads\/2021\/08\/Untitled-1-1.png\",\"width\":980,\"height\":568},{\"@type\":\"BreadcrumbList\",\"@id\":\"https:\/\/mulheresacesta.com.br\/en\/2021\/08\/brasil-e-destaque-na-copa-do-mundo-de-basquete-feminino\/#breadcrumb\",\"itemListElement\":[{\"@type\":\"ListItem\",\"position\":1,\"name\":\"In\u00edcio\",\"item\":\"https:\/\/mulheresacesta.com.br\/\"},{\"@type\":\"ListItem\",\"position\":2,\"name\":\"Brasil \u00e9 destaque na Copa do Mundo de Basquete Feminino\"}]},{\"@type\":\"WebSite\",\"@id\":\"https:\/\/mulheresacesta.com.br\/en\/#website\",\"url\":\"https:\/\/mulheresacesta.com.br\/en\/\",\"name\":\"Mulheres \u00e0 Cesta\",\"description\":\"\",\"publisher\":{\"@id\":\"https:\/\/mulheresacesta.com.br\/en\/#organization\"},\"potentialAction\":[{\"@type\":\"SearchAction\",\"target\":{\"@type\":\"EntryPoint\",\"urlTemplate\":\"https:\/\/mulheresacesta.com.br\/en\/?s={search_term_string}\"},\"query-input\":{\"@type\":\"PropertyValueSpecification\",\"valueRequired\":true,\"valueName\":\"search_term_string\"}}],\"inLanguage\":\"en-US\"},{\"@type\":\"Organization\",\"@id\":\"https:\/\/mulheresacesta.com.br\/en\/#organization\",\"name\":\"Mulheres \u00e0 Cesta\",\"url\":\"https:\/\/mulheresacesta.com.br\/en\/\",\"logo\":{\"@type\":\"ImageObject\",\"inLanguage\":\"en-US\",\"@id\":\"https:\/\/mulheresacesta.com.br\/en\/#\/schema\/logo\/image\/\",\"url\":\"https:\/\/mulheresacesta.com.br\/wp-content\/uploads\/2020\/10\/mulheres-a-cesta.jpg\",\"contentUrl\":\"https:\/\/mulheresacesta.com.br\/wp-content\/uploads\/2020\/10\/mulheres-a-cesta.jpg\",\"width\":400,\"height\":300,\"caption\":\"Mulheres \u00e0 Cesta\"},\"image\":{\"@id\":\"https:\/\/mulheresacesta.com.br\/en\/#\/schema\/logo\/image\/\"}},{\"@type\":\"Person\",\"@id\":\"https:\/\/mulheresacesta.com.br\/en\/#\/schema\/person\/11ebd3af76a9fcb3d26c815924faac42\",\"name\":\"mulheres\",\"sameAs\":[\"http:\/\/localhost\/mulheresacesta\"],\"url\":\"https:\/\/mulheresacesta.com.br\/en\/author\/mulheres\/\"}]}<\/script>\n<!-- \/ Yoast SEO plugin. -->","yoast_head_json":{"title":"Brasil \u00e9 destaque na Copa do Mundo de Basquete Feminino","description":"A pergunta foi feita aos torcedores que est\u00e3o acompanhando a competi\u00e7\u00e3o, que teve in\u00edcio esse m\u00eas. A brasileira Maiara Pereira teve a maior avalia\u00e7\u00e3o no","robots":{"index":"index","follow":"follow","max-snippet":"max-snippet:-1","max-image-preview":"max-image-preview:large","max-video-preview":"max-video-preview:-1"},"canonical":"https:\/\/mulheresacesta.com.br\/en\/2021\/08\/brasil-e-destaque-na-copa-do-mundo-de-basquete-feminino\/","og_locale":"en_US","og_type":"article","og_title":"[:pt]Brasil \u00e9 destaque na Copa do Mundo de Basquete Feminino[:] - Mulheres \u00e0 Cesta","og_description":"A pergunta foi feita aos torcedores que est\u00e3o acompanhando a competi\u00e7\u00e3o, que teve in\u00edcio esse m\u00eas. A brasileira Maiara Pereira teve a maior avalia\u00e7\u00e3o no","og_url":"https:\/\/mulheresacesta.com.br\/en\/2021\/08\/brasil-e-destaque-na-copa-do-mundo-de-basquete-feminino\/","og_site_name":"Mulheres \u00e0 Cesta","article_published_time":"2021-08-13T11:24:02+00:00","article_modified_time":"2021-08-13T11:24:42+00:00","og_image":[{"width":980,"height":568,"url":"https:\/\/mulheresacesta.com.br\/wp-content\/uploads\/2021\/08\/Untitled-1-1.png","type":"image\/png"}],"author":"mulheres","twitter_card":"summary_large_image","twitter_misc":{"Written by":"mulheres","Est. reading time":"1 minute"},"schema":{"@context":"https:\/\/schema.org","@graph":[{"@type":"Article","@id":"https:\/\/mulheresacesta.com.br\/en\/2021\/08\/brasil-e-destaque-na-copa-do-mundo-de-basquete-feminino\/#article","isPartOf":{"@id":"https:\/\/mulheresacesta.com.br\/en\/2021\/08\/brasil-e-destaque-na-copa-do-mundo-de-basquete-feminino\/"},"author":{"name":"mulheres","@id":"https:\/\/mulheresacesta.com.br\/en\/#\/schema\/person\/11ebd3af76a9fcb3d26c815924faac42"},"headline":"Brasil \u00e9 destaque na Copa do Mundo de Basquete Feminino","datePublished":"2021-08-13T11:24:02+00:00","dateModified":"2021-08-13T11:24:42+00:00","mainEntityOfPage":{"@id":"https:\/\/mulheresacesta.com.br\/en\/2021\/08\/brasil-e-destaque-na-copa-do-mundo-de-basquete-feminino\/"},"wordCount":283,"commentCount":0,"publisher":{"@id":"https:\/\/mulheresacesta.com.br\/en\/#organization"},"image":{"@id":"https:\/\/mulheresacesta.com.br\/en\/2021\/08\/brasil-e-destaque-na-copa-do-mundo-de-basquete-feminino\/#primaryimage"},"thumbnailUrl":"https:\/\/mulheresacesta.com.br\/wp-content\/uploads\/2021\/08\/Untitled-1-1.png","keywords":["claudia guedes","Copa do Mundo de Basquete Feminino","mulheres no esporte","basquete feminino","mulheres a cesta"],"articleSection":["Blog"],"inLanguage":"en-US","potentialAction":[{"@type":"CommentAction","name":"Comment","target":["https:\/\/mulheresacesta.com.br\/en\/2021\/08\/brasil-e-destaque-na-copa-do-mundo-de-basquete-feminino\/#respond"]}]},{"@type":"WebPage","@id":"https:\/\/mulheresacesta.com.br\/en\/2021\/08\/brasil-e-destaque-na-copa-do-mundo-de-basquete-feminino\/","url":"https:\/\/mulheresacesta.com.br\/en\/2021\/08\/brasil-e-destaque-na-copa-do-mundo-de-basquete-feminino\/","name":"Brasil \u00e9 destaque na Copa do Mundo de Basquete Feminino","isPartOf":{"@id":"https:\/\/mulheresacesta.com.br\/en\/#website"},"primaryImageOfPage":{"@id":"https:\/\/mulheresacesta.com.br\/en\/2021\/08\/brasil-e-destaque-na-copa-do-mundo-de-basquete-feminino\/#primaryimage"},"image":{"@id":"https:\/\/mulheresacesta.com.br\/en\/2021\/08\/brasil-e-destaque-na-copa-do-mundo-de-basquete-feminino\/#primaryimage"},"thumbnailUrl":"https:\/\/mulheresacesta.com.br\/wp-content\/uploads\/2021\/08\/Untitled-1-1.png","datePublished":"2021-08-13T11:24:02+00:00","dateModified":"2021-08-13T11:24:42+00:00","description":"A pergunta foi feita aos torcedores que est\u00e3o acompanhando a competi\u00e7\u00e3o, que teve in\u00edcio esse m\u00eas. A brasileira Maiara Pereira teve a maior avalia\u00e7\u00e3o no","breadcrumb":{"@id":"https:\/\/mulheresacesta.com.br\/en\/2021\/08\/brasil-e-destaque-na-copa-do-mundo-de-basquete-feminino\/#breadcrumb"},"inLanguage":"en-US","potentialAction":[{"@type":"ReadAction","target":["https:\/\/mulheresacesta.com.br\/en\/2021\/08\/brasil-e-destaque-na-copa-do-mundo-de-basquete-feminino\/"]}]},{"@type":"ImageObject","inLanguage":"en-US","@id":"https:\/\/mulheresacesta.com.br\/en\/2021\/08\/brasil-e-destaque-na-copa-do-mundo-de-basquete-feminino\/#primaryimage","url":"https:\/\/mulheresacesta.com.br\/wp-content\/uploads\/2021\/08\/Untitled-1-1.png","contentUrl":"https:\/\/mulheresacesta.com.br\/wp-content\/uploads\/2021\/08\/Untitled-1-1.png","width":980,"height":568},{"@type":"BreadcrumbList","@id":"https:\/\/mulheresacesta.com.br\/en\/2021\/08\/brasil-e-destaque-na-copa-do-mundo-de-basquete-feminino\/#breadcrumb","itemListElement":[{"@type":"ListItem","position":1,"name":"In\u00edcio","item":"https:\/\/mulheresacesta.com.br\/"},{"@type":"ListItem","position":2,"name":"Brasil \u00e9 destaque na Copa do Mundo de Basquete Feminino"}]},{"@type":"WebSite","@id":"https:\/\/mulheresacesta.com.br\/en\/#website","url":"https:\/\/mulheresacesta.com.br\/en\/","name":"Mulheres \u00e0 Cesta","description":"","publisher":{"@id":"https:\/\/mulheresacesta.com.br\/en\/#organization"},"potentialAction":[{"@type":"SearchAction","target":{"@type":"EntryPoint","urlTemplate":"https:\/\/mulheresacesta.com.br\/en\/?s={search_term_string}"},"query-input":{"@type":"PropertyValueSpecification","valueRequired":true,"valueName":"search_term_string"}}],"inLanguage":"en-US"},{"@type":"Organization","@id":"https:\/\/mulheresacesta.com.br\/en\/#organization","name":"Mulheres \u00e0 Cesta","url":"https:\/\/mulheresacesta.com.br\/en\/","logo":{"@type":"ImageObject","inLanguage":"en-US","@id":"https:\/\/mulheresacesta.com.br\/en\/#\/schema\/logo\/image\/","url":"https:\/\/mulheresacesta.com.br\/wp-content\/uploads\/2020\/10\/mulheres-a-cesta.jpg","contentUrl":"https:\/\/mulheresacesta.com.br\/wp-content\/uploads\/2020\/10\/mulheres-a-cesta.jpg","width":400,"height":300,"caption":"Mulheres \u00e0 Cesta"},"image":{"@id":"https:\/\/mulheresacesta.com.br\/en\/#\/schema\/logo\/image\/"}},{"@type":"Person","@id":"https:\/\/mulheresacesta.com.br\/en\/#\/schema\/person\/11ebd3af76a9fcb3d26c815924faac42","name":"mulheres","sameAs":["http:\/\/localhost\/mulheresacesta"],"url":"https:\/\/mulheresacesta.com.br\/en\/author\/mulheres\/"}]}},"_links":{"self":[{"href":"https:\/\/mulheresacesta.com.br\/en\/wp-json\/wp\/v2\/posts\/2277","targetHints":{"allow":["GET"]}}],"collection":[{"href":"https:\/\/mulheresacesta.com.br\/en\/wp-json\/wp\/v2\/posts"}],"about":[{"href":"https:\/\/mulheresacesta.com.br\/en\/wp-json\/wp\/v2\/types\/post"}],"author":[{"embeddable":true,"href":"https:\/\/mulheresacesta.com.br\/en\/wp-json\/wp\/v2\/users\/1"}],"replies":[{"embeddable":true,"href":"https:\/\/mulheresacesta.com.br\/en\/wp-json\/wp\/v2\/comments?post=2277"}],"version-history":[{"count":5,"href":"https:\/\/mulheresacesta.com.br\/en\/wp-json\/wp\/v2\/posts\/2277\/revisions"}],"predecessor-version":[{"id":2283,"href":"https:\/\/mulheresacesta.com.br\/en\/wp-json\/wp\/v2\/posts\/2277\/revisions\/2283"}],"wp:featuredmedia":[{"embeddable":true,"href":"https:\/\/mulheresacesta.com.br\/en\/wp-json\/wp\/v2\/media\/2279"}],"wp:attachment":[{"href":"https:\/\/mulheresacesta.com.br\/en\/wp-json\/wp\/v2\/media?parent=2277"}],"wp:term":[{"taxonomy":"category","embeddable":true,"href":"https:\/\/mulheresacesta.com.br\/en\/wp-json\/wp\/v2\/categories?post=2277"},{"taxonomy":"post_tag","embeddable":true,"href":"https:\/\/mulheresacesta.com.br\/en\/wp-json\/wp\/v2\/tags?post=2277"}],"curies":[{"name":"wp","href":"https:\/\/api.w.org\/{rel}","templated":true}]}}