{"id":2354,"date":"2021-09-03T09:02:21","date_gmt":"2021-09-03T12:02:21","guid":{"rendered":"https:\/\/mulheresacesta.com.br\/?p=2354"},"modified":"2021-09-03T09:16:15","modified_gmt":"2021-09-03T12:16:15","slug":"brasil-sera-sede-da-copa-america-de-basquete-em-2022","status":"publish","type":"post","link":"https:\/\/mulheresacesta.com.br\/en\/2021\/09\/brasil-sera-sede-da-copa-america-de-basquete-em-2022\/","title":{"rendered":"Brasil ser\u00e1 sede da Copa Am\u00e9rica de basquete em 2022"},"content":{"rendered":"\n<p>O Brasil ser\u00e1 a pr\u00f3xima sede da Copa Am\u00e9rica de basquete, que acontece em setembro de 2022. \u00c9 a primeira vez desde 1984 que o pa\u00eds recebe a principal competi\u00e7\u00e3o de basquete do continente. Na \u00e9poca, o Brasil ficou com o t\u00edtulo em cima de Porto Rico, em S\u00e3o Paulo. J\u00e1 a \u00faltima conquista do torneio veio em 2009, justamente quando Porto Rico recebeu a competi\u00e7\u00e3o.<\/p>\n\n\n\n<p><strong>A competi\u00e7\u00e3o<\/strong><\/p>\n\n\n\n<p>A Copa Am\u00e9rica ter\u00e1 quatro cidades-sede que ainda ser\u00e3o selecionadas entre as candidatas pela organiza\u00e7\u00e3o. O torneio ter\u00e1 a participa\u00e7\u00e3o de 12 sele\u00e7\u00f5es do continente, todos classificados atrav\u00e9s de eliminat\u00f3rias, que terminaram em fevereiro deste ano:&nbsp;Brasil, Argentina, Estados Unidos, Canad\u00e1, M\u00e9xico, Rep\u00fablica Dominicana, Porto Rico, Venezuela, Uruguai, Panam\u00e1, Ilhas Virgens&nbsp;e&nbsp;Col\u00f4mbia.<\/p>\n\n\n\n<p>A Americup \u00e9 a primeira competi\u00e7\u00e3o oficial do ciclo ol\u00edmpico que culminas nas Olimp\u00edadas de 2024, em Paris. O Brasil tenta voltar aos Jogos depois de ficar de fora em 2021 ao perder a final do pr\u00e9-Ol\u00edmpico de Split para a Alemanha.<\/p>\n\n\n\n<p><strong>Parceria com empresa de Daniel Alves<\/strong><\/p>\n\n\n\n<div class=\"wp-block-image\"><figure class=\"aligncenter size-large\"><img decoding=\"async\" src=\"https:\/\/mulheresacesta.com.br\/wp-content\/uploads\/2021\/09\/brasil-espanha-final-olimpiada-jogos-de-toquio-daniel-alves-07082021131514483-1024x682.jpg\" alt=\"\" class=\"wp-image-2357\"\/><\/figure><\/div>\n\n\n\n<p>Dono do maior n\u00famero de t\u00edtulos na hist\u00f3ria do futebol, o jogador Daniel Alves \u00e9 s\u00f3cio de uma empresa de marketing esportivo, e \u00e9 um dos respons\u00e1veis por trazer ao lado da CBB e da FIBA Am\u00e9ricas a Americup para o Brasil.<\/p>\n\n\n\n<p>E ainda, Daniel ir\u00e1 inaugurar nesse m\u00eas de setembro, na Bahia, seu projeto social, que atender\u00e1 2 mil crian\u00e7as com as modalidades de futebol e basquete. O basquete ter\u00e1, inclusive, uma quadra 3&#215;3 com capacidade para receber eventos, com piso oficial e toda a tecnologia FIBA.<\/p>\n","protected":false},"excerpt":{"rendered":"<p>O Brasil ser\u00e1 a pr\u00f3xima sede da Copa Am\u00e9rica de basquete, que acontece em setembro de 2022. \u00c9 a primeira vez desde 1984 que o pa\u00eds recebe a principal competi\u00e7\u00e3o de basquete do continente. Na \u00e9poca, o Brasil ficou com o t\u00edtulo em cima de Porto Rico, em S\u00e3o Paulo. J\u00e1 a \u00faltima conquista do [&hellip;]<\/p>\n","protected":false},"author":1,"featured_media":2355,"comment_status":"open","ping_status":"open","sticky":false,"template":"","format":"standard","meta":{"footnotes":""},"categories":[12],"tags":[63,104,18,118,15],"class_list":["post-2354","post","type-post","status-publish","format-standard","has-post-thumbnail","hentry","category-blog","tag-basquete-brasil","tag-basquete-chapeco","tag-claudia-guedes","tag-copa-amercia","tag-basquete-feminino"],"acf":[],"yoast_head":"<!-- This site is optimized with the Yoast SEO plugin v26.4 - https:\/\/yoast.com\/wordpress\/plugins\/seo\/ -->\n<title>Brasil ser\u00e1 sede da Copa Am\u00e9rica de basquete em 2022<\/title>\n<meta name=\"description\" content=\"O Brasil ser\u00e1 a pr\u00f3xima sede da Copa Am\u00e9rica de basquete, que acontece em setembro de 2022. \u00c9 a primeira vez desde 1984 que o pa\u00eds recebe a principal\" \/>\n<meta name=\"robots\" content=\"index, follow, max-snippet:-1, max-image-preview:large, max-video-preview:-1\" \/>\n<link rel=\"canonical\" href=\"https:\/\/mulheresacesta.com.br\/en\/2021\/09\/brasil-sera-sede-da-copa-america-de-basquete-em-2022\/\" \/>\n<meta property=\"og:locale\" content=\"en_US\" \/>\n<meta property=\"og:locale:alternate\" content=\"pt_BR\" \/>\n<meta property=\"og:type\" content=\"article\" \/>\n<meta property=\"og:title\" content=\"Brasil ser\u00e1 sede da Copa Am\u00e9rica de basquete em 2022\" \/>\n<meta property=\"og:description\" content=\"O Brasil ser\u00e1 a pr\u00f3xima sede da Copa Am\u00e9rica de basquete, que acontece em setembro de 2022. \u00c9 a primeira vez desde 1984 que o pa\u00eds recebe a principal\" \/>\n<meta property=\"og:url\" content=\"https:\/\/mulheresacesta.com.br\/en\/2021\/09\/brasil-sera-sede-da-copa-america-de-basquete-em-2022\/\" \/>\n<meta property=\"og:site_name\" content=\"Mulheres \u00e0 Cesta\" \/>\n<meta property=\"article:published_time\" content=\"2021-09-03T12:02:21+00:00\" \/>\n<meta property=\"article:modified_time\" content=\"2021-09-03T12:16:15+00:00\" \/>\n<meta property=\"og:image\" content=\"https:\/\/mulheresacesta.com.br\/wp-content\/uploads\/2021\/09\/D6KN47CXkAE9-ci.jpg\" \/>\n\t<meta property=\"og:image:width\" content=\"1024\" \/>\n\t<meta property=\"og:image:height\" content=\"768\" \/>\n\t<meta property=\"og:image:type\" content=\"image\/jpeg\" \/>\n<meta name=\"author\" content=\"mulheres\" \/>\n<meta name=\"twitter:card\" content=\"summary_large_image\" \/>\n<meta name=\"twitter:label1\" content=\"Written by\" \/>\n\t<meta name=\"twitter:data1\" content=\"mulheres\" \/>\n\t<meta name=\"twitter:label2\" content=\"Est. reading time\" \/>\n\t<meta name=\"twitter:data2\" content=\"1 minute\" \/>\n<script type=\"application\/ld+json\" class=\"yoast-schema-graph\">{\"@context\":\"https:\/\/schema.org\",\"@graph\":[{\"@type\":\"Article\",\"@id\":\"https:\/\/mulheresacesta.com.br\/en\/2021\/09\/brasil-sera-sede-da-copa-america-de-basquete-em-2022\/#article\",\"isPartOf\":{\"@id\":\"https:\/\/mulheresacesta.com.br\/en\/2021\/09\/brasil-sera-sede-da-copa-america-de-basquete-em-2022\/\"},\"author\":{\"name\":\"mulheres\",\"@id\":\"https:\/\/mulheresacesta.com.br\/en\/#\/schema\/person\/11ebd3af76a9fcb3d26c815924faac42\"},\"headline\":\"Brasil ser\u00e1 sede da Copa Am\u00e9rica de basquete em 2022\",\"datePublished\":\"2021-09-03T12:02:21+00:00\",\"dateModified\":\"2021-09-03T12:16:15+00:00\",\"mainEntityOfPage\":{\"@id\":\"https:\/\/mulheresacesta.com.br\/en\/2021\/09\/brasil-sera-sede-da-copa-america-de-basquete-em-2022\/\"},\"wordCount\":292,\"commentCount\":0,\"publisher\":{\"@id\":\"https:\/\/mulheresacesta.com.br\/en\/#organization\"},\"image\":{\"@id\":\"https:\/\/mulheresacesta.com.br\/en\/2021\/09\/brasil-sera-sede-da-copa-america-de-basquete-em-2022\/#primaryimage\"},\"thumbnailUrl\":\"https:\/\/mulheresacesta.com.br\/wp-content\/uploads\/2021\/09\/D6KN47CXkAE9-ci.jpg\",\"keywords\":[\"basquete brasil\",\"basquete chapeco\",\"claudia guedes\",\"copa amercia\",\"basquete feminino\"],\"articleSection\":[\"Blog\"],\"inLanguage\":\"en-US\",\"potentialAction\":[{\"@type\":\"CommentAction\",\"name\":\"Comment\",\"target\":[\"https:\/\/mulheresacesta.com.br\/en\/2021\/09\/brasil-sera-sede-da-copa-america-de-basquete-em-2022\/#respond\"]}]},{\"@type\":\"WebPage\",\"@id\":\"https:\/\/mulheresacesta.com.br\/en\/2021\/09\/brasil-sera-sede-da-copa-america-de-basquete-em-2022\/\",\"url\":\"https:\/\/mulheresacesta.com.br\/en\/2021\/09\/brasil-sera-sede-da-copa-america-de-basquete-em-2022\/\",\"name\":\"Brasil ser\u00e1 sede da Copa Am\u00e9rica de basquete em 2022\",\"isPartOf\":{\"@id\":\"https:\/\/mulheresacesta.com.br\/en\/#website\"},\"primaryImageOfPage\":{\"@id\":\"https:\/\/mulheresacesta.com.br\/en\/2021\/09\/brasil-sera-sede-da-copa-america-de-basquete-em-2022\/#primaryimage\"},\"image\":{\"@id\":\"https:\/\/mulheresacesta.com.br\/en\/2021\/09\/brasil-sera-sede-da-copa-america-de-basquete-em-2022\/#primaryimage\"},\"thumbnailUrl\":\"https:\/\/mulheresacesta.com.br\/wp-content\/uploads\/2021\/09\/D6KN47CXkAE9-ci.jpg\",\"datePublished\":\"2021-09-03T12:02:21+00:00\",\"dateModified\":\"2021-09-03T12:16:15+00:00\",\"description\":\"O Brasil ser\u00e1 a pr\u00f3xima sede da Copa Am\u00e9rica de basquete, que acontece em setembro de 2022. \u00c9 a primeira vez desde 1984 que o pa\u00eds recebe a principal\",\"breadcrumb\":{\"@id\":\"https:\/\/mulheresacesta.com.br\/en\/2021\/09\/brasil-sera-sede-da-copa-america-de-basquete-em-2022\/#breadcrumb\"},\"inLanguage\":\"en-US\",\"potentialAction\":[{\"@type\":\"ReadAction\",\"target\":[\"https:\/\/mulheresacesta.com.br\/en\/2021\/09\/brasil-sera-sede-da-copa-america-de-basquete-em-2022\/\"]}]},{\"@type\":\"ImageObject\",\"inLanguage\":\"en-US\",\"@id\":\"https:\/\/mulheresacesta.com.br\/en\/2021\/09\/brasil-sera-sede-da-copa-america-de-basquete-em-2022\/#primaryimage\",\"url\":\"https:\/\/mulheresacesta.com.br\/wp-content\/uploads\/2021\/09\/D6KN47CXkAE9-ci.jpg\",\"contentUrl\":\"https:\/\/mulheresacesta.com.br\/wp-content\/uploads\/2021\/09\/D6KN47CXkAE9-ci.jpg\",\"width\":1024,\"height\":768},{\"@type\":\"BreadcrumbList\",\"@id\":\"https:\/\/mulheresacesta.com.br\/en\/2021\/09\/brasil-sera-sede-da-copa-america-de-basquete-em-2022\/#breadcrumb\",\"itemListElement\":[{\"@type\":\"ListItem\",\"position\":1,\"name\":\"In\u00edcio\",\"item\":\"https:\/\/mulheresacesta.com.br\/\"},{\"@type\":\"ListItem\",\"position\":2,\"name\":\"Brasil ser\u00e1 sede da Copa Am\u00e9rica de basquete em 2022\"}]},{\"@type\":\"WebSite\",\"@id\":\"https:\/\/mulheresacesta.com.br\/en\/#website\",\"url\":\"https:\/\/mulheresacesta.com.br\/en\/\",\"name\":\"Mulheres \u00e0 Cesta\",\"description\":\"\",\"publisher\":{\"@id\":\"https:\/\/mulheresacesta.com.br\/en\/#organization\"},\"potentialAction\":[{\"@type\":\"SearchAction\",\"target\":{\"@type\":\"EntryPoint\",\"urlTemplate\":\"https:\/\/mulheresacesta.com.br\/en\/?s={search_term_string}\"},\"query-input\":{\"@type\":\"PropertyValueSpecification\",\"valueRequired\":true,\"valueName\":\"search_term_string\"}}],\"inLanguage\":\"en-US\"},{\"@type\":\"Organization\",\"@id\":\"https:\/\/mulheresacesta.com.br\/en\/#organization\",\"name\":\"Mulheres \u00e0 Cesta\",\"url\":\"https:\/\/mulheresacesta.com.br\/en\/\",\"logo\":{\"@type\":\"ImageObject\",\"inLanguage\":\"en-US\",\"@id\":\"https:\/\/mulheresacesta.com.br\/en\/#\/schema\/logo\/image\/\",\"url\":\"https:\/\/mulheresacesta.com.br\/wp-content\/uploads\/2020\/10\/mulheres-a-cesta.jpg\",\"contentUrl\":\"https:\/\/mulheresacesta.com.br\/wp-content\/uploads\/2020\/10\/mulheres-a-cesta.jpg\",\"width\":400,\"height\":300,\"caption\":\"Mulheres \u00e0 Cesta\"},\"image\":{\"@id\":\"https:\/\/mulheresacesta.com.br\/en\/#\/schema\/logo\/image\/\"}},{\"@type\":\"Person\",\"@id\":\"https:\/\/mulheresacesta.com.br\/en\/#\/schema\/person\/11ebd3af76a9fcb3d26c815924faac42\",\"name\":\"mulheres\",\"sameAs\":[\"http:\/\/localhost\/mulheresacesta\"],\"url\":\"https:\/\/mulheresacesta.com.br\/en\/author\/mulheres\/\"}]}<\/script>\n<!-- \/ Yoast SEO plugin. -->","yoast_head_json":{"title":"Brasil ser\u00e1 sede da Copa Am\u00e9rica de basquete em 2022","description":"O Brasil ser\u00e1 a pr\u00f3xima sede da Copa Am\u00e9rica de basquete, que acontece em setembro de 2022. \u00c9 a primeira vez desde 1984 que o pa\u00eds recebe a principal","robots":{"index":"index","follow":"follow","max-snippet":"max-snippet:-1","max-image-preview":"max-image-preview:large","max-video-preview":"max-video-preview:-1"},"canonical":"https:\/\/mulheresacesta.com.br\/en\/2021\/09\/brasil-sera-sede-da-copa-america-de-basquete-em-2022\/","og_locale":"en_US","og_type":"article","og_title":"[:pt]Brasil ser\u00e1 sede da Copa Am\u00e9rica de basquete em 2022[:] - Mulheres \u00e0 Cesta","og_description":"O Brasil ser\u00e1 a pr\u00f3xima sede da Copa Am\u00e9rica de basquete, que acontece em setembro de 2022. \u00c9 a primeira vez desde 1984 que o pa\u00eds recebe a principal","og_url":"https:\/\/mulheresacesta.com.br\/en\/2021\/09\/brasil-sera-sede-da-copa-america-de-basquete-em-2022\/","og_site_name":"Mulheres \u00e0 Cesta","article_published_time":"2021-09-03T12:02:21+00:00","article_modified_time":"2021-09-03T12:16:15+00:00","og_image":[{"width":1024,"height":768,"url":"https:\/\/mulheresacesta.com.br\/wp-content\/uploads\/2021\/09\/D6KN47CXkAE9-ci.jpg","type":"image\/jpeg"}],"author":"mulheres","twitter_card":"summary_large_image","twitter_misc":{"Written by":"mulheres","Est. reading time":"1 minute"},"schema":{"@context":"https:\/\/schema.org","@graph":[{"@type":"Article","@id":"https:\/\/mulheresacesta.com.br\/en\/2021\/09\/brasil-sera-sede-da-copa-america-de-basquete-em-2022\/#article","isPartOf":{"@id":"https:\/\/mulheresacesta.com.br\/en\/2021\/09\/brasil-sera-sede-da-copa-america-de-basquete-em-2022\/"},"author":{"name":"mulheres","@id":"https:\/\/mulheresacesta.com.br\/en\/#\/schema\/person\/11ebd3af76a9fcb3d26c815924faac42"},"headline":"Brasil ser\u00e1 sede da Copa Am\u00e9rica de basquete em 2022","datePublished":"2021-09-03T12:02:21+00:00","dateModified":"2021-09-03T12:16:15+00:00","mainEntityOfPage":{"@id":"https:\/\/mulheresacesta.com.br\/en\/2021\/09\/brasil-sera-sede-da-copa-america-de-basquete-em-2022\/"},"wordCount":292,"commentCount":0,"publisher":{"@id":"https:\/\/mulheresacesta.com.br\/en\/#organization"},"image":{"@id":"https:\/\/mulheresacesta.com.br\/en\/2021\/09\/brasil-sera-sede-da-copa-america-de-basquete-em-2022\/#primaryimage"},"thumbnailUrl":"https:\/\/mulheresacesta.com.br\/wp-content\/uploads\/2021\/09\/D6KN47CXkAE9-ci.jpg","keywords":["basquete brasil","basquete chapeco","claudia guedes","copa amercia","basquete feminino"],"articleSection":["Blog"],"inLanguage":"en-US","potentialAction":[{"@type":"CommentAction","name":"Comment","target":["https:\/\/mulheresacesta.com.br\/en\/2021\/09\/brasil-sera-sede-da-copa-america-de-basquete-em-2022\/#respond"]}]},{"@type":"WebPage","@id":"https:\/\/mulheresacesta.com.br\/en\/2021\/09\/brasil-sera-sede-da-copa-america-de-basquete-em-2022\/","url":"https:\/\/mulheresacesta.com.br\/en\/2021\/09\/brasil-sera-sede-da-copa-america-de-basquete-em-2022\/","name":"Brasil ser\u00e1 sede da Copa Am\u00e9rica de basquete em 2022","isPartOf":{"@id":"https:\/\/mulheresacesta.com.br\/en\/#website"},"primaryImageOfPage":{"@id":"https:\/\/mulheresacesta.com.br\/en\/2021\/09\/brasil-sera-sede-da-copa-america-de-basquete-em-2022\/#primaryimage"},"image":{"@id":"https:\/\/mulheresacesta.com.br\/en\/2021\/09\/brasil-sera-sede-da-copa-america-de-basquete-em-2022\/#primaryimage"},"thumbnailUrl":"https:\/\/mulheresacesta.com.br\/wp-content\/uploads\/2021\/09\/D6KN47CXkAE9-ci.jpg","datePublished":"2021-09-03T12:02:21+00:00","dateModified":"2021-09-03T12:16:15+00:00","description":"O Brasil ser\u00e1 a pr\u00f3xima sede da Copa Am\u00e9rica de basquete, que acontece em setembro de 2022. \u00c9 a primeira vez desde 1984 que o pa\u00eds recebe a principal","breadcrumb":{"@id":"https:\/\/mulheresacesta.com.br\/en\/2021\/09\/brasil-sera-sede-da-copa-america-de-basquete-em-2022\/#breadcrumb"},"inLanguage":"en-US","potentialAction":[{"@type":"ReadAction","target":["https:\/\/mulheresacesta.com.br\/en\/2021\/09\/brasil-sera-sede-da-copa-america-de-basquete-em-2022\/"]}]},{"@type":"ImageObject","inLanguage":"en-US","@id":"https:\/\/mulheresacesta.com.br\/en\/2021\/09\/brasil-sera-sede-da-copa-america-de-basquete-em-2022\/#primaryimage","url":"https:\/\/mulheresacesta.com.br\/wp-content\/uploads\/2021\/09\/D6KN47CXkAE9-ci.jpg","contentUrl":"https:\/\/mulheresacesta.com.br\/wp-content\/uploads\/2021\/09\/D6KN47CXkAE9-ci.jpg","width":1024,"height":768},{"@type":"BreadcrumbList","@id":"https:\/\/mulheresacesta.com.br\/en\/2021\/09\/brasil-sera-sede-da-copa-america-de-basquete-em-2022\/#breadcrumb","itemListElement":[{"@type":"ListItem","position":1,"name":"In\u00edcio","item":"https:\/\/mulheresacesta.com.br\/"},{"@type":"ListItem","position":2,"name":"Brasil ser\u00e1 sede da Copa Am\u00e9rica de basquete em 2022"}]},{"@type":"WebSite","@id":"https:\/\/mulheresacesta.com.br\/en\/#website","url":"https:\/\/mulheresacesta.com.br\/en\/","name":"Mulheres \u00e0 Cesta","description":"","publisher":{"@id":"https:\/\/mulheresacesta.com.br\/en\/#organization"},"potentialAction":[{"@type":"SearchAction","target":{"@type":"EntryPoint","urlTemplate":"https:\/\/mulheresacesta.com.br\/en\/?s={search_term_string}"},"query-input":{"@type":"PropertyValueSpecification","valueRequired":true,"valueName":"search_term_string"}}],"inLanguage":"en-US"},{"@type":"Organization","@id":"https:\/\/mulheresacesta.com.br\/en\/#organization","name":"Mulheres \u00e0 Cesta","url":"https:\/\/mulheresacesta.com.br\/en\/","logo":{"@type":"ImageObject","inLanguage":"en-US","@id":"https:\/\/mulheresacesta.com.br\/en\/#\/schema\/logo\/image\/","url":"https:\/\/mulheresacesta.com.br\/wp-content\/uploads\/2020\/10\/mulheres-a-cesta.jpg","contentUrl":"https:\/\/mulheresacesta.com.br\/wp-content\/uploads\/2020\/10\/mulheres-a-cesta.jpg","width":400,"height":300,"caption":"Mulheres \u00e0 Cesta"},"image":{"@id":"https:\/\/mulheresacesta.com.br\/en\/#\/schema\/logo\/image\/"}},{"@type":"Person","@id":"https:\/\/mulheresacesta.com.br\/en\/#\/schema\/person\/11ebd3af76a9fcb3d26c815924faac42","name":"mulheres","sameAs":["http:\/\/localhost\/mulheresacesta"],"url":"https:\/\/mulheresacesta.com.br\/en\/author\/mulheres\/"}]}},"_links":{"self":[{"href":"https:\/\/mulheresacesta.com.br\/en\/wp-json\/wp\/v2\/posts\/2354","targetHints":{"allow":["GET"]}}],"collection":[{"href":"https:\/\/mulheresacesta.com.br\/en\/wp-json\/wp\/v2\/posts"}],"about":[{"href":"https:\/\/mulheresacesta.com.br\/en\/wp-json\/wp\/v2\/types\/post"}],"author":[{"embeddable":true,"href":"https:\/\/mulheresacesta.com.br\/en\/wp-json\/wp\/v2\/users\/1"}],"replies":[{"embeddable":true,"href":"https:\/\/mulheresacesta.com.br\/en\/wp-json\/wp\/v2\/comments?post=2354"}],"version-history":[{"count":3,"href":"https:\/\/mulheresacesta.com.br\/en\/wp-json\/wp\/v2\/posts\/2354\/revisions"}],"predecessor-version":[{"id":2359,"href":"https:\/\/mulheresacesta.com.br\/en\/wp-json\/wp\/v2\/posts\/2354\/revisions\/2359"}],"wp:featuredmedia":[{"embeddable":true,"href":"https:\/\/mulheresacesta.com.br\/en\/wp-json\/wp\/v2\/media\/2355"}],"wp:attachment":[{"href":"https:\/\/mulheresacesta.com.br\/en\/wp-json\/wp\/v2\/media?parent=2354"}],"wp:term":[{"taxonomy":"category","embeddable":true,"href":"https:\/\/mulheresacesta.com.br\/en\/wp-json\/wp\/v2\/categories?post=2354"},{"taxonomy":"post_tag","embeddable":true,"href":"https:\/\/mulheresacesta.com.br\/en\/wp-json\/wp\/v2\/tags?post=2354"}],"curies":[{"name":"wp","href":"https:\/\/api.w.org\/{rel}","templated":true}]}}