{"id":2426,"date":"2021-09-27T09:36:00","date_gmt":"2021-09-27T12:36:00","guid":{"rendered":"https:\/\/mulheresacesta.com.br\/?p=2426"},"modified":"2021-09-30T08:41:36","modified_gmt":"2021-09-30T11:41:36","slug":"por-que-nao-amiga","status":"publish","type":"post","link":"https:\/\/mulheresacesta.com.br\/en\/2021\/09\/por-que-nao-amiga\/","title":{"rendered":"Por que n\u00e3o, Amiga?"},"content":{"rendered":"\n<p>\u00c9 com essa frase que as educadoras em atividades f\u00edsico-esportivas do Sesc Pomp\u00e9ia, em S\u00e3o Paulo, Raquel Rocha, Vivian Shoji e Luciana Scarin convidam meninas e mulheres a debaterem o espa\u00e7o delas na sociedade e buscarem solu\u00e7\u00f5es e ferramentas para aproximar ou reaproxim\u00e1-las dos esportes.<\/p>\n\n\n\n<p>A atividade faz parte do projeto &#8220;Por que n\u00e3o, amiga?&#8221;, programa\u00e7\u00e3o que debate o acesso de mulheres a diferentes modalidades esportivas. \u201cEu sou apaixonada por esportes e futebol e por isso apresentei tr\u00eas epis\u00f3dios do Futebol para Mulheres do projeto Por que n\u00e3o, amiga, onde ensinei os fundamentos do futebol.\u201d, explicou a bacharel em Educa\u00e7\u00e3o F\u00edsica, Raquel.<\/p>\n\n\n\n<p>J\u00e1 Luciana Scarin \u00e9 a respons\u00e1vel por incentivar as mulheres dentro da quadra, com a bola laranja nas m\u00e3os. \u201cEu trabalho h\u00e1 4 anos no Sesc, especialmente com Inicia\u00e7\u00e3o e organiza\u00e7\u00e3o de eventos de Basquete.\u201d<\/p>\n\n\n\n<p>Enquanto Vivian Shoji, que pratica corrida de montanhas e travessias aqu\u00e1ticas quer ver mais mulheres praticando atividades ao ar livre. \u201cEu quero mostrar que as mulheres s\u00e3o fortes e corajosas e podem pedalar onde quiserem. No Por que n\u00e3o, amiga, as ensino como andar de bike, al\u00e9m de dar dicas de mec\u00e2nica e evolu\u00e7\u00e3o.\u201d, explica.<\/p>\n\n\n\n<p>O projeto \u00e9 permanente e ocupa diferentes espa\u00e7os (e plataformas digitais) com debates, podcast e webs\u00e9ries para mostrar que lugar de mulher \u00e9 onde ela quiser! Al\u00e9m de trazer uma reflex\u00e3o sobre a participa\u00e7\u00e3o feminina nas mais diversas modalidades protagonizada por profissionais que driblam preconceitos e lutam para conquistar espa\u00e7o dentro e fora do campo, quadra, rua \u2013 onde elas quiserem!<\/p>\n\n\n\n<p>O Projeto<\/p>\n\n\n\n<p>O projeto Por que n\u00e3o, Amiga? traz a cada encontro uma nova reflex\u00e3o sobre a hist\u00f3ria, presen\u00e7a, participa\u00e7\u00e3o e atua\u00e7\u00e3o das mulheres no contexto esportivo, bem como o papel importante do esporte na vida delas e da sociedade como um todo.&nbsp;<\/p>\n\n\n\n<p>Mulheres no esporte<\/p>\n\n\n\n<p>A hist\u00f3ria das mulheres no esporte nos mostra que a luta por espa\u00e7o e igualdade de g\u00eanero sempre foi um desafio.&nbsp; S\u00f3 para se ter uma ideia, nos Jogos Ol\u00edmpicos da Antiguidade as mulheres eram proibidas at\u00e9 de assistirem \u00e0s competi\u00e7\u00f5es, e aquelas que o fizessem eram punidas com pena de morte. As mulheres s\u00f3 foram ter alguma liberdade esportiva no Renascimento, depois da Idade M\u00e9dia, quando elas podiam praticar gin\u00e1stica, uma modalidade que ajudava no trabalho de parto.<\/p>\n\n\n\n<p>No in\u00edcio dos Jogos Ol\u00edmpicos Modernos, em Atenas-1896, as mulheres foram proibidas de participar. Somente em Paris-1900, na segunda edi\u00e7\u00e3o do evento \u00e9 que elas foram convidadas a competir. Entretanto, a presen\u00e7a feminina ainda foi muito baixa, com apenas 2,21% do total de participantes, sendo 22 atletas competindo nas modalidades t\u00eanis, vela, cr\u00edquete, hipismo e golfe.<\/p>\n\n\n\n<p>Em 2016, no Rio de Janeiro, dos 474 atletas classificados para o maior evento esportivo do mundo, 209 (45%) eram mulheres, n\u00famero e propor\u00e7\u00e3o recordes na hist\u00f3ria dos Jogos, mas ainda minoria.<\/p>\n\n\n\n<p>Live<\/p>\n\n\n\n<p>Raquel Rocha, Vivian Shoji e Luciana Scarin s\u00e3o as convidadas de Claudia Guedes para um bate-papo sobre mulher e futebol no pr\u00f3ximo dia 28, no instagram @mulheresacesta. A live acontece a partir das 20 horas. N\u00e3o perca!<\/p>\n","protected":false},"excerpt":{"rendered":"<p>\u00c9 com essa frase que as educadoras em atividades f\u00edsico-esportivas do Sesc Pomp\u00e9ia, em S\u00e3o Paulo, Raquel Rocha, Vivian Shoji e Luciana Scarin convidam meninas e mulheres a debaterem o espa\u00e7o delas na sociedade e buscarem solu\u00e7\u00f5es e ferramentas para aproximar ou reaproxim\u00e1-las dos esportes. A atividade faz parte do projeto &#8220;Por que n\u00e3o, amiga?&#8221;, [&hellip;]<\/p>\n","protected":false},"author":1,"featured_media":2449,"comment_status":"open","ping_status":"open","sticky":false,"template":"","format":"standard","meta":{"footnotes":""},"categories":[12],"tags":[18,68,129],"class_list":["post-2426","post","type-post","status-publish","format-standard","has-post-thumbnail","hentry","category-blog","tag-claudia-guedes","tag-live-mulheres-a-cesta","tag-por-que-nao-amiga"],"acf":[],"yoast_head":"<!-- This site is optimized with the Yoast SEO plugin v26.4 - https:\/\/yoast.com\/wordpress\/plugins\/seo\/ -->\n<title>Por que n\u00e3o, Amiga?<\/title>\n<meta name=\"description\" content=\"\u00c9 com essa frase que as educadoras em atividades f\u00edsico-esportivas do Sesc Pomp\u00e9ia, em S\u00e3o Paulo, Raquel Rocha, Vivian Shoji e Luciana Scarin convidam\" \/>\n<meta name=\"robots\" content=\"index, follow, max-snippet:-1, max-image-preview:large, max-video-preview:-1\" \/>\n<link rel=\"canonical\" href=\"https:\/\/mulheresacesta.com.br\/en\/2021\/09\/por-que-nao-amiga\/\" \/>\n<meta property=\"og:locale\" content=\"en_US\" \/>\n<meta property=\"og:locale:alternate\" content=\"pt_BR\" \/>\n<meta property=\"og:type\" content=\"article\" \/>\n<meta property=\"og:title\" content=\"Por que n\u00e3o, Amiga?\" \/>\n<meta property=\"og:description\" content=\"\u00c9 com essa frase que as educadoras em atividades f\u00edsico-esportivas do Sesc Pomp\u00e9ia, em S\u00e3o Paulo, Raquel Rocha, Vivian Shoji e Luciana Scarin convidam\" \/>\n<meta property=\"og:url\" content=\"https:\/\/mulheresacesta.com.br\/en\/2021\/09\/por-que-nao-amiga\/\" \/>\n<meta property=\"og:site_name\" content=\"Mulheres \u00e0 Cesta\" \/>\n<meta property=\"article:published_time\" content=\"2021-09-27T12:36:00+00:00\" \/>\n<meta property=\"article:modified_time\" content=\"2021-09-30T11:41:36+00:00\" \/>\n<meta property=\"og:image\" content=\"https:\/\/mulheresacesta.com.br\/wp-content\/uploads\/2021\/09\/ARENA_ONFIRE_5-2.png\" \/>\n\t<meta property=\"og:image:width\" content=\"600\" \/>\n\t<meta property=\"og:image:height\" content=\"338\" \/>\n\t<meta property=\"og:image:type\" content=\"image\/png\" \/>\n<meta name=\"author\" content=\"mulheres\" \/>\n<meta name=\"twitter:card\" content=\"summary_large_image\" \/>\n<meta name=\"twitter:label1\" content=\"Written by\" \/>\n\t<meta name=\"twitter:data1\" content=\"mulheres\" \/>\n\t<meta name=\"twitter:label2\" content=\"Est. reading time\" \/>\n\t<meta name=\"twitter:data2\" content=\"3 minutes\" \/>\n<script type=\"application\/ld+json\" class=\"yoast-schema-graph\">{\"@context\":\"https:\/\/schema.org\",\"@graph\":[{\"@type\":\"Article\",\"@id\":\"https:\/\/mulheresacesta.com.br\/en\/2021\/09\/por-que-nao-amiga\/#article\",\"isPartOf\":{\"@id\":\"https:\/\/mulheresacesta.com.br\/en\/2021\/09\/por-que-nao-amiga\/\"},\"author\":{\"name\":\"mulheres\",\"@id\":\"https:\/\/mulheresacesta.com.br\/en\/#\/schema\/person\/11ebd3af76a9fcb3d26c815924faac42\"},\"headline\":\"Por que n\u00e3o, Amiga?\",\"datePublished\":\"2021-09-27T12:36:00+00:00\",\"dateModified\":\"2021-09-30T11:41:36+00:00\",\"mainEntityOfPage\":{\"@id\":\"https:\/\/mulheresacesta.com.br\/en\/2021\/09\/por-que-nao-amiga\/\"},\"wordCount\":552,\"commentCount\":0,\"publisher\":{\"@id\":\"https:\/\/mulheresacesta.com.br\/en\/#organization\"},\"image\":{\"@id\":\"https:\/\/mulheresacesta.com.br\/en\/2021\/09\/por-que-nao-amiga\/#primaryimage\"},\"thumbnailUrl\":\"https:\/\/mulheresacesta.com.br\/wp-content\/uploads\/2021\/09\/ARENA_ONFIRE_5-2.png\",\"keywords\":[\"claudia guedes\",\"live mulheres a cesta\",\"por que n\u00e3o amiga?\"],\"articleSection\":[\"Blog\"],\"inLanguage\":\"en-US\",\"potentialAction\":[{\"@type\":\"CommentAction\",\"name\":\"Comment\",\"target\":[\"https:\/\/mulheresacesta.com.br\/en\/2021\/09\/por-que-nao-amiga\/#respond\"]}]},{\"@type\":\"WebPage\",\"@id\":\"https:\/\/mulheresacesta.com.br\/en\/2021\/09\/por-que-nao-amiga\/\",\"url\":\"https:\/\/mulheresacesta.com.br\/en\/2021\/09\/por-que-nao-amiga\/\",\"name\":\"Por que n\u00e3o, Amiga?\",\"isPartOf\":{\"@id\":\"https:\/\/mulheresacesta.com.br\/en\/#website\"},\"primaryImageOfPage\":{\"@id\":\"https:\/\/mulheresacesta.com.br\/en\/2021\/09\/por-que-nao-amiga\/#primaryimage\"},\"image\":{\"@id\":\"https:\/\/mulheresacesta.com.br\/en\/2021\/09\/por-que-nao-amiga\/#primaryimage\"},\"thumbnailUrl\":\"https:\/\/mulheresacesta.com.br\/wp-content\/uploads\/2021\/09\/ARENA_ONFIRE_5-2.png\",\"datePublished\":\"2021-09-27T12:36:00+00:00\",\"dateModified\":\"2021-09-30T11:41:36+00:00\",\"description\":\"\u00c9 com essa frase que as educadoras em atividades f\u00edsico-esportivas do Sesc Pomp\u00e9ia, em S\u00e3o Paulo, Raquel Rocha, Vivian Shoji e Luciana Scarin convidam\",\"breadcrumb\":{\"@id\":\"https:\/\/mulheresacesta.com.br\/en\/2021\/09\/por-que-nao-amiga\/#breadcrumb\"},\"inLanguage\":\"en-US\",\"potentialAction\":[{\"@type\":\"ReadAction\",\"target\":[\"https:\/\/mulheresacesta.com.br\/en\/2021\/09\/por-que-nao-amiga\/\"]}]},{\"@type\":\"ImageObject\",\"inLanguage\":\"en-US\",\"@id\":\"https:\/\/mulheresacesta.com.br\/en\/2021\/09\/por-que-nao-amiga\/#primaryimage\",\"url\":\"https:\/\/mulheresacesta.com.br\/wp-content\/uploads\/2021\/09\/ARENA_ONFIRE_5-2.png\",\"contentUrl\":\"https:\/\/mulheresacesta.com.br\/wp-content\/uploads\/2021\/09\/ARENA_ONFIRE_5-2.png\",\"width\":600,\"height\":338},{\"@type\":\"BreadcrumbList\",\"@id\":\"https:\/\/mulheresacesta.com.br\/en\/2021\/09\/por-que-nao-amiga\/#breadcrumb\",\"itemListElement\":[{\"@type\":\"ListItem\",\"position\":1,\"name\":\"In\u00edcio\",\"item\":\"https:\/\/mulheresacesta.com.br\/\"},{\"@type\":\"ListItem\",\"position\":2,\"name\":\"Por que n\u00e3o, Amiga?\"}]},{\"@type\":\"WebSite\",\"@id\":\"https:\/\/mulheresacesta.com.br\/en\/#website\",\"url\":\"https:\/\/mulheresacesta.com.br\/en\/\",\"name\":\"Mulheres \u00e0 Cesta\",\"description\":\"\",\"publisher\":{\"@id\":\"https:\/\/mulheresacesta.com.br\/en\/#organization\"},\"potentialAction\":[{\"@type\":\"SearchAction\",\"target\":{\"@type\":\"EntryPoint\",\"urlTemplate\":\"https:\/\/mulheresacesta.com.br\/en\/?s={search_term_string}\"},\"query-input\":{\"@type\":\"PropertyValueSpecification\",\"valueRequired\":true,\"valueName\":\"search_term_string\"}}],\"inLanguage\":\"en-US\"},{\"@type\":\"Organization\",\"@id\":\"https:\/\/mulheresacesta.com.br\/en\/#organization\",\"name\":\"Mulheres \u00e0 Cesta\",\"url\":\"https:\/\/mulheresacesta.com.br\/en\/\",\"logo\":{\"@type\":\"ImageObject\",\"inLanguage\":\"en-US\",\"@id\":\"https:\/\/mulheresacesta.com.br\/en\/#\/schema\/logo\/image\/\",\"url\":\"https:\/\/mulheresacesta.com.br\/wp-content\/uploads\/2020\/10\/mulheres-a-cesta.jpg\",\"contentUrl\":\"https:\/\/mulheresacesta.com.br\/wp-content\/uploads\/2020\/10\/mulheres-a-cesta.jpg\",\"width\":400,\"height\":300,\"caption\":\"Mulheres \u00e0 Cesta\"},\"image\":{\"@id\":\"https:\/\/mulheresacesta.com.br\/en\/#\/schema\/logo\/image\/\"}},{\"@type\":\"Person\",\"@id\":\"https:\/\/mulheresacesta.com.br\/en\/#\/schema\/person\/11ebd3af76a9fcb3d26c815924faac42\",\"name\":\"mulheres\",\"sameAs\":[\"http:\/\/localhost\/mulheresacesta\"],\"url\":\"https:\/\/mulheresacesta.com.br\/en\/author\/mulheres\/\"}]}<\/script>\n<!-- \/ Yoast SEO plugin. -->","yoast_head_json":{"title":"Por que n\u00e3o, Amiga?","description":"\u00c9 com essa frase que as educadoras em atividades f\u00edsico-esportivas do Sesc Pomp\u00e9ia, em S\u00e3o Paulo, Raquel Rocha, Vivian Shoji e Luciana Scarin convidam","robots":{"index":"index","follow":"follow","max-snippet":"max-snippet:-1","max-image-preview":"max-image-preview:large","max-video-preview":"max-video-preview:-1"},"canonical":"https:\/\/mulheresacesta.com.br\/en\/2021\/09\/por-que-nao-amiga\/","og_locale":"en_US","og_type":"article","og_title":"[:pt]Por que n\u00e3o, Amiga?[:] - Mulheres \u00e0 Cesta","og_description":"\u00c9 com essa frase que as educadoras em atividades f\u00edsico-esportivas do Sesc Pomp\u00e9ia, em S\u00e3o Paulo, Raquel Rocha, Vivian Shoji e Luciana Scarin convidam","og_url":"https:\/\/mulheresacesta.com.br\/en\/2021\/09\/por-que-nao-amiga\/","og_site_name":"Mulheres \u00e0 Cesta","article_published_time":"2021-09-27T12:36:00+00:00","article_modified_time":"2021-09-30T11:41:36+00:00","og_image":[{"width":600,"height":338,"url":"https:\/\/mulheresacesta.com.br\/wp-content\/uploads\/2021\/09\/ARENA_ONFIRE_5-2.png","type":"image\/png"}],"author":"mulheres","twitter_card":"summary_large_image","twitter_misc":{"Written by":"mulheres","Est. reading time":"3 minutes"},"schema":{"@context":"https:\/\/schema.org","@graph":[{"@type":"Article","@id":"https:\/\/mulheresacesta.com.br\/en\/2021\/09\/por-que-nao-amiga\/#article","isPartOf":{"@id":"https:\/\/mulheresacesta.com.br\/en\/2021\/09\/por-que-nao-amiga\/"},"author":{"name":"mulheres","@id":"https:\/\/mulheresacesta.com.br\/en\/#\/schema\/person\/11ebd3af76a9fcb3d26c815924faac42"},"headline":"Por que n\u00e3o, Amiga?","datePublished":"2021-09-27T12:36:00+00:00","dateModified":"2021-09-30T11:41:36+00:00","mainEntityOfPage":{"@id":"https:\/\/mulheresacesta.com.br\/en\/2021\/09\/por-que-nao-amiga\/"},"wordCount":552,"commentCount":0,"publisher":{"@id":"https:\/\/mulheresacesta.com.br\/en\/#organization"},"image":{"@id":"https:\/\/mulheresacesta.com.br\/en\/2021\/09\/por-que-nao-amiga\/#primaryimage"},"thumbnailUrl":"https:\/\/mulheresacesta.com.br\/wp-content\/uploads\/2021\/09\/ARENA_ONFIRE_5-2.png","keywords":["claudia guedes","live mulheres a cesta","por que n\u00e3o amiga?"],"articleSection":["Blog"],"inLanguage":"en-US","potentialAction":[{"@type":"CommentAction","name":"Comment","target":["https:\/\/mulheresacesta.com.br\/en\/2021\/09\/por-que-nao-amiga\/#respond"]}]},{"@type":"WebPage","@id":"https:\/\/mulheresacesta.com.br\/en\/2021\/09\/por-que-nao-amiga\/","url":"https:\/\/mulheresacesta.com.br\/en\/2021\/09\/por-que-nao-amiga\/","name":"Por que n\u00e3o, Amiga?","isPartOf":{"@id":"https:\/\/mulheresacesta.com.br\/en\/#website"},"primaryImageOfPage":{"@id":"https:\/\/mulheresacesta.com.br\/en\/2021\/09\/por-que-nao-amiga\/#primaryimage"},"image":{"@id":"https:\/\/mulheresacesta.com.br\/en\/2021\/09\/por-que-nao-amiga\/#primaryimage"},"thumbnailUrl":"https:\/\/mulheresacesta.com.br\/wp-content\/uploads\/2021\/09\/ARENA_ONFIRE_5-2.png","datePublished":"2021-09-27T12:36:00+00:00","dateModified":"2021-09-30T11:41:36+00:00","description":"\u00c9 com essa frase que as educadoras em atividades f\u00edsico-esportivas do Sesc Pomp\u00e9ia, em S\u00e3o Paulo, Raquel Rocha, Vivian Shoji e Luciana Scarin convidam","breadcrumb":{"@id":"https:\/\/mulheresacesta.com.br\/en\/2021\/09\/por-que-nao-amiga\/#breadcrumb"},"inLanguage":"en-US","potentialAction":[{"@type":"ReadAction","target":["https:\/\/mulheresacesta.com.br\/en\/2021\/09\/por-que-nao-amiga\/"]}]},{"@type":"ImageObject","inLanguage":"en-US","@id":"https:\/\/mulheresacesta.com.br\/en\/2021\/09\/por-que-nao-amiga\/#primaryimage","url":"https:\/\/mulheresacesta.com.br\/wp-content\/uploads\/2021\/09\/ARENA_ONFIRE_5-2.png","contentUrl":"https:\/\/mulheresacesta.com.br\/wp-content\/uploads\/2021\/09\/ARENA_ONFIRE_5-2.png","width":600,"height":338},{"@type":"BreadcrumbList","@id":"https:\/\/mulheresacesta.com.br\/en\/2021\/09\/por-que-nao-amiga\/#breadcrumb","itemListElement":[{"@type":"ListItem","position":1,"name":"In\u00edcio","item":"https:\/\/mulheresacesta.com.br\/"},{"@type":"ListItem","position":2,"name":"Por que n\u00e3o, Amiga?"}]},{"@type":"WebSite","@id":"https:\/\/mulheresacesta.com.br\/en\/#website","url":"https:\/\/mulheresacesta.com.br\/en\/","name":"Mulheres \u00e0 Cesta","description":"","publisher":{"@id":"https:\/\/mulheresacesta.com.br\/en\/#organization"},"potentialAction":[{"@type":"SearchAction","target":{"@type":"EntryPoint","urlTemplate":"https:\/\/mulheresacesta.com.br\/en\/?s={search_term_string}"},"query-input":{"@type":"PropertyValueSpecification","valueRequired":true,"valueName":"search_term_string"}}],"inLanguage":"en-US"},{"@type":"Organization","@id":"https:\/\/mulheresacesta.com.br\/en\/#organization","name":"Mulheres \u00e0 Cesta","url":"https:\/\/mulheresacesta.com.br\/en\/","logo":{"@type":"ImageObject","inLanguage":"en-US","@id":"https:\/\/mulheresacesta.com.br\/en\/#\/schema\/logo\/image\/","url":"https:\/\/mulheresacesta.com.br\/wp-content\/uploads\/2020\/10\/mulheres-a-cesta.jpg","contentUrl":"https:\/\/mulheresacesta.com.br\/wp-content\/uploads\/2020\/10\/mulheres-a-cesta.jpg","width":400,"height":300,"caption":"Mulheres \u00e0 Cesta"},"image":{"@id":"https:\/\/mulheresacesta.com.br\/en\/#\/schema\/logo\/image\/"}},{"@type":"Person","@id":"https:\/\/mulheresacesta.com.br\/en\/#\/schema\/person\/11ebd3af76a9fcb3d26c815924faac42","name":"mulheres","sameAs":["http:\/\/localhost\/mulheresacesta"],"url":"https:\/\/mulheresacesta.com.br\/en\/author\/mulheres\/"}]}},"_links":{"self":[{"href":"https:\/\/mulheresacesta.com.br\/en\/wp-json\/wp\/v2\/posts\/2426","targetHints":{"allow":["GET"]}}],"collection":[{"href":"https:\/\/mulheresacesta.com.br\/en\/wp-json\/wp\/v2\/posts"}],"about":[{"href":"https:\/\/mulheresacesta.com.br\/en\/wp-json\/wp\/v2\/types\/post"}],"author":[{"embeddable":true,"href":"https:\/\/mulheresacesta.com.br\/en\/wp-json\/wp\/v2\/users\/1"}],"replies":[{"embeddable":true,"href":"https:\/\/mulheresacesta.com.br\/en\/wp-json\/wp\/v2\/comments?post=2426"}],"version-history":[{"count":1,"href":"https:\/\/mulheresacesta.com.br\/en\/wp-json\/wp\/v2\/posts\/2426\/revisions"}],"predecessor-version":[{"id":2428,"href":"https:\/\/mulheresacesta.com.br\/en\/wp-json\/wp\/v2\/posts\/2426\/revisions\/2428"}],"wp:featuredmedia":[{"embeddable":true,"href":"https:\/\/mulheresacesta.com.br\/en\/wp-json\/wp\/v2\/media\/2449"}],"wp:attachment":[{"href":"https:\/\/mulheresacesta.com.br\/en\/wp-json\/wp\/v2\/media?parent=2426"}],"wp:term":[{"taxonomy":"category","embeddable":true,"href":"https:\/\/mulheresacesta.com.br\/en\/wp-json\/wp\/v2\/categories?post=2426"},{"taxonomy":"post_tag","embeddable":true,"href":"https:\/\/mulheresacesta.com.br\/en\/wp-json\/wp\/v2\/tags?post=2426"}],"curies":[{"name":"wp","href":"https:\/\/api.w.org\/{rel}","templated":true}]}}