{"id":2433,"date":"2021-09-30T10:00:00","date_gmt":"2021-09-30T13:00:00","guid":{"rendered":"https:\/\/mulheresacesta.com.br\/?p=2433"},"modified":"2021-09-30T10:16:50","modified_gmt":"2021-09-30T13:16:50","slug":"hall-da-fama","status":"publish","type":"post","link":"https:\/\/mulheresacesta.com.br\/en\/2021\/09\/hall-da-fama\/","title":{"rendered":"Hall da fama"},"content":{"rendered":"\n<p>Ela \u00e9 a maior cestinha da hist\u00f3ria da sele\u00e7\u00e3o brasileira de basquete feminino e rainha da gera\u00e7\u00e3o mais vitoriosa da hist\u00f3ria da modalidade.<\/p>\n\n\n\n<p>J\u00e1 sabem de quem estou falando? Quem apostou em Hort\u00eancia Marcari acertou!!!<\/p>\n\n\n\n<p>Campe\u00e3 dos Jogos Pan-Americanos de Havana em 1991, campe\u00e3 mundial em 1994 e medalhista de prata nos Jogos Ol\u00edmpicos de Atlanta em 1996, a ex-camisa 4 da Sele\u00e7\u00e3o Brasileira foi eleita, em 2018, a melhor jogadora da hist\u00f3ria das Copas do Mundo de Basquete Feminino. Ela ainda \u00e9 a maior pontuadora da hist\u00f3ria da sele\u00e7\u00e3o com 3.160 pontos em 127 jogos oficiais.<\/p>\n\n\n\n<p>Em 2018, \u00e0s v\u00e9speras do seu anivers\u00e1rio foi presenteada com o t\u00edtulo de melhor jogadora de todos os tempos em mundiais pela Federa\u00e7\u00e3o Internacional de Basquete (FIBA). A rainha concorreu com nomes de peso como Lauren Jackson, Hana Horakova e Diana Taurasi, mas conquistou o t\u00edtulo com folga, com 85% dos votos. \u201cIsso mostra que vale a pena escolher o caminho do esporte, se entregar a ele e tentar ser a melhor atleta. N\u00e3o foi algo f\u00e1cil, encontrei muitas dificuldades pelo caminho, mas isso me fez crescer.\u201d, comenta Hort\u00eancia.<\/p>\n\n\n\n<p>A armadora encerrou a carreira com sete t\u00edtulos brasileiros e diversos estaduais na conta.<\/p>\n\n\n\n<div class=\"wp-block-image\"><figure class=\"aligncenter size-large is-resized\"><img loading=\"lazy\" decoding=\"async\" src=\"https:\/\/mulheresacesta.com.br\/wp-content\/uploads\/2021\/09\/hortenciamarcari_90863520_513217019368201_8736111267875202097_n-1024x666.jpg\" alt=\"\" class=\"wp-image-2436\" width=\"587\" height=\"381\" srcset=\"https:\/\/mulheresacesta.com.br\/wp-content\/uploads\/2021\/09\/hortenciamarcari_90863520_513217019368201_8736111267875202097_n-1024x666.jpg 1024w, https:\/\/mulheresacesta.com.br\/wp-content\/uploads\/2021\/09\/hortenciamarcari_90863520_513217019368201_8736111267875202097_n-300x195.jpg 300w, https:\/\/mulheresacesta.com.br\/wp-content\/uploads\/2021\/09\/hortenciamarcari_90863520_513217019368201_8736111267875202097_n-768x499.jpg 768w, https:\/\/mulheresacesta.com.br\/wp-content\/uploads\/2021\/09\/hortenciamarcari_90863520_513217019368201_8736111267875202097_n.jpg 1080w\" sizes=\"auto, (max-width: 587px) 100vw, 587px\" \/><\/figure><\/div>\n\n\n\n<p><strong>Hist\u00f3ria<\/strong><strong><\/strong><\/p>\n\n\n\n<p>Hort\u00eancia de F\u00e1tima Marcari Oliva, nasceu em uma cidade do interior de S\u00e3o Paulo, Potirendaba, no dia 23 de setembro de 1959.<\/p>\n\n\n\n<p>Aos 9 anos, mudou-se para Santo Andr\u00e9, regi\u00e3o metropolitana de S\u00e3o Paulo, onde come\u00e7ou a jogar futebol de sal\u00e3o, handebol e a praticar atletismo. &nbsp;At\u00e9 que passou a se envolver com o basquete ao ser convidada para integrar a equipe da escola onde estudava.<\/p>\n\n\n\n<p>Hort\u00eancia iniciou sua carreira profissional jogando pelo time de S\u00e3o Caetano do Sul, onde permaneceu de 1973 a 1975. Logo depois, ela foi contratada pelo Higien\u00f3polis, time da cidade de Catanduva (SP), onde a jogadora conquistou tr\u00eas campeonatos paulistas, em 1978, 1979 e 1980.<\/p>\n\n\n\n<p>Com 17 anos, ela j\u00e1 tinha conquistado o seu espa\u00e7o no cen\u00e1rio do basquete feminino brasileiro e foi convocada para integrar a sele\u00e7\u00e3o brasileira.<\/p>\n\n\n\n<p><strong>Halls da Fama<\/strong><strong><\/strong><\/p>\n\n\n\n<p>Em 2002, a atleta teve seu nome incluso no Hall da Fama do Basquetebol Feminino em Tenessee, nos Estados Unidos.<\/p>\n\n\n\n<p>Tr\u00eas anos depois, em 2005, Hort\u00eancia viu o seu nome inscrito em mais um Hall da Fama dos Estados Unidos, tornando-se parte de um pequeno e selecionado grupo de jogadores de basquete que integram o memorial NaiSmith. Ela \u00e9 a \u00fanica brasileira a ser inclu\u00edda na lista, que conta com somente duas jogadoras estrangeiras.<\/p>\n\n\n\n<p>Como se j\u00e1 n\u00e3o bastasse estar em dois halls da fama, Hort\u00eancia ganhou mais uma men\u00e7\u00e3o. Em 2009, seu nome foi inclu\u00eddo no Hall da Fama mundial do basquetebol, conhecido como o Hall da FIBA, em Madri, na Espanha.<\/p>\n\n\n\n<p>E recentemente, em 2019, ela entrou para Hall da Fama do Comit\u00ea Ol\u00edmpico Brasileiro (COB) para celebrar conquistas dos maiores atletas e treinadores do pa\u00eds. A ideia \u00e9 homenagear anualmente dez grandes nomes que tenham contribu\u00eddo para o esporte ol\u00edmpico e que tenham promovido o Olimpismo e inspirado novas gera\u00e7\u00f5es.<\/p>\n\n\n\n<figure class=\"wp-block-gallery columns-2 is-cropped wp-block-gallery-1 is-layout-flex wp-block-gallery-is-layout-flex\"><ul class=\"blocks-gallery-grid\"><li class=\"blocks-gallery-item\"><figure><img decoding=\"async\" src=\"https:\/\/mulheresacesta.com.br\/wp-content\/uploads\/2021\/09\/unnamed.jpg\" alt=\"\" data-id=\"2438\" data-link=\"https:\/\/mulheresacesta.com.br\/?attachment_id=2438\" class=\"wp-image-2438\"\/><\/figure><\/li><li class=\"blocks-gallery-item\"><figure><img decoding=\"async\" src=\"https:\/\/mulheresacesta.com.br\/wp-content\/uploads\/2021\/09\/hortencia_div_cbb_690.jpg\" alt=\"\" data-id=\"2451\" data-full-url=\"https:\/\/mulheresacesta.com.br\/wp-content\/uploads\/2021\/09\/hortencia_div_cbb_690.jpg\" data-link=\"https:\/\/mulheresacesta.com.br\/2021\/09\/hall-da-fama\/hortencia_div_cbb_690\/\" class=\"wp-image-2451\"\/><\/figure><\/li><\/ul><\/figure>\n","protected":false},"excerpt":{"rendered":"<p>Ela \u00e9 a maior cestinha da hist\u00f3ria da sele\u00e7\u00e3o brasileira de basquete feminino e rainha da gera\u00e7\u00e3o mais vitoriosa da hist\u00f3ria da modalidade. J\u00e1 sabem de quem estou falando? Quem apostou em Hort\u00eancia Marcari acertou!!! Campe\u00e3 dos Jogos Pan-Americanos de Havana em 1991, campe\u00e3 mundial em 1994 e medalhista de prata nos Jogos Ol\u00edmpicos de [&hellip;]<\/p>\n","protected":false},"author":1,"featured_media":0,"comment_status":"open","ping_status":"open","sticky":false,"template":"","format":"standard","meta":{"footnotes":""},"categories":[12],"tags":[131,130,72,15,9],"class_list":["post-2433","post","type-post","status-publish","format-standard","hentry","category-blog","tag-hall-da-fama","tag-hortencia-marcari","tag-mulheres-no-esporte","tag-basquete-feminino","tag-mulheres-a-cesta"],"acf":[],"yoast_head":"<!-- This site is optimized with the Yoast SEO plugin v26.4 - https:\/\/yoast.com\/wordpress\/plugins\/seo\/ -->\n<title>Hall da fama<\/title>\n<meta name=\"description\" content=\"Ela \u00e9 a maior cestinha da hist\u00f3ria da sele\u00e7\u00e3o brasileira de basquete feminino e rainha da gera\u00e7\u00e3o mais vitoriosa da hist\u00f3ria da modalidade. J\u00e1 sabem de\" \/>\n<meta name=\"robots\" content=\"index, follow, max-snippet:-1, max-image-preview:large, max-video-preview:-1\" \/>\n<link rel=\"canonical\" href=\"https:\/\/mulheresacesta.com.br\/en\/2021\/09\/hall-da-fama\/\" \/>\n<meta property=\"og:locale\" content=\"en_US\" \/>\n<meta property=\"og:locale:alternate\" content=\"pt_BR\" \/>\n<meta property=\"og:type\" content=\"article\" \/>\n<meta property=\"og:title\" content=\"Hall da fama\" \/>\n<meta property=\"og:description\" content=\"Ela \u00e9 a maior cestinha da hist\u00f3ria da sele\u00e7\u00e3o brasileira de basquete feminino e rainha da gera\u00e7\u00e3o mais vitoriosa da hist\u00f3ria da modalidade. J\u00e1 sabem de\" \/>\n<meta property=\"og:url\" content=\"https:\/\/mulheresacesta.com.br\/en\/2021\/09\/hall-da-fama\/\" \/>\n<meta property=\"og:site_name\" content=\"Mulheres \u00e0 Cesta\" \/>\n<meta property=\"article:published_time\" content=\"2021-09-30T13:00:00+00:00\" \/>\n<meta property=\"article:modified_time\" content=\"2021-09-30T13:16:50+00:00\" \/>\n<meta property=\"og:image\" content=\"https:\/\/mulheresacesta.com.br\/wp-content\/uploads\/2021\/09\/hortenciamarcari_90863520_513217019368201_8736111267875202097_n-1024x666.jpg\" \/>\n<meta name=\"author\" content=\"mulheres\" \/>\n<meta name=\"twitter:card\" content=\"summary_large_image\" \/>\n<meta name=\"twitter:label1\" content=\"Written by\" \/>\n\t<meta name=\"twitter:data1\" content=\"mulheres\" \/>\n\t<meta name=\"twitter:label2\" content=\"Est. reading time\" \/>\n\t<meta name=\"twitter:data2\" content=\"3 minutes\" \/>\n<script type=\"application\/ld+json\" class=\"yoast-schema-graph\">{\"@context\":\"https:\/\/schema.org\",\"@graph\":[{\"@type\":\"Article\",\"@id\":\"https:\/\/mulheresacesta.com.br\/en\/2021\/09\/hall-da-fama\/#article\",\"isPartOf\":{\"@id\":\"https:\/\/mulheresacesta.com.br\/en\/2021\/09\/hall-da-fama\/\"},\"author\":{\"name\":\"mulheres\",\"@id\":\"https:\/\/mulheresacesta.com.br\/en\/#\/schema\/person\/11ebd3af76a9fcb3d26c815924faac42\"},\"headline\":\"Hall da fama\",\"datePublished\":\"2021-09-30T13:00:00+00:00\",\"dateModified\":\"2021-09-30T13:16:50+00:00\",\"mainEntityOfPage\":{\"@id\":\"https:\/\/mulheresacesta.com.br\/en\/2021\/09\/hall-da-fama\/\"},\"wordCount\":527,\"commentCount\":0,\"publisher\":{\"@id\":\"https:\/\/mulheresacesta.com.br\/en\/#organization\"},\"image\":{\"@id\":\"https:\/\/mulheresacesta.com.br\/en\/2021\/09\/hall-da-fama\/#primaryimage\"},\"thumbnailUrl\":\"https:\/\/mulheresacesta.com.br\/wp-content\/uploads\/2021\/09\/hortenciamarcari_90863520_513217019368201_8736111267875202097_n-1024x666.jpg\",\"keywords\":[\"Hall da fama\",\"hort\u00eancia marcari\",\"mulheres no esporte\",\"basquete feminino\",\"mulheres a cesta\"],\"articleSection\":[\"Blog\"],\"inLanguage\":\"en-US\",\"potentialAction\":[{\"@type\":\"CommentAction\",\"name\":\"Comment\",\"target\":[\"https:\/\/mulheresacesta.com.br\/en\/2021\/09\/hall-da-fama\/#respond\"]}]},{\"@type\":\"WebPage\",\"@id\":\"https:\/\/mulheresacesta.com.br\/en\/2021\/09\/hall-da-fama\/\",\"url\":\"https:\/\/mulheresacesta.com.br\/en\/2021\/09\/hall-da-fama\/\",\"name\":\"Hall da fama\",\"isPartOf\":{\"@id\":\"https:\/\/mulheresacesta.com.br\/en\/#website\"},\"primaryImageOfPage\":{\"@id\":\"https:\/\/mulheresacesta.com.br\/en\/2021\/09\/hall-da-fama\/#primaryimage\"},\"image\":{\"@id\":\"https:\/\/mulheresacesta.com.br\/en\/2021\/09\/hall-da-fama\/#primaryimage\"},\"thumbnailUrl\":\"https:\/\/mulheresacesta.com.br\/wp-content\/uploads\/2021\/09\/hortenciamarcari_90863520_513217019368201_8736111267875202097_n-1024x666.jpg\",\"datePublished\":\"2021-09-30T13:00:00+00:00\",\"dateModified\":\"2021-09-30T13:16:50+00:00\",\"description\":\"Ela \u00e9 a maior cestinha da hist\u00f3ria da sele\u00e7\u00e3o brasileira de basquete feminino e rainha da gera\u00e7\u00e3o mais vitoriosa da hist\u00f3ria da modalidade. J\u00e1 sabem de\",\"breadcrumb\":{\"@id\":\"https:\/\/mulheresacesta.com.br\/en\/2021\/09\/hall-da-fama\/#breadcrumb\"},\"inLanguage\":\"en-US\",\"potentialAction\":[{\"@type\":\"ReadAction\",\"target\":[\"https:\/\/mulheresacesta.com.br\/en\/2021\/09\/hall-da-fama\/\"]}]},{\"@type\":\"ImageObject\",\"inLanguage\":\"en-US\",\"@id\":\"https:\/\/mulheresacesta.com.br\/en\/2021\/09\/hall-da-fama\/#primaryimage\",\"url\":\"https:\/\/mulheresacesta.com.br\/wp-content\/uploads\/2021\/09\/hortenciamarcari_90863520_513217019368201_8736111267875202097_n-1024x666.jpg\",\"contentUrl\":\"https:\/\/mulheresacesta.com.br\/wp-content\/uploads\/2021\/09\/hortenciamarcari_90863520_513217019368201_8736111267875202097_n-1024x666.jpg\"},{\"@type\":\"BreadcrumbList\",\"@id\":\"https:\/\/mulheresacesta.com.br\/en\/2021\/09\/hall-da-fama\/#breadcrumb\",\"itemListElement\":[{\"@type\":\"ListItem\",\"position\":1,\"name\":\"In\u00edcio\",\"item\":\"https:\/\/mulheresacesta.com.br\/\"},{\"@type\":\"ListItem\",\"position\":2,\"name\":\"Hall da fama\"}]},{\"@type\":\"WebSite\",\"@id\":\"https:\/\/mulheresacesta.com.br\/en\/#website\",\"url\":\"https:\/\/mulheresacesta.com.br\/en\/\",\"name\":\"Mulheres \u00e0 Cesta\",\"description\":\"\",\"publisher\":{\"@id\":\"https:\/\/mulheresacesta.com.br\/en\/#organization\"},\"potentialAction\":[{\"@type\":\"SearchAction\",\"target\":{\"@type\":\"EntryPoint\",\"urlTemplate\":\"https:\/\/mulheresacesta.com.br\/en\/?s={search_term_string}\"},\"query-input\":{\"@type\":\"PropertyValueSpecification\",\"valueRequired\":true,\"valueName\":\"search_term_string\"}}],\"inLanguage\":\"en-US\"},{\"@type\":\"Organization\",\"@id\":\"https:\/\/mulheresacesta.com.br\/en\/#organization\",\"name\":\"Mulheres \u00e0 Cesta\",\"url\":\"https:\/\/mulheresacesta.com.br\/en\/\",\"logo\":{\"@type\":\"ImageObject\",\"inLanguage\":\"en-US\",\"@id\":\"https:\/\/mulheresacesta.com.br\/en\/#\/schema\/logo\/image\/\",\"url\":\"https:\/\/mulheresacesta.com.br\/wp-content\/uploads\/2020\/10\/mulheres-a-cesta.jpg\",\"contentUrl\":\"https:\/\/mulheresacesta.com.br\/wp-content\/uploads\/2020\/10\/mulheres-a-cesta.jpg\",\"width\":400,\"height\":300,\"caption\":\"Mulheres \u00e0 Cesta\"},\"image\":{\"@id\":\"https:\/\/mulheresacesta.com.br\/en\/#\/schema\/logo\/image\/\"}},{\"@type\":\"Person\",\"@id\":\"https:\/\/mulheresacesta.com.br\/en\/#\/schema\/person\/11ebd3af76a9fcb3d26c815924faac42\",\"name\":\"mulheres\",\"sameAs\":[\"http:\/\/localhost\/mulheresacesta\"],\"url\":\"https:\/\/mulheresacesta.com.br\/en\/author\/mulheres\/\"}]}<\/script>\n<!-- \/ Yoast SEO plugin. -->","yoast_head_json":{"title":"Hall da fama","description":"Ela \u00e9 a maior cestinha da hist\u00f3ria da sele\u00e7\u00e3o brasileira de basquete feminino e rainha da gera\u00e7\u00e3o mais vitoriosa da hist\u00f3ria da modalidade. J\u00e1 sabem de","robots":{"index":"index","follow":"follow","max-snippet":"max-snippet:-1","max-image-preview":"max-image-preview:large","max-video-preview":"max-video-preview:-1"},"canonical":"https:\/\/mulheresacesta.com.br\/en\/2021\/09\/hall-da-fama\/","og_locale":"en_US","og_type":"article","og_title":"[:pt]Hall da fama[:] - Mulheres \u00e0 Cesta","og_description":"Ela \u00e9 a maior cestinha da hist\u00f3ria da sele\u00e7\u00e3o brasileira de basquete feminino e rainha da gera\u00e7\u00e3o mais vitoriosa da hist\u00f3ria da modalidade. J\u00e1 sabem de","og_url":"https:\/\/mulheresacesta.com.br\/en\/2021\/09\/hall-da-fama\/","og_site_name":"Mulheres \u00e0 Cesta","article_published_time":"2021-09-30T13:00:00+00:00","article_modified_time":"2021-09-30T13:16:50+00:00","og_image":[{"url":"https:\/\/mulheresacesta.com.br\/wp-content\/uploads\/2021\/09\/hortenciamarcari_90863520_513217019368201_8736111267875202097_n-1024x666.jpg","type":"","width":"","height":""}],"author":"mulheres","twitter_card":"summary_large_image","twitter_misc":{"Written by":"mulheres","Est. reading time":"3 minutes"},"schema":{"@context":"https:\/\/schema.org","@graph":[{"@type":"Article","@id":"https:\/\/mulheresacesta.com.br\/en\/2021\/09\/hall-da-fama\/#article","isPartOf":{"@id":"https:\/\/mulheresacesta.com.br\/en\/2021\/09\/hall-da-fama\/"},"author":{"name":"mulheres","@id":"https:\/\/mulheresacesta.com.br\/en\/#\/schema\/person\/11ebd3af76a9fcb3d26c815924faac42"},"headline":"Hall da fama","datePublished":"2021-09-30T13:00:00+00:00","dateModified":"2021-09-30T13:16:50+00:00","mainEntityOfPage":{"@id":"https:\/\/mulheresacesta.com.br\/en\/2021\/09\/hall-da-fama\/"},"wordCount":527,"commentCount":0,"publisher":{"@id":"https:\/\/mulheresacesta.com.br\/en\/#organization"},"image":{"@id":"https:\/\/mulheresacesta.com.br\/en\/2021\/09\/hall-da-fama\/#primaryimage"},"thumbnailUrl":"https:\/\/mulheresacesta.com.br\/wp-content\/uploads\/2021\/09\/hortenciamarcari_90863520_513217019368201_8736111267875202097_n-1024x666.jpg","keywords":["Hall da fama","hort\u00eancia marcari","mulheres no esporte","basquete feminino","mulheres a cesta"],"articleSection":["Blog"],"inLanguage":"en-US","potentialAction":[{"@type":"CommentAction","name":"Comment","target":["https:\/\/mulheresacesta.com.br\/en\/2021\/09\/hall-da-fama\/#respond"]}]},{"@type":"WebPage","@id":"https:\/\/mulheresacesta.com.br\/en\/2021\/09\/hall-da-fama\/","url":"https:\/\/mulheresacesta.com.br\/en\/2021\/09\/hall-da-fama\/","name":"Hall da fama","isPartOf":{"@id":"https:\/\/mulheresacesta.com.br\/en\/#website"},"primaryImageOfPage":{"@id":"https:\/\/mulheresacesta.com.br\/en\/2021\/09\/hall-da-fama\/#primaryimage"},"image":{"@id":"https:\/\/mulheresacesta.com.br\/en\/2021\/09\/hall-da-fama\/#primaryimage"},"thumbnailUrl":"https:\/\/mulheresacesta.com.br\/wp-content\/uploads\/2021\/09\/hortenciamarcari_90863520_513217019368201_8736111267875202097_n-1024x666.jpg","datePublished":"2021-09-30T13:00:00+00:00","dateModified":"2021-09-30T13:16:50+00:00","description":"Ela \u00e9 a maior cestinha da hist\u00f3ria da sele\u00e7\u00e3o brasileira de basquete feminino e rainha da gera\u00e7\u00e3o mais vitoriosa da hist\u00f3ria da modalidade. J\u00e1 sabem de","breadcrumb":{"@id":"https:\/\/mulheresacesta.com.br\/en\/2021\/09\/hall-da-fama\/#breadcrumb"},"inLanguage":"en-US","potentialAction":[{"@type":"ReadAction","target":["https:\/\/mulheresacesta.com.br\/en\/2021\/09\/hall-da-fama\/"]}]},{"@type":"ImageObject","inLanguage":"en-US","@id":"https:\/\/mulheresacesta.com.br\/en\/2021\/09\/hall-da-fama\/#primaryimage","url":"https:\/\/mulheresacesta.com.br\/wp-content\/uploads\/2021\/09\/hortenciamarcari_90863520_513217019368201_8736111267875202097_n-1024x666.jpg","contentUrl":"https:\/\/mulheresacesta.com.br\/wp-content\/uploads\/2021\/09\/hortenciamarcari_90863520_513217019368201_8736111267875202097_n-1024x666.jpg"},{"@type":"BreadcrumbList","@id":"https:\/\/mulheresacesta.com.br\/en\/2021\/09\/hall-da-fama\/#breadcrumb","itemListElement":[{"@type":"ListItem","position":1,"name":"In\u00edcio","item":"https:\/\/mulheresacesta.com.br\/"},{"@type":"ListItem","position":2,"name":"Hall da fama"}]},{"@type":"WebSite","@id":"https:\/\/mulheresacesta.com.br\/en\/#website","url":"https:\/\/mulheresacesta.com.br\/en\/","name":"Mulheres \u00e0 Cesta","description":"","publisher":{"@id":"https:\/\/mulheresacesta.com.br\/en\/#organization"},"potentialAction":[{"@type":"SearchAction","target":{"@type":"EntryPoint","urlTemplate":"https:\/\/mulheresacesta.com.br\/en\/?s={search_term_string}"},"query-input":{"@type":"PropertyValueSpecification","valueRequired":true,"valueName":"search_term_string"}}],"inLanguage":"en-US"},{"@type":"Organization","@id":"https:\/\/mulheresacesta.com.br\/en\/#organization","name":"Mulheres \u00e0 Cesta","url":"https:\/\/mulheresacesta.com.br\/en\/","logo":{"@type":"ImageObject","inLanguage":"en-US","@id":"https:\/\/mulheresacesta.com.br\/en\/#\/schema\/logo\/image\/","url":"https:\/\/mulheresacesta.com.br\/wp-content\/uploads\/2020\/10\/mulheres-a-cesta.jpg","contentUrl":"https:\/\/mulheresacesta.com.br\/wp-content\/uploads\/2020\/10\/mulheres-a-cesta.jpg","width":400,"height":300,"caption":"Mulheres \u00e0 Cesta"},"image":{"@id":"https:\/\/mulheresacesta.com.br\/en\/#\/schema\/logo\/image\/"}},{"@type":"Person","@id":"https:\/\/mulheresacesta.com.br\/en\/#\/schema\/person\/11ebd3af76a9fcb3d26c815924faac42","name":"mulheres","sameAs":["http:\/\/localhost\/mulheresacesta"],"url":"https:\/\/mulheresacesta.com.br\/en\/author\/mulheres\/"}]}},"_links":{"self":[{"href":"https:\/\/mulheresacesta.com.br\/en\/wp-json\/wp\/v2\/posts\/2433","targetHints":{"allow":["GET"]}}],"collection":[{"href":"https:\/\/mulheresacesta.com.br\/en\/wp-json\/wp\/v2\/posts"}],"about":[{"href":"https:\/\/mulheresacesta.com.br\/en\/wp-json\/wp\/v2\/types\/post"}],"author":[{"embeddable":true,"href":"https:\/\/mulheresacesta.com.br\/en\/wp-json\/wp\/v2\/users\/1"}],"replies":[{"embeddable":true,"href":"https:\/\/mulheresacesta.com.br\/en\/wp-json\/wp\/v2\/comments?post=2433"}],"version-history":[{"count":6,"href":"https:\/\/mulheresacesta.com.br\/en\/wp-json\/wp\/v2\/posts\/2433\/revisions"}],"predecessor-version":[{"id":2452,"href":"https:\/\/mulheresacesta.com.br\/en\/wp-json\/wp\/v2\/posts\/2433\/revisions\/2452"}],"wp:attachment":[{"href":"https:\/\/mulheresacesta.com.br\/en\/wp-json\/wp\/v2\/media?parent=2433"}],"wp:term":[{"taxonomy":"category","embeddable":true,"href":"https:\/\/mulheresacesta.com.br\/en\/wp-json\/wp\/v2\/categories?post=2433"},{"taxonomy":"post_tag","embeddable":true,"href":"https:\/\/mulheresacesta.com.br\/en\/wp-json\/wp\/v2\/tags?post=2433"}],"curies":[{"name":"wp","href":"https:\/\/api.w.org\/{rel}","templated":true}]}}