{"id":2478,"date":"2021-10-20T10:32:00","date_gmt":"2021-10-20T13:32:00","guid":{"rendered":"https:\/\/mulheresacesta.com.br\/?p=2478"},"modified":"2021-10-19T12:48:10","modified_gmt":"2021-10-19T15:48:10","slug":"copa-america-vem-ai","status":"publish","type":"post","link":"https:\/\/mulheresacesta.com.br\/en\/2021\/10\/copa-america-vem-ai\/","title":{"rendered":"Copa Am\u00e9rica 3&#215;3 vem a\u00ed!"},"content":{"rendered":"\n<p>A Sele\u00e7\u00e3o Brasileira feminina 3\u00d73 est\u00e1 convocada para os treinos visando a Copa Am\u00e9rica adulta, disputada entre 12 e 14 de novembro, em Miami, nos Estados Unidos.<\/p>\n\n\n\n<p>O evento marca o retorno do Fiba 3&#215;3 a Miami, pela primeira vez em nove anos desde que a cidade sediou a primeira final do Fiba 3&#215;3 World Tour.<\/p>\n\n\n\n<p>Ao todo, oito atletas foram chamadas pela t\u00e9cnica Rafaella Bauerfeldt, mas apenas quatro viajam para os Estados Unidos para o torneio.<\/p>\n\n\n\n<p>\u201cPrimeiramente me sinto muito feliz e motivada em poder participar depois de quase dois anos de uma competi\u00e7\u00e3o internacional feminina de 3\u00d73. Neste per\u00edodo, mantivemos contato e avalia\u00e7\u00e3o de diversas meninas para que pud\u00e9ssemos, dentro das nossas convic\u00e7\u00f5es e filosofia, convocar as atletas que f\u00edsica e tecnicamente estivessem na ativa e pudessem nos entregar os 110% que tanto acreditamos\u201d, analisou a t\u00e9cnica Rafaela Bauerfeldt.<\/p>\n\n\n\n<p>Entre as convocadas est\u00e3o: Thayn\u00e1 Silva, da Sodi\u00ea Doces\/Mesquita\/LSB, eleita a MVP da temporada. Outras duas atletas da equipe fluminense tamb\u00e9m foram chamadas: as alas Rayane e Mayara. Do Santo Andr\u00e9\/Apaba, est\u00e3o Lays e a ala-piv\u00f4 Sass\u00e1. Completam a lista Vit\u00f3ria Marcelino, do KTO\/Blumenau, Lais Tobias, do Vera Cruz Campinas, e Evelyn Larissa, que joga o Brasileir\u00e3o feminino pelo S\u00e3o Jos\u00e9 Basket, de Santa Catarina.<\/p>\n\n\n\n<p>Os treinos acontecem entre os dias 4 at\u00e9 10 de novembro, no Rio de Janeiro, no Clube dos Subtenentes e Sargentos do Ex\u00e9rcito, com apresenta\u00e7\u00e3o tamb\u00e9m no dia 4 de novembro, quando ser\u00e3o feitos todos os testes da Covid-19 nas atletas antes de qualquer atividade.<\/p>\n\n\n\n<p><\/p>\n\n\n\n<p><\/p>\n\n\n\n<p>Foto destaque: databasket<\/p>\n","protected":false},"excerpt":{"rendered":"<p>A Sele\u00e7\u00e3o Brasileira feminina 3\u00d73 est\u00e1 convocada para os treinos visando a Copa Am\u00e9rica adulta, disputada entre 12 e 14 de novembro, em Miami, nos Estados Unidos. O evento marca o retorno do Fiba 3&#215;3 a Miami, pela primeira vez em nove anos desde que a cidade sediou a primeira final do Fiba 3&#215;3 World [&hellip;]<\/p>\n","protected":false},"author":1,"featured_media":2479,"comment_status":"open","ping_status":"open","sticky":false,"template":"","format":"standard","meta":{"footnotes":""},"categories":[12],"tags":[19,63,117,72,9],"class_list":["post-2478","post","type-post","status-publish","format-standard","has-post-thumbnail","hentry","category-blog","tag-basquete-3x3","tag-basquete-brasil","tag-fiba-basquete","tag-mulheres-no-esporte","tag-mulheres-a-cesta"],"acf":[],"yoast_head":"<!-- This site is optimized with the Yoast SEO plugin v26.4 - https:\/\/yoast.com\/wordpress\/plugins\/seo\/ -->\n<title>Copa Am\u00e9rica 3x3 vem a\u00ed!<\/title>\n<meta name=\"description\" content=\"A Sele\u00e7\u00e3o Brasileira feminina 3\u00d73 est\u00e1 convocada para os treinos visando a Copa Am\u00e9rica adulta, disputada entre 12 e 14 de novembro, em Miami, nos Estados\" \/>\n<meta name=\"robots\" content=\"index, follow, max-snippet:-1, max-image-preview:large, max-video-preview:-1\" \/>\n<link rel=\"canonical\" href=\"https:\/\/mulheresacesta.com.br\/en\/2021\/10\/copa-america-vem-ai\/\" \/>\n<meta property=\"og:locale\" content=\"en_US\" \/>\n<meta property=\"og:locale:alternate\" content=\"pt_BR\" \/>\n<meta property=\"og:type\" content=\"article\" \/>\n<meta property=\"og:title\" content=\"Copa Am\u00e9rica 3x3 vem a\u00ed!\" \/>\n<meta property=\"og:description\" content=\"A Sele\u00e7\u00e3o Brasileira feminina 3\u00d73 est\u00e1 convocada para os treinos visando a Copa Am\u00e9rica adulta, disputada entre 12 e 14 de novembro, em Miami, nos Estados\" \/>\n<meta property=\"og:url\" content=\"https:\/\/mulheresacesta.com.br\/en\/2021\/10\/copa-america-vem-ai\/\" \/>\n<meta property=\"og:site_name\" content=\"Mulheres \u00e0 Cesta\" \/>\n<meta property=\"article:published_time\" content=\"2021-10-20T13:32:00+00:00\" \/>\n<meta property=\"og:image\" content=\"https:\/\/mulheresacesta.com.br\/wp-content\/uploads\/2021\/10\/Untitled-1-2.png\" \/>\n\t<meta property=\"og:image:width\" content=\"1080\" \/>\n\t<meta property=\"og:image:height\" content=\"608\" \/>\n\t<meta property=\"og:image:type\" content=\"image\/png\" \/>\n<meta name=\"author\" content=\"mulheres\" \/>\n<meta name=\"twitter:card\" content=\"summary_large_image\" \/>\n<meta name=\"twitter:label1\" content=\"Written by\" \/>\n\t<meta name=\"twitter:data1\" content=\"mulheres\" \/>\n\t<meta name=\"twitter:label2\" content=\"Est. reading time\" \/>\n\t<meta name=\"twitter:data2\" content=\"1 minute\" \/>\n<script type=\"application\/ld+json\" class=\"yoast-schema-graph\">{\"@context\":\"https:\/\/schema.org\",\"@graph\":[{\"@type\":\"Article\",\"@id\":\"https:\/\/mulheresacesta.com.br\/2021\/10\/copa-america-vem-ai\/#article\",\"isPartOf\":{\"@id\":\"https:\/\/mulheresacesta.com.br\/2021\/10\/copa-america-vem-ai\/\"},\"author\":{\"name\":\"mulheres\",\"@id\":\"https:\/\/mulheresacesta.com.br\/en\/#\/schema\/person\/11ebd3af76a9fcb3d26c815924faac42\"},\"headline\":\"Copa Am\u00e9rica 3&#215;3 vem a\u00ed!\",\"datePublished\":\"2021-10-20T13:32:00+00:00\",\"mainEntityOfPage\":{\"@id\":\"https:\/\/mulheresacesta.com.br\/2021\/10\/copa-america-vem-ai\/\"},\"wordCount\":278,\"commentCount\":0,\"publisher\":{\"@id\":\"https:\/\/mulheresacesta.com.br\/en\/#organization\"},\"image\":{\"@id\":\"https:\/\/mulheresacesta.com.br\/2021\/10\/copa-america-vem-ai\/#primaryimage\"},\"thumbnailUrl\":\"https:\/\/mulheresacesta.com.br\/wp-content\/uploads\/2021\/10\/Untitled-1-2.png\",\"keywords\":[\"basquete 3x3\",\"basquete brasil\",\"fiba basquete\",\"mulheres no esporte\",\"mulheres a cesta\"],\"articleSection\":[\"Blog\"],\"inLanguage\":\"en-US\",\"potentialAction\":[{\"@type\":\"CommentAction\",\"name\":\"Comment\",\"target\":[\"https:\/\/mulheresacesta.com.br\/2021\/10\/copa-america-vem-ai\/#respond\"]}]},{\"@type\":\"WebPage\",\"@id\":\"https:\/\/mulheresacesta.com.br\/2021\/10\/copa-america-vem-ai\/\",\"url\":\"https:\/\/mulheresacesta.com.br\/2021\/10\/copa-america-vem-ai\/\",\"name\":\"Copa Am\u00e9rica 3x3 vem a\u00ed!\",\"isPartOf\":{\"@id\":\"https:\/\/mulheresacesta.com.br\/en\/#website\"},\"primaryImageOfPage\":{\"@id\":\"https:\/\/mulheresacesta.com.br\/2021\/10\/copa-america-vem-ai\/#primaryimage\"},\"image\":{\"@id\":\"https:\/\/mulheresacesta.com.br\/2021\/10\/copa-america-vem-ai\/#primaryimage\"},\"thumbnailUrl\":\"https:\/\/mulheresacesta.com.br\/wp-content\/uploads\/2021\/10\/Untitled-1-2.png\",\"datePublished\":\"2021-10-20T13:32:00+00:00\",\"description\":\"A Sele\u00e7\u00e3o Brasileira feminina 3\u00d73 est\u00e1 convocada para os treinos visando a Copa Am\u00e9rica adulta, disputada entre 12 e 14 de novembro, em Miami, nos Estados\",\"breadcrumb\":{\"@id\":\"https:\/\/mulheresacesta.com.br\/2021\/10\/copa-america-vem-ai\/#breadcrumb\"},\"inLanguage\":\"en-US\",\"potentialAction\":[{\"@type\":\"ReadAction\",\"target\":[\"https:\/\/mulheresacesta.com.br\/2021\/10\/copa-america-vem-ai\/\"]}]},{\"@type\":\"ImageObject\",\"inLanguage\":\"en-US\",\"@id\":\"https:\/\/mulheresacesta.com.br\/2021\/10\/copa-america-vem-ai\/#primaryimage\",\"url\":\"https:\/\/mulheresacesta.com.br\/wp-content\/uploads\/2021\/10\/Untitled-1-2.png\",\"contentUrl\":\"https:\/\/mulheresacesta.com.br\/wp-content\/uploads\/2021\/10\/Untitled-1-2.png\",\"width\":1080,\"height\":608},{\"@type\":\"BreadcrumbList\",\"@id\":\"https:\/\/mulheresacesta.com.br\/2021\/10\/copa-america-vem-ai\/#breadcrumb\",\"itemListElement\":[{\"@type\":\"ListItem\",\"position\":1,\"name\":\"In\u00edcio\",\"item\":\"https:\/\/mulheresacesta.com.br\/\"},{\"@type\":\"ListItem\",\"position\":2,\"name\":\"Copa Am\u00e9rica 3&#215;3 vem a\u00ed!\"}]},{\"@type\":\"WebSite\",\"@id\":\"https:\/\/mulheresacesta.com.br\/en\/#website\",\"url\":\"https:\/\/mulheresacesta.com.br\/en\/\",\"name\":\"Mulheres \u00e0 Cesta\",\"description\":\"\",\"publisher\":{\"@id\":\"https:\/\/mulheresacesta.com.br\/en\/#organization\"},\"potentialAction\":[{\"@type\":\"SearchAction\",\"target\":{\"@type\":\"EntryPoint\",\"urlTemplate\":\"https:\/\/mulheresacesta.com.br\/en\/?s={search_term_string}\"},\"query-input\":{\"@type\":\"PropertyValueSpecification\",\"valueRequired\":true,\"valueName\":\"search_term_string\"}}],\"inLanguage\":\"en-US\"},{\"@type\":\"Organization\",\"@id\":\"https:\/\/mulheresacesta.com.br\/en\/#organization\",\"name\":\"Mulheres \u00e0 Cesta\",\"url\":\"https:\/\/mulheresacesta.com.br\/en\/\",\"logo\":{\"@type\":\"ImageObject\",\"inLanguage\":\"en-US\",\"@id\":\"https:\/\/mulheresacesta.com.br\/en\/#\/schema\/logo\/image\/\",\"url\":\"https:\/\/mulheresacesta.com.br\/wp-content\/uploads\/2020\/10\/mulheres-a-cesta.jpg\",\"contentUrl\":\"https:\/\/mulheresacesta.com.br\/wp-content\/uploads\/2020\/10\/mulheres-a-cesta.jpg\",\"width\":400,\"height\":300,\"caption\":\"Mulheres \u00e0 Cesta\"},\"image\":{\"@id\":\"https:\/\/mulheresacesta.com.br\/en\/#\/schema\/logo\/image\/\"}},{\"@type\":\"Person\",\"@id\":\"https:\/\/mulheresacesta.com.br\/en\/#\/schema\/person\/11ebd3af76a9fcb3d26c815924faac42\",\"name\":\"mulheres\",\"sameAs\":[\"http:\/\/localhost\/mulheresacesta\"],\"url\":\"https:\/\/mulheresacesta.com.br\/en\/author\/mulheres\/\"}]}<\/script>\n<!-- \/ Yoast SEO plugin. -->","yoast_head_json":{"title":"Copa Am\u00e9rica 3x3 vem a\u00ed!","description":"A Sele\u00e7\u00e3o Brasileira feminina 3\u00d73 est\u00e1 convocada para os treinos visando a Copa Am\u00e9rica adulta, disputada entre 12 e 14 de novembro, em Miami, nos Estados","robots":{"index":"index","follow":"follow","max-snippet":"max-snippet:-1","max-image-preview":"max-image-preview:large","max-video-preview":"max-video-preview:-1"},"canonical":"https:\/\/mulheresacesta.com.br\/en\/2021\/10\/copa-america-vem-ai\/","og_locale":"en_US","og_type":"article","og_title":"[:pt]Copa Am\u00e9rica 3x3 vem a\u00ed![:] - Mulheres \u00e0 Cesta","og_description":"A Sele\u00e7\u00e3o Brasileira feminina 3\u00d73 est\u00e1 convocada para os treinos visando a Copa Am\u00e9rica adulta, disputada entre 12 e 14 de novembro, em Miami, nos Estados","og_url":"https:\/\/mulheresacesta.com.br\/en\/2021\/10\/copa-america-vem-ai\/","og_site_name":"Mulheres \u00e0 Cesta","article_published_time":"2021-10-20T13:32:00+00:00","og_image":[{"width":1080,"height":608,"url":"https:\/\/mulheresacesta.com.br\/wp-content\/uploads\/2021\/10\/Untitled-1-2.png","type":"image\/png"}],"author":"mulheres","twitter_card":"summary_large_image","twitter_misc":{"Written by":"mulheres","Est. reading time":"1 minute"},"schema":{"@context":"https:\/\/schema.org","@graph":[{"@type":"Article","@id":"https:\/\/mulheresacesta.com.br\/2021\/10\/copa-america-vem-ai\/#article","isPartOf":{"@id":"https:\/\/mulheresacesta.com.br\/2021\/10\/copa-america-vem-ai\/"},"author":{"name":"mulheres","@id":"https:\/\/mulheresacesta.com.br\/en\/#\/schema\/person\/11ebd3af76a9fcb3d26c815924faac42"},"headline":"Copa Am\u00e9rica 3&#215;3 vem a\u00ed!","datePublished":"2021-10-20T13:32:00+00:00","mainEntityOfPage":{"@id":"https:\/\/mulheresacesta.com.br\/2021\/10\/copa-america-vem-ai\/"},"wordCount":278,"commentCount":0,"publisher":{"@id":"https:\/\/mulheresacesta.com.br\/en\/#organization"},"image":{"@id":"https:\/\/mulheresacesta.com.br\/2021\/10\/copa-america-vem-ai\/#primaryimage"},"thumbnailUrl":"https:\/\/mulheresacesta.com.br\/wp-content\/uploads\/2021\/10\/Untitled-1-2.png","keywords":["basquete 3x3","basquete brasil","fiba basquete","mulheres no esporte","mulheres a cesta"],"articleSection":["Blog"],"inLanguage":"en-US","potentialAction":[{"@type":"CommentAction","name":"Comment","target":["https:\/\/mulheresacesta.com.br\/2021\/10\/copa-america-vem-ai\/#respond"]}]},{"@type":"WebPage","@id":"https:\/\/mulheresacesta.com.br\/2021\/10\/copa-america-vem-ai\/","url":"https:\/\/mulheresacesta.com.br\/2021\/10\/copa-america-vem-ai\/","name":"Copa Am\u00e9rica 3x3 vem a\u00ed!","isPartOf":{"@id":"https:\/\/mulheresacesta.com.br\/en\/#website"},"primaryImageOfPage":{"@id":"https:\/\/mulheresacesta.com.br\/2021\/10\/copa-america-vem-ai\/#primaryimage"},"image":{"@id":"https:\/\/mulheresacesta.com.br\/2021\/10\/copa-america-vem-ai\/#primaryimage"},"thumbnailUrl":"https:\/\/mulheresacesta.com.br\/wp-content\/uploads\/2021\/10\/Untitled-1-2.png","datePublished":"2021-10-20T13:32:00+00:00","description":"A Sele\u00e7\u00e3o Brasileira feminina 3\u00d73 est\u00e1 convocada para os treinos visando a Copa Am\u00e9rica adulta, disputada entre 12 e 14 de novembro, em Miami, nos Estados","breadcrumb":{"@id":"https:\/\/mulheresacesta.com.br\/2021\/10\/copa-america-vem-ai\/#breadcrumb"},"inLanguage":"en-US","potentialAction":[{"@type":"ReadAction","target":["https:\/\/mulheresacesta.com.br\/2021\/10\/copa-america-vem-ai\/"]}]},{"@type":"ImageObject","inLanguage":"en-US","@id":"https:\/\/mulheresacesta.com.br\/2021\/10\/copa-america-vem-ai\/#primaryimage","url":"https:\/\/mulheresacesta.com.br\/wp-content\/uploads\/2021\/10\/Untitled-1-2.png","contentUrl":"https:\/\/mulheresacesta.com.br\/wp-content\/uploads\/2021\/10\/Untitled-1-2.png","width":1080,"height":608},{"@type":"BreadcrumbList","@id":"https:\/\/mulheresacesta.com.br\/2021\/10\/copa-america-vem-ai\/#breadcrumb","itemListElement":[{"@type":"ListItem","position":1,"name":"In\u00edcio","item":"https:\/\/mulheresacesta.com.br\/"},{"@type":"ListItem","position":2,"name":"Copa Am\u00e9rica 3&#215;3 vem a\u00ed!"}]},{"@type":"WebSite","@id":"https:\/\/mulheresacesta.com.br\/en\/#website","url":"https:\/\/mulheresacesta.com.br\/en\/","name":"Mulheres \u00e0 Cesta","description":"","publisher":{"@id":"https:\/\/mulheresacesta.com.br\/en\/#organization"},"potentialAction":[{"@type":"SearchAction","target":{"@type":"EntryPoint","urlTemplate":"https:\/\/mulheresacesta.com.br\/en\/?s={search_term_string}"},"query-input":{"@type":"PropertyValueSpecification","valueRequired":true,"valueName":"search_term_string"}}],"inLanguage":"en-US"},{"@type":"Organization","@id":"https:\/\/mulheresacesta.com.br\/en\/#organization","name":"Mulheres \u00e0 Cesta","url":"https:\/\/mulheresacesta.com.br\/en\/","logo":{"@type":"ImageObject","inLanguage":"en-US","@id":"https:\/\/mulheresacesta.com.br\/en\/#\/schema\/logo\/image\/","url":"https:\/\/mulheresacesta.com.br\/wp-content\/uploads\/2020\/10\/mulheres-a-cesta.jpg","contentUrl":"https:\/\/mulheresacesta.com.br\/wp-content\/uploads\/2020\/10\/mulheres-a-cesta.jpg","width":400,"height":300,"caption":"Mulheres \u00e0 Cesta"},"image":{"@id":"https:\/\/mulheresacesta.com.br\/en\/#\/schema\/logo\/image\/"}},{"@type":"Person","@id":"https:\/\/mulheresacesta.com.br\/en\/#\/schema\/person\/11ebd3af76a9fcb3d26c815924faac42","name":"mulheres","sameAs":["http:\/\/localhost\/mulheresacesta"],"url":"https:\/\/mulheresacesta.com.br\/en\/author\/mulheres\/"}]}},"_links":{"self":[{"href":"https:\/\/mulheresacesta.com.br\/en\/wp-json\/wp\/v2\/posts\/2478","targetHints":{"allow":["GET"]}}],"collection":[{"href":"https:\/\/mulheresacesta.com.br\/en\/wp-json\/wp\/v2\/posts"}],"about":[{"href":"https:\/\/mulheresacesta.com.br\/en\/wp-json\/wp\/v2\/types\/post"}],"author":[{"embeddable":true,"href":"https:\/\/mulheresacesta.com.br\/en\/wp-json\/wp\/v2\/users\/1"}],"replies":[{"embeddable":true,"href":"https:\/\/mulheresacesta.com.br\/en\/wp-json\/wp\/v2\/comments?post=2478"}],"version-history":[{"count":4,"href":"https:\/\/mulheresacesta.com.br\/en\/wp-json\/wp\/v2\/posts\/2478\/revisions"}],"predecessor-version":[{"id":2488,"href":"https:\/\/mulheresacesta.com.br\/en\/wp-json\/wp\/v2\/posts\/2478\/revisions\/2488"}],"wp:featuredmedia":[{"embeddable":true,"href":"https:\/\/mulheresacesta.com.br\/en\/wp-json\/wp\/v2\/media\/2479"}],"wp:attachment":[{"href":"https:\/\/mulheresacesta.com.br\/en\/wp-json\/wp\/v2\/media?parent=2478"}],"wp:term":[{"taxonomy":"category","embeddable":true,"href":"https:\/\/mulheresacesta.com.br\/en\/wp-json\/wp\/v2\/categories?post=2478"},{"taxonomy":"post_tag","embeddable":true,"href":"https:\/\/mulheresacesta.com.br\/en\/wp-json\/wp\/v2\/tags?post=2478"}],"curies":[{"name":"wp","href":"https:\/\/api.w.org\/{rel}","templated":true}]}}