{"id":2603,"date":"2021-11-12T11:30:00","date_gmt":"2021-11-12T14:30:00","guid":{"rendered":"https:\/\/mulheresacesta.com.br\/?p=2603"},"modified":"2021-11-12T11:33:20","modified_gmt":"2021-11-12T14:33:20","slug":"conheca-a-historia-da-professora-e-treinadora","status":"publish","type":"post","link":"https:\/\/mulheresacesta.com.br\/en\/2021\/11\/conheca-a-historia-da-professora-e-treinadora\/","title":{"rendered":"Conhe\u00e7a a hist\u00f3ria da professora e treinadora Isabelle Guirelli"},"content":{"rendered":"\n<p>Foi na escola que Isabelle Guirelli deu os primeiros arremessos. Aos 15 anos, j\u00e1 passou a atuar pelo Clube Vizinhan\u00e7a. Participou da categoria infantil, da categoria juvenil e teve oportunidade de ir a Franca-SP, onde aprimorou mais o basquete como atleta. No ano seguinte, Isabelle recebeu convite para completar um time da categoria adulto na Associa\u00e7\u00e3o do Senado, onde se destacou. E ainda jogou pela sele\u00e7\u00e3o brasiliense de basquete.<\/p>\n\n\n\n<p>A carreira de Guirelli como atleta foi bem curta, durou apenas cinco anos. Aos 20 anos, ficou gr\u00e1vida e parou de jogar por n\u00e3o conseguir conciliar os hor\u00e1rios dos treinos. Com 24 anos, voltou \u00e0s quadras, mas como veterana, apesar da pouca idade. Isabelle come\u00e7ou a jogar pela AVABRA e se filiou \u00e0 Associa\u00e7\u00e3o em que joga at\u00e9 hoje. Em 2018, foi campe\u00e3 Pan-americana com a Sele\u00e7\u00e3o Brasileira m\u00e1ster feminina 35+, em Natal-RN.<\/p>\n\n\n\n<p><strong>Carreira acad\u00eamica<\/strong><\/p>\n\n\n\n<p>Em seu primeiro semestre da faculdade de educa\u00e7\u00e3o f\u00edsica, Guirelli deu in\u00edcio na carreira como professora de basquete na escola Santo Ant\u00f4nio, onde cursou o seu ensino fundamental. Apresentou um projeto, conseguiu criar um time e participou de campeonatos, conseguindo bons resultados. Nos 10 anos em que trabalhou na escola, treinou equipes para os jogos escolares no DF, conseguiu t\u00edtulos e participou das olimp\u00edadas escolares em Po\u00e7os de Caldas, em 2008.<\/p>\n\n\n\n<p>Atualmente, est\u00e1 cursando o Programa Nacional de Mestrado Profissional em Educa\u00e7\u00e3o F\u00edsica Escolar (ProEF\/UnB), pesquisando na \u00e1rea de G\u00eanero e esporte, com foco para o engajamento e perman\u00eancia das meninas nos esportes coletivos de contato, especialmente o caso do basquetebol.<\/p>\n\n\n\n<p>Em maio de 2021, a professora Isabelle foi certificada como t\u00e9cnica de basquete de base da World Association of Basketball Coaches (WABC), algo muito especial para ela, j\u00e1 que ser\u00e1 a primeira mulher cursar essa forma\u00e7\u00e3o no Brasil.<\/p>\n\n\n\n<p><strong>T\u00e9cnica<\/strong><\/p>\n\n\n\n<p>Desde 1999 \u00e9 t\u00e9cnica de basquete em equipes de escolas particulares (categorias: sub12 ao sub17, masculino e feminino), sendo que no ano de 2008 a sua equipe masculina sub14 foi campe\u00e3 dos Jogos Escolares do Distrito Federal e representou o DF nas Olimp\u00edadas Escolares.<\/p>\n\n\n\n<p>Na Federa\u00e7\u00e3o de Basquete do Distrito Federal (FBDF) atua na arbitragem (cronometrista\/apontadora), e como t\u00e9cnica da sele\u00e7\u00e3o sub-15 feminina, que ser\u00e1 montada no pr\u00f3ximo ano.<\/p>\n\n\n\n<figure class=\"wp-block-gallery columns-2 is-cropped wp-block-gallery-1 is-layout-flex wp-block-gallery-is-layout-flex\"><ul class=\"blocks-gallery-grid\"><li class=\"blocks-gallery-item\"><figure><img loading=\"lazy\" decoding=\"async\" width=\"842\" height=\"1024\" src=\"https:\/\/mulheresacesta.com.br\/wp-content\/uploads\/2021\/11\/WhatsApp-Image-2021-11-08-at-16.14.15-1-842x1024.jpeg\" alt=\"\" data-id=\"2604\" data-link=\"https:\/\/mulheresacesta.com.br\/?attachment_id=2604\" class=\"wp-image-2604\" srcset=\"https:\/\/mulheresacesta.com.br\/wp-content\/uploads\/2021\/11\/WhatsApp-Image-2021-11-08-at-16.14.15-1-842x1024.jpeg 842w, https:\/\/mulheresacesta.com.br\/wp-content\/uploads\/2021\/11\/WhatsApp-Image-2021-11-08-at-16.14.15-1-247x300.jpeg 247w, https:\/\/mulheresacesta.com.br\/wp-content\/uploads\/2021\/11\/WhatsApp-Image-2021-11-08-at-16.14.15-1-768x934.jpeg 768w, https:\/\/mulheresacesta.com.br\/wp-content\/uploads\/2021\/11\/WhatsApp-Image-2021-11-08-at-16.14.15-1.jpeg 1052w\" sizes=\"auto, (max-width: 842px) 100vw, 842px\" \/><\/figure><\/li><li class=\"blocks-gallery-item\"><figure><img loading=\"lazy\" decoding=\"async\" width=\"1024\" height=\"768\" src=\"https:\/\/mulheresacesta.com.br\/wp-content\/uploads\/2021\/11\/WhatsApp-Image-2021-11-08-at-16.14.17-1024x768.jpeg\" alt=\"\" data-id=\"2607\" data-full-url=\"https:\/\/mulheresacesta.com.br\/wp-content\/uploads\/2021\/11\/WhatsApp-Image-2021-11-08-at-16.14.17.jpeg\" data-link=\"https:\/\/mulheresacesta.com.br\/?attachment_id=2607\" class=\"wp-image-2607\" srcset=\"https:\/\/mulheresacesta.com.br\/wp-content\/uploads\/2021\/11\/WhatsApp-Image-2021-11-08-at-16.14.17-1024x768.jpeg 1024w, https:\/\/mulheresacesta.com.br\/wp-content\/uploads\/2021\/11\/WhatsApp-Image-2021-11-08-at-16.14.17-300x225.jpeg 300w, https:\/\/mulheresacesta.com.br\/wp-content\/uploads\/2021\/11\/WhatsApp-Image-2021-11-08-at-16.14.17-768x576.jpeg 768w, https:\/\/mulheresacesta.com.br\/wp-content\/uploads\/2021\/11\/WhatsApp-Image-2021-11-08-at-16.14.17.jpeg 1280w\" sizes=\"auto, (max-width: 1024px) 100vw, 1024px\" \/><\/figure><\/li><\/ul><\/figure>\n\n\n\n<p><\/p>\n\n\n\n<p><strong>Live<\/strong><\/p>\n\n\n\n<p>No pr\u00f3ximo dia 16, Isabelle \u00e9 a convidada de Claudia Guedes para uma live que ser\u00e1 realizada no instagram @mulheresacesta a partir das 18 horas. N\u00e3o perca!<\/p>\n","protected":false},"excerpt":{"rendered":"<p>Foi na escola que Isabelle Guirelli deu os primeiros arremessos. Aos 15 anos, j\u00e1 passou a atuar pelo Clube Vizinhan\u00e7a. Participou da categoria infantil, da categoria juvenil e teve oportunidade de ir a Franca-SP, onde aprimorou mais o basquete como atleta. No ano seguinte, Isabelle recebeu convite para completar um time da categoria adulto na [&hellip;]<\/p>\n","protected":false},"author":1,"featured_media":2609,"comment_status":"open","ping_status":"open","sticky":false,"template":"","format":"standard","meta":{"footnotes":""},"categories":[12],"tags":[18,72],"class_list":["post-2603","post","type-post","status-publish","format-standard","has-post-thumbnail","hentry","category-blog","tag-claudia-guedes","tag-mulheres-no-esporte"],"acf":[],"yoast_head":"<!-- This site is optimized with the Yoast SEO plugin v26.4 - https:\/\/yoast.com\/wordpress\/plugins\/seo\/ -->\n<title>Conhe\u00e7a a hist\u00f3ria da professora e treinadora Isabelle Guirelli<\/title>\n<meta name=\"description\" content=\"Foi na escola que Isabelle Guirelli deu os primeiros arremessos. Aos 15 anos, j\u00e1 passou a atuar pelo Clube Vizinhan\u00e7a. Participou da categoria infantil,\" \/>\n<meta name=\"robots\" content=\"index, follow, max-snippet:-1, max-image-preview:large, max-video-preview:-1\" \/>\n<link rel=\"canonical\" href=\"https:\/\/mulheresacesta.com.br\/en\/2021\/11\/conheca-a-historia-da-professora-e-treinadora\/\" \/>\n<meta property=\"og:locale\" content=\"en_US\" \/>\n<meta property=\"og:locale:alternate\" content=\"pt_BR\" \/>\n<meta property=\"og:type\" content=\"article\" \/>\n<meta property=\"og:title\" content=\"Conhe\u00e7a a hist\u00f3ria da professora e treinadora Isabelle Guirelli\" \/>\n<meta property=\"og:description\" content=\"Foi na escola que Isabelle Guirelli deu os primeiros arremessos. Aos 15 anos, j\u00e1 passou a atuar pelo Clube Vizinhan\u00e7a. Participou da categoria infantil,\" \/>\n<meta property=\"og:url\" content=\"https:\/\/mulheresacesta.com.br\/en\/2021\/11\/conheca-a-historia-da-professora-e-treinadora\/\" \/>\n<meta property=\"og:site_name\" content=\"Mulheres \u00e0 Cesta\" \/>\n<meta property=\"article:published_time\" content=\"2021-11-12T14:30:00+00:00\" \/>\n<meta property=\"article:modified_time\" content=\"2021-11-12T14:33:20+00:00\" \/>\n<meta property=\"og:image\" content=\"https:\/\/mulheresacesta.com.br\/wp-content\/uploads\/2021\/11\/Untitled-1-1.png\" \/>\n\t<meta property=\"og:image:width\" content=\"811\" \/>\n\t<meta property=\"og:image:height\" content=\"458\" \/>\n\t<meta property=\"og:image:type\" content=\"image\/png\" \/>\n<meta name=\"author\" content=\"mulheres\" \/>\n<meta name=\"twitter:card\" content=\"summary_large_image\" \/>\n<meta name=\"twitter:label1\" content=\"Written by\" \/>\n\t<meta name=\"twitter:data1\" content=\"mulheres\" \/>\n\t<meta name=\"twitter:label2\" content=\"Est. reading time\" \/>\n\t<meta name=\"twitter:data2\" content=\"2 minutes\" \/>\n<script type=\"application\/ld+json\" class=\"yoast-schema-graph\">{\"@context\":\"https:\/\/schema.org\",\"@graph\":[{\"@type\":\"Article\",\"@id\":\"https:\/\/mulheresacesta.com.br\/en\/2021\/11\/conheca-a-historia-da-professora-e-treinadora\/#article\",\"isPartOf\":{\"@id\":\"https:\/\/mulheresacesta.com.br\/en\/2021\/11\/conheca-a-historia-da-professora-e-treinadora\/\"},\"author\":{\"name\":\"mulheres\",\"@id\":\"https:\/\/mulheresacesta.com.br\/en\/#\/schema\/person\/11ebd3af76a9fcb3d26c815924faac42\"},\"headline\":\"Conhe\u00e7a a hist\u00f3ria da professora e treinadora Isabelle Guirelli\",\"datePublished\":\"2021-11-12T14:30:00+00:00\",\"dateModified\":\"2021-11-12T14:33:20+00:00\",\"mainEntityOfPage\":{\"@id\":\"https:\/\/mulheresacesta.com.br\/en\/2021\/11\/conheca-a-historia-da-professora-e-treinadora\/\"},\"wordCount\":424,\"commentCount\":0,\"publisher\":{\"@id\":\"https:\/\/mulheresacesta.com.br\/en\/#organization\"},\"image\":{\"@id\":\"https:\/\/mulheresacesta.com.br\/en\/2021\/11\/conheca-a-historia-da-professora-e-treinadora\/#primaryimage\"},\"thumbnailUrl\":\"https:\/\/mulheresacesta.com.br\/wp-content\/uploads\/2021\/11\/Untitled-1-1.png\",\"keywords\":[\"claudia guedes\",\"mulheres no esporte\"],\"articleSection\":[\"Blog\"],\"inLanguage\":\"en-US\",\"potentialAction\":[{\"@type\":\"CommentAction\",\"name\":\"Comment\",\"target\":[\"https:\/\/mulheresacesta.com.br\/en\/2021\/11\/conheca-a-historia-da-professora-e-treinadora\/#respond\"]}]},{\"@type\":\"WebPage\",\"@id\":\"https:\/\/mulheresacesta.com.br\/en\/2021\/11\/conheca-a-historia-da-professora-e-treinadora\/\",\"url\":\"https:\/\/mulheresacesta.com.br\/en\/2021\/11\/conheca-a-historia-da-professora-e-treinadora\/\",\"name\":\"Conhe\u00e7a a hist\u00f3ria da professora e treinadora Isabelle Guirelli\",\"isPartOf\":{\"@id\":\"https:\/\/mulheresacesta.com.br\/en\/#website\"},\"primaryImageOfPage\":{\"@id\":\"https:\/\/mulheresacesta.com.br\/en\/2021\/11\/conheca-a-historia-da-professora-e-treinadora\/#primaryimage\"},\"image\":{\"@id\":\"https:\/\/mulheresacesta.com.br\/en\/2021\/11\/conheca-a-historia-da-professora-e-treinadora\/#primaryimage\"},\"thumbnailUrl\":\"https:\/\/mulheresacesta.com.br\/wp-content\/uploads\/2021\/11\/Untitled-1-1.png\",\"datePublished\":\"2021-11-12T14:30:00+00:00\",\"dateModified\":\"2021-11-12T14:33:20+00:00\",\"description\":\"Foi na escola que Isabelle Guirelli deu os primeiros arremessos. Aos 15 anos, j\u00e1 passou a atuar pelo Clube Vizinhan\u00e7a. Participou da categoria infantil,\",\"breadcrumb\":{\"@id\":\"https:\/\/mulheresacesta.com.br\/en\/2021\/11\/conheca-a-historia-da-professora-e-treinadora\/#breadcrumb\"},\"inLanguage\":\"en-US\",\"potentialAction\":[{\"@type\":\"ReadAction\",\"target\":[\"https:\/\/mulheresacesta.com.br\/en\/2021\/11\/conheca-a-historia-da-professora-e-treinadora\/\"]}]},{\"@type\":\"ImageObject\",\"inLanguage\":\"en-US\",\"@id\":\"https:\/\/mulheresacesta.com.br\/en\/2021\/11\/conheca-a-historia-da-professora-e-treinadora\/#primaryimage\",\"url\":\"https:\/\/mulheresacesta.com.br\/wp-content\/uploads\/2021\/11\/Untitled-1-1.png\",\"contentUrl\":\"https:\/\/mulheresacesta.com.br\/wp-content\/uploads\/2021\/11\/Untitled-1-1.png\",\"width\":811,\"height\":458},{\"@type\":\"BreadcrumbList\",\"@id\":\"https:\/\/mulheresacesta.com.br\/en\/2021\/11\/conheca-a-historia-da-professora-e-treinadora\/#breadcrumb\",\"itemListElement\":[{\"@type\":\"ListItem\",\"position\":1,\"name\":\"In\u00edcio\",\"item\":\"https:\/\/mulheresacesta.com.br\/\"},{\"@type\":\"ListItem\",\"position\":2,\"name\":\"Conhe\u00e7a a hist\u00f3ria da professora e treinadora Isabelle Guirelli\"}]},{\"@type\":\"WebSite\",\"@id\":\"https:\/\/mulheresacesta.com.br\/en\/#website\",\"url\":\"https:\/\/mulheresacesta.com.br\/en\/\",\"name\":\"Mulheres \u00e0 Cesta\",\"description\":\"\",\"publisher\":{\"@id\":\"https:\/\/mulheresacesta.com.br\/en\/#organization\"},\"potentialAction\":[{\"@type\":\"SearchAction\",\"target\":{\"@type\":\"EntryPoint\",\"urlTemplate\":\"https:\/\/mulheresacesta.com.br\/en\/?s={search_term_string}\"},\"query-input\":{\"@type\":\"PropertyValueSpecification\",\"valueRequired\":true,\"valueName\":\"search_term_string\"}}],\"inLanguage\":\"en-US\"},{\"@type\":\"Organization\",\"@id\":\"https:\/\/mulheresacesta.com.br\/en\/#organization\",\"name\":\"Mulheres \u00e0 Cesta\",\"url\":\"https:\/\/mulheresacesta.com.br\/en\/\",\"logo\":{\"@type\":\"ImageObject\",\"inLanguage\":\"en-US\",\"@id\":\"https:\/\/mulheresacesta.com.br\/en\/#\/schema\/logo\/image\/\",\"url\":\"https:\/\/mulheresacesta.com.br\/wp-content\/uploads\/2020\/10\/mulheres-a-cesta.jpg\",\"contentUrl\":\"https:\/\/mulheresacesta.com.br\/wp-content\/uploads\/2020\/10\/mulheres-a-cesta.jpg\",\"width\":400,\"height\":300,\"caption\":\"Mulheres \u00e0 Cesta\"},\"image\":{\"@id\":\"https:\/\/mulheresacesta.com.br\/en\/#\/schema\/logo\/image\/\"}},{\"@type\":\"Person\",\"@id\":\"https:\/\/mulheresacesta.com.br\/en\/#\/schema\/person\/11ebd3af76a9fcb3d26c815924faac42\",\"name\":\"mulheres\",\"sameAs\":[\"http:\/\/localhost\/mulheresacesta\"],\"url\":\"https:\/\/mulheresacesta.com.br\/en\/author\/mulheres\/\"}]}<\/script>\n<!-- \/ Yoast SEO plugin. -->","yoast_head_json":{"title":"Conhe\u00e7a a hist\u00f3ria da professora e treinadora Isabelle Guirelli","description":"Foi na escola que Isabelle Guirelli deu os primeiros arremessos. Aos 15 anos, j\u00e1 passou a atuar pelo Clube Vizinhan\u00e7a. Participou da categoria infantil,","robots":{"index":"index","follow":"follow","max-snippet":"max-snippet:-1","max-image-preview":"max-image-preview:large","max-video-preview":"max-video-preview:-1"},"canonical":"https:\/\/mulheresacesta.com.br\/en\/2021\/11\/conheca-a-historia-da-professora-e-treinadora\/","og_locale":"en_US","og_type":"article","og_title":"[:pt]Conhe\u00e7a a hist\u00f3ria da professora e treinadora Isabelle Guirelli[:] - Mulheres \u00e0 Cesta","og_description":"Foi na escola que Isabelle Guirelli deu os primeiros arremessos. Aos 15 anos, j\u00e1 passou a atuar pelo Clube Vizinhan\u00e7a. Participou da categoria infantil,","og_url":"https:\/\/mulheresacesta.com.br\/en\/2021\/11\/conheca-a-historia-da-professora-e-treinadora\/","og_site_name":"Mulheres \u00e0 Cesta","article_published_time":"2021-11-12T14:30:00+00:00","article_modified_time":"2021-11-12T14:33:20+00:00","og_image":[{"width":811,"height":458,"url":"https:\/\/mulheresacesta.com.br\/wp-content\/uploads\/2021\/11\/Untitled-1-1.png","type":"image\/png"}],"author":"mulheres","twitter_card":"summary_large_image","twitter_misc":{"Written by":"mulheres","Est. reading time":"2 minutes"},"schema":{"@context":"https:\/\/schema.org","@graph":[{"@type":"Article","@id":"https:\/\/mulheresacesta.com.br\/en\/2021\/11\/conheca-a-historia-da-professora-e-treinadora\/#article","isPartOf":{"@id":"https:\/\/mulheresacesta.com.br\/en\/2021\/11\/conheca-a-historia-da-professora-e-treinadora\/"},"author":{"name":"mulheres","@id":"https:\/\/mulheresacesta.com.br\/en\/#\/schema\/person\/11ebd3af76a9fcb3d26c815924faac42"},"headline":"Conhe\u00e7a a hist\u00f3ria da professora e treinadora Isabelle Guirelli","datePublished":"2021-11-12T14:30:00+00:00","dateModified":"2021-11-12T14:33:20+00:00","mainEntityOfPage":{"@id":"https:\/\/mulheresacesta.com.br\/en\/2021\/11\/conheca-a-historia-da-professora-e-treinadora\/"},"wordCount":424,"commentCount":0,"publisher":{"@id":"https:\/\/mulheresacesta.com.br\/en\/#organization"},"image":{"@id":"https:\/\/mulheresacesta.com.br\/en\/2021\/11\/conheca-a-historia-da-professora-e-treinadora\/#primaryimage"},"thumbnailUrl":"https:\/\/mulheresacesta.com.br\/wp-content\/uploads\/2021\/11\/Untitled-1-1.png","keywords":["claudia guedes","mulheres no esporte"],"articleSection":["Blog"],"inLanguage":"en-US","potentialAction":[{"@type":"CommentAction","name":"Comment","target":["https:\/\/mulheresacesta.com.br\/en\/2021\/11\/conheca-a-historia-da-professora-e-treinadora\/#respond"]}]},{"@type":"WebPage","@id":"https:\/\/mulheresacesta.com.br\/en\/2021\/11\/conheca-a-historia-da-professora-e-treinadora\/","url":"https:\/\/mulheresacesta.com.br\/en\/2021\/11\/conheca-a-historia-da-professora-e-treinadora\/","name":"Conhe\u00e7a a hist\u00f3ria da professora e treinadora Isabelle Guirelli","isPartOf":{"@id":"https:\/\/mulheresacesta.com.br\/en\/#website"},"primaryImageOfPage":{"@id":"https:\/\/mulheresacesta.com.br\/en\/2021\/11\/conheca-a-historia-da-professora-e-treinadora\/#primaryimage"},"image":{"@id":"https:\/\/mulheresacesta.com.br\/en\/2021\/11\/conheca-a-historia-da-professora-e-treinadora\/#primaryimage"},"thumbnailUrl":"https:\/\/mulheresacesta.com.br\/wp-content\/uploads\/2021\/11\/Untitled-1-1.png","datePublished":"2021-11-12T14:30:00+00:00","dateModified":"2021-11-12T14:33:20+00:00","description":"Foi na escola que Isabelle Guirelli deu os primeiros arremessos. Aos 15 anos, j\u00e1 passou a atuar pelo Clube Vizinhan\u00e7a. Participou da categoria infantil,","breadcrumb":{"@id":"https:\/\/mulheresacesta.com.br\/en\/2021\/11\/conheca-a-historia-da-professora-e-treinadora\/#breadcrumb"},"inLanguage":"en-US","potentialAction":[{"@type":"ReadAction","target":["https:\/\/mulheresacesta.com.br\/en\/2021\/11\/conheca-a-historia-da-professora-e-treinadora\/"]}]},{"@type":"ImageObject","inLanguage":"en-US","@id":"https:\/\/mulheresacesta.com.br\/en\/2021\/11\/conheca-a-historia-da-professora-e-treinadora\/#primaryimage","url":"https:\/\/mulheresacesta.com.br\/wp-content\/uploads\/2021\/11\/Untitled-1-1.png","contentUrl":"https:\/\/mulheresacesta.com.br\/wp-content\/uploads\/2021\/11\/Untitled-1-1.png","width":811,"height":458},{"@type":"BreadcrumbList","@id":"https:\/\/mulheresacesta.com.br\/en\/2021\/11\/conheca-a-historia-da-professora-e-treinadora\/#breadcrumb","itemListElement":[{"@type":"ListItem","position":1,"name":"In\u00edcio","item":"https:\/\/mulheresacesta.com.br\/"},{"@type":"ListItem","position":2,"name":"Conhe\u00e7a a hist\u00f3ria da professora e treinadora Isabelle Guirelli"}]},{"@type":"WebSite","@id":"https:\/\/mulheresacesta.com.br\/en\/#website","url":"https:\/\/mulheresacesta.com.br\/en\/","name":"Mulheres \u00e0 Cesta","description":"","publisher":{"@id":"https:\/\/mulheresacesta.com.br\/en\/#organization"},"potentialAction":[{"@type":"SearchAction","target":{"@type":"EntryPoint","urlTemplate":"https:\/\/mulheresacesta.com.br\/en\/?s={search_term_string}"},"query-input":{"@type":"PropertyValueSpecification","valueRequired":true,"valueName":"search_term_string"}}],"inLanguage":"en-US"},{"@type":"Organization","@id":"https:\/\/mulheresacesta.com.br\/en\/#organization","name":"Mulheres \u00e0 Cesta","url":"https:\/\/mulheresacesta.com.br\/en\/","logo":{"@type":"ImageObject","inLanguage":"en-US","@id":"https:\/\/mulheresacesta.com.br\/en\/#\/schema\/logo\/image\/","url":"https:\/\/mulheresacesta.com.br\/wp-content\/uploads\/2020\/10\/mulheres-a-cesta.jpg","contentUrl":"https:\/\/mulheresacesta.com.br\/wp-content\/uploads\/2020\/10\/mulheres-a-cesta.jpg","width":400,"height":300,"caption":"Mulheres \u00e0 Cesta"},"image":{"@id":"https:\/\/mulheresacesta.com.br\/en\/#\/schema\/logo\/image\/"}},{"@type":"Person","@id":"https:\/\/mulheresacesta.com.br\/en\/#\/schema\/person\/11ebd3af76a9fcb3d26c815924faac42","name":"mulheres","sameAs":["http:\/\/localhost\/mulheresacesta"],"url":"https:\/\/mulheresacesta.com.br\/en\/author\/mulheres\/"}]}},"_links":{"self":[{"href":"https:\/\/mulheresacesta.com.br\/en\/wp-json\/wp\/v2\/posts\/2603","targetHints":{"allow":["GET"]}}],"collection":[{"href":"https:\/\/mulheresacesta.com.br\/en\/wp-json\/wp\/v2\/posts"}],"about":[{"href":"https:\/\/mulheresacesta.com.br\/en\/wp-json\/wp\/v2\/types\/post"}],"author":[{"embeddable":true,"href":"https:\/\/mulheresacesta.com.br\/en\/wp-json\/wp\/v2\/users\/1"}],"replies":[{"embeddable":true,"href":"https:\/\/mulheresacesta.com.br\/en\/wp-json\/wp\/v2\/comments?post=2603"}],"version-history":[{"count":4,"href":"https:\/\/mulheresacesta.com.br\/en\/wp-json\/wp\/v2\/posts\/2603\/revisions"}],"predecessor-version":[{"id":2611,"href":"https:\/\/mulheresacesta.com.br\/en\/wp-json\/wp\/v2\/posts\/2603\/revisions\/2611"}],"wp:featuredmedia":[{"embeddable":true,"href":"https:\/\/mulheresacesta.com.br\/en\/wp-json\/wp\/v2\/media\/2609"}],"wp:attachment":[{"href":"https:\/\/mulheresacesta.com.br\/en\/wp-json\/wp\/v2\/media?parent=2603"}],"wp:term":[{"taxonomy":"category","embeddable":true,"href":"https:\/\/mulheresacesta.com.br\/en\/wp-json\/wp\/v2\/categories?post=2603"},{"taxonomy":"post_tag","embeddable":true,"href":"https:\/\/mulheresacesta.com.br\/en\/wp-json\/wp\/v2\/tags?post=2603"}],"curies":[{"name":"wp","href":"https:\/\/api.w.org\/{rel}","templated":true}]}}