{"id":2637,"date":"2021-11-16T09:51:29","date_gmt":"2021-11-16T12:51:29","guid":{"rendered":"https:\/\/mulheresacesta.com.br\/?p=2637"},"modified":"2021-11-16T09:51:31","modified_gmt":"2021-11-16T12:51:31","slug":"brasil-faz-historia-no-3x3","status":"publish","type":"post","link":"https:\/\/mulheresacesta.com.br\/en\/2021\/11\/brasil-faz-historia-no-3x3\/","title":{"rendered":"Brasil faz hist\u00f3ria no 3&#215;3"},"content":{"rendered":"\n<p>No \u00faltimo domingo, dia 14 de novembro, as Sele\u00e7\u00f5es Brasileiras conquistaram vaga para o Mundial de 2022, em Antu\u00e9rpia, na B\u00e9lgica, e ainda subiram ao p\u00f3dio no masculino e feminino, ambos com a conquista da medalha de prata pela 1\u00b0 vez na AmeriCup.<\/p>\n\n\n\n<p>O torneio aconteceu em Miami, nos Estados Unidos, casa do rival no masculino e feminino. Na decis\u00e3o das mulheres, vit\u00f3ria americana por 21 a 9. J\u00e1 na final dos homens, em jogo mais equilibrado, os donos da casa venceram por 21 a 15.<\/p>\n\n\n\n<p>Al\u00e9m dos p\u00f3dios, o Brasil ainda teve dois jogadores eleitos para o trio ideal da competi\u00e7\u00e3o. No masculino, Andr\u00e9 Ferros levou a premia\u00e7\u00e3o. E no feminino, Vanessa Sass\u00e1 foi escolhida entre as tr\u00eas melhores da competi\u00e7\u00e3o.<\/p>\n\n\n\n<p>N\u00e3o podemos tamb\u00e9m deixar de parabenizar a treinadora Rafaela Bauerfeldt e toda equipe t\u00e9cnica por essa conquista. Antes de viajar para Miami, Rafaela conversou com Claudia Guedes numa live realizada no instagram @mulheresacesta. \u201cMe sinto muito feliz e motivada em participar, depois de quase 2 anos de uma competi\u00e7\u00e3o internacional feminina de 3&#215;3. Neste per\u00edodo, mantivemos contato e avalia\u00e7\u00e3o de diversas meninas para que pud\u00e9ssemos, dentro das nossas convic\u00e7\u00f5es e filosofia, convocar as atletas que f\u00edsica e tecnicamente estivessem na ativa e pudessem nos entregar os 110% que tanto acreditamos.\u201d, contou Rafaela a Claudia.<\/p>\n\n\n\n<p>O bate-papo na \u00edntegra voc\u00ea confere em nosso canal no <a href=\"https:\/\/www.youtube.com\/c\/mulheresacestaobasquetebolfemininonobrasil\/videos\">youtube<\/a>:<\/p>\n\n\n\n<p><strong>Campanha<\/strong><\/p>\n\n\n\n<p>Na primeira fase, a sele\u00e7\u00e3o feminina passou por Guatemala (21 a 12) e Rep\u00fablica Dominicana (21 a 14). Nas quartas de final, cravou 21 a 8 na Argentina. Na semifinal, derrotou o Canad\u00e1 por 20 a 13.<\/p>\n\n\n\n<p>J\u00e1 a trajet\u00f3ria dos homens iniciou com vit\u00f3ria por 22 a 12 sobre o Chile. Na sequ\u00eancia, o Brasil venceu a Jamaica por 20 a 15. Nas quartas, a v\u00edtima foi o M\u00e9xico: 20 a 12. Mesmo placar do triunfo para cima da Rep\u00fablica Dominicana, na semifinal. A equipe nos EUA foi formada por Andr\u00e9 Ferros, Jefferson Socas, William Weihermann e L\u00e9o Branquinho.<\/p>\n\n\n\n<p><strong>Mundial 2022<\/strong><strong><\/strong><\/p>\n\n\n\n<p>Com o vice-campeonato na AmeriCup e com os Estados Unidos j\u00e1 classificados para o Mundial via ranking da FIBA 3&#215;3, o Brasil garantiu automaticamente um lugar no Mundial do ano que vem no masculino e feminino. As duas Sele\u00e7\u00f5es encerraram o torneio com cinco jogos e quatro vit\u00f3rias.<\/p>\n","protected":false},"excerpt":{"rendered":"<p>No \u00faltimo domingo, dia 14 de novembro, as Sele\u00e7\u00f5es Brasileiras conquistaram vaga para o Mundial de 2022, em Antu\u00e9rpia, na B\u00e9lgica, e ainda subiram ao p\u00f3dio no masculino e feminino, ambos com a conquista da medalha de prata pela 1\u00b0 vez na AmeriCup. O torneio aconteceu em Miami, nos Estados Unidos, casa do rival no [&hellip;]<\/p>\n","protected":false},"author":1,"featured_media":2642,"comment_status":"open","ping_status":"open","sticky":false,"template":"","format":"standard","meta":{"footnotes":""},"categories":[12],"tags":[88,19,72,9],"class_list":["post-2637","post","type-post","status-publish","format-standard","has-post-thumbnail","hentry","category-blog","tag-americup","tag-basquete-3x3","tag-mulheres-no-esporte","tag-mulheres-a-cesta"],"acf":[],"yoast_head":"<!-- This site is optimized with the Yoast SEO plugin v26.4 - https:\/\/yoast.com\/wordpress\/plugins\/seo\/ -->\n<title>Brasil faz hist\u00f3ria no 3x3<\/title>\n<meta name=\"description\" content=\"No \u00faltimo domingo, dia 14 de novembro, as Sele\u00e7\u00f5es Brasileiras conquistaram vaga para o Mundial de 2022, em Antu\u00e9rpia, na B\u00e9lgica, e ainda subiram ao\" \/>\n<meta name=\"robots\" content=\"index, follow, max-snippet:-1, max-image-preview:large, max-video-preview:-1\" \/>\n<link rel=\"canonical\" href=\"https:\/\/mulheresacesta.com.br\/en\/2021\/11\/brasil-faz-historia-no-3x3\/\" \/>\n<meta property=\"og:locale\" content=\"en_US\" \/>\n<meta property=\"og:locale:alternate\" content=\"pt_BR\" \/>\n<meta property=\"og:type\" content=\"article\" \/>\n<meta property=\"og:title\" content=\"Brasil faz hist\u00f3ria no 3x3\" \/>\n<meta property=\"og:description\" content=\"No \u00faltimo domingo, dia 14 de novembro, as Sele\u00e7\u00f5es Brasileiras conquistaram vaga para o Mundial de 2022, em Antu\u00e9rpia, na B\u00e9lgica, e ainda subiram ao\" \/>\n<meta property=\"og:url\" content=\"https:\/\/mulheresacesta.com.br\/en\/2021\/11\/brasil-faz-historia-no-3x3\/\" \/>\n<meta property=\"og:site_name\" content=\"Mulheres \u00e0 Cesta\" \/>\n<meta property=\"article:published_time\" content=\"2021-11-16T12:51:29+00:00\" \/>\n<meta property=\"article:modified_time\" content=\"2021-11-16T12:51:31+00:00\" \/>\n<meta property=\"og:image\" content=\"https:\/\/mulheresacesta.com.br\/wp-content\/uploads\/2021\/11\/Untitled-1-10.png\" \/>\n\t<meta property=\"og:image:width\" content=\"1267\" \/>\n\t<meta property=\"og:image:height\" content=\"606\" \/>\n\t<meta property=\"og:image:type\" content=\"image\/png\" \/>\n<meta name=\"author\" content=\"mulheres\" \/>\n<meta name=\"twitter:card\" content=\"summary_large_image\" \/>\n<meta name=\"twitter:label1\" content=\"Written by\" \/>\n\t<meta name=\"twitter:data1\" content=\"mulheres\" \/>\n\t<meta name=\"twitter:label2\" content=\"Est. reading time\" \/>\n\t<meta name=\"twitter:data2\" content=\"2 minutes\" \/>\n<script type=\"application\/ld+json\" class=\"yoast-schema-graph\">{\"@context\":\"https:\/\/schema.org\",\"@graph\":[{\"@type\":\"Article\",\"@id\":\"https:\/\/mulheresacesta.com.br\/2021\/11\/brasil-faz-historia-no-3x3\/#article\",\"isPartOf\":{\"@id\":\"https:\/\/mulheresacesta.com.br\/2021\/11\/brasil-faz-historia-no-3x3\/\"},\"author\":{\"name\":\"mulheres\",\"@id\":\"https:\/\/mulheresacesta.com.br\/en\/#\/schema\/person\/11ebd3af76a9fcb3d26c815924faac42\"},\"headline\":\"Brasil faz hist\u00f3ria no 3&#215;3\",\"datePublished\":\"2021-11-16T12:51:29+00:00\",\"dateModified\":\"2021-11-16T12:51:31+00:00\",\"mainEntityOfPage\":{\"@id\":\"https:\/\/mulheresacesta.com.br\/2021\/11\/brasil-faz-historia-no-3x3\/\"},\"wordCount\":394,\"commentCount\":0,\"publisher\":{\"@id\":\"https:\/\/mulheresacesta.com.br\/en\/#organization\"},\"image\":{\"@id\":\"https:\/\/mulheresacesta.com.br\/2021\/11\/brasil-faz-historia-no-3x3\/#primaryimage\"},\"thumbnailUrl\":\"https:\/\/mulheresacesta.com.br\/wp-content\/uploads\/2021\/11\/Untitled-1-10.png\",\"keywords\":[\"americup\",\"basquete 3x3\",\"mulheres no esporte\",\"mulheres a cesta\"],\"articleSection\":[\"Blog\"],\"inLanguage\":\"en-US\",\"potentialAction\":[{\"@type\":\"CommentAction\",\"name\":\"Comment\",\"target\":[\"https:\/\/mulheresacesta.com.br\/2021\/11\/brasil-faz-historia-no-3x3\/#respond\"]}]},{\"@type\":\"WebPage\",\"@id\":\"https:\/\/mulheresacesta.com.br\/2021\/11\/brasil-faz-historia-no-3x3\/\",\"url\":\"https:\/\/mulheresacesta.com.br\/2021\/11\/brasil-faz-historia-no-3x3\/\",\"name\":\"Brasil faz hist\u00f3ria no 3x3\",\"isPartOf\":{\"@id\":\"https:\/\/mulheresacesta.com.br\/en\/#website\"},\"primaryImageOfPage\":{\"@id\":\"https:\/\/mulheresacesta.com.br\/2021\/11\/brasil-faz-historia-no-3x3\/#primaryimage\"},\"image\":{\"@id\":\"https:\/\/mulheresacesta.com.br\/2021\/11\/brasil-faz-historia-no-3x3\/#primaryimage\"},\"thumbnailUrl\":\"https:\/\/mulheresacesta.com.br\/wp-content\/uploads\/2021\/11\/Untitled-1-10.png\",\"datePublished\":\"2021-11-16T12:51:29+00:00\",\"dateModified\":\"2021-11-16T12:51:31+00:00\",\"description\":\"No \u00faltimo domingo, dia 14 de novembro, as Sele\u00e7\u00f5es Brasileiras conquistaram vaga para o Mundial de 2022, em Antu\u00e9rpia, na B\u00e9lgica, e ainda subiram ao\",\"breadcrumb\":{\"@id\":\"https:\/\/mulheresacesta.com.br\/2021\/11\/brasil-faz-historia-no-3x3\/#breadcrumb\"},\"inLanguage\":\"en-US\",\"potentialAction\":[{\"@type\":\"ReadAction\",\"target\":[\"https:\/\/mulheresacesta.com.br\/2021\/11\/brasil-faz-historia-no-3x3\/\"]}]},{\"@type\":\"ImageObject\",\"inLanguage\":\"en-US\",\"@id\":\"https:\/\/mulheresacesta.com.br\/2021\/11\/brasil-faz-historia-no-3x3\/#primaryimage\",\"url\":\"https:\/\/mulheresacesta.com.br\/wp-content\/uploads\/2021\/11\/Untitled-1-10.png\",\"contentUrl\":\"https:\/\/mulheresacesta.com.br\/wp-content\/uploads\/2021\/11\/Untitled-1-10.png\",\"width\":1267,\"height\":606},{\"@type\":\"BreadcrumbList\",\"@id\":\"https:\/\/mulheresacesta.com.br\/2021\/11\/brasil-faz-historia-no-3x3\/#breadcrumb\",\"itemListElement\":[{\"@type\":\"ListItem\",\"position\":1,\"name\":\"In\u00edcio\",\"item\":\"https:\/\/mulheresacesta.com.br\/\"},{\"@type\":\"ListItem\",\"position\":2,\"name\":\"Brasil faz hist\u00f3ria no 3&#215;3\"}]},{\"@type\":\"WebSite\",\"@id\":\"https:\/\/mulheresacesta.com.br\/en\/#website\",\"url\":\"https:\/\/mulheresacesta.com.br\/en\/\",\"name\":\"Mulheres \u00e0 Cesta\",\"description\":\"\",\"publisher\":{\"@id\":\"https:\/\/mulheresacesta.com.br\/en\/#organization\"},\"potentialAction\":[{\"@type\":\"SearchAction\",\"target\":{\"@type\":\"EntryPoint\",\"urlTemplate\":\"https:\/\/mulheresacesta.com.br\/en\/?s={search_term_string}\"},\"query-input\":{\"@type\":\"PropertyValueSpecification\",\"valueRequired\":true,\"valueName\":\"search_term_string\"}}],\"inLanguage\":\"en-US\"},{\"@type\":\"Organization\",\"@id\":\"https:\/\/mulheresacesta.com.br\/en\/#organization\",\"name\":\"Mulheres \u00e0 Cesta\",\"url\":\"https:\/\/mulheresacesta.com.br\/en\/\",\"logo\":{\"@type\":\"ImageObject\",\"inLanguage\":\"en-US\",\"@id\":\"https:\/\/mulheresacesta.com.br\/en\/#\/schema\/logo\/image\/\",\"url\":\"https:\/\/mulheresacesta.com.br\/wp-content\/uploads\/2020\/10\/mulheres-a-cesta.jpg\",\"contentUrl\":\"https:\/\/mulheresacesta.com.br\/wp-content\/uploads\/2020\/10\/mulheres-a-cesta.jpg\",\"width\":400,\"height\":300,\"caption\":\"Mulheres \u00e0 Cesta\"},\"image\":{\"@id\":\"https:\/\/mulheresacesta.com.br\/en\/#\/schema\/logo\/image\/\"}},{\"@type\":\"Person\",\"@id\":\"https:\/\/mulheresacesta.com.br\/en\/#\/schema\/person\/11ebd3af76a9fcb3d26c815924faac42\",\"name\":\"mulheres\",\"sameAs\":[\"http:\/\/localhost\/mulheresacesta\"],\"url\":\"https:\/\/mulheresacesta.com.br\/en\/author\/mulheres\/\"}]}<\/script>\n<!-- \/ Yoast SEO plugin. -->","yoast_head_json":{"title":"Brasil faz hist\u00f3ria no 3x3","description":"No \u00faltimo domingo, dia 14 de novembro, as Sele\u00e7\u00f5es Brasileiras conquistaram vaga para o Mundial de 2022, em Antu\u00e9rpia, na B\u00e9lgica, e ainda subiram ao","robots":{"index":"index","follow":"follow","max-snippet":"max-snippet:-1","max-image-preview":"max-image-preview:large","max-video-preview":"max-video-preview:-1"},"canonical":"https:\/\/mulheresacesta.com.br\/en\/2021\/11\/brasil-faz-historia-no-3x3\/","og_locale":"en_US","og_type":"article","og_title":"[:pt]Brasil faz hist\u00f3ria no 3x3[:] - Mulheres \u00e0 Cesta","og_description":"No \u00faltimo domingo, dia 14 de novembro, as Sele\u00e7\u00f5es Brasileiras conquistaram vaga para o Mundial de 2022, em Antu\u00e9rpia, na B\u00e9lgica, e ainda subiram ao","og_url":"https:\/\/mulheresacesta.com.br\/en\/2021\/11\/brasil-faz-historia-no-3x3\/","og_site_name":"Mulheres \u00e0 Cesta","article_published_time":"2021-11-16T12:51:29+00:00","article_modified_time":"2021-11-16T12:51:31+00:00","og_image":[{"width":1267,"height":606,"url":"https:\/\/mulheresacesta.com.br\/wp-content\/uploads\/2021\/11\/Untitled-1-10.png","type":"image\/png"}],"author":"mulheres","twitter_card":"summary_large_image","twitter_misc":{"Written by":"mulheres","Est. reading time":"2 minutes"},"schema":{"@context":"https:\/\/schema.org","@graph":[{"@type":"Article","@id":"https:\/\/mulheresacesta.com.br\/2021\/11\/brasil-faz-historia-no-3x3\/#article","isPartOf":{"@id":"https:\/\/mulheresacesta.com.br\/2021\/11\/brasil-faz-historia-no-3x3\/"},"author":{"name":"mulheres","@id":"https:\/\/mulheresacesta.com.br\/en\/#\/schema\/person\/11ebd3af76a9fcb3d26c815924faac42"},"headline":"Brasil faz hist\u00f3ria no 3&#215;3","datePublished":"2021-11-16T12:51:29+00:00","dateModified":"2021-11-16T12:51:31+00:00","mainEntityOfPage":{"@id":"https:\/\/mulheresacesta.com.br\/2021\/11\/brasil-faz-historia-no-3x3\/"},"wordCount":394,"commentCount":0,"publisher":{"@id":"https:\/\/mulheresacesta.com.br\/en\/#organization"},"image":{"@id":"https:\/\/mulheresacesta.com.br\/2021\/11\/brasil-faz-historia-no-3x3\/#primaryimage"},"thumbnailUrl":"https:\/\/mulheresacesta.com.br\/wp-content\/uploads\/2021\/11\/Untitled-1-10.png","keywords":["americup","basquete 3x3","mulheres no esporte","mulheres a cesta"],"articleSection":["Blog"],"inLanguage":"en-US","potentialAction":[{"@type":"CommentAction","name":"Comment","target":["https:\/\/mulheresacesta.com.br\/2021\/11\/brasil-faz-historia-no-3x3\/#respond"]}]},{"@type":"WebPage","@id":"https:\/\/mulheresacesta.com.br\/2021\/11\/brasil-faz-historia-no-3x3\/","url":"https:\/\/mulheresacesta.com.br\/2021\/11\/brasil-faz-historia-no-3x3\/","name":"Brasil faz hist\u00f3ria no 3x3","isPartOf":{"@id":"https:\/\/mulheresacesta.com.br\/en\/#website"},"primaryImageOfPage":{"@id":"https:\/\/mulheresacesta.com.br\/2021\/11\/brasil-faz-historia-no-3x3\/#primaryimage"},"image":{"@id":"https:\/\/mulheresacesta.com.br\/2021\/11\/brasil-faz-historia-no-3x3\/#primaryimage"},"thumbnailUrl":"https:\/\/mulheresacesta.com.br\/wp-content\/uploads\/2021\/11\/Untitled-1-10.png","datePublished":"2021-11-16T12:51:29+00:00","dateModified":"2021-11-16T12:51:31+00:00","description":"No \u00faltimo domingo, dia 14 de novembro, as Sele\u00e7\u00f5es Brasileiras conquistaram vaga para o Mundial de 2022, em Antu\u00e9rpia, na B\u00e9lgica, e ainda subiram ao","breadcrumb":{"@id":"https:\/\/mulheresacesta.com.br\/2021\/11\/brasil-faz-historia-no-3x3\/#breadcrumb"},"inLanguage":"en-US","potentialAction":[{"@type":"ReadAction","target":["https:\/\/mulheresacesta.com.br\/2021\/11\/brasil-faz-historia-no-3x3\/"]}]},{"@type":"ImageObject","inLanguage":"en-US","@id":"https:\/\/mulheresacesta.com.br\/2021\/11\/brasil-faz-historia-no-3x3\/#primaryimage","url":"https:\/\/mulheresacesta.com.br\/wp-content\/uploads\/2021\/11\/Untitled-1-10.png","contentUrl":"https:\/\/mulheresacesta.com.br\/wp-content\/uploads\/2021\/11\/Untitled-1-10.png","width":1267,"height":606},{"@type":"BreadcrumbList","@id":"https:\/\/mulheresacesta.com.br\/2021\/11\/brasil-faz-historia-no-3x3\/#breadcrumb","itemListElement":[{"@type":"ListItem","position":1,"name":"In\u00edcio","item":"https:\/\/mulheresacesta.com.br\/"},{"@type":"ListItem","position":2,"name":"Brasil faz hist\u00f3ria no 3&#215;3"}]},{"@type":"WebSite","@id":"https:\/\/mulheresacesta.com.br\/en\/#website","url":"https:\/\/mulheresacesta.com.br\/en\/","name":"Mulheres \u00e0 Cesta","description":"","publisher":{"@id":"https:\/\/mulheresacesta.com.br\/en\/#organization"},"potentialAction":[{"@type":"SearchAction","target":{"@type":"EntryPoint","urlTemplate":"https:\/\/mulheresacesta.com.br\/en\/?s={search_term_string}"},"query-input":{"@type":"PropertyValueSpecification","valueRequired":true,"valueName":"search_term_string"}}],"inLanguage":"en-US"},{"@type":"Organization","@id":"https:\/\/mulheresacesta.com.br\/en\/#organization","name":"Mulheres \u00e0 Cesta","url":"https:\/\/mulheresacesta.com.br\/en\/","logo":{"@type":"ImageObject","inLanguage":"en-US","@id":"https:\/\/mulheresacesta.com.br\/en\/#\/schema\/logo\/image\/","url":"https:\/\/mulheresacesta.com.br\/wp-content\/uploads\/2020\/10\/mulheres-a-cesta.jpg","contentUrl":"https:\/\/mulheresacesta.com.br\/wp-content\/uploads\/2020\/10\/mulheres-a-cesta.jpg","width":400,"height":300,"caption":"Mulheres \u00e0 Cesta"},"image":{"@id":"https:\/\/mulheresacesta.com.br\/en\/#\/schema\/logo\/image\/"}},{"@type":"Person","@id":"https:\/\/mulheresacesta.com.br\/en\/#\/schema\/person\/11ebd3af76a9fcb3d26c815924faac42","name":"mulheres","sameAs":["http:\/\/localhost\/mulheresacesta"],"url":"https:\/\/mulheresacesta.com.br\/en\/author\/mulheres\/"}]}},"_links":{"self":[{"href":"https:\/\/mulheresacesta.com.br\/en\/wp-json\/wp\/v2\/posts\/2637","targetHints":{"allow":["GET"]}}],"collection":[{"href":"https:\/\/mulheresacesta.com.br\/en\/wp-json\/wp\/v2\/posts"}],"about":[{"href":"https:\/\/mulheresacesta.com.br\/en\/wp-json\/wp\/v2\/types\/post"}],"author":[{"embeddable":true,"href":"https:\/\/mulheresacesta.com.br\/en\/wp-json\/wp\/v2\/users\/1"}],"replies":[{"embeddable":true,"href":"https:\/\/mulheresacesta.com.br\/en\/wp-json\/wp\/v2\/comments?post=2637"}],"version-history":[{"count":2,"href":"https:\/\/mulheresacesta.com.br\/en\/wp-json\/wp\/v2\/posts\/2637\/revisions"}],"predecessor-version":[{"id":2641,"href":"https:\/\/mulheresacesta.com.br\/en\/wp-json\/wp\/v2\/posts\/2637\/revisions\/2641"}],"wp:featuredmedia":[{"embeddable":true,"href":"https:\/\/mulheresacesta.com.br\/en\/wp-json\/wp\/v2\/media\/2642"}],"wp:attachment":[{"href":"https:\/\/mulheresacesta.com.br\/en\/wp-json\/wp\/v2\/media?parent=2637"}],"wp:term":[{"taxonomy":"category","embeddable":true,"href":"https:\/\/mulheresacesta.com.br\/en\/wp-json\/wp\/v2\/categories?post=2637"},{"taxonomy":"post_tag","embeddable":true,"href":"https:\/\/mulheresacesta.com.br\/en\/wp-json\/wp\/v2\/tags?post=2637"}],"curies":[{"name":"wp","href":"https:\/\/api.w.org\/{rel}","templated":true}]}}