{"id":2779,"date":"2022-12-02T10:00:00","date_gmt":"2022-12-02T13:00:00","guid":{"rendered":"https:\/\/mulheresacesta.com.br\/?p=2779"},"modified":"2022-12-01T10:25:57","modified_gmt":"2022-12-01T13:25:57","slug":"a-historia-do-nascimento-do-basquetebol-em-cadeira-de-rodas","status":"publish","type":"post","link":"https:\/\/mulheresacesta.com.br\/en\/2022\/12\/a-historia-do-nascimento-do-basquetebol-em-cadeira-de-rodas\/","title":{"rendered":"A hist\u00f3ria do nascimento do Basquetebol em Cadeira de Rodas"},"content":{"rendered":"\n<p>Os jogadores eram ex-soldados do ex\u00e9rcito norte-americano feridos durante a 2\u00aa Guerra Mundial.<\/p>\n\n\n\n<p>A modalidade \u00e9 uma das poucas que esteve presente em todas as edi\u00e7\u00f5es dos Jogos Paral\u00edmpicos. As mulheres disputaram a primeira Paralimp\u00edada em Tel Aviv, no ano de 1968.<\/p>\n\n\n\n<p><strong>Brasil<\/strong><br>Os principais respons\u00e1veis pelos primeiros passos foram S\u00e9rgio del Grande e Robson Sampaio. Nos II Jogos Parapan-americanos, em Mar Del Plata, em 2003, a sele\u00e7\u00e3o brasileira masculina conquistou uma vaga para Atenas 2004 retornando a uma edi\u00e7\u00e3o de Jogos Paral\u00edmpicos ap\u00f3s 16 anos de aus\u00eancia.<\/p>\n\n\n\n<p>J\u00e1 a sele\u00e7\u00e3o feminina participou apenas dos Jogos de Atlanta 1996,&nbsp;Pequim 2008, Londres 2012 e Rio 2016. No Parapan do Rio de Janeiro, em 2007, o Brasil conquistou o 4\u00ba lugar no feminino e o 3\u00ba no masculino.<\/p>\n\n\n\n<p><strong>Modalidade<\/strong><br>A modalidade \u00e9 praticada por atletas de ambos os sexos que tenham alguma defici\u00eancia f\u00edsico-motora, sob as regras\u00a0da Federa\u00e7\u00e3o Internacional de Basquete em Cadeira de Rodas (IWBF).<\/p>\n\n\n\n<p>As cadeiras s\u00e3o adaptadas e padronizadas. A cada dois impulsos na cadeira, o jogador deve quicar, passar ou arremessar a bola. As dimens\u00f5es da quadra e a altura da cesta s\u00e3o as mesmas do basquete ol\u00edmpico. No Brasil, a modalidade \u00e9 administrada pela Confedera\u00e7\u00e3o Brasileira de Basquetebol em Cadeira de Rodas (CBBC).<\/p>\n\n\n\n<p><\/p>\n\n\n\n<p><em>Fonte &#8211; <\/em><em>Confedera\u00e7\u00e3o Brasileira de Basquetebol em Cadeira de Rodas (CBBC) <\/em><em><\/em><\/p>\n","protected":false},"excerpt":{"rendered":"<p>Os jogadores eram ex-soldados do ex\u00e9rcito norte-americano feridos durante a 2\u00aa Guerra Mundial. A modalidade \u00e9 uma das poucas que esteve presente em todas as edi\u00e7\u00f5es dos Jogos Paral\u00edmpicos. As mulheres disputaram a primeira Paralimp\u00edada em Tel Aviv, no ano de 1968. BrasilOs principais respons\u00e1veis pelos primeiros passos foram S\u00e9rgio del Grande e Robson Sampaio. [&hellip;]<\/p>\n","protected":false},"author":1,"featured_media":3865,"comment_status":"open","ping_status":"open","sticky":false,"template":"","format":"standard","meta":{"footnotes":""},"categories":[12],"tags":[156,18,15],"class_list":["post-2779","post","type-post","status-publish","format-standard","has-post-thumbnail","hentry","category-blog","tag-cadeira-de-rodas","tag-claudia-guedes","tag-basquete-feminino"],"acf":[],"yoast_head":"<!-- This site is optimized with the Yoast SEO plugin v26.4 - https:\/\/yoast.com\/wordpress\/plugins\/seo\/ -->\n<title>A hist\u00f3ria do nascimento do Basquetebol em Cadeira de Rodas<\/title>\n<meta name=\"description\" content=\"Os jogadores eram ex-soldados do ex\u00e9rcito norte-americano feridos durante a 2\u00aa Guerra Mundial. A modalidade \u00e9 uma das poucas que esteve presente em todas\" \/>\n<meta name=\"robots\" content=\"index, follow, max-snippet:-1, max-image-preview:large, max-video-preview:-1\" \/>\n<link rel=\"canonical\" href=\"https:\/\/mulheresacesta.com.br\/en\/2022\/12\/a-historia-do-nascimento-do-basquetebol-em-cadeira-de-rodas\/\" \/>\n<meta property=\"og:locale\" content=\"en_US\" \/>\n<meta property=\"og:locale:alternate\" content=\"pt_BR\" \/>\n<meta property=\"og:type\" content=\"article\" \/>\n<meta property=\"og:title\" content=\"A hist\u00f3ria do nascimento do Basquetebol em Cadeira de Rodas\" \/>\n<meta property=\"og:description\" content=\"Os jogadores eram ex-soldados do ex\u00e9rcito norte-americano feridos durante a 2\u00aa Guerra Mundial. A modalidade \u00e9 uma das poucas que esteve presente em todas\" \/>\n<meta property=\"og:url\" content=\"https:\/\/mulheresacesta.com.br\/en\/2022\/12\/a-historia-do-nascimento-do-basquetebol-em-cadeira-de-rodas\/\" \/>\n<meta property=\"og:site_name\" content=\"Mulheres \u00e0 Cesta\" \/>\n<meta property=\"article:published_time\" content=\"2022-12-02T13:00:00+00:00\" \/>\n<meta property=\"og:image\" content=\"https:\/\/mulheresacesta.com.br\/wp-content\/uploads\/2022\/11\/Untitled-3-1024x577.png\" \/>\n\t<meta property=\"og:image:width\" content=\"1024\" \/>\n\t<meta property=\"og:image:height\" content=\"577\" \/>\n\t<meta property=\"og:image:type\" content=\"image\/png\" \/>\n<meta name=\"author\" content=\"mulheres\" \/>\n<meta name=\"twitter:card\" content=\"summary_large_image\" \/>\n<meta name=\"twitter:label1\" content=\"Written by\" \/>\n\t<meta name=\"twitter:data1\" content=\"mulheres\" \/>\n\t<meta name=\"twitter:label2\" content=\"Est. reading time\" \/>\n\t<meta name=\"twitter:data2\" content=\"1 minute\" \/>\n<script type=\"application\/ld+json\" class=\"yoast-schema-graph\">{\"@context\":\"https:\/\/schema.org\",\"@graph\":[{\"@type\":\"Article\",\"@id\":\"https:\/\/mulheresacesta.com.br\/en\/2022\/12\/a-historia-do-nascimento-do-basquetebol-em-cadeira-de-rodas\/#article\",\"isPartOf\":{\"@id\":\"https:\/\/mulheresacesta.com.br\/en\/2022\/12\/a-historia-do-nascimento-do-basquetebol-em-cadeira-de-rodas\/\"},\"author\":{\"name\":\"mulheres\",\"@id\":\"https:\/\/mulheresacesta.com.br\/en\/#\/schema\/person\/11ebd3af76a9fcb3d26c815924faac42\"},\"headline\":\"A hist\u00f3ria do nascimento do Basquetebol em Cadeira de Rodas\",\"datePublished\":\"2022-12-02T13:00:00+00:00\",\"mainEntityOfPage\":{\"@id\":\"https:\/\/mulheresacesta.com.br\/en\/2022\/12\/a-historia-do-nascimento-do-basquetebol-em-cadeira-de-rodas\/\"},\"wordCount\":239,\"commentCount\":0,\"publisher\":{\"@id\":\"https:\/\/mulheresacesta.com.br\/en\/#organization\"},\"image\":{\"@id\":\"https:\/\/mulheresacesta.com.br\/en\/2022\/12\/a-historia-do-nascimento-do-basquetebol-em-cadeira-de-rodas\/#primaryimage\"},\"thumbnailUrl\":\"https:\/\/mulheresacesta.com.br\/wp-content\/uploads\/2022\/11\/Untitled-3.png\",\"keywords\":[\"cadeira de rodas\",\"claudia guedes\",\"basquete feminino\"],\"articleSection\":[\"Blog\"],\"inLanguage\":\"en-US\",\"potentialAction\":[{\"@type\":\"CommentAction\",\"name\":\"Comment\",\"target\":[\"https:\/\/mulheresacesta.com.br\/en\/2022\/12\/a-historia-do-nascimento-do-basquetebol-em-cadeira-de-rodas\/#respond\"]}]},{\"@type\":\"WebPage\",\"@id\":\"https:\/\/mulheresacesta.com.br\/en\/2022\/12\/a-historia-do-nascimento-do-basquetebol-em-cadeira-de-rodas\/\",\"url\":\"https:\/\/mulheresacesta.com.br\/en\/2022\/12\/a-historia-do-nascimento-do-basquetebol-em-cadeira-de-rodas\/\",\"name\":\"A hist\u00f3ria do nascimento do Basquetebol em Cadeira de Rodas\",\"isPartOf\":{\"@id\":\"https:\/\/mulheresacesta.com.br\/en\/#website\"},\"primaryImageOfPage\":{\"@id\":\"https:\/\/mulheresacesta.com.br\/en\/2022\/12\/a-historia-do-nascimento-do-basquetebol-em-cadeira-de-rodas\/#primaryimage\"},\"image\":{\"@id\":\"https:\/\/mulheresacesta.com.br\/en\/2022\/12\/a-historia-do-nascimento-do-basquetebol-em-cadeira-de-rodas\/#primaryimage\"},\"thumbnailUrl\":\"https:\/\/mulheresacesta.com.br\/wp-content\/uploads\/2022\/11\/Untitled-3.png\",\"datePublished\":\"2022-12-02T13:00:00+00:00\",\"description\":\"Os jogadores eram ex-soldados do ex\u00e9rcito norte-americano feridos durante a 2\u00aa Guerra Mundial. A modalidade \u00e9 uma das poucas que esteve presente em todas\",\"breadcrumb\":{\"@id\":\"https:\/\/mulheresacesta.com.br\/en\/2022\/12\/a-historia-do-nascimento-do-basquetebol-em-cadeira-de-rodas\/#breadcrumb\"},\"inLanguage\":\"en-US\",\"potentialAction\":[{\"@type\":\"ReadAction\",\"target\":[\"https:\/\/mulheresacesta.com.br\/en\/2022\/12\/a-historia-do-nascimento-do-basquetebol-em-cadeira-de-rodas\/\"]}]},{\"@type\":\"ImageObject\",\"inLanguage\":\"en-US\",\"@id\":\"https:\/\/mulheresacesta.com.br\/en\/2022\/12\/a-historia-do-nascimento-do-basquetebol-em-cadeira-de-rodas\/#primaryimage\",\"url\":\"https:\/\/mulheresacesta.com.br\/wp-content\/uploads\/2022\/11\/Untitled-3.png\",\"contentUrl\":\"https:\/\/mulheresacesta.com.br\/wp-content\/uploads\/2022\/11\/Untitled-3.png\",\"width\":1580,\"height\":890},{\"@type\":\"BreadcrumbList\",\"@id\":\"https:\/\/mulheresacesta.com.br\/en\/2022\/12\/a-historia-do-nascimento-do-basquetebol-em-cadeira-de-rodas\/#breadcrumb\",\"itemListElement\":[{\"@type\":\"ListItem\",\"position\":1,\"name\":\"In\u00edcio\",\"item\":\"https:\/\/mulheresacesta.com.br\/\"},{\"@type\":\"ListItem\",\"position\":2,\"name\":\"A hist\u00f3ria do nascimento do Basquetebol em Cadeira de Rodas\"}]},{\"@type\":\"WebSite\",\"@id\":\"https:\/\/mulheresacesta.com.br\/en\/#website\",\"url\":\"https:\/\/mulheresacesta.com.br\/en\/\",\"name\":\"Mulheres \u00e0 Cesta\",\"description\":\"\",\"publisher\":{\"@id\":\"https:\/\/mulheresacesta.com.br\/en\/#organization\"},\"potentialAction\":[{\"@type\":\"SearchAction\",\"target\":{\"@type\":\"EntryPoint\",\"urlTemplate\":\"https:\/\/mulheresacesta.com.br\/en\/?s={search_term_string}\"},\"query-input\":{\"@type\":\"PropertyValueSpecification\",\"valueRequired\":true,\"valueName\":\"search_term_string\"}}],\"inLanguage\":\"en-US\"},{\"@type\":\"Organization\",\"@id\":\"https:\/\/mulheresacesta.com.br\/en\/#organization\",\"name\":\"Mulheres \u00e0 Cesta\",\"url\":\"https:\/\/mulheresacesta.com.br\/en\/\",\"logo\":{\"@type\":\"ImageObject\",\"inLanguage\":\"en-US\",\"@id\":\"https:\/\/mulheresacesta.com.br\/en\/#\/schema\/logo\/image\/\",\"url\":\"https:\/\/mulheresacesta.com.br\/wp-content\/uploads\/2020\/10\/mulheres-a-cesta.jpg\",\"contentUrl\":\"https:\/\/mulheresacesta.com.br\/wp-content\/uploads\/2020\/10\/mulheres-a-cesta.jpg\",\"width\":400,\"height\":300,\"caption\":\"Mulheres \u00e0 Cesta\"},\"image\":{\"@id\":\"https:\/\/mulheresacesta.com.br\/en\/#\/schema\/logo\/image\/\"}},{\"@type\":\"Person\",\"@id\":\"https:\/\/mulheresacesta.com.br\/en\/#\/schema\/person\/11ebd3af76a9fcb3d26c815924faac42\",\"name\":\"mulheres\",\"sameAs\":[\"http:\/\/localhost\/mulheresacesta\"],\"url\":\"https:\/\/mulheresacesta.com.br\/en\/author\/mulheres\/\"}]}<\/script>\n<!-- \/ Yoast SEO plugin. -->","yoast_head_json":{"title":"A hist\u00f3ria do nascimento do Basquetebol em Cadeira de Rodas","description":"Os jogadores eram ex-soldados do ex\u00e9rcito norte-americano feridos durante a 2\u00aa Guerra Mundial. A modalidade \u00e9 uma das poucas que esteve presente em todas","robots":{"index":"index","follow":"follow","max-snippet":"max-snippet:-1","max-image-preview":"max-image-preview:large","max-video-preview":"max-video-preview:-1"},"canonical":"https:\/\/mulheresacesta.com.br\/en\/2022\/12\/a-historia-do-nascimento-do-basquetebol-em-cadeira-de-rodas\/","og_locale":"en_US","og_type":"article","og_title":"[:pt]A hist\u00f3ria do nascimento do Basquetebol em Cadeira de Rodas[:] - Mulheres \u00e0 Cesta","og_description":"Os jogadores eram ex-soldados do ex\u00e9rcito norte-americano feridos durante a 2\u00aa Guerra Mundial. A modalidade \u00e9 uma das poucas que esteve presente em todas","og_url":"https:\/\/mulheresacesta.com.br\/en\/2022\/12\/a-historia-do-nascimento-do-basquetebol-em-cadeira-de-rodas\/","og_site_name":"Mulheres \u00e0 Cesta","article_published_time":"2022-12-02T13:00:00+00:00","og_image":[{"width":1024,"height":577,"url":"https:\/\/mulheresacesta.com.br\/wp-content\/uploads\/2022\/11\/Untitled-3-1024x577.png","type":"image\/png"}],"author":"mulheres","twitter_card":"summary_large_image","twitter_misc":{"Written by":"mulheres","Est. reading time":"1 minute"},"schema":{"@context":"https:\/\/schema.org","@graph":[{"@type":"Article","@id":"https:\/\/mulheresacesta.com.br\/en\/2022\/12\/a-historia-do-nascimento-do-basquetebol-em-cadeira-de-rodas\/#article","isPartOf":{"@id":"https:\/\/mulheresacesta.com.br\/en\/2022\/12\/a-historia-do-nascimento-do-basquetebol-em-cadeira-de-rodas\/"},"author":{"name":"mulheres","@id":"https:\/\/mulheresacesta.com.br\/en\/#\/schema\/person\/11ebd3af76a9fcb3d26c815924faac42"},"headline":"A hist\u00f3ria do nascimento do Basquetebol em Cadeira de Rodas","datePublished":"2022-12-02T13:00:00+00:00","mainEntityOfPage":{"@id":"https:\/\/mulheresacesta.com.br\/en\/2022\/12\/a-historia-do-nascimento-do-basquetebol-em-cadeira-de-rodas\/"},"wordCount":239,"commentCount":0,"publisher":{"@id":"https:\/\/mulheresacesta.com.br\/en\/#organization"},"image":{"@id":"https:\/\/mulheresacesta.com.br\/en\/2022\/12\/a-historia-do-nascimento-do-basquetebol-em-cadeira-de-rodas\/#primaryimage"},"thumbnailUrl":"https:\/\/mulheresacesta.com.br\/wp-content\/uploads\/2022\/11\/Untitled-3.png","keywords":["cadeira de rodas","claudia guedes","basquete feminino"],"articleSection":["Blog"],"inLanguage":"en-US","potentialAction":[{"@type":"CommentAction","name":"Comment","target":["https:\/\/mulheresacesta.com.br\/en\/2022\/12\/a-historia-do-nascimento-do-basquetebol-em-cadeira-de-rodas\/#respond"]}]},{"@type":"WebPage","@id":"https:\/\/mulheresacesta.com.br\/en\/2022\/12\/a-historia-do-nascimento-do-basquetebol-em-cadeira-de-rodas\/","url":"https:\/\/mulheresacesta.com.br\/en\/2022\/12\/a-historia-do-nascimento-do-basquetebol-em-cadeira-de-rodas\/","name":"A hist\u00f3ria do nascimento do Basquetebol em Cadeira de Rodas","isPartOf":{"@id":"https:\/\/mulheresacesta.com.br\/en\/#website"},"primaryImageOfPage":{"@id":"https:\/\/mulheresacesta.com.br\/en\/2022\/12\/a-historia-do-nascimento-do-basquetebol-em-cadeira-de-rodas\/#primaryimage"},"image":{"@id":"https:\/\/mulheresacesta.com.br\/en\/2022\/12\/a-historia-do-nascimento-do-basquetebol-em-cadeira-de-rodas\/#primaryimage"},"thumbnailUrl":"https:\/\/mulheresacesta.com.br\/wp-content\/uploads\/2022\/11\/Untitled-3.png","datePublished":"2022-12-02T13:00:00+00:00","description":"Os jogadores eram ex-soldados do ex\u00e9rcito norte-americano feridos durante a 2\u00aa Guerra Mundial. A modalidade \u00e9 uma das poucas que esteve presente em todas","breadcrumb":{"@id":"https:\/\/mulheresacesta.com.br\/en\/2022\/12\/a-historia-do-nascimento-do-basquetebol-em-cadeira-de-rodas\/#breadcrumb"},"inLanguage":"en-US","potentialAction":[{"@type":"ReadAction","target":["https:\/\/mulheresacesta.com.br\/en\/2022\/12\/a-historia-do-nascimento-do-basquetebol-em-cadeira-de-rodas\/"]}]},{"@type":"ImageObject","inLanguage":"en-US","@id":"https:\/\/mulheresacesta.com.br\/en\/2022\/12\/a-historia-do-nascimento-do-basquetebol-em-cadeira-de-rodas\/#primaryimage","url":"https:\/\/mulheresacesta.com.br\/wp-content\/uploads\/2022\/11\/Untitled-3.png","contentUrl":"https:\/\/mulheresacesta.com.br\/wp-content\/uploads\/2022\/11\/Untitled-3.png","width":1580,"height":890},{"@type":"BreadcrumbList","@id":"https:\/\/mulheresacesta.com.br\/en\/2022\/12\/a-historia-do-nascimento-do-basquetebol-em-cadeira-de-rodas\/#breadcrumb","itemListElement":[{"@type":"ListItem","position":1,"name":"In\u00edcio","item":"https:\/\/mulheresacesta.com.br\/"},{"@type":"ListItem","position":2,"name":"A hist\u00f3ria do nascimento do Basquetebol em Cadeira de Rodas"}]},{"@type":"WebSite","@id":"https:\/\/mulheresacesta.com.br\/en\/#website","url":"https:\/\/mulheresacesta.com.br\/en\/","name":"Mulheres \u00e0 Cesta","description":"","publisher":{"@id":"https:\/\/mulheresacesta.com.br\/en\/#organization"},"potentialAction":[{"@type":"SearchAction","target":{"@type":"EntryPoint","urlTemplate":"https:\/\/mulheresacesta.com.br\/en\/?s={search_term_string}"},"query-input":{"@type":"PropertyValueSpecification","valueRequired":true,"valueName":"search_term_string"}}],"inLanguage":"en-US"},{"@type":"Organization","@id":"https:\/\/mulheresacesta.com.br\/en\/#organization","name":"Mulheres \u00e0 Cesta","url":"https:\/\/mulheresacesta.com.br\/en\/","logo":{"@type":"ImageObject","inLanguage":"en-US","@id":"https:\/\/mulheresacesta.com.br\/en\/#\/schema\/logo\/image\/","url":"https:\/\/mulheresacesta.com.br\/wp-content\/uploads\/2020\/10\/mulheres-a-cesta.jpg","contentUrl":"https:\/\/mulheresacesta.com.br\/wp-content\/uploads\/2020\/10\/mulheres-a-cesta.jpg","width":400,"height":300,"caption":"Mulheres \u00e0 Cesta"},"image":{"@id":"https:\/\/mulheresacesta.com.br\/en\/#\/schema\/logo\/image\/"}},{"@type":"Person","@id":"https:\/\/mulheresacesta.com.br\/en\/#\/schema\/person\/11ebd3af76a9fcb3d26c815924faac42","name":"mulheres","sameAs":["http:\/\/localhost\/mulheresacesta"],"url":"https:\/\/mulheresacesta.com.br\/en\/author\/mulheres\/"}]}},"_links":{"self":[{"href":"https:\/\/mulheresacesta.com.br\/en\/wp-json\/wp\/v2\/posts\/2779","targetHints":{"allow":["GET"]}}],"collection":[{"href":"https:\/\/mulheresacesta.com.br\/en\/wp-json\/wp\/v2\/posts"}],"about":[{"href":"https:\/\/mulheresacesta.com.br\/en\/wp-json\/wp\/v2\/types\/post"}],"author":[{"embeddable":true,"href":"https:\/\/mulheresacesta.com.br\/en\/wp-json\/wp\/v2\/users\/1"}],"replies":[{"embeddable":true,"href":"https:\/\/mulheresacesta.com.br\/en\/wp-json\/wp\/v2\/comments?post=2779"}],"version-history":[{"count":7,"href":"https:\/\/mulheresacesta.com.br\/en\/wp-json\/wp\/v2\/posts\/2779\/revisions"}],"predecessor-version":[{"id":3877,"href":"https:\/\/mulheresacesta.com.br\/en\/wp-json\/wp\/v2\/posts\/2779\/revisions\/3877"}],"wp:featuredmedia":[{"embeddable":true,"href":"https:\/\/mulheresacesta.com.br\/en\/wp-json\/wp\/v2\/media\/3865"}],"wp:attachment":[{"href":"https:\/\/mulheresacesta.com.br\/en\/wp-json\/wp\/v2\/media?parent=2779"}],"wp:term":[{"taxonomy":"category","embeddable":true,"href":"https:\/\/mulheresacesta.com.br\/en\/wp-json\/wp\/v2\/categories?post=2779"},{"taxonomy":"post_tag","embeddable":true,"href":"https:\/\/mulheresacesta.com.br\/en\/wp-json\/wp\/v2\/tags?post=2779"}],"curies":[{"name":"wp","href":"https:\/\/api.w.org\/{rel}","templated":true}]}}