{"id":2881,"date":"2022-02-21T17:57:00","date_gmt":"2022-02-21T20:57:00","guid":{"rendered":"https:\/\/mulheresacesta.com.br\/?p=2881"},"modified":"2022-02-21T11:17:57","modified_gmt":"2022-02-21T14:17:57","slug":"movida-pela-paixao","status":"publish","type":"post","link":"https:\/\/mulheresacesta.com.br\/en\/2022\/02\/movida-pela-paixao\/","title":{"rendered":"Movida pela paix\u00e3o"},"content":{"rendered":"\n<p>Praticante da modalidade h\u00e1 mais de 17 anos, ela come\u00e7ou sua trajet\u00f3ria como estagi\u00e1ria no Instituto Fausto Giannecchini, em Franca \u2013 cidade onde nasceu.&nbsp; Foi no Instituto tamb\u00e9m que Taisa teve a oportunidade de desenvolver-se como profissional da \u00e1rea. Al\u00e9m de estagi\u00e1ria, atuou como professora e hoje \u00e9 a atual gerente da organiza\u00e7\u00e3o.<\/p>\n\n\n\n<p>Ainda nas quadras, ela comanda a equipe sub 15 Feminina de Franca. \u201cMinha luta \u00e9 colocar o basquete feminino de Franca no cen\u00e1rio nacional do esporte.\u201d, conta.<\/p>\n\n\n\n<p><strong>Instituto Fausto Giannecchini<\/strong><\/p>\n\n\n\n<p>O Instituto Fausto Giannecchini Esporte &#038; Educa\u00e7\u00e3o, institui\u00e7\u00e3o n\u00e3o governamental sem fins lucrativos, foi criada em 2009, pelo Professor de Educa\u00e7\u00e3o F\u00edsica e atleta de basquete Fausto Giannecchini e tem por proposta criar oportunidades e oferecer alternativas, que visam diminuir a desigualdade social.<\/p>\n\n\n\n<p>Al\u00e9m disso, o instituto busca reafirmar a&nbsp;oportunidade da pr\u00e1tica da atividade f\u00edsica na promo\u00e7\u00e3o da&nbsp;inclus\u00e3o social, melhora qualidade de vida e sa\u00fade de seus praticantes.<\/p>\n\n\n\n<p>Live<\/p>\n\n\n\n<p>Taisa \u00e9 a convidada de Claudia Guedes para participar de uma live no instagram @mulheresacesta. O bate-papo est\u00e1 marcado para o dia 24 de fevereiro \u00e0s 18 horas. Prestigie!<\/p>\n\n\n\n<p><\/p>\n\n\n\n<p>Foto de&nbsp;<strong><a href=\"https:\/\/www.pexels.com\/pt-br\/@markusspiske?utm_content=attributionCopyText&#038;utm_medium=referral&#038;utm_source=pexels\">Markus Spiske<\/a><\/strong>&nbsp;no&nbsp;<strong><a href=\"https:\/\/www.pexels.com\/pt-br\/foto\/cesto-de-basquete-em-quadra-de-basquete-1752757\/?utm_content=attributionCopyText&#038;utm_medium=referral&#038;utm_source=pexels\">Pexels<\/a><\/strong><\/p>\n","protected":false},"excerpt":{"rendered":"<p>Praticante da modalidade h\u00e1 mais de 17 anos, ela come\u00e7ou sua trajet\u00f3ria como estagi\u00e1ria no Instituto Fausto Giannecchini, em Franca \u2013 cidade onde nasceu.&nbsp; Foi no Instituto tamb\u00e9m que Taisa teve a oportunidade de desenvolver-se como profissional da \u00e1rea. Al\u00e9m de estagi\u00e1ria, atuou como professora e hoje \u00e9 a atual gerente da organiza\u00e7\u00e3o. Ainda nas [&hellip;]<\/p>\n","protected":false},"author":1,"featured_media":2885,"comment_status":"open","ping_status":"open","sticky":false,"template":"","format":"standard","meta":{"footnotes":""},"categories":[12],"tags":[18,72,15,9],"class_list":["post-2881","post","type-post","status-publish","format-standard","has-post-thumbnail","hentry","category-blog","tag-claudia-guedes","tag-mulheres-no-esporte","tag-basquete-feminino","tag-mulheres-a-cesta"],"acf":[],"yoast_head":"<!-- This site is optimized with the Yoast SEO plugin v26.4 - https:\/\/yoast.com\/wordpress\/plugins\/seo\/ -->\n<title>Movida pela paix\u00e3o<\/title>\n<meta name=\"description\" content=\"Praticante da modalidade h\u00e1 mais de 17 anos, ela come\u00e7ou sua trajet\u00f3ria como estagi\u00e1ria no Instituto Fausto Giannecchini, em Franca \u2013 cidade onde\" \/>\n<meta name=\"robots\" content=\"index, follow, max-snippet:-1, max-image-preview:large, max-video-preview:-1\" \/>\n<link rel=\"canonical\" href=\"https:\/\/mulheresacesta.com.br\/en\/2022\/02\/movida-pela-paixao\/\" \/>\n<meta property=\"og:locale\" content=\"en_US\" \/>\n<meta property=\"og:locale:alternate\" content=\"pt_BR\" \/>\n<meta property=\"og:type\" content=\"article\" \/>\n<meta property=\"og:title\" content=\"Movida pela paix\u00e3o\" \/>\n<meta property=\"og:description\" content=\"Praticante da modalidade h\u00e1 mais de 17 anos, ela come\u00e7ou sua trajet\u00f3ria como estagi\u00e1ria no Instituto Fausto Giannecchini, em Franca \u2013 cidade onde\" \/>\n<meta property=\"og:url\" content=\"https:\/\/mulheresacesta.com.br\/en\/2022\/02\/movida-pela-paixao\/\" \/>\n<meta property=\"og:site_name\" content=\"Mulheres \u00e0 Cesta\" \/>\n<meta property=\"article:published_time\" content=\"2022-02-21T20:57:00+00:00\" \/>\n<meta property=\"og:image\" content=\"https:\/\/mulheresacesta.com.br\/wp-content\/uploads\/2022\/02\/Untitled-2-4.png\" \/>\n\t<meta property=\"og:image:width\" content=\"795\" \/>\n\t<meta property=\"og:image:height\" content=\"427\" \/>\n\t<meta property=\"og:image:type\" content=\"image\/png\" \/>\n<meta name=\"author\" content=\"mulheres\" \/>\n<meta name=\"twitter:card\" content=\"summary_large_image\" \/>\n<meta name=\"twitter:label1\" content=\"Written by\" \/>\n\t<meta name=\"twitter:data1\" content=\"mulheres\" \/>\n\t<meta name=\"twitter:label2\" content=\"Est. reading time\" \/>\n\t<meta name=\"twitter:data2\" content=\"2 minutes\" \/>\n<script type=\"application\/ld+json\" class=\"yoast-schema-graph\">{\"@context\":\"https:\/\/schema.org\",\"@graph\":[{\"@type\":\"Article\",\"@id\":\"https:\/\/mulheresacesta.com.br\/en\/2022\/02\/movida-pela-paixao\/#article\",\"isPartOf\":{\"@id\":\"https:\/\/mulheresacesta.com.br\/en\/2022\/02\/movida-pela-paixao\/\"},\"author\":{\"name\":\"mulheres\",\"@id\":\"https:\/\/mulheresacesta.com.br\/en\/#\/schema\/person\/11ebd3af76a9fcb3d26c815924faac42\"},\"headline\":\"Movida pela paix\u00e3o\",\"datePublished\":\"2022-02-21T20:57:00+00:00\",\"mainEntityOfPage\":{\"@id\":\"https:\/\/mulheresacesta.com.br\/en\/2022\/02\/movida-pela-paixao\/\"},\"wordCount\":413,\"commentCount\":0,\"publisher\":{\"@id\":\"https:\/\/mulheresacesta.com.br\/en\/#organization\"},\"image\":{\"@id\":\"https:\/\/mulheresacesta.com.br\/en\/2022\/02\/movida-pela-paixao\/#primaryimage\"},\"thumbnailUrl\":\"https:\/\/mulheresacesta.com.br\/wp-content\/uploads\/2022\/02\/Untitled-2-4.png\",\"keywords\":[\"claudia guedes\",\"mulheres no esporte\",\"basquete feminino\",\"mulheres a cesta\"],\"articleSection\":[\"Blog\"],\"inLanguage\":\"en-US\",\"potentialAction\":[{\"@type\":\"CommentAction\",\"name\":\"Comment\",\"target\":[\"https:\/\/mulheresacesta.com.br\/en\/2022\/02\/movida-pela-paixao\/#respond\"]}]},{\"@type\":\"WebPage\",\"@id\":\"https:\/\/mulheresacesta.com.br\/en\/2022\/02\/movida-pela-paixao\/\",\"url\":\"https:\/\/mulheresacesta.com.br\/en\/2022\/02\/movida-pela-paixao\/\",\"name\":\"Movida pela paix\u00e3o\",\"isPartOf\":{\"@id\":\"https:\/\/mulheresacesta.com.br\/en\/#website\"},\"primaryImageOfPage\":{\"@id\":\"https:\/\/mulheresacesta.com.br\/en\/2022\/02\/movida-pela-paixao\/#primaryimage\"},\"image\":{\"@id\":\"https:\/\/mulheresacesta.com.br\/en\/2022\/02\/movida-pela-paixao\/#primaryimage\"},\"thumbnailUrl\":\"https:\/\/mulheresacesta.com.br\/wp-content\/uploads\/2022\/02\/Untitled-2-4.png\",\"datePublished\":\"2022-02-21T20:57:00+00:00\",\"description\":\"Praticante da modalidade h\u00e1 mais de 17 anos, ela come\u00e7ou sua trajet\u00f3ria como estagi\u00e1ria no Instituto Fausto Giannecchini, em Franca \u2013 cidade onde\",\"breadcrumb\":{\"@id\":\"https:\/\/mulheresacesta.com.br\/en\/2022\/02\/movida-pela-paixao\/#breadcrumb\"},\"inLanguage\":\"en-US\",\"potentialAction\":[{\"@type\":\"ReadAction\",\"target\":[\"https:\/\/mulheresacesta.com.br\/en\/2022\/02\/movida-pela-paixao\/\"]}]},{\"@type\":\"ImageObject\",\"inLanguage\":\"en-US\",\"@id\":\"https:\/\/mulheresacesta.com.br\/en\/2022\/02\/movida-pela-paixao\/#primaryimage\",\"url\":\"https:\/\/mulheresacesta.com.br\/wp-content\/uploads\/2022\/02\/Untitled-2-4.png\",\"contentUrl\":\"https:\/\/mulheresacesta.com.br\/wp-content\/uploads\/2022\/02\/Untitled-2-4.png\",\"width\":795,\"height\":427},{\"@type\":\"BreadcrumbList\",\"@id\":\"https:\/\/mulheresacesta.com.br\/en\/2022\/02\/movida-pela-paixao\/#breadcrumb\",\"itemListElement\":[{\"@type\":\"ListItem\",\"position\":1,\"name\":\"In\u00edcio\",\"item\":\"https:\/\/mulheresacesta.com.br\/\"},{\"@type\":\"ListItem\",\"position\":2,\"name\":\"Movida pela paix\u00e3o\"}]},{\"@type\":\"WebSite\",\"@id\":\"https:\/\/mulheresacesta.com.br\/en\/#website\",\"url\":\"https:\/\/mulheresacesta.com.br\/en\/\",\"name\":\"Mulheres \u00e0 Cesta\",\"description\":\"\",\"publisher\":{\"@id\":\"https:\/\/mulheresacesta.com.br\/en\/#organization\"},\"potentialAction\":[{\"@type\":\"SearchAction\",\"target\":{\"@type\":\"EntryPoint\",\"urlTemplate\":\"https:\/\/mulheresacesta.com.br\/en\/?s={search_term_string}\"},\"query-input\":{\"@type\":\"PropertyValueSpecification\",\"valueRequired\":true,\"valueName\":\"search_term_string\"}}],\"inLanguage\":\"en-US\"},{\"@type\":\"Organization\",\"@id\":\"https:\/\/mulheresacesta.com.br\/en\/#organization\",\"name\":\"Mulheres \u00e0 Cesta\",\"url\":\"https:\/\/mulheresacesta.com.br\/en\/\",\"logo\":{\"@type\":\"ImageObject\",\"inLanguage\":\"en-US\",\"@id\":\"https:\/\/mulheresacesta.com.br\/en\/#\/schema\/logo\/image\/\",\"url\":\"https:\/\/mulheresacesta.com.br\/wp-content\/uploads\/2020\/10\/mulheres-a-cesta.jpg\",\"contentUrl\":\"https:\/\/mulheresacesta.com.br\/wp-content\/uploads\/2020\/10\/mulheres-a-cesta.jpg\",\"width\":400,\"height\":300,\"caption\":\"Mulheres \u00e0 Cesta\"},\"image\":{\"@id\":\"https:\/\/mulheresacesta.com.br\/en\/#\/schema\/logo\/image\/\"}},{\"@type\":\"Person\",\"@id\":\"https:\/\/mulheresacesta.com.br\/en\/#\/schema\/person\/11ebd3af76a9fcb3d26c815924faac42\",\"name\":\"mulheres\",\"sameAs\":[\"http:\/\/localhost\/mulheresacesta\"],\"url\":\"https:\/\/mulheresacesta.com.br\/en\/author\/mulheres\/\"}]}<\/script>\n<!-- \/ Yoast SEO plugin. -->","yoast_head_json":{"title":"Movida pela paix\u00e3o","description":"Praticante da modalidade h\u00e1 mais de 17 anos, ela come\u00e7ou sua trajet\u00f3ria como estagi\u00e1ria no Instituto Fausto Giannecchini, em Franca \u2013 cidade onde","robots":{"index":"index","follow":"follow","max-snippet":"max-snippet:-1","max-image-preview":"max-image-preview:large","max-video-preview":"max-video-preview:-1"},"canonical":"https:\/\/mulheresacesta.com.br\/en\/2022\/02\/movida-pela-paixao\/","og_locale":"en_US","og_type":"article","og_title":"[:pt]Movida pela paix\u00e3o[:] - Mulheres \u00e0 Cesta","og_description":"Praticante da modalidade h\u00e1 mais de 17 anos, ela come\u00e7ou sua trajet\u00f3ria como estagi\u00e1ria no Instituto Fausto Giannecchini, em Franca \u2013 cidade onde","og_url":"https:\/\/mulheresacesta.com.br\/en\/2022\/02\/movida-pela-paixao\/","og_site_name":"Mulheres \u00e0 Cesta","article_published_time":"2022-02-21T20:57:00+00:00","og_image":[{"width":795,"height":427,"url":"https:\/\/mulheresacesta.com.br\/wp-content\/uploads\/2022\/02\/Untitled-2-4.png","type":"image\/png"}],"author":"mulheres","twitter_card":"summary_large_image","twitter_misc":{"Written by":"mulheres","Est. reading time":"2 minutes"},"schema":{"@context":"https:\/\/schema.org","@graph":[{"@type":"Article","@id":"https:\/\/mulheresacesta.com.br\/en\/2022\/02\/movida-pela-paixao\/#article","isPartOf":{"@id":"https:\/\/mulheresacesta.com.br\/en\/2022\/02\/movida-pela-paixao\/"},"author":{"name":"mulheres","@id":"https:\/\/mulheresacesta.com.br\/en\/#\/schema\/person\/11ebd3af76a9fcb3d26c815924faac42"},"headline":"Movida pela paix\u00e3o","datePublished":"2022-02-21T20:57:00+00:00","mainEntityOfPage":{"@id":"https:\/\/mulheresacesta.com.br\/en\/2022\/02\/movida-pela-paixao\/"},"wordCount":413,"commentCount":0,"publisher":{"@id":"https:\/\/mulheresacesta.com.br\/en\/#organization"},"image":{"@id":"https:\/\/mulheresacesta.com.br\/en\/2022\/02\/movida-pela-paixao\/#primaryimage"},"thumbnailUrl":"https:\/\/mulheresacesta.com.br\/wp-content\/uploads\/2022\/02\/Untitled-2-4.png","keywords":["claudia guedes","mulheres no esporte","basquete feminino","mulheres a cesta"],"articleSection":["Blog"],"inLanguage":"en-US","potentialAction":[{"@type":"CommentAction","name":"Comment","target":["https:\/\/mulheresacesta.com.br\/en\/2022\/02\/movida-pela-paixao\/#respond"]}]},{"@type":"WebPage","@id":"https:\/\/mulheresacesta.com.br\/en\/2022\/02\/movida-pela-paixao\/","url":"https:\/\/mulheresacesta.com.br\/en\/2022\/02\/movida-pela-paixao\/","name":"Movida pela paix\u00e3o","isPartOf":{"@id":"https:\/\/mulheresacesta.com.br\/en\/#website"},"primaryImageOfPage":{"@id":"https:\/\/mulheresacesta.com.br\/en\/2022\/02\/movida-pela-paixao\/#primaryimage"},"image":{"@id":"https:\/\/mulheresacesta.com.br\/en\/2022\/02\/movida-pela-paixao\/#primaryimage"},"thumbnailUrl":"https:\/\/mulheresacesta.com.br\/wp-content\/uploads\/2022\/02\/Untitled-2-4.png","datePublished":"2022-02-21T20:57:00+00:00","description":"Praticante da modalidade h\u00e1 mais de 17 anos, ela come\u00e7ou sua trajet\u00f3ria como estagi\u00e1ria no Instituto Fausto Giannecchini, em Franca \u2013 cidade onde","breadcrumb":{"@id":"https:\/\/mulheresacesta.com.br\/en\/2022\/02\/movida-pela-paixao\/#breadcrumb"},"inLanguage":"en-US","potentialAction":[{"@type":"ReadAction","target":["https:\/\/mulheresacesta.com.br\/en\/2022\/02\/movida-pela-paixao\/"]}]},{"@type":"ImageObject","inLanguage":"en-US","@id":"https:\/\/mulheresacesta.com.br\/en\/2022\/02\/movida-pela-paixao\/#primaryimage","url":"https:\/\/mulheresacesta.com.br\/wp-content\/uploads\/2022\/02\/Untitled-2-4.png","contentUrl":"https:\/\/mulheresacesta.com.br\/wp-content\/uploads\/2022\/02\/Untitled-2-4.png","width":795,"height":427},{"@type":"BreadcrumbList","@id":"https:\/\/mulheresacesta.com.br\/en\/2022\/02\/movida-pela-paixao\/#breadcrumb","itemListElement":[{"@type":"ListItem","position":1,"name":"In\u00edcio","item":"https:\/\/mulheresacesta.com.br\/"},{"@type":"ListItem","position":2,"name":"Movida pela paix\u00e3o"}]},{"@type":"WebSite","@id":"https:\/\/mulheresacesta.com.br\/en\/#website","url":"https:\/\/mulheresacesta.com.br\/en\/","name":"Mulheres \u00e0 Cesta","description":"","publisher":{"@id":"https:\/\/mulheresacesta.com.br\/en\/#organization"},"potentialAction":[{"@type":"SearchAction","target":{"@type":"EntryPoint","urlTemplate":"https:\/\/mulheresacesta.com.br\/en\/?s={search_term_string}"},"query-input":{"@type":"PropertyValueSpecification","valueRequired":true,"valueName":"search_term_string"}}],"inLanguage":"en-US"},{"@type":"Organization","@id":"https:\/\/mulheresacesta.com.br\/en\/#organization","name":"Mulheres \u00e0 Cesta","url":"https:\/\/mulheresacesta.com.br\/en\/","logo":{"@type":"ImageObject","inLanguage":"en-US","@id":"https:\/\/mulheresacesta.com.br\/en\/#\/schema\/logo\/image\/","url":"https:\/\/mulheresacesta.com.br\/wp-content\/uploads\/2020\/10\/mulheres-a-cesta.jpg","contentUrl":"https:\/\/mulheresacesta.com.br\/wp-content\/uploads\/2020\/10\/mulheres-a-cesta.jpg","width":400,"height":300,"caption":"Mulheres \u00e0 Cesta"},"image":{"@id":"https:\/\/mulheresacesta.com.br\/en\/#\/schema\/logo\/image\/"}},{"@type":"Person","@id":"https:\/\/mulheresacesta.com.br\/en\/#\/schema\/person\/11ebd3af76a9fcb3d26c815924faac42","name":"mulheres","sameAs":["http:\/\/localhost\/mulheresacesta"],"url":"https:\/\/mulheresacesta.com.br\/en\/author\/mulheres\/"}]}},"_links":{"self":[{"href":"https:\/\/mulheresacesta.com.br\/en\/wp-json\/wp\/v2\/posts\/2881","targetHints":{"allow":["GET"]}}],"collection":[{"href":"https:\/\/mulheresacesta.com.br\/en\/wp-json\/wp\/v2\/posts"}],"about":[{"href":"https:\/\/mulheresacesta.com.br\/en\/wp-json\/wp\/v2\/types\/post"}],"author":[{"embeddable":true,"href":"https:\/\/mulheresacesta.com.br\/en\/wp-json\/wp\/v2\/users\/1"}],"replies":[{"embeddable":true,"href":"https:\/\/mulheresacesta.com.br\/en\/wp-json\/wp\/v2\/comments?post=2881"}],"version-history":[{"count":6,"href":"https:\/\/mulheresacesta.com.br\/en\/wp-json\/wp\/v2\/posts\/2881\/revisions"}],"predecessor-version":[{"id":2914,"href":"https:\/\/mulheresacesta.com.br\/en\/wp-json\/wp\/v2\/posts\/2881\/revisions\/2914"}],"wp:featuredmedia":[{"embeddable":true,"href":"https:\/\/mulheresacesta.com.br\/en\/wp-json\/wp\/v2\/media\/2885"}],"wp:attachment":[{"href":"https:\/\/mulheresacesta.com.br\/en\/wp-json\/wp\/v2\/media?parent=2881"}],"wp:term":[{"taxonomy":"category","embeddable":true,"href":"https:\/\/mulheresacesta.com.br\/en\/wp-json\/wp\/v2\/categories?post=2881"},{"taxonomy":"post_tag","embeddable":true,"href":"https:\/\/mulheresacesta.com.br\/en\/wp-json\/wp\/v2\/tags?post=2881"}],"curies":[{"name":"wp","href":"https:\/\/api.w.org\/{rel}","templated":true}]}}