{"id":2963,"date":"2022-03-14T10:41:00","date_gmt":"2022-03-14T13:41:00","guid":{"rendered":"https:\/\/mulheresacesta.com.br\/?p=2963"},"modified":"2022-03-14T11:55:23","modified_gmt":"2022-03-14T14:55:23","slug":"invasao-brasileira","status":"publish","type":"post","link":"https:\/\/mulheresacesta.com.br\/en\/2022\/03\/invasao-brasileira\/","title":{"rendered":"Invas\u00e3o brasileira"},"content":{"rendered":"\n<p><\/p>\n\n\n\n<p>Para os trabalhos na SportsVille, em Barueri, foram convocadas 18 atletas, que treinam de 19 a 31 de mar\u00e7o, com viagem marcada para o dia 1\u00ba de abril. A t\u00e9cnica \u00e9 a ex-armadora da Sele\u00e7\u00e3o e hoje treinadora, Adriana Mo\u00edses Pinto Mafra, a Adrianinha.<\/p>\n\n\n\n<p>O time que ir\u00e1 disputar o Sul-Americano \u00e9 uma mescla das atletas dos anos de 2004\/05 e 06. O objetivo \u00e9 realizar bons jogos para que o time consiga se classificar para a Copa Am\u00e9rica.<\/p>\n\n\n\n<p><strong>Sul-Americano<\/strong><\/p>\n\n\n\n<p>O Brasil est\u00e1 no Grupo A, ao lado de Paraguai, Bol\u00edvia, Argentina e Equador. O Grupo B tem Uruguai, Col\u00f4mbia, Chile e Venezuela.<\/p>\n\n\n\n<p>Pelo formato de disputa, duas sele\u00e7\u00f5es avan\u00e7am em cada grupo, indo para as semifinais. As tr\u00eas que subirem ao p\u00f3dio tamb\u00e9m garantem um lugar na Copa Am\u00e9rica, ainda em 2022.<\/p>\n\n\n\n<p><strong>Convoca\u00e7\u00e3o<\/strong><\/p>\n\n\n\n<p>Armadoras:<br>Ana Paula de Oliveira Dias &#8211; Basketball Santo Andr\u00e9<br>Marcella Prande &#8211; Basketball Santo Andr\u00e9<br>Candy Michelly Martinez Tseng &#8211; S\u00e3o Jos\u00e9 Desportivo<\/p>\n\n\n\n<p>Alas\/Armadoras<br>Maria Clara Soares Louren\u00e7o &#8211; SR Mampituba\/Satc\/FME Crici\u00fama<br>Vit\u00f3ria Romualdo Kons &#8211; BFB Basquete Feminino Blumenau<br>Maria Izabel Mendes Favero &#8211; Abasfi &#8211; Basquete Foz do Igua\u00e7u<\/p>\n\n\n\n<p>Alas<br>Stephany Caroline Gon\u00e7alves &#8211; Basketball Santo Andr\u00e9<br>Taissa Nascimento Queiroz &#8211; ADC Bradesco<br>Danieli de Campos &#8211; SR Mampituba\/Satc\/FME Crici\u00fama<br>Alexia Ara\u00fajo Dagba &#8211; Associa\u00e7\u00e3o Adrianinha de Basketball<\/p>\n\n\n\n<p>Alas\/Piv\u00f4s<br>Ana Beatriz Passos Alves da Silva &#8211; ADC Bradesco<br>Let\u00edcia Gonzaga dos Santos &#8211; Associa\u00e7\u00e3o Adrianninha de Basketball<\/p>\n\n\n\n<p>Piv\u00f4s<br>Giovanna Rocha da Silva &#8211; Santo Andr\u00e9\/APABA<br>Arianny Francisco de Oliveira &#8211; ADC Bradesco<br>Manuella Fernandes Barros Alves &#8211; ADC Bradesco<br>Ana Luiza Ramos Pires &#8211; ADC Bradesco<br>Ana Julia Pereira Pires &#8211; Ituano Basquete<br>Thayna Victoria Sylvestre da Silva Santos &#8211; Ituano Basquete<\/p>\n\n\n\n<p><\/p>\n\n\n\n<p>Cr\u00e9dito Foto: CBB<\/p>\n","protected":false},"excerpt":{"rendered":"<p>Para os trabalhos na SportsVille, em Barueri, foram convocadas 18 atletas, que treinam de 19 a 31 de mar\u00e7o, com viagem marcada para o dia 1\u00ba de abril. A t\u00e9cnica \u00e9 a ex-armadora da Sele\u00e7\u00e3o e hoje treinadora, Adriana Mo\u00edses Pinto Mafra, a Adrianinha. O time que ir\u00e1 disputar o Sul-Americano \u00e9 uma mescla das [&hellip;]<\/p>\n","protected":false},"author":1,"featured_media":0,"comment_status":"open","ping_status":"open","sticky":false,"template":"","format":"standard","meta":{"footnotes":""},"categories":[12],"tags":[],"class_list":["post-2963","post","type-post","status-publish","format-standard","hentry","category-blog"],"acf":[],"yoast_head":"<!-- This site is optimized with the Yoast SEO plugin v26.4 - https:\/\/yoast.com\/wordpress\/plugins\/seo\/ -->\n<title>Invas\u00e3o brasileira<\/title>\n<meta name=\"description\" content=\"Para os trabalhos na SportsVille, em Barueri, foram convocadas 18 atletas, que treinam de 19 a 31 de mar\u00e7o, com viagem marcada para o dia 1\u00ba de abril. A\" \/>\n<meta name=\"robots\" content=\"index, follow, max-snippet:-1, max-image-preview:large, max-video-preview:-1\" \/>\n<link rel=\"canonical\" href=\"https:\/\/mulheresacesta.com.br\/en\/2022\/03\/invasao-brasileira\/\" \/>\n<meta property=\"og:locale\" content=\"en_US\" \/>\n<meta property=\"og:locale:alternate\" content=\"pt_BR\" \/>\n<meta property=\"og:type\" content=\"article\" \/>\n<meta property=\"og:title\" content=\"Invas\u00e3o brasileira\" \/>\n<meta property=\"og:description\" content=\"Para os trabalhos na SportsVille, em Barueri, foram convocadas 18 atletas, que treinam de 19 a 31 de mar\u00e7o, com viagem marcada para o dia 1\u00ba de abril. A\" \/>\n<meta property=\"og:url\" content=\"https:\/\/mulheresacesta.com.br\/en\/2022\/03\/invasao-brasileira\/\" \/>\n<meta property=\"og:site_name\" content=\"Mulheres \u00e0 Cesta\" \/>\n<meta property=\"article:published_time\" content=\"2022-03-14T13:41:00+00:00\" \/>\n<meta property=\"article:modified_time\" content=\"2022-03-14T14:55:23+00:00\" \/>\n<meta name=\"author\" content=\"mulheres\" \/>\n<meta name=\"twitter:card\" content=\"summary_large_image\" \/>\n<meta name=\"twitter:label1\" content=\"Written by\" \/>\n\t<meta name=\"twitter:data1\" content=\"mulheres\" \/>\n\t<meta name=\"twitter:label2\" content=\"Est. reading time\" \/>\n\t<meta name=\"twitter:data2\" content=\"1 minute\" \/>\n<script type=\"application\/ld+json\" class=\"yoast-schema-graph\">{\"@context\":\"https:\/\/schema.org\",\"@graph\":[{\"@type\":\"Article\",\"@id\":\"https:\/\/mulheresacesta.com.br\/2022\/03\/invasao-brasileira\/#article\",\"isPartOf\":{\"@id\":\"https:\/\/mulheresacesta.com.br\/2022\/03\/invasao-brasileira\/\"},\"author\":{\"name\":\"mulheres\",\"@id\":\"https:\/\/mulheresacesta.com.br\/en\/#\/schema\/person\/11ebd3af76a9fcb3d26c815924faac42\"},\"headline\":\"Invas\u00e3o brasileira\",\"datePublished\":\"2022-03-14T13:41:00+00:00\",\"dateModified\":\"2022-03-14T14:55:23+00:00\",\"mainEntityOfPage\":{\"@id\":\"https:\/\/mulheresacesta.com.br\/2022\/03\/invasao-brasileira\/\"},\"wordCount\":298,\"commentCount\":0,\"publisher\":{\"@id\":\"https:\/\/mulheresacesta.com.br\/en\/#organization\"},\"articleSection\":[\"Blog\"],\"inLanguage\":\"en-US\",\"potentialAction\":[{\"@type\":\"CommentAction\",\"name\":\"Comment\",\"target\":[\"https:\/\/mulheresacesta.com.br\/2022\/03\/invasao-brasileira\/#respond\"]}]},{\"@type\":\"WebPage\",\"@id\":\"https:\/\/mulheresacesta.com.br\/2022\/03\/invasao-brasileira\/\",\"url\":\"https:\/\/mulheresacesta.com.br\/2022\/03\/invasao-brasileira\/\",\"name\":\"Invas\u00e3o brasileira\",\"isPartOf\":{\"@id\":\"https:\/\/mulheresacesta.com.br\/en\/#website\"},\"datePublished\":\"2022-03-14T13:41:00+00:00\",\"dateModified\":\"2022-03-14T14:55:23+00:00\",\"description\":\"Para os trabalhos na SportsVille, em Barueri, foram convocadas 18 atletas, que treinam de 19 a 31 de mar\u00e7o, com viagem marcada para o dia 1\u00ba de abril. A\",\"breadcrumb\":{\"@id\":\"https:\/\/mulheresacesta.com.br\/2022\/03\/invasao-brasileira\/#breadcrumb\"},\"inLanguage\":\"en-US\",\"potentialAction\":[{\"@type\":\"ReadAction\",\"target\":[\"https:\/\/mulheresacesta.com.br\/2022\/03\/invasao-brasileira\/\"]}]},{\"@type\":\"BreadcrumbList\",\"@id\":\"https:\/\/mulheresacesta.com.br\/2022\/03\/invasao-brasileira\/#breadcrumb\",\"itemListElement\":[{\"@type\":\"ListItem\",\"position\":1,\"name\":\"In\u00edcio\",\"item\":\"https:\/\/mulheresacesta.com.br\/\"},{\"@type\":\"ListItem\",\"position\":2,\"name\":\"Invas\u00e3o brasileira\"}]},{\"@type\":\"WebSite\",\"@id\":\"https:\/\/mulheresacesta.com.br\/en\/#website\",\"url\":\"https:\/\/mulheresacesta.com.br\/en\/\",\"name\":\"Mulheres \u00e0 Cesta\",\"description\":\"\",\"publisher\":{\"@id\":\"https:\/\/mulheresacesta.com.br\/en\/#organization\"},\"potentialAction\":[{\"@type\":\"SearchAction\",\"target\":{\"@type\":\"EntryPoint\",\"urlTemplate\":\"https:\/\/mulheresacesta.com.br\/en\/?s={search_term_string}\"},\"query-input\":{\"@type\":\"PropertyValueSpecification\",\"valueRequired\":true,\"valueName\":\"search_term_string\"}}],\"inLanguage\":\"en-US\"},{\"@type\":\"Organization\",\"@id\":\"https:\/\/mulheresacesta.com.br\/en\/#organization\",\"name\":\"Mulheres \u00e0 Cesta\",\"url\":\"https:\/\/mulheresacesta.com.br\/en\/\",\"logo\":{\"@type\":\"ImageObject\",\"inLanguage\":\"en-US\",\"@id\":\"https:\/\/mulheresacesta.com.br\/en\/#\/schema\/logo\/image\/\",\"url\":\"https:\/\/mulheresacesta.com.br\/wp-content\/uploads\/2020\/10\/mulheres-a-cesta.jpg\",\"contentUrl\":\"https:\/\/mulheresacesta.com.br\/wp-content\/uploads\/2020\/10\/mulheres-a-cesta.jpg\",\"width\":400,\"height\":300,\"caption\":\"Mulheres \u00e0 Cesta\"},\"image\":{\"@id\":\"https:\/\/mulheresacesta.com.br\/en\/#\/schema\/logo\/image\/\"}},{\"@type\":\"Person\",\"@id\":\"https:\/\/mulheresacesta.com.br\/en\/#\/schema\/person\/11ebd3af76a9fcb3d26c815924faac42\",\"name\":\"mulheres\",\"sameAs\":[\"http:\/\/localhost\/mulheresacesta\"],\"url\":\"https:\/\/mulheresacesta.com.br\/en\/author\/mulheres\/\"}]}<\/script>\n<!-- \/ Yoast SEO plugin. -->","yoast_head_json":{"title":"Invas\u00e3o brasileira","description":"Para os trabalhos na SportsVille, em Barueri, foram convocadas 18 atletas, que treinam de 19 a 31 de mar\u00e7o, com viagem marcada para o dia 1\u00ba de abril. A","robots":{"index":"index","follow":"follow","max-snippet":"max-snippet:-1","max-image-preview":"max-image-preview:large","max-video-preview":"max-video-preview:-1"},"canonical":"https:\/\/mulheresacesta.com.br\/en\/2022\/03\/invasao-brasileira\/","og_locale":"en_US","og_type":"article","og_title":"[:pt]Invas\u00e3o brasileira[:] - Mulheres \u00e0 Cesta","og_description":"Para os trabalhos na SportsVille, em Barueri, foram convocadas 18 atletas, que treinam de 19 a 31 de mar\u00e7o, com viagem marcada para o dia 1\u00ba de abril. A","og_url":"https:\/\/mulheresacesta.com.br\/en\/2022\/03\/invasao-brasileira\/","og_site_name":"Mulheres \u00e0 Cesta","article_published_time":"2022-03-14T13:41:00+00:00","article_modified_time":"2022-03-14T14:55:23+00:00","author":"mulheres","twitter_card":"summary_large_image","twitter_misc":{"Written by":"mulheres","Est. reading time":"1 minute"},"schema":{"@context":"https:\/\/schema.org","@graph":[{"@type":"Article","@id":"https:\/\/mulheresacesta.com.br\/2022\/03\/invasao-brasileira\/#article","isPartOf":{"@id":"https:\/\/mulheresacesta.com.br\/2022\/03\/invasao-brasileira\/"},"author":{"name":"mulheres","@id":"https:\/\/mulheresacesta.com.br\/en\/#\/schema\/person\/11ebd3af76a9fcb3d26c815924faac42"},"headline":"Invas\u00e3o brasileira","datePublished":"2022-03-14T13:41:00+00:00","dateModified":"2022-03-14T14:55:23+00:00","mainEntityOfPage":{"@id":"https:\/\/mulheresacesta.com.br\/2022\/03\/invasao-brasileira\/"},"wordCount":298,"commentCount":0,"publisher":{"@id":"https:\/\/mulheresacesta.com.br\/en\/#organization"},"articleSection":["Blog"],"inLanguage":"en-US","potentialAction":[{"@type":"CommentAction","name":"Comment","target":["https:\/\/mulheresacesta.com.br\/2022\/03\/invasao-brasileira\/#respond"]}]},{"@type":"WebPage","@id":"https:\/\/mulheresacesta.com.br\/2022\/03\/invasao-brasileira\/","url":"https:\/\/mulheresacesta.com.br\/2022\/03\/invasao-brasileira\/","name":"Invas\u00e3o brasileira","isPartOf":{"@id":"https:\/\/mulheresacesta.com.br\/en\/#website"},"datePublished":"2022-03-14T13:41:00+00:00","dateModified":"2022-03-14T14:55:23+00:00","description":"Para os trabalhos na SportsVille, em Barueri, foram convocadas 18 atletas, que treinam de 19 a 31 de mar\u00e7o, com viagem marcada para o dia 1\u00ba de abril. A","breadcrumb":{"@id":"https:\/\/mulheresacesta.com.br\/2022\/03\/invasao-brasileira\/#breadcrumb"},"inLanguage":"en-US","potentialAction":[{"@type":"ReadAction","target":["https:\/\/mulheresacesta.com.br\/2022\/03\/invasao-brasileira\/"]}]},{"@type":"BreadcrumbList","@id":"https:\/\/mulheresacesta.com.br\/2022\/03\/invasao-brasileira\/#breadcrumb","itemListElement":[{"@type":"ListItem","position":1,"name":"In\u00edcio","item":"https:\/\/mulheresacesta.com.br\/"},{"@type":"ListItem","position":2,"name":"Invas\u00e3o brasileira"}]},{"@type":"WebSite","@id":"https:\/\/mulheresacesta.com.br\/en\/#website","url":"https:\/\/mulheresacesta.com.br\/en\/","name":"Mulheres \u00e0 Cesta","description":"","publisher":{"@id":"https:\/\/mulheresacesta.com.br\/en\/#organization"},"potentialAction":[{"@type":"SearchAction","target":{"@type":"EntryPoint","urlTemplate":"https:\/\/mulheresacesta.com.br\/en\/?s={search_term_string}"},"query-input":{"@type":"PropertyValueSpecification","valueRequired":true,"valueName":"search_term_string"}}],"inLanguage":"en-US"},{"@type":"Organization","@id":"https:\/\/mulheresacesta.com.br\/en\/#organization","name":"Mulheres \u00e0 Cesta","url":"https:\/\/mulheresacesta.com.br\/en\/","logo":{"@type":"ImageObject","inLanguage":"en-US","@id":"https:\/\/mulheresacesta.com.br\/en\/#\/schema\/logo\/image\/","url":"https:\/\/mulheresacesta.com.br\/wp-content\/uploads\/2020\/10\/mulheres-a-cesta.jpg","contentUrl":"https:\/\/mulheresacesta.com.br\/wp-content\/uploads\/2020\/10\/mulheres-a-cesta.jpg","width":400,"height":300,"caption":"Mulheres \u00e0 Cesta"},"image":{"@id":"https:\/\/mulheresacesta.com.br\/en\/#\/schema\/logo\/image\/"}},{"@type":"Person","@id":"https:\/\/mulheresacesta.com.br\/en\/#\/schema\/person\/11ebd3af76a9fcb3d26c815924faac42","name":"mulheres","sameAs":["http:\/\/localhost\/mulheresacesta"],"url":"https:\/\/mulheresacesta.com.br\/en\/author\/mulheres\/"}]}},"_links":{"self":[{"href":"https:\/\/mulheresacesta.com.br\/en\/wp-json\/wp\/v2\/posts\/2963","targetHints":{"allow":["GET"]}}],"collection":[{"href":"https:\/\/mulheresacesta.com.br\/en\/wp-json\/wp\/v2\/posts"}],"about":[{"href":"https:\/\/mulheresacesta.com.br\/en\/wp-json\/wp\/v2\/types\/post"}],"author":[{"embeddable":true,"href":"https:\/\/mulheresacesta.com.br\/en\/wp-json\/wp\/v2\/users\/1"}],"replies":[{"embeddable":true,"href":"https:\/\/mulheresacesta.com.br\/en\/wp-json\/wp\/v2\/comments?post=2963"}],"version-history":[{"count":5,"href":"https:\/\/mulheresacesta.com.br\/en\/wp-json\/wp\/v2\/posts\/2963\/revisions"}],"predecessor-version":[{"id":2972,"href":"https:\/\/mulheresacesta.com.br\/en\/wp-json\/wp\/v2\/posts\/2963\/revisions\/2972"}],"wp:attachment":[{"href":"https:\/\/mulheresacesta.com.br\/en\/wp-json\/wp\/v2\/media?parent=2963"}],"wp:term":[{"taxonomy":"category","embeddable":true,"href":"https:\/\/mulheresacesta.com.br\/en\/wp-json\/wp\/v2\/categories?post=2963"},{"taxonomy":"post_tag","embeddable":true,"href":"https:\/\/mulheresacesta.com.br\/en\/wp-json\/wp\/v2\/tags?post=2963"}],"curies":[{"name":"wp","href":"https:\/\/api.w.org\/{rel}","templated":true}]}}