{"id":3256,"date":"2022-05-04T09:49:00","date_gmt":"2022-05-04T12:49:00","guid":{"rendered":"https:\/\/mulheresacesta.com.br\/?p=3256"},"modified":"2022-05-04T09:49:02","modified_gmt":"2022-05-04T12:49:02","slug":"3x3-na-antuerpia","status":"publish","type":"post","link":"https:\/\/mulheresacesta.com.br\/en\/2022\/05\/3x3-na-antuerpia\/","title":{"rendered":"3&#215;3 na Antu\u00e9rpia"},"content":{"rendered":"\n<p>A sele\u00e7\u00e3o brasileira de basquete 3&#215;3 foi convocada para os treinamentos visando o Mundial da Antu\u00e9rpia, que acontece de 21 a 26 de junho. Os treinos come\u00e7am no dia 25 de maio no Rio de Janeiro, no CDA\/FAB.<\/p>\n\n\n\n<p><strong>Mundial<\/strong><\/p>\n\n\n\n<p>As brasileiras ter\u00e3o pela frente Estados Unidos (atual campe\u00e3o ol\u00edmpico) \u00c1ustria, Fran\u00e7a (bronze em 2018 e 2019) e Nova Zel\u00e2ndia que comp\u00f5em a chave B. Dois times avan\u00e7am por grupo.<\/p>\n\n\n\n<p>A treinadora Rafaela Bauerfeldt seguiu com a base vice-campe\u00e3 da AmeriCup de 2021, com Thayn\u00e1 Silva, Lays Silva e Sass\u00e1. O Mundial da Antu\u00e9rpia soma pontos importantes para o ranking da FIBA, que em novembro de 2023 ir\u00e1 definir os primeiros classificados para a Olimp\u00edada de Paris 2024. Os demais times ter\u00e3o que passar pelo Pr\u00e9-Ol\u00edmpico em busca da vaga.<\/p>\n\n\n\n<p><strong>Convocadas<\/strong><\/p>\n\n\n\n<p>Thayn\u00e1 Silva &#8211; Sodi\u00ea Doces\/LSB\/Mesquita<br>Gabriela Guimar\u00e3es &#8211; Sampaio Basquete<br>Vit\u00f3ria Marcelino &#8211; Unisociesc\/Blumenau<br>Luana Souza &#8211; Unisociesc\/Blumenau<br>Lays da Silva &#8211; AD Santo Andr\u00e9<br>Vanessa Sass\u00e1- AD Santo Andr\u00e9<br>Gabriella Soares &#8211; SESI Araraquara<br>Mariana Dias &#8211; Ituano Basquete<\/p>\n","protected":false},"excerpt":{"rendered":"<p>A sele\u00e7\u00e3o brasileira de basquete 3&#215;3 foi convocada para os treinamentos visando o Mundial da Antu\u00e9rpia, que acontece de 21 a 26 de junho. Os treinos come\u00e7am no dia 25 de maio no Rio de Janeiro, no CDA\/FAB. Mundial As brasileiras ter\u00e3o pela frente Estados Unidos (atual campe\u00e3o ol\u00edmpico) \u00c1ustria, Fran\u00e7a (bronze em 2018 e [&hellip;]<\/p>\n","protected":false},"author":1,"featured_media":3257,"comment_status":"open","ping_status":"open","sticky":false,"template":"","format":"standard","meta":{"footnotes":""},"categories":[12],"tags":[19,54,15,9],"class_list":["post-3256","post","type-post","status-publish","format-standard","has-post-thumbnail","hentry","category-blog","tag-basquete-3x3","tag-cbb","tag-basquete-feminino","tag-mulheres-a-cesta"],"acf":[],"yoast_head":"<!-- This site is optimized with the Yoast SEO plugin v26.4 - https:\/\/yoast.com\/wordpress\/plugins\/seo\/ -->\n<title>3x3 na Antu\u00e9rpia<\/title>\n<meta name=\"description\" content=\"A sele\u00e7\u00e3o brasileira de basquete 3x3 foi convocada para os treinamentos visando o Mundial da Antu\u00e9rpia, que acontece de 21 a 26 de junho. Os treinos\" \/>\n<meta name=\"robots\" content=\"index, follow, max-snippet:-1, max-image-preview:large, max-video-preview:-1\" \/>\n<link rel=\"canonical\" href=\"https:\/\/mulheresacesta.com.br\/en\/2022\/05\/3x3-na-antuerpia\/\" \/>\n<meta property=\"og:locale\" content=\"en_US\" \/>\n<meta property=\"og:locale:alternate\" content=\"pt_BR\" \/>\n<meta property=\"og:type\" content=\"article\" \/>\n<meta property=\"og:title\" content=\"3x3 na Antu\u00e9rpia\" \/>\n<meta property=\"og:description\" content=\"A sele\u00e7\u00e3o brasileira de basquete 3x3 foi convocada para os treinamentos visando o Mundial da Antu\u00e9rpia, que acontece de 21 a 26 de junho. Os treinos\" \/>\n<meta property=\"og:url\" content=\"https:\/\/mulheresacesta.com.br\/en\/2022\/05\/3x3-na-antuerpia\/\" \/>\n<meta property=\"og:site_name\" content=\"Mulheres \u00e0 Cesta\" \/>\n<meta property=\"article:published_time\" content=\"2022-05-04T12:49:00+00:00\" \/>\n<meta property=\"article:modified_time\" content=\"2022-05-04T12:49:02+00:00\" \/>\n<meta property=\"og:image\" content=\"https:\/\/mulheresacesta.com.br\/wp-content\/uploads\/2022\/05\/Untitled-1-1.jpg\" \/>\n\t<meta property=\"og:image:width\" content=\"1580\" \/>\n\t<meta property=\"og:image:height\" content=\"890\" \/>\n\t<meta property=\"og:image:type\" content=\"image\/jpeg\" \/>\n<meta name=\"author\" content=\"mulheres\" \/>\n<meta name=\"twitter:card\" content=\"summary_large_image\" \/>\n<meta name=\"twitter:label1\" content=\"Written by\" \/>\n\t<meta name=\"twitter:data1\" content=\"mulheres\" \/>\n\t<meta name=\"twitter:label2\" content=\"Est. reading time\" \/>\n\t<meta name=\"twitter:data2\" content=\"1 minute\" \/>\n<script type=\"application\/ld+json\" class=\"yoast-schema-graph\">{\"@context\":\"https:\/\/schema.org\",\"@graph\":[{\"@type\":\"Article\",\"@id\":\"https:\/\/mulheresacesta.com.br\/en\/2022\/05\/3x3-na-antuerpia\/#article\",\"isPartOf\":{\"@id\":\"https:\/\/mulheresacesta.com.br\/en\/2022\/05\/3x3-na-antuerpia\/\"},\"author\":{\"name\":\"mulheres\",\"@id\":\"https:\/\/mulheresacesta.com.br\/en\/#\/schema\/person\/11ebd3af76a9fcb3d26c815924faac42\"},\"headline\":\"3&#215;3 na Antu\u00e9rpia\",\"datePublished\":\"2022-05-04T12:49:00+00:00\",\"dateModified\":\"2022-05-04T12:49:02+00:00\",\"mainEntityOfPage\":{\"@id\":\"https:\/\/mulheresacesta.com.br\/en\/2022\/05\/3x3-na-antuerpia\/\"},\"wordCount\":186,\"commentCount\":0,\"publisher\":{\"@id\":\"https:\/\/mulheresacesta.com.br\/en\/#organization\"},\"image\":{\"@id\":\"https:\/\/mulheresacesta.com.br\/en\/2022\/05\/3x3-na-antuerpia\/#primaryimage\"},\"thumbnailUrl\":\"https:\/\/mulheresacesta.com.br\/wp-content\/uploads\/2022\/05\/Untitled-1-1.jpg\",\"keywords\":[\"basquete 3x3\",\"cbb\",\"basquete feminino\",\"mulheres a cesta\"],\"articleSection\":[\"Blog\"],\"inLanguage\":\"en-US\",\"potentialAction\":[{\"@type\":\"CommentAction\",\"name\":\"Comment\",\"target\":[\"https:\/\/mulheresacesta.com.br\/en\/2022\/05\/3x3-na-antuerpia\/#respond\"]}]},{\"@type\":\"WebPage\",\"@id\":\"https:\/\/mulheresacesta.com.br\/en\/2022\/05\/3x3-na-antuerpia\/\",\"url\":\"https:\/\/mulheresacesta.com.br\/en\/2022\/05\/3x3-na-antuerpia\/\",\"name\":\"3x3 na Antu\u00e9rpia\",\"isPartOf\":{\"@id\":\"https:\/\/mulheresacesta.com.br\/en\/#website\"},\"primaryImageOfPage\":{\"@id\":\"https:\/\/mulheresacesta.com.br\/en\/2022\/05\/3x3-na-antuerpia\/#primaryimage\"},\"image\":{\"@id\":\"https:\/\/mulheresacesta.com.br\/en\/2022\/05\/3x3-na-antuerpia\/#primaryimage\"},\"thumbnailUrl\":\"https:\/\/mulheresacesta.com.br\/wp-content\/uploads\/2022\/05\/Untitled-1-1.jpg\",\"datePublished\":\"2022-05-04T12:49:00+00:00\",\"dateModified\":\"2022-05-04T12:49:02+00:00\",\"description\":\"A sele\u00e7\u00e3o brasileira de basquete 3x3 foi convocada para os treinamentos visando o Mundial da Antu\u00e9rpia, que acontece de 21 a 26 de junho. Os treinos\",\"breadcrumb\":{\"@id\":\"https:\/\/mulheresacesta.com.br\/en\/2022\/05\/3x3-na-antuerpia\/#breadcrumb\"},\"inLanguage\":\"en-US\",\"potentialAction\":[{\"@type\":\"ReadAction\",\"target\":[\"https:\/\/mulheresacesta.com.br\/en\/2022\/05\/3x3-na-antuerpia\/\"]}]},{\"@type\":\"ImageObject\",\"inLanguage\":\"en-US\",\"@id\":\"https:\/\/mulheresacesta.com.br\/en\/2022\/05\/3x3-na-antuerpia\/#primaryimage\",\"url\":\"https:\/\/mulheresacesta.com.br\/wp-content\/uploads\/2022\/05\/Untitled-1-1.jpg\",\"contentUrl\":\"https:\/\/mulheresacesta.com.br\/wp-content\/uploads\/2022\/05\/Untitled-1-1.jpg\",\"width\":1580,\"height\":890},{\"@type\":\"BreadcrumbList\",\"@id\":\"https:\/\/mulheresacesta.com.br\/en\/2022\/05\/3x3-na-antuerpia\/#breadcrumb\",\"itemListElement\":[{\"@type\":\"ListItem\",\"position\":1,\"name\":\"In\u00edcio\",\"item\":\"https:\/\/mulheresacesta.com.br\/\"},{\"@type\":\"ListItem\",\"position\":2,\"name\":\"3&#215;3 na Antu\u00e9rpia\"}]},{\"@type\":\"WebSite\",\"@id\":\"https:\/\/mulheresacesta.com.br\/en\/#website\",\"url\":\"https:\/\/mulheresacesta.com.br\/en\/\",\"name\":\"Mulheres \u00e0 Cesta\",\"description\":\"\",\"publisher\":{\"@id\":\"https:\/\/mulheresacesta.com.br\/en\/#organization\"},\"potentialAction\":[{\"@type\":\"SearchAction\",\"target\":{\"@type\":\"EntryPoint\",\"urlTemplate\":\"https:\/\/mulheresacesta.com.br\/en\/?s={search_term_string}\"},\"query-input\":{\"@type\":\"PropertyValueSpecification\",\"valueRequired\":true,\"valueName\":\"search_term_string\"}}],\"inLanguage\":\"en-US\"},{\"@type\":\"Organization\",\"@id\":\"https:\/\/mulheresacesta.com.br\/en\/#organization\",\"name\":\"Mulheres \u00e0 Cesta\",\"url\":\"https:\/\/mulheresacesta.com.br\/en\/\",\"logo\":{\"@type\":\"ImageObject\",\"inLanguage\":\"en-US\",\"@id\":\"https:\/\/mulheresacesta.com.br\/en\/#\/schema\/logo\/image\/\",\"url\":\"https:\/\/mulheresacesta.com.br\/wp-content\/uploads\/2020\/10\/mulheres-a-cesta.jpg\",\"contentUrl\":\"https:\/\/mulheresacesta.com.br\/wp-content\/uploads\/2020\/10\/mulheres-a-cesta.jpg\",\"width\":400,\"height\":300,\"caption\":\"Mulheres \u00e0 Cesta\"},\"image\":{\"@id\":\"https:\/\/mulheresacesta.com.br\/en\/#\/schema\/logo\/image\/\"}},{\"@type\":\"Person\",\"@id\":\"https:\/\/mulheresacesta.com.br\/en\/#\/schema\/person\/11ebd3af76a9fcb3d26c815924faac42\",\"name\":\"mulheres\",\"sameAs\":[\"http:\/\/localhost\/mulheresacesta\"],\"url\":\"https:\/\/mulheresacesta.com.br\/en\/author\/mulheres\/\"}]}<\/script>\n<!-- \/ Yoast SEO plugin. -->","yoast_head_json":{"title":"3x3 na Antu\u00e9rpia","description":"A sele\u00e7\u00e3o brasileira de basquete 3x3 foi convocada para os treinamentos visando o Mundial da Antu\u00e9rpia, que acontece de 21 a 26 de junho. Os treinos","robots":{"index":"index","follow":"follow","max-snippet":"max-snippet:-1","max-image-preview":"max-image-preview:large","max-video-preview":"max-video-preview:-1"},"canonical":"https:\/\/mulheresacesta.com.br\/en\/2022\/05\/3x3-na-antuerpia\/","og_locale":"en_US","og_type":"article","og_title":"[:pt]3x3 na Antu\u00e9rpia[:] - Mulheres \u00e0 Cesta","og_description":"A sele\u00e7\u00e3o brasileira de basquete 3x3 foi convocada para os treinamentos visando o Mundial da Antu\u00e9rpia, que acontece de 21 a 26 de junho. Os treinos","og_url":"https:\/\/mulheresacesta.com.br\/en\/2022\/05\/3x3-na-antuerpia\/","og_site_name":"Mulheres \u00e0 Cesta","article_published_time":"2022-05-04T12:49:00+00:00","article_modified_time":"2022-05-04T12:49:02+00:00","og_image":[{"width":1580,"height":890,"url":"https:\/\/mulheresacesta.com.br\/wp-content\/uploads\/2022\/05\/Untitled-1-1.jpg","type":"image\/jpeg"}],"author":"mulheres","twitter_card":"summary_large_image","twitter_misc":{"Written by":"mulheres","Est. reading time":"1 minute"},"schema":{"@context":"https:\/\/schema.org","@graph":[{"@type":"Article","@id":"https:\/\/mulheresacesta.com.br\/en\/2022\/05\/3x3-na-antuerpia\/#article","isPartOf":{"@id":"https:\/\/mulheresacesta.com.br\/en\/2022\/05\/3x3-na-antuerpia\/"},"author":{"name":"mulheres","@id":"https:\/\/mulheresacesta.com.br\/en\/#\/schema\/person\/11ebd3af76a9fcb3d26c815924faac42"},"headline":"3&#215;3 na Antu\u00e9rpia","datePublished":"2022-05-04T12:49:00+00:00","dateModified":"2022-05-04T12:49:02+00:00","mainEntityOfPage":{"@id":"https:\/\/mulheresacesta.com.br\/en\/2022\/05\/3x3-na-antuerpia\/"},"wordCount":186,"commentCount":0,"publisher":{"@id":"https:\/\/mulheresacesta.com.br\/en\/#organization"},"image":{"@id":"https:\/\/mulheresacesta.com.br\/en\/2022\/05\/3x3-na-antuerpia\/#primaryimage"},"thumbnailUrl":"https:\/\/mulheresacesta.com.br\/wp-content\/uploads\/2022\/05\/Untitled-1-1.jpg","keywords":["basquete 3x3","cbb","basquete feminino","mulheres a cesta"],"articleSection":["Blog"],"inLanguage":"en-US","potentialAction":[{"@type":"CommentAction","name":"Comment","target":["https:\/\/mulheresacesta.com.br\/en\/2022\/05\/3x3-na-antuerpia\/#respond"]}]},{"@type":"WebPage","@id":"https:\/\/mulheresacesta.com.br\/en\/2022\/05\/3x3-na-antuerpia\/","url":"https:\/\/mulheresacesta.com.br\/en\/2022\/05\/3x3-na-antuerpia\/","name":"3x3 na Antu\u00e9rpia","isPartOf":{"@id":"https:\/\/mulheresacesta.com.br\/en\/#website"},"primaryImageOfPage":{"@id":"https:\/\/mulheresacesta.com.br\/en\/2022\/05\/3x3-na-antuerpia\/#primaryimage"},"image":{"@id":"https:\/\/mulheresacesta.com.br\/en\/2022\/05\/3x3-na-antuerpia\/#primaryimage"},"thumbnailUrl":"https:\/\/mulheresacesta.com.br\/wp-content\/uploads\/2022\/05\/Untitled-1-1.jpg","datePublished":"2022-05-04T12:49:00+00:00","dateModified":"2022-05-04T12:49:02+00:00","description":"A sele\u00e7\u00e3o brasileira de basquete 3x3 foi convocada para os treinamentos visando o Mundial da Antu\u00e9rpia, que acontece de 21 a 26 de junho. Os treinos","breadcrumb":{"@id":"https:\/\/mulheresacesta.com.br\/en\/2022\/05\/3x3-na-antuerpia\/#breadcrumb"},"inLanguage":"en-US","potentialAction":[{"@type":"ReadAction","target":["https:\/\/mulheresacesta.com.br\/en\/2022\/05\/3x3-na-antuerpia\/"]}]},{"@type":"ImageObject","inLanguage":"en-US","@id":"https:\/\/mulheresacesta.com.br\/en\/2022\/05\/3x3-na-antuerpia\/#primaryimage","url":"https:\/\/mulheresacesta.com.br\/wp-content\/uploads\/2022\/05\/Untitled-1-1.jpg","contentUrl":"https:\/\/mulheresacesta.com.br\/wp-content\/uploads\/2022\/05\/Untitled-1-1.jpg","width":1580,"height":890},{"@type":"BreadcrumbList","@id":"https:\/\/mulheresacesta.com.br\/en\/2022\/05\/3x3-na-antuerpia\/#breadcrumb","itemListElement":[{"@type":"ListItem","position":1,"name":"In\u00edcio","item":"https:\/\/mulheresacesta.com.br\/"},{"@type":"ListItem","position":2,"name":"3&#215;3 na Antu\u00e9rpia"}]},{"@type":"WebSite","@id":"https:\/\/mulheresacesta.com.br\/en\/#website","url":"https:\/\/mulheresacesta.com.br\/en\/","name":"Mulheres \u00e0 Cesta","description":"","publisher":{"@id":"https:\/\/mulheresacesta.com.br\/en\/#organization"},"potentialAction":[{"@type":"SearchAction","target":{"@type":"EntryPoint","urlTemplate":"https:\/\/mulheresacesta.com.br\/en\/?s={search_term_string}"},"query-input":{"@type":"PropertyValueSpecification","valueRequired":true,"valueName":"search_term_string"}}],"inLanguage":"en-US"},{"@type":"Organization","@id":"https:\/\/mulheresacesta.com.br\/en\/#organization","name":"Mulheres \u00e0 Cesta","url":"https:\/\/mulheresacesta.com.br\/en\/","logo":{"@type":"ImageObject","inLanguage":"en-US","@id":"https:\/\/mulheresacesta.com.br\/en\/#\/schema\/logo\/image\/","url":"https:\/\/mulheresacesta.com.br\/wp-content\/uploads\/2020\/10\/mulheres-a-cesta.jpg","contentUrl":"https:\/\/mulheresacesta.com.br\/wp-content\/uploads\/2020\/10\/mulheres-a-cesta.jpg","width":400,"height":300,"caption":"Mulheres \u00e0 Cesta"},"image":{"@id":"https:\/\/mulheresacesta.com.br\/en\/#\/schema\/logo\/image\/"}},{"@type":"Person","@id":"https:\/\/mulheresacesta.com.br\/en\/#\/schema\/person\/11ebd3af76a9fcb3d26c815924faac42","name":"mulheres","sameAs":["http:\/\/localhost\/mulheresacesta"],"url":"https:\/\/mulheresacesta.com.br\/en\/author\/mulheres\/"}]}},"_links":{"self":[{"href":"https:\/\/mulheresacesta.com.br\/en\/wp-json\/wp\/v2\/posts\/3256","targetHints":{"allow":["GET"]}}],"collection":[{"href":"https:\/\/mulheresacesta.com.br\/en\/wp-json\/wp\/v2\/posts"}],"about":[{"href":"https:\/\/mulheresacesta.com.br\/en\/wp-json\/wp\/v2\/types\/post"}],"author":[{"embeddable":true,"href":"https:\/\/mulheresacesta.com.br\/en\/wp-json\/wp\/v2\/users\/1"}],"replies":[{"embeddable":true,"href":"https:\/\/mulheresacesta.com.br\/en\/wp-json\/wp\/v2\/comments?post=3256"}],"version-history":[{"count":2,"href":"https:\/\/mulheresacesta.com.br\/en\/wp-json\/wp\/v2\/posts\/3256\/revisions"}],"predecessor-version":[{"id":3259,"href":"https:\/\/mulheresacesta.com.br\/en\/wp-json\/wp\/v2\/posts\/3256\/revisions\/3259"}],"wp:featuredmedia":[{"embeddable":true,"href":"https:\/\/mulheresacesta.com.br\/en\/wp-json\/wp\/v2\/media\/3257"}],"wp:attachment":[{"href":"https:\/\/mulheresacesta.com.br\/en\/wp-json\/wp\/v2\/media?parent=3256"}],"wp:term":[{"taxonomy":"category","embeddable":true,"href":"https:\/\/mulheresacesta.com.br\/en\/wp-json\/wp\/v2\/categories?post=3256"},{"taxonomy":"post_tag","embeddable":true,"href":"https:\/\/mulheresacesta.com.br\/en\/wp-json\/wp\/v2\/tags?post=3256"}],"curies":[{"name":"wp","href":"https:\/\/api.w.org\/{rel}","templated":true}]}}