{"id":3320,"date":"2022-05-23T09:01:00","date_gmt":"2022-05-23T12:01:00","guid":{"rendered":"https:\/\/mulheresacesta.com.br\/?p=3320"},"modified":"2022-05-23T09:58:02","modified_gmt":"2022-05-23T12:58:02","slug":"cuidar-do-corpo-e-cuidar-da-saude-mental","status":"publish","type":"post","link":"https:\/\/mulheresacesta.com.br\/en\/2022\/05\/cuidar-do-corpo-e-cuidar-da-saude-mental\/","title":{"rendered":"Cuidar do corpo \u00e9 cuidar da sa\u00fade mental"},"content":{"rendered":"\n<p>Os dados s\u00e3o alarmantes, em especial no Brasil, pa\u00eds que tem o maior n\u00famero de pessoas depressivas na Am\u00e9rica Latina, com um total de 5,8% da popula\u00e7\u00e3o \u2013 nas Am\u00e9ricas, ele fica atr\u00e1s apenas dos Estados Unidos.&nbsp;<\/p>\n\n\n\n<p>Manter o corpo em movimento, traz um impacto profundamente positivo em nossa sa\u00fade mental e n\u00e3o \u00e9 preciso ser nenhum praticante de atividades f\u00edsicas mais intensas. Mesmo em quantidade moderada, a pr\u00e1tica de exerc\u00edcios regulares pode aliviar quadros de ansiedade e estresse, melhorar a mem\u00f3ria, o estado de humor e ainda contribuir para noites de sono mais tranquilas.<\/p>\n\n\n\n<p>Agora a afirma\u00e7\u00e3o faz parte de um estudo da Escola de Educa\u00e7\u00e3o F\u00edsica e Esporte de Ribeir\u00e3o Preto (EEFERP) da USP. A pesquisa, realizada em parceria com professores e universidades de pa\u00edses da Am\u00e9rica Latina e Europa, mostra que pessoas com estilo de vida mais saud\u00e1vel e que realizam atividades f\u00edsicas, conseguem suportar melhor a ansiedade e o estresse.<\/p>\n\n\n\n<p><strong>Benef\u00edcios<\/strong><\/p>\n\n\n\n<p>Geralmente, a depress\u00e3o e a ansiedade s\u00e3o tratadas com psicoterapia e medicamentos antidepressivos, receitados por um psiquiatra para os casos de m\u00e9dia e alta complexidade. \u00c9 preciso ressaltar que esses transtornos mentais n\u00e3o t\u00eam cura. Por isso, os pesquisadores seguem buscando melhores tratamentos para as pessoas que s\u00e3o acometidas por essas doen\u00e7as.&nbsp;<\/p>\n\n\n\n<p>Uma pesquisa publicada na revista americana Molecular Biology comprovou a import\u00e2ncia da atividade f\u00edsica regular contra a depress\u00e3o, podendo ser indicada por m\u00e9dicos como terapia para tratar a doen\u00e7a. Para algumas pessoas, praticar exerc\u00edcios funciona t\u00e3o bem quanto os antidepressivos, embora o exerc\u00edcio por si s\u00f3 n\u00e3o seja suficiente para algu\u00e9m com depress\u00e3o severa.&nbsp;<\/p>\n\n\n\n<p>De acordo com a pesquisa, apenas 15 minutos de exerc\u00edcios di\u00e1rios j\u00e1 bastam para surtir efeitos positivos contra a depress\u00e3o \u2013 o importante \u00e9 que a pr\u00e1tica se d\u00ea regularmente. Em pessoas deprimidas, a pr\u00e1tica regular de atividade f\u00edsica pode aumentar o crescimento das c\u00e9lulas nervosas no hipocampo, melhorando as conex\u00f5es e aliviando a depress\u00e3o. Al\u00e9m disso, pode diminuir a oxida\u00e7\u00e3o e inflama\u00e7\u00e3o das c\u00e9lulas cerebrais, que aumentam durante o aparecimento da doen\u00e7a.<\/p>\n\n\n\n<p>O importante \u00e9 dar o primeiro passo. Comece com cinco minutos por dia de caminhada ou outra atividade de que voc\u00ea goste. Pouco a pouco, aumente para dez; depois, para 15, e assim por diante. O ciclo da depress\u00e3o \u00e9 dif\u00edcil de quebrar, mas se levantar e se mexer um pouco vai ajudar.<\/p>\n","protected":false},"excerpt":{"rendered":"<p>Os dados s\u00e3o alarmantes, em especial no Brasil, pa\u00eds que tem o maior n\u00famero de pessoas depressivas na Am\u00e9rica Latina, com um total de 5,8% da popula\u00e7\u00e3o \u2013 nas Am\u00e9ricas, ele fica atr\u00e1s apenas dos Estados Unidos.&nbsp; Manter o corpo em movimento, traz um impacto profundamente positivo em nossa sa\u00fade mental e n\u00e3o \u00e9 preciso [&hellip;]<\/p>\n","protected":false},"author":1,"featured_media":3321,"comment_status":"open","ping_status":"open","sticky":false,"template":"","format":"standard","meta":{"footnotes":""},"categories":[12],"tags":[204,206,205,207],"class_list":["post-3320","post","type-post","status-publish","format-standard","has-post-thumbnail","hentry","category-blog","tag-atovodade-fisica","tag-corpo","tag-depressao","tag-saude-mental"],"acf":[],"yoast_head":"<!-- This site is optimized with the Yoast SEO plugin v26.4 - https:\/\/yoast.com\/wordpress\/plugins\/seo\/ -->\n<title>Cuidar do corpo \u00e9 cuidar da sa\u00fade mental<\/title>\n<meta name=\"description\" content=\"Os dados s\u00e3o alarmantes, em especial no Brasil, pa\u00eds que tem o maior n\u00famero de pessoas depressivas na Am\u00e9rica Latina, com um total de 5,8% da popula\u00e7\u00e3o \u2013\" \/>\n<meta name=\"robots\" content=\"index, follow, max-snippet:-1, max-image-preview:large, max-video-preview:-1\" \/>\n<link rel=\"canonical\" href=\"https:\/\/mulheresacesta.com.br\/en\/2022\/05\/cuidar-do-corpo-e-cuidar-da-saude-mental\/\" \/>\n<meta property=\"og:locale\" content=\"en_US\" \/>\n<meta property=\"og:locale:alternate\" content=\"pt_BR\" \/>\n<meta property=\"og:type\" content=\"article\" \/>\n<meta property=\"og:title\" content=\"Cuidar do corpo \u00e9 cuidar da sa\u00fade mental\" \/>\n<meta property=\"og:description\" content=\"Os dados s\u00e3o alarmantes, em especial no Brasil, pa\u00eds que tem o maior n\u00famero de pessoas depressivas na Am\u00e9rica Latina, com um total de 5,8% da popula\u00e7\u00e3o \u2013\" \/>\n<meta property=\"og:url\" content=\"https:\/\/mulheresacesta.com.br\/en\/2022\/05\/cuidar-do-corpo-e-cuidar-da-saude-mental\/\" \/>\n<meta property=\"og:site_name\" content=\"Mulheres \u00e0 Cesta\" \/>\n<meta property=\"article:published_time\" content=\"2022-05-23T12:01:00+00:00\" \/>\n<meta property=\"article:modified_time\" content=\"2022-05-23T12:58:02+00:00\" \/>\n<meta property=\"og:image\" content=\"https:\/\/mulheresacesta.com.br\/wp-content\/uploads\/2022\/05\/Untitled-2.jpg\" \/>\n\t<meta property=\"og:image:width\" content=\"1580\" \/>\n\t<meta property=\"og:image:height\" content=\"890\" \/>\n\t<meta property=\"og:image:type\" content=\"image\/jpeg\" \/>\n<meta name=\"author\" content=\"mulheres\" \/>\n<meta name=\"twitter:card\" content=\"summary_large_image\" \/>\n<meta name=\"twitter:label1\" content=\"Written by\" \/>\n\t<meta name=\"twitter:data1\" content=\"mulheres\" \/>\n\t<meta name=\"twitter:label2\" content=\"Est. reading time\" \/>\n\t<meta name=\"twitter:data2\" content=\"2 minutes\" \/>\n<script type=\"application\/ld+json\" class=\"yoast-schema-graph\">{\"@context\":\"https:\/\/schema.org\",\"@graph\":[{\"@type\":\"Article\",\"@id\":\"https:\/\/mulheresacesta.com.br\/2022\/05\/cuidar-do-corpo-e-cuidar-da-saude-mental\/#article\",\"isPartOf\":{\"@id\":\"https:\/\/mulheresacesta.com.br\/2022\/05\/cuidar-do-corpo-e-cuidar-da-saude-mental\/\"},\"author\":{\"name\":\"mulheres\",\"@id\":\"https:\/\/mulheresacesta.com.br\/en\/#\/schema\/person\/11ebd3af76a9fcb3d26c815924faac42\"},\"headline\":\"Cuidar do corpo \u00e9 cuidar da sa\u00fade mental\",\"datePublished\":\"2022-05-23T12:01:00+00:00\",\"dateModified\":\"2022-05-23T12:58:02+00:00\",\"mainEntityOfPage\":{\"@id\":\"https:\/\/mulheresacesta.com.br\/2022\/05\/cuidar-do-corpo-e-cuidar-da-saude-mental\/\"},\"wordCount\":446,\"commentCount\":0,\"publisher\":{\"@id\":\"https:\/\/mulheresacesta.com.br\/en\/#organization\"},\"image\":{\"@id\":\"https:\/\/mulheresacesta.com.br\/2022\/05\/cuidar-do-corpo-e-cuidar-da-saude-mental\/#primaryimage\"},\"thumbnailUrl\":\"https:\/\/mulheresacesta.com.br\/wp-content\/uploads\/2022\/05\/Untitled-2.jpg\",\"keywords\":[\"atovodade fisica\",\"corpo\",\"depress\u00e3o\",\"sa\u00fade mental\"],\"articleSection\":[\"Blog\"],\"inLanguage\":\"en-US\",\"potentialAction\":[{\"@type\":\"CommentAction\",\"name\":\"Comment\",\"target\":[\"https:\/\/mulheresacesta.com.br\/2022\/05\/cuidar-do-corpo-e-cuidar-da-saude-mental\/#respond\"]}]},{\"@type\":\"WebPage\",\"@id\":\"https:\/\/mulheresacesta.com.br\/2022\/05\/cuidar-do-corpo-e-cuidar-da-saude-mental\/\",\"url\":\"https:\/\/mulheresacesta.com.br\/2022\/05\/cuidar-do-corpo-e-cuidar-da-saude-mental\/\",\"name\":\"Cuidar do corpo \u00e9 cuidar da sa\u00fade mental\",\"isPartOf\":{\"@id\":\"https:\/\/mulheresacesta.com.br\/en\/#website\"},\"primaryImageOfPage\":{\"@id\":\"https:\/\/mulheresacesta.com.br\/2022\/05\/cuidar-do-corpo-e-cuidar-da-saude-mental\/#primaryimage\"},\"image\":{\"@id\":\"https:\/\/mulheresacesta.com.br\/2022\/05\/cuidar-do-corpo-e-cuidar-da-saude-mental\/#primaryimage\"},\"thumbnailUrl\":\"https:\/\/mulheresacesta.com.br\/wp-content\/uploads\/2022\/05\/Untitled-2.jpg\",\"datePublished\":\"2022-05-23T12:01:00+00:00\",\"dateModified\":\"2022-05-23T12:58:02+00:00\",\"description\":\"Os dados s\u00e3o alarmantes, em especial no Brasil, pa\u00eds que tem o maior n\u00famero de pessoas depressivas na Am\u00e9rica Latina, com um total de 5,8% da popula\u00e7\u00e3o \u2013\",\"breadcrumb\":{\"@id\":\"https:\/\/mulheresacesta.com.br\/2022\/05\/cuidar-do-corpo-e-cuidar-da-saude-mental\/#breadcrumb\"},\"inLanguage\":\"en-US\",\"potentialAction\":[{\"@type\":\"ReadAction\",\"target\":[\"https:\/\/mulheresacesta.com.br\/2022\/05\/cuidar-do-corpo-e-cuidar-da-saude-mental\/\"]}]},{\"@type\":\"ImageObject\",\"inLanguage\":\"en-US\",\"@id\":\"https:\/\/mulheresacesta.com.br\/2022\/05\/cuidar-do-corpo-e-cuidar-da-saude-mental\/#primaryimage\",\"url\":\"https:\/\/mulheresacesta.com.br\/wp-content\/uploads\/2022\/05\/Untitled-2.jpg\",\"contentUrl\":\"https:\/\/mulheresacesta.com.br\/wp-content\/uploads\/2022\/05\/Untitled-2.jpg\",\"width\":1580,\"height\":890},{\"@type\":\"BreadcrumbList\",\"@id\":\"https:\/\/mulheresacesta.com.br\/2022\/05\/cuidar-do-corpo-e-cuidar-da-saude-mental\/#breadcrumb\",\"itemListElement\":[{\"@type\":\"ListItem\",\"position\":1,\"name\":\"In\u00edcio\",\"item\":\"https:\/\/mulheresacesta.com.br\/\"},{\"@type\":\"ListItem\",\"position\":2,\"name\":\"Cuidar do corpo \u00e9 cuidar da sa\u00fade mental\"}]},{\"@type\":\"WebSite\",\"@id\":\"https:\/\/mulheresacesta.com.br\/en\/#website\",\"url\":\"https:\/\/mulheresacesta.com.br\/en\/\",\"name\":\"Mulheres \u00e0 Cesta\",\"description\":\"\",\"publisher\":{\"@id\":\"https:\/\/mulheresacesta.com.br\/en\/#organization\"},\"potentialAction\":[{\"@type\":\"SearchAction\",\"target\":{\"@type\":\"EntryPoint\",\"urlTemplate\":\"https:\/\/mulheresacesta.com.br\/en\/?s={search_term_string}\"},\"query-input\":{\"@type\":\"PropertyValueSpecification\",\"valueRequired\":true,\"valueName\":\"search_term_string\"}}],\"inLanguage\":\"en-US\"},{\"@type\":\"Organization\",\"@id\":\"https:\/\/mulheresacesta.com.br\/en\/#organization\",\"name\":\"Mulheres \u00e0 Cesta\",\"url\":\"https:\/\/mulheresacesta.com.br\/en\/\",\"logo\":{\"@type\":\"ImageObject\",\"inLanguage\":\"en-US\",\"@id\":\"https:\/\/mulheresacesta.com.br\/en\/#\/schema\/logo\/image\/\",\"url\":\"https:\/\/mulheresacesta.com.br\/wp-content\/uploads\/2020\/10\/mulheres-a-cesta.jpg\",\"contentUrl\":\"https:\/\/mulheresacesta.com.br\/wp-content\/uploads\/2020\/10\/mulheres-a-cesta.jpg\",\"width\":400,\"height\":300,\"caption\":\"Mulheres \u00e0 Cesta\"},\"image\":{\"@id\":\"https:\/\/mulheresacesta.com.br\/en\/#\/schema\/logo\/image\/\"}},{\"@type\":\"Person\",\"@id\":\"https:\/\/mulheresacesta.com.br\/en\/#\/schema\/person\/11ebd3af76a9fcb3d26c815924faac42\",\"name\":\"mulheres\",\"sameAs\":[\"http:\/\/localhost\/mulheresacesta\"],\"url\":\"https:\/\/mulheresacesta.com.br\/en\/author\/mulheres\/\"}]}<\/script>\n<!-- \/ Yoast SEO plugin. -->","yoast_head_json":{"title":"Cuidar do corpo \u00e9 cuidar da sa\u00fade mental","description":"Os dados s\u00e3o alarmantes, em especial no Brasil, pa\u00eds que tem o maior n\u00famero de pessoas depressivas na Am\u00e9rica Latina, com um total de 5,8% da popula\u00e7\u00e3o \u2013","robots":{"index":"index","follow":"follow","max-snippet":"max-snippet:-1","max-image-preview":"max-image-preview:large","max-video-preview":"max-video-preview:-1"},"canonical":"https:\/\/mulheresacesta.com.br\/en\/2022\/05\/cuidar-do-corpo-e-cuidar-da-saude-mental\/","og_locale":"en_US","og_type":"article","og_title":"[:pt]Cuidar do corpo \u00e9 cuidar da sa\u00fade mental[:] - Mulheres \u00e0 Cesta","og_description":"Os dados s\u00e3o alarmantes, em especial no Brasil, pa\u00eds que tem o maior n\u00famero de pessoas depressivas na Am\u00e9rica Latina, com um total de 5,8% da popula\u00e7\u00e3o \u2013","og_url":"https:\/\/mulheresacesta.com.br\/en\/2022\/05\/cuidar-do-corpo-e-cuidar-da-saude-mental\/","og_site_name":"Mulheres \u00e0 Cesta","article_published_time":"2022-05-23T12:01:00+00:00","article_modified_time":"2022-05-23T12:58:02+00:00","og_image":[{"width":1580,"height":890,"url":"https:\/\/mulheresacesta.com.br\/wp-content\/uploads\/2022\/05\/Untitled-2.jpg","type":"image\/jpeg"}],"author":"mulheres","twitter_card":"summary_large_image","twitter_misc":{"Written by":"mulheres","Est. reading time":"2 minutes"},"schema":{"@context":"https:\/\/schema.org","@graph":[{"@type":"Article","@id":"https:\/\/mulheresacesta.com.br\/2022\/05\/cuidar-do-corpo-e-cuidar-da-saude-mental\/#article","isPartOf":{"@id":"https:\/\/mulheresacesta.com.br\/2022\/05\/cuidar-do-corpo-e-cuidar-da-saude-mental\/"},"author":{"name":"mulheres","@id":"https:\/\/mulheresacesta.com.br\/en\/#\/schema\/person\/11ebd3af76a9fcb3d26c815924faac42"},"headline":"Cuidar do corpo \u00e9 cuidar da sa\u00fade mental","datePublished":"2022-05-23T12:01:00+00:00","dateModified":"2022-05-23T12:58:02+00:00","mainEntityOfPage":{"@id":"https:\/\/mulheresacesta.com.br\/2022\/05\/cuidar-do-corpo-e-cuidar-da-saude-mental\/"},"wordCount":446,"commentCount":0,"publisher":{"@id":"https:\/\/mulheresacesta.com.br\/en\/#organization"},"image":{"@id":"https:\/\/mulheresacesta.com.br\/2022\/05\/cuidar-do-corpo-e-cuidar-da-saude-mental\/#primaryimage"},"thumbnailUrl":"https:\/\/mulheresacesta.com.br\/wp-content\/uploads\/2022\/05\/Untitled-2.jpg","keywords":["atovodade fisica","corpo","depress\u00e3o","sa\u00fade mental"],"articleSection":["Blog"],"inLanguage":"en-US","potentialAction":[{"@type":"CommentAction","name":"Comment","target":["https:\/\/mulheresacesta.com.br\/2022\/05\/cuidar-do-corpo-e-cuidar-da-saude-mental\/#respond"]}]},{"@type":"WebPage","@id":"https:\/\/mulheresacesta.com.br\/2022\/05\/cuidar-do-corpo-e-cuidar-da-saude-mental\/","url":"https:\/\/mulheresacesta.com.br\/2022\/05\/cuidar-do-corpo-e-cuidar-da-saude-mental\/","name":"Cuidar do corpo \u00e9 cuidar da sa\u00fade mental","isPartOf":{"@id":"https:\/\/mulheresacesta.com.br\/en\/#website"},"primaryImageOfPage":{"@id":"https:\/\/mulheresacesta.com.br\/2022\/05\/cuidar-do-corpo-e-cuidar-da-saude-mental\/#primaryimage"},"image":{"@id":"https:\/\/mulheresacesta.com.br\/2022\/05\/cuidar-do-corpo-e-cuidar-da-saude-mental\/#primaryimage"},"thumbnailUrl":"https:\/\/mulheresacesta.com.br\/wp-content\/uploads\/2022\/05\/Untitled-2.jpg","datePublished":"2022-05-23T12:01:00+00:00","dateModified":"2022-05-23T12:58:02+00:00","description":"Os dados s\u00e3o alarmantes, em especial no Brasil, pa\u00eds que tem o maior n\u00famero de pessoas depressivas na Am\u00e9rica Latina, com um total de 5,8% da popula\u00e7\u00e3o \u2013","breadcrumb":{"@id":"https:\/\/mulheresacesta.com.br\/2022\/05\/cuidar-do-corpo-e-cuidar-da-saude-mental\/#breadcrumb"},"inLanguage":"en-US","potentialAction":[{"@type":"ReadAction","target":["https:\/\/mulheresacesta.com.br\/2022\/05\/cuidar-do-corpo-e-cuidar-da-saude-mental\/"]}]},{"@type":"ImageObject","inLanguage":"en-US","@id":"https:\/\/mulheresacesta.com.br\/2022\/05\/cuidar-do-corpo-e-cuidar-da-saude-mental\/#primaryimage","url":"https:\/\/mulheresacesta.com.br\/wp-content\/uploads\/2022\/05\/Untitled-2.jpg","contentUrl":"https:\/\/mulheresacesta.com.br\/wp-content\/uploads\/2022\/05\/Untitled-2.jpg","width":1580,"height":890},{"@type":"BreadcrumbList","@id":"https:\/\/mulheresacesta.com.br\/2022\/05\/cuidar-do-corpo-e-cuidar-da-saude-mental\/#breadcrumb","itemListElement":[{"@type":"ListItem","position":1,"name":"In\u00edcio","item":"https:\/\/mulheresacesta.com.br\/"},{"@type":"ListItem","position":2,"name":"Cuidar do corpo \u00e9 cuidar da sa\u00fade mental"}]},{"@type":"WebSite","@id":"https:\/\/mulheresacesta.com.br\/en\/#website","url":"https:\/\/mulheresacesta.com.br\/en\/","name":"Mulheres \u00e0 Cesta","description":"","publisher":{"@id":"https:\/\/mulheresacesta.com.br\/en\/#organization"},"potentialAction":[{"@type":"SearchAction","target":{"@type":"EntryPoint","urlTemplate":"https:\/\/mulheresacesta.com.br\/en\/?s={search_term_string}"},"query-input":{"@type":"PropertyValueSpecification","valueRequired":true,"valueName":"search_term_string"}}],"inLanguage":"en-US"},{"@type":"Organization","@id":"https:\/\/mulheresacesta.com.br\/en\/#organization","name":"Mulheres \u00e0 Cesta","url":"https:\/\/mulheresacesta.com.br\/en\/","logo":{"@type":"ImageObject","inLanguage":"en-US","@id":"https:\/\/mulheresacesta.com.br\/en\/#\/schema\/logo\/image\/","url":"https:\/\/mulheresacesta.com.br\/wp-content\/uploads\/2020\/10\/mulheres-a-cesta.jpg","contentUrl":"https:\/\/mulheresacesta.com.br\/wp-content\/uploads\/2020\/10\/mulheres-a-cesta.jpg","width":400,"height":300,"caption":"Mulheres \u00e0 Cesta"},"image":{"@id":"https:\/\/mulheresacesta.com.br\/en\/#\/schema\/logo\/image\/"}},{"@type":"Person","@id":"https:\/\/mulheresacesta.com.br\/en\/#\/schema\/person\/11ebd3af76a9fcb3d26c815924faac42","name":"mulheres","sameAs":["http:\/\/localhost\/mulheresacesta"],"url":"https:\/\/mulheresacesta.com.br\/en\/author\/mulheres\/"}]}},"_links":{"self":[{"href":"https:\/\/mulheresacesta.com.br\/en\/wp-json\/wp\/v2\/posts\/3320","targetHints":{"allow":["GET"]}}],"collection":[{"href":"https:\/\/mulheresacesta.com.br\/en\/wp-json\/wp\/v2\/posts"}],"about":[{"href":"https:\/\/mulheresacesta.com.br\/en\/wp-json\/wp\/v2\/types\/post"}],"author":[{"embeddable":true,"href":"https:\/\/mulheresacesta.com.br\/en\/wp-json\/wp\/v2\/users\/1"}],"replies":[{"embeddable":true,"href":"https:\/\/mulheresacesta.com.br\/en\/wp-json\/wp\/v2\/comments?post=3320"}],"version-history":[{"count":4,"href":"https:\/\/mulheresacesta.com.br\/en\/wp-json\/wp\/v2\/posts\/3320\/revisions"}],"predecessor-version":[{"id":3335,"href":"https:\/\/mulheresacesta.com.br\/en\/wp-json\/wp\/v2\/posts\/3320\/revisions\/3335"}],"wp:featuredmedia":[{"embeddable":true,"href":"https:\/\/mulheresacesta.com.br\/en\/wp-json\/wp\/v2\/media\/3321"}],"wp:attachment":[{"href":"https:\/\/mulheresacesta.com.br\/en\/wp-json\/wp\/v2\/media?parent=3320"}],"wp:term":[{"taxonomy":"category","embeddable":true,"href":"https:\/\/mulheresacesta.com.br\/en\/wp-json\/wp\/v2\/categories?post=3320"},{"taxonomy":"post_tag","embeddable":true,"href":"https:\/\/mulheresacesta.com.br\/en\/wp-json\/wp\/v2\/tags?post=3320"}],"curies":[{"name":"wp","href":"https:\/\/api.w.org\/{rel}","templated":true}]}}