{"id":3484,"date":"2022-07-07T13:32:00","date_gmt":"2022-07-07T16:32:00","guid":{"rendered":"https:\/\/mulheresacesta.com.br\/?p=3484"},"modified":"2022-07-04T18:14:55","modified_gmt":"2022-07-04T21:14:55","slug":"100-anos-da-selecao-brasileira-de-basquete","status":"publish","type":"post","link":"https:\/\/mulheresacesta.com.br\/en\/2022\/07\/100-anos-da-selecao-brasileira-de-basquete\/","title":{"rendered":"100 anos da Sele\u00e7\u00e3o Brasileira de Basquete"},"content":{"rendered":"\n<p>Nascia na sede do Fluminense Football Club, nas Laranjeiras, a hist\u00f3ria da Sele\u00e7\u00e3o Brasileira de basquete, laureado de gl\u00f3rias, \u00eddolos e feitos inesquec\u00edveis!<\/p>\n\n\n\n<p>Em mem\u00f3ria e comemora\u00e7\u00e3o a esses 100 anos de trajet\u00f3ria, a Confedera\u00e7\u00e3o Brasileira de Basketball lan\u00e7ou um sele comemorativo. Com cria\u00e7\u00e3o e design da Plano M, pelo designer Marcel Moro, as Sele\u00e7\u00f5es Brasileiras masculina e feminina usar\u00e3o o selo em todas as partidas at\u00e9 o fim desse ano.<\/p>\n\n\n\n<p><strong>Hist\u00f3ria<\/strong><br>O resgate hist\u00f3rico dos 100 anos da Sele\u00e7\u00e3o Brasileira de basquete \u00e9 o resultado de um projeto de pesquisa do Memorial de Basquetebol de Ponta Grossa em parceria com os historiadores, Rodolfo C\u00e9sar Pino, de Franca, Rubens Cavalcante Junior, de Bras\u00edlia, e Andr\u00e9 Luiz Villela Costa, de Ponta Grossa.<\/p>\n\n\n\n<p>Por meses, foram recapituladas todas as passagens desde a chegada do basquete ao Brasil, o in\u00edcio do esporte nos clubes, at\u00e9 a primeira convoca\u00e7\u00e3o da Sele\u00e7\u00e3o Brasileira, atrav\u00e9s da Confedera\u00e7\u00e3o Brasileira de Desportos (CBD) para a disputa dos Jogos do Centen\u00e1rio.<\/p>\n\n\n\n<p>De l\u00e1 para c\u00e1, o Brasil conquistou tr\u00eas Mundiais de basquete, duas vezes com os homens e uma vez com as mulheres; foi cinco vezes medalhista ol\u00edmpico, nos dois naipes: al\u00e9m de multicampe\u00e3o sul-americano, das Am\u00e9ricas e outras conquistas internacionais, criando \u00eddolos como Algod\u00e3o, Wlamir, Amaury, Ubiratan, Rosa Branca, Norminha, Maria Helena, Cida Guimar\u00e3es, Hort\u00eancia, Paula, Janeth, entre tantos.<\/p>\n","protected":false},"excerpt":{"rendered":"<p>Nascia na sede do Fluminense Football Club, nas Laranjeiras, a hist\u00f3ria da Sele\u00e7\u00e3o Brasileira de basquete, laureado de gl\u00f3rias, \u00eddolos e feitos inesquec\u00edveis! Em mem\u00f3ria e comemora\u00e7\u00e3o a esses 100 anos de trajet\u00f3ria, a Confedera\u00e7\u00e3o Brasileira de Basketball lan\u00e7ou um sele comemorativo. Com cria\u00e7\u00e3o e design da Plano M, pelo designer Marcel Moro, as Sele\u00e7\u00f5es [&hellip;]<\/p>\n","protected":false},"author":1,"featured_media":3505,"comment_status":"open","ping_status":"open","sticky":false,"template":"","format":"standard","meta":{"footnotes":""},"categories":[12],"tags":[54,72,228,15],"class_list":["post-3484","post","type-post","status-publish","format-standard","has-post-thumbnail","hentry","category-blog","tag-cbb","tag-mulheres-no-esporte","tag-selo","tag-basquete-feminino"],"acf":[],"yoast_head":"<!-- This site is optimized with the Yoast SEO plugin v26.4 - https:\/\/yoast.com\/wordpress\/plugins\/seo\/ -->\n<title>100 anos da Sele\u00e7\u00e3o Brasileira de Basquete<\/title>\n<meta name=\"description\" content=\"Nascia na sede do Fluminense Football Club, nas Laranjeiras, a hist\u00f3ria da Sele\u00e7\u00e3o Brasileira de basquete, laureado de gl\u00f3rias, \u00eddolos e feitos\" \/>\n<meta name=\"robots\" content=\"index, follow, max-snippet:-1, max-image-preview:large, max-video-preview:-1\" \/>\n<link rel=\"canonical\" href=\"https:\/\/mulheresacesta.com.br\/en\/2022\/07\/100-anos-da-selecao-brasileira-de-basquete\/\" \/>\n<meta property=\"og:locale\" content=\"en_US\" \/>\n<meta property=\"og:locale:alternate\" content=\"pt_BR\" \/>\n<meta property=\"og:type\" content=\"article\" \/>\n<meta property=\"og:title\" content=\"100 anos da Sele\u00e7\u00e3o Brasileira de Basquete\" \/>\n<meta property=\"og:description\" content=\"Nascia na sede do Fluminense Football Club, nas Laranjeiras, a hist\u00f3ria da Sele\u00e7\u00e3o Brasileira de basquete, laureado de gl\u00f3rias, \u00eddolos e feitos\" \/>\n<meta property=\"og:url\" content=\"https:\/\/mulheresacesta.com.br\/en\/2022\/07\/100-anos-da-selecao-brasileira-de-basquete\/\" \/>\n<meta property=\"og:site_name\" content=\"Mulheres \u00e0 Cesta\" \/>\n<meta property=\"article:published_time\" content=\"2022-07-07T16:32:00+00:00\" \/>\n<meta property=\"og:image\" content=\"https:\/\/mulheresacesta.com.br\/wp-content\/uploads\/2022\/07\/mc4.jpg\" \/>\n\t<meta property=\"og:image:width\" content=\"1580\" \/>\n\t<meta property=\"og:image:height\" content=\"890\" \/>\n\t<meta property=\"og:image:type\" content=\"image\/jpeg\" \/>\n<meta name=\"author\" content=\"mulheres\" \/>\n<meta name=\"twitter:card\" content=\"summary_large_image\" \/>\n<meta name=\"twitter:label1\" content=\"Written by\" \/>\n\t<meta name=\"twitter:data1\" content=\"mulheres\" \/>\n\t<meta name=\"twitter:label2\" content=\"Est. reading time\" \/>\n\t<meta name=\"twitter:data2\" content=\"1 minute\" \/>\n<script type=\"application\/ld+json\" class=\"yoast-schema-graph\">{\"@context\":\"https:\/\/schema.org\",\"@graph\":[{\"@type\":\"Article\",\"@id\":\"https:\/\/mulheresacesta.com.br\/en\/2022\/07\/100-anos-da-selecao-brasileira-de-basquete\/#article\",\"isPartOf\":{\"@id\":\"https:\/\/mulheresacesta.com.br\/en\/2022\/07\/100-anos-da-selecao-brasileira-de-basquete\/\"},\"author\":{\"name\":\"mulheres\",\"@id\":\"https:\/\/mulheresacesta.com.br\/en\/#\/schema\/person\/11ebd3af76a9fcb3d26c815924faac42\"},\"headline\":\"100 anos da Sele\u00e7\u00e3o Brasileira de Basquete\",\"datePublished\":\"2022-07-07T16:32:00+00:00\",\"mainEntityOfPage\":{\"@id\":\"https:\/\/mulheresacesta.com.br\/en\/2022\/07\/100-anos-da-selecao-brasileira-de-basquete\/\"},\"wordCount\":258,\"commentCount\":0,\"publisher\":{\"@id\":\"https:\/\/mulheresacesta.com.br\/en\/#organization\"},\"image\":{\"@id\":\"https:\/\/mulheresacesta.com.br\/en\/2022\/07\/100-anos-da-selecao-brasileira-de-basquete\/#primaryimage\"},\"thumbnailUrl\":\"https:\/\/mulheresacesta.com.br\/wp-content\/uploads\/2022\/07\/mc4.jpg\",\"keywords\":[\"cbb\",\"mulheres no esporte\",\"selo\",\"basquete feminino\"],\"articleSection\":[\"Blog\"],\"inLanguage\":\"en-US\",\"potentialAction\":[{\"@type\":\"CommentAction\",\"name\":\"Comment\",\"target\":[\"https:\/\/mulheresacesta.com.br\/en\/2022\/07\/100-anos-da-selecao-brasileira-de-basquete\/#respond\"]}]},{\"@type\":\"WebPage\",\"@id\":\"https:\/\/mulheresacesta.com.br\/en\/2022\/07\/100-anos-da-selecao-brasileira-de-basquete\/\",\"url\":\"https:\/\/mulheresacesta.com.br\/en\/2022\/07\/100-anos-da-selecao-brasileira-de-basquete\/\",\"name\":\"100 anos da Sele\u00e7\u00e3o Brasileira de Basquete\",\"isPartOf\":{\"@id\":\"https:\/\/mulheresacesta.com.br\/en\/#website\"},\"primaryImageOfPage\":{\"@id\":\"https:\/\/mulheresacesta.com.br\/en\/2022\/07\/100-anos-da-selecao-brasileira-de-basquete\/#primaryimage\"},\"image\":{\"@id\":\"https:\/\/mulheresacesta.com.br\/en\/2022\/07\/100-anos-da-selecao-brasileira-de-basquete\/#primaryimage\"},\"thumbnailUrl\":\"https:\/\/mulheresacesta.com.br\/wp-content\/uploads\/2022\/07\/mc4.jpg\",\"datePublished\":\"2022-07-07T16:32:00+00:00\",\"description\":\"Nascia na sede do Fluminense Football Club, nas Laranjeiras, a hist\u00f3ria da Sele\u00e7\u00e3o Brasileira de basquete, laureado de gl\u00f3rias, \u00eddolos e feitos\",\"breadcrumb\":{\"@id\":\"https:\/\/mulheresacesta.com.br\/en\/2022\/07\/100-anos-da-selecao-brasileira-de-basquete\/#breadcrumb\"},\"inLanguage\":\"en-US\",\"potentialAction\":[{\"@type\":\"ReadAction\",\"target\":[\"https:\/\/mulheresacesta.com.br\/en\/2022\/07\/100-anos-da-selecao-brasileira-de-basquete\/\"]}]},{\"@type\":\"ImageObject\",\"inLanguage\":\"en-US\",\"@id\":\"https:\/\/mulheresacesta.com.br\/en\/2022\/07\/100-anos-da-selecao-brasileira-de-basquete\/#primaryimage\",\"url\":\"https:\/\/mulheresacesta.com.br\/wp-content\/uploads\/2022\/07\/mc4.jpg\",\"contentUrl\":\"https:\/\/mulheresacesta.com.br\/wp-content\/uploads\/2022\/07\/mc4.jpg\",\"width\":1580,\"height\":890},{\"@type\":\"BreadcrumbList\",\"@id\":\"https:\/\/mulheresacesta.com.br\/en\/2022\/07\/100-anos-da-selecao-brasileira-de-basquete\/#breadcrumb\",\"itemListElement\":[{\"@type\":\"ListItem\",\"position\":1,\"name\":\"In\u00edcio\",\"item\":\"https:\/\/mulheresacesta.com.br\/\"},{\"@type\":\"ListItem\",\"position\":2,\"name\":\"100 anos da Sele\u00e7\u00e3o Brasileira de Basquete\"}]},{\"@type\":\"WebSite\",\"@id\":\"https:\/\/mulheresacesta.com.br\/en\/#website\",\"url\":\"https:\/\/mulheresacesta.com.br\/en\/\",\"name\":\"Mulheres \u00e0 Cesta\",\"description\":\"\",\"publisher\":{\"@id\":\"https:\/\/mulheresacesta.com.br\/en\/#organization\"},\"potentialAction\":[{\"@type\":\"SearchAction\",\"target\":{\"@type\":\"EntryPoint\",\"urlTemplate\":\"https:\/\/mulheresacesta.com.br\/en\/?s={search_term_string}\"},\"query-input\":{\"@type\":\"PropertyValueSpecification\",\"valueRequired\":true,\"valueName\":\"search_term_string\"}}],\"inLanguage\":\"en-US\"},{\"@type\":\"Organization\",\"@id\":\"https:\/\/mulheresacesta.com.br\/en\/#organization\",\"name\":\"Mulheres \u00e0 Cesta\",\"url\":\"https:\/\/mulheresacesta.com.br\/en\/\",\"logo\":{\"@type\":\"ImageObject\",\"inLanguage\":\"en-US\",\"@id\":\"https:\/\/mulheresacesta.com.br\/en\/#\/schema\/logo\/image\/\",\"url\":\"https:\/\/mulheresacesta.com.br\/wp-content\/uploads\/2020\/10\/mulheres-a-cesta.jpg\",\"contentUrl\":\"https:\/\/mulheresacesta.com.br\/wp-content\/uploads\/2020\/10\/mulheres-a-cesta.jpg\",\"width\":400,\"height\":300,\"caption\":\"Mulheres \u00e0 Cesta\"},\"image\":{\"@id\":\"https:\/\/mulheresacesta.com.br\/en\/#\/schema\/logo\/image\/\"}},{\"@type\":\"Person\",\"@id\":\"https:\/\/mulheresacesta.com.br\/en\/#\/schema\/person\/11ebd3af76a9fcb3d26c815924faac42\",\"name\":\"mulheres\",\"sameAs\":[\"http:\/\/localhost\/mulheresacesta\"],\"url\":\"https:\/\/mulheresacesta.com.br\/en\/author\/mulheres\/\"}]}<\/script>\n<!-- \/ Yoast SEO plugin. -->","yoast_head_json":{"title":"100 anos da Sele\u00e7\u00e3o Brasileira de Basquete","description":"Nascia na sede do Fluminense Football Club, nas Laranjeiras, a hist\u00f3ria da Sele\u00e7\u00e3o Brasileira de basquete, laureado de gl\u00f3rias, \u00eddolos e feitos","robots":{"index":"index","follow":"follow","max-snippet":"max-snippet:-1","max-image-preview":"max-image-preview:large","max-video-preview":"max-video-preview:-1"},"canonical":"https:\/\/mulheresacesta.com.br\/en\/2022\/07\/100-anos-da-selecao-brasileira-de-basquete\/","og_locale":"en_US","og_type":"article","og_title":"[:pt]100 anos da Sele\u00e7\u00e3o Brasileira de Basquete[:] - Mulheres \u00e0 Cesta","og_description":"Nascia na sede do Fluminense Football Club, nas Laranjeiras, a hist\u00f3ria da Sele\u00e7\u00e3o Brasileira de basquete, laureado de gl\u00f3rias, \u00eddolos e feitos","og_url":"https:\/\/mulheresacesta.com.br\/en\/2022\/07\/100-anos-da-selecao-brasileira-de-basquete\/","og_site_name":"Mulheres \u00e0 Cesta","article_published_time":"2022-07-07T16:32:00+00:00","og_image":[{"width":1580,"height":890,"url":"https:\/\/mulheresacesta.com.br\/wp-content\/uploads\/2022\/07\/mc4.jpg","type":"image\/jpeg"}],"author":"mulheres","twitter_card":"summary_large_image","twitter_misc":{"Written by":"mulheres","Est. reading time":"1 minute"},"schema":{"@context":"https:\/\/schema.org","@graph":[{"@type":"Article","@id":"https:\/\/mulheresacesta.com.br\/en\/2022\/07\/100-anos-da-selecao-brasileira-de-basquete\/#article","isPartOf":{"@id":"https:\/\/mulheresacesta.com.br\/en\/2022\/07\/100-anos-da-selecao-brasileira-de-basquete\/"},"author":{"name":"mulheres","@id":"https:\/\/mulheresacesta.com.br\/en\/#\/schema\/person\/11ebd3af76a9fcb3d26c815924faac42"},"headline":"100 anos da Sele\u00e7\u00e3o Brasileira de Basquete","datePublished":"2022-07-07T16:32:00+00:00","mainEntityOfPage":{"@id":"https:\/\/mulheresacesta.com.br\/en\/2022\/07\/100-anos-da-selecao-brasileira-de-basquete\/"},"wordCount":258,"commentCount":0,"publisher":{"@id":"https:\/\/mulheresacesta.com.br\/en\/#organization"},"image":{"@id":"https:\/\/mulheresacesta.com.br\/en\/2022\/07\/100-anos-da-selecao-brasileira-de-basquete\/#primaryimage"},"thumbnailUrl":"https:\/\/mulheresacesta.com.br\/wp-content\/uploads\/2022\/07\/mc4.jpg","keywords":["cbb","mulheres no esporte","selo","basquete feminino"],"articleSection":["Blog"],"inLanguage":"en-US","potentialAction":[{"@type":"CommentAction","name":"Comment","target":["https:\/\/mulheresacesta.com.br\/en\/2022\/07\/100-anos-da-selecao-brasileira-de-basquete\/#respond"]}]},{"@type":"WebPage","@id":"https:\/\/mulheresacesta.com.br\/en\/2022\/07\/100-anos-da-selecao-brasileira-de-basquete\/","url":"https:\/\/mulheresacesta.com.br\/en\/2022\/07\/100-anos-da-selecao-brasileira-de-basquete\/","name":"100 anos da Sele\u00e7\u00e3o Brasileira de Basquete","isPartOf":{"@id":"https:\/\/mulheresacesta.com.br\/en\/#website"},"primaryImageOfPage":{"@id":"https:\/\/mulheresacesta.com.br\/en\/2022\/07\/100-anos-da-selecao-brasileira-de-basquete\/#primaryimage"},"image":{"@id":"https:\/\/mulheresacesta.com.br\/en\/2022\/07\/100-anos-da-selecao-brasileira-de-basquete\/#primaryimage"},"thumbnailUrl":"https:\/\/mulheresacesta.com.br\/wp-content\/uploads\/2022\/07\/mc4.jpg","datePublished":"2022-07-07T16:32:00+00:00","description":"Nascia na sede do Fluminense Football Club, nas Laranjeiras, a hist\u00f3ria da Sele\u00e7\u00e3o Brasileira de basquete, laureado de gl\u00f3rias, \u00eddolos e feitos","breadcrumb":{"@id":"https:\/\/mulheresacesta.com.br\/en\/2022\/07\/100-anos-da-selecao-brasileira-de-basquete\/#breadcrumb"},"inLanguage":"en-US","potentialAction":[{"@type":"ReadAction","target":["https:\/\/mulheresacesta.com.br\/en\/2022\/07\/100-anos-da-selecao-brasileira-de-basquete\/"]}]},{"@type":"ImageObject","inLanguage":"en-US","@id":"https:\/\/mulheresacesta.com.br\/en\/2022\/07\/100-anos-da-selecao-brasileira-de-basquete\/#primaryimage","url":"https:\/\/mulheresacesta.com.br\/wp-content\/uploads\/2022\/07\/mc4.jpg","contentUrl":"https:\/\/mulheresacesta.com.br\/wp-content\/uploads\/2022\/07\/mc4.jpg","width":1580,"height":890},{"@type":"BreadcrumbList","@id":"https:\/\/mulheresacesta.com.br\/en\/2022\/07\/100-anos-da-selecao-brasileira-de-basquete\/#breadcrumb","itemListElement":[{"@type":"ListItem","position":1,"name":"In\u00edcio","item":"https:\/\/mulheresacesta.com.br\/"},{"@type":"ListItem","position":2,"name":"100 anos da Sele\u00e7\u00e3o Brasileira de Basquete"}]},{"@type":"WebSite","@id":"https:\/\/mulheresacesta.com.br\/en\/#website","url":"https:\/\/mulheresacesta.com.br\/en\/","name":"Mulheres \u00e0 Cesta","description":"","publisher":{"@id":"https:\/\/mulheresacesta.com.br\/en\/#organization"},"potentialAction":[{"@type":"SearchAction","target":{"@type":"EntryPoint","urlTemplate":"https:\/\/mulheresacesta.com.br\/en\/?s={search_term_string}"},"query-input":{"@type":"PropertyValueSpecification","valueRequired":true,"valueName":"search_term_string"}}],"inLanguage":"en-US"},{"@type":"Organization","@id":"https:\/\/mulheresacesta.com.br\/en\/#organization","name":"Mulheres \u00e0 Cesta","url":"https:\/\/mulheresacesta.com.br\/en\/","logo":{"@type":"ImageObject","inLanguage":"en-US","@id":"https:\/\/mulheresacesta.com.br\/en\/#\/schema\/logo\/image\/","url":"https:\/\/mulheresacesta.com.br\/wp-content\/uploads\/2020\/10\/mulheres-a-cesta.jpg","contentUrl":"https:\/\/mulheresacesta.com.br\/wp-content\/uploads\/2020\/10\/mulheres-a-cesta.jpg","width":400,"height":300,"caption":"Mulheres \u00e0 Cesta"},"image":{"@id":"https:\/\/mulheresacesta.com.br\/en\/#\/schema\/logo\/image\/"}},{"@type":"Person","@id":"https:\/\/mulheresacesta.com.br\/en\/#\/schema\/person\/11ebd3af76a9fcb3d26c815924faac42","name":"mulheres","sameAs":["http:\/\/localhost\/mulheresacesta"],"url":"https:\/\/mulheresacesta.com.br\/en\/author\/mulheres\/"}]}},"_links":{"self":[{"href":"https:\/\/mulheresacesta.com.br\/en\/wp-json\/wp\/v2\/posts\/3484","targetHints":{"allow":["GET"]}}],"collection":[{"href":"https:\/\/mulheresacesta.com.br\/en\/wp-json\/wp\/v2\/posts"}],"about":[{"href":"https:\/\/mulheresacesta.com.br\/en\/wp-json\/wp\/v2\/types\/post"}],"author":[{"embeddable":true,"href":"https:\/\/mulheresacesta.com.br\/en\/wp-json\/wp\/v2\/users\/1"}],"replies":[{"embeddable":true,"href":"https:\/\/mulheresacesta.com.br\/en\/wp-json\/wp\/v2\/comments?post=3484"}],"version-history":[{"count":3,"href":"https:\/\/mulheresacesta.com.br\/en\/wp-json\/wp\/v2\/posts\/3484\/revisions"}],"predecessor-version":[{"id":3507,"href":"https:\/\/mulheresacesta.com.br\/en\/wp-json\/wp\/v2\/posts\/3484\/revisions\/3507"}],"wp:featuredmedia":[{"embeddable":true,"href":"https:\/\/mulheresacesta.com.br\/en\/wp-json\/wp\/v2\/media\/3505"}],"wp:attachment":[{"href":"https:\/\/mulheresacesta.com.br\/en\/wp-json\/wp\/v2\/media?parent=3484"}],"wp:term":[{"taxonomy":"category","embeddable":true,"href":"https:\/\/mulheresacesta.com.br\/en\/wp-json\/wp\/v2\/categories?post=3484"},{"taxonomy":"post_tag","embeddable":true,"href":"https:\/\/mulheresacesta.com.br\/en\/wp-json\/wp\/v2\/tags?post=3484"}],"curies":[{"name":"wp","href":"https:\/\/api.w.org\/{rel}","templated":true}]}}