{"id":3513,"date":"2022-07-29T09:25:00","date_gmt":"2022-07-29T12:25:00","guid":{"rendered":"https:\/\/mulheresacesta.com.br\/?p=3513"},"modified":"2022-07-08T09:31:52","modified_gmt":"2022-07-08T12:31:52","slug":"sul-americano-a-vista","status":"publish","type":"post","link":"https:\/\/mulheresacesta.com.br\/en\/2022\/07\/sul-americano-a-vista\/","title":{"rendered":"Sul-Americano a vista"},"content":{"rendered":"\n<p>O torneio \u00e9 o primeiro passo de prepara\u00e7\u00e3o para o ciclo ol\u00edmpico de Paris 2024.<\/p>\n\n\n\n<p>As 19 atletas convocadas pela comiss\u00e3o t\u00e9cnica liderada pelo treinador Jos\u00e9 Neto se apresentam no dia 19 de julho, em Salto, S\u00e3o Paulo, onde se preparam no Centro Esportivo Jo\u00e3o Luiz Guarda at\u00e9 o dia 30, data do embarque para a Argentina.<\/p>\n\n\n\n<p><strong>Equipe<\/strong><br>A convoca\u00e7\u00e3o conta com boa parte da base da equipe que disputou o \u00faltimo Pr\u00e9-Mundial, em Belgrado, com nomes como D\u00e9bora Costa, Alana, Tain\u00e1, Ramona, Patty, Mariane, Rapha Monteiro, Stephanie Soares, \u00c9rika, Aline e Kamilla.<\/p>\n\n\n\n<p>A lista tamb\u00e9m tem o retorno da piv\u00f4 Clarissa dos Santos. E conta com outras atletas que t\u00eam se destacado nesta LBF, como Carina, Maria Albiero, Gabriella Soares, Leila, Sass\u00e1, Emanuely e Let\u00edcia Josefino. Por estar em a\u00e7\u00e3o com o Minnesota Lynx, na temporada regular da WNBA, Damiris Dantas foi liberada.<\/p>\n","protected":false},"excerpt":{"rendered":"<p>O torneio \u00e9 o primeiro passo de prepara\u00e7\u00e3o para o ciclo ol\u00edmpico de Paris 2024. As 19 atletas convocadas pela comiss\u00e3o t\u00e9cnica liderada pelo treinador Jos\u00e9 Neto se apresentam no dia 19 de julho, em Salto, S\u00e3o Paulo, onde se preparam no Centro Esportivo Jo\u00e3o Luiz Guarda at\u00e9 o dia 30, data do embarque para [&hellip;]<\/p>\n","protected":false},"author":1,"featured_media":3527,"comment_status":"open","ping_status":"open","sticky":false,"template":"","format":"standard","meta":{"footnotes":""},"categories":[12],"tags":[63,229,15],"class_list":["post-3513","post","type-post","status-publish","format-standard","has-post-thumbnail","hentry","category-blog","tag-basquete-brasil","tag-sul-americano-de-san-luis","tag-basquete-feminino"],"acf":[],"yoast_head":"<!-- This site is optimized with the Yoast SEO plugin v26.4 - https:\/\/yoast.com\/wordpress\/plugins\/seo\/ -->\n<title>Sul-Americano a vista<\/title>\n<meta name=\"description\" content=\"O torneio \u00e9 o primeiro passo de prepara\u00e7\u00e3o para o ciclo ol\u00edmpico de Paris 2024. As 19 atletas convocadas pela comiss\u00e3o t\u00e9cnica liderada pelo treinador\" \/>\n<meta name=\"robots\" content=\"index, follow, max-snippet:-1, max-image-preview:large, max-video-preview:-1\" \/>\n<link rel=\"canonical\" href=\"https:\/\/mulheresacesta.com.br\/en\/2022\/07\/sul-americano-a-vista\/\" \/>\n<meta property=\"og:locale\" content=\"en_US\" \/>\n<meta property=\"og:locale:alternate\" content=\"pt_BR\" \/>\n<meta property=\"og:type\" content=\"article\" \/>\n<meta property=\"og:title\" content=\"Sul-Americano a vista\" \/>\n<meta property=\"og:description\" content=\"O torneio \u00e9 o primeiro passo de prepara\u00e7\u00e3o para o ciclo ol\u00edmpico de Paris 2024. As 19 atletas convocadas pela comiss\u00e3o t\u00e9cnica liderada pelo treinador\" \/>\n<meta property=\"og:url\" content=\"https:\/\/mulheresacesta.com.br\/en\/2022\/07\/sul-americano-a-vista\/\" \/>\n<meta property=\"og:site_name\" content=\"Mulheres \u00e0 Cesta\" \/>\n<meta property=\"article:published_time\" content=\"2022-07-29T12:25:00+00:00\" \/>\n<meta property=\"og:image\" content=\"https:\/\/mulheresacesta.com.br\/wp-content\/uploads\/2022\/07\/mc2-1.jpg\" \/>\n\t<meta property=\"og:image:width\" content=\"1580\" \/>\n\t<meta property=\"og:image:height\" content=\"890\" \/>\n\t<meta property=\"og:image:type\" content=\"image\/jpeg\" \/>\n<meta name=\"author\" content=\"mulheres\" \/>\n<meta name=\"twitter:card\" content=\"summary_large_image\" \/>\n<meta name=\"twitter:label1\" content=\"Written by\" \/>\n\t<meta name=\"twitter:data1\" content=\"mulheres\" \/>\n\t<meta name=\"twitter:label2\" content=\"Est. reading time\" \/>\n\t<meta name=\"twitter:data2\" content=\"1 minute\" \/>\n<script type=\"application\/ld+json\" class=\"yoast-schema-graph\">{\"@context\":\"https:\/\/schema.org\",\"@graph\":[{\"@type\":\"Article\",\"@id\":\"https:\/\/mulheresacesta.com.br\/en\/2022\/07\/sul-americano-a-vista\/#article\",\"isPartOf\":{\"@id\":\"https:\/\/mulheresacesta.com.br\/en\/2022\/07\/sul-americano-a-vista\/\"},\"author\":{\"name\":\"mulheres\",\"@id\":\"https:\/\/mulheresacesta.com.br\/en\/#\/schema\/person\/11ebd3af76a9fcb3d26c815924faac42\"},\"headline\":\"Sul-Americano a vista\",\"datePublished\":\"2022-07-29T12:25:00+00:00\",\"mainEntityOfPage\":{\"@id\":\"https:\/\/mulheresacesta.com.br\/en\/2022\/07\/sul-americano-a-vista\/\"},\"wordCount\":157,\"commentCount\":0,\"publisher\":{\"@id\":\"https:\/\/mulheresacesta.com.br\/en\/#organization\"},\"image\":{\"@id\":\"https:\/\/mulheresacesta.com.br\/en\/2022\/07\/sul-americano-a-vista\/#primaryimage\"},\"thumbnailUrl\":\"https:\/\/mulheresacesta.com.br\/wp-content\/uploads\/2022\/07\/mc2-1.jpg\",\"keywords\":[\"basquete brasil\",\"Sul-Americano de San Luis\",\"basquete feminino\"],\"articleSection\":[\"Blog\"],\"inLanguage\":\"en-US\",\"potentialAction\":[{\"@type\":\"CommentAction\",\"name\":\"Comment\",\"target\":[\"https:\/\/mulheresacesta.com.br\/en\/2022\/07\/sul-americano-a-vista\/#respond\"]}]},{\"@type\":\"WebPage\",\"@id\":\"https:\/\/mulheresacesta.com.br\/en\/2022\/07\/sul-americano-a-vista\/\",\"url\":\"https:\/\/mulheresacesta.com.br\/en\/2022\/07\/sul-americano-a-vista\/\",\"name\":\"Sul-Americano a vista\",\"isPartOf\":{\"@id\":\"https:\/\/mulheresacesta.com.br\/en\/#website\"},\"primaryImageOfPage\":{\"@id\":\"https:\/\/mulheresacesta.com.br\/en\/2022\/07\/sul-americano-a-vista\/#primaryimage\"},\"image\":{\"@id\":\"https:\/\/mulheresacesta.com.br\/en\/2022\/07\/sul-americano-a-vista\/#primaryimage\"},\"thumbnailUrl\":\"https:\/\/mulheresacesta.com.br\/wp-content\/uploads\/2022\/07\/mc2-1.jpg\",\"datePublished\":\"2022-07-29T12:25:00+00:00\",\"description\":\"O torneio \u00e9 o primeiro passo de prepara\u00e7\u00e3o para o ciclo ol\u00edmpico de Paris 2024. As 19 atletas convocadas pela comiss\u00e3o t\u00e9cnica liderada pelo treinador\",\"breadcrumb\":{\"@id\":\"https:\/\/mulheresacesta.com.br\/en\/2022\/07\/sul-americano-a-vista\/#breadcrumb\"},\"inLanguage\":\"en-US\",\"potentialAction\":[{\"@type\":\"ReadAction\",\"target\":[\"https:\/\/mulheresacesta.com.br\/en\/2022\/07\/sul-americano-a-vista\/\"]}]},{\"@type\":\"ImageObject\",\"inLanguage\":\"en-US\",\"@id\":\"https:\/\/mulheresacesta.com.br\/en\/2022\/07\/sul-americano-a-vista\/#primaryimage\",\"url\":\"https:\/\/mulheresacesta.com.br\/wp-content\/uploads\/2022\/07\/mc2-1.jpg\",\"contentUrl\":\"https:\/\/mulheresacesta.com.br\/wp-content\/uploads\/2022\/07\/mc2-1.jpg\",\"width\":1580,\"height\":890},{\"@type\":\"BreadcrumbList\",\"@id\":\"https:\/\/mulheresacesta.com.br\/en\/2022\/07\/sul-americano-a-vista\/#breadcrumb\",\"itemListElement\":[{\"@type\":\"ListItem\",\"position\":1,\"name\":\"In\u00edcio\",\"item\":\"https:\/\/mulheresacesta.com.br\/\"},{\"@type\":\"ListItem\",\"position\":2,\"name\":\"Sul-Americano a vista\"}]},{\"@type\":\"WebSite\",\"@id\":\"https:\/\/mulheresacesta.com.br\/en\/#website\",\"url\":\"https:\/\/mulheresacesta.com.br\/en\/\",\"name\":\"Mulheres \u00e0 Cesta\",\"description\":\"\",\"publisher\":{\"@id\":\"https:\/\/mulheresacesta.com.br\/en\/#organization\"},\"potentialAction\":[{\"@type\":\"SearchAction\",\"target\":{\"@type\":\"EntryPoint\",\"urlTemplate\":\"https:\/\/mulheresacesta.com.br\/en\/?s={search_term_string}\"},\"query-input\":{\"@type\":\"PropertyValueSpecification\",\"valueRequired\":true,\"valueName\":\"search_term_string\"}}],\"inLanguage\":\"en-US\"},{\"@type\":\"Organization\",\"@id\":\"https:\/\/mulheresacesta.com.br\/en\/#organization\",\"name\":\"Mulheres \u00e0 Cesta\",\"url\":\"https:\/\/mulheresacesta.com.br\/en\/\",\"logo\":{\"@type\":\"ImageObject\",\"inLanguage\":\"en-US\",\"@id\":\"https:\/\/mulheresacesta.com.br\/en\/#\/schema\/logo\/image\/\",\"url\":\"https:\/\/mulheresacesta.com.br\/wp-content\/uploads\/2020\/10\/mulheres-a-cesta.jpg\",\"contentUrl\":\"https:\/\/mulheresacesta.com.br\/wp-content\/uploads\/2020\/10\/mulheres-a-cesta.jpg\",\"width\":400,\"height\":300,\"caption\":\"Mulheres \u00e0 Cesta\"},\"image\":{\"@id\":\"https:\/\/mulheresacesta.com.br\/en\/#\/schema\/logo\/image\/\"}},{\"@type\":\"Person\",\"@id\":\"https:\/\/mulheresacesta.com.br\/en\/#\/schema\/person\/11ebd3af76a9fcb3d26c815924faac42\",\"name\":\"mulheres\",\"sameAs\":[\"http:\/\/localhost\/mulheresacesta\"],\"url\":\"https:\/\/mulheresacesta.com.br\/en\/author\/mulheres\/\"}]}<\/script>\n<!-- \/ Yoast SEO plugin. -->","yoast_head_json":{"title":"Sul-Americano a vista","description":"O torneio \u00e9 o primeiro passo de prepara\u00e7\u00e3o para o ciclo ol\u00edmpico de Paris 2024. As 19 atletas convocadas pela comiss\u00e3o t\u00e9cnica liderada pelo treinador","robots":{"index":"index","follow":"follow","max-snippet":"max-snippet:-1","max-image-preview":"max-image-preview:large","max-video-preview":"max-video-preview:-1"},"canonical":"https:\/\/mulheresacesta.com.br\/en\/2022\/07\/sul-americano-a-vista\/","og_locale":"en_US","og_type":"article","og_title":"[:pt]Sul-Americano a vista[:] - Mulheres \u00e0 Cesta","og_description":"O torneio \u00e9 o primeiro passo de prepara\u00e7\u00e3o para o ciclo ol\u00edmpico de Paris 2024. As 19 atletas convocadas pela comiss\u00e3o t\u00e9cnica liderada pelo treinador","og_url":"https:\/\/mulheresacesta.com.br\/en\/2022\/07\/sul-americano-a-vista\/","og_site_name":"Mulheres \u00e0 Cesta","article_published_time":"2022-07-29T12:25:00+00:00","og_image":[{"width":1580,"height":890,"url":"https:\/\/mulheresacesta.com.br\/wp-content\/uploads\/2022\/07\/mc2-1.jpg","type":"image\/jpeg"}],"author":"mulheres","twitter_card":"summary_large_image","twitter_misc":{"Written by":"mulheres","Est. reading time":"1 minute"},"schema":{"@context":"https:\/\/schema.org","@graph":[{"@type":"Article","@id":"https:\/\/mulheresacesta.com.br\/en\/2022\/07\/sul-americano-a-vista\/#article","isPartOf":{"@id":"https:\/\/mulheresacesta.com.br\/en\/2022\/07\/sul-americano-a-vista\/"},"author":{"name":"mulheres","@id":"https:\/\/mulheresacesta.com.br\/en\/#\/schema\/person\/11ebd3af76a9fcb3d26c815924faac42"},"headline":"Sul-Americano a vista","datePublished":"2022-07-29T12:25:00+00:00","mainEntityOfPage":{"@id":"https:\/\/mulheresacesta.com.br\/en\/2022\/07\/sul-americano-a-vista\/"},"wordCount":157,"commentCount":0,"publisher":{"@id":"https:\/\/mulheresacesta.com.br\/en\/#organization"},"image":{"@id":"https:\/\/mulheresacesta.com.br\/en\/2022\/07\/sul-americano-a-vista\/#primaryimage"},"thumbnailUrl":"https:\/\/mulheresacesta.com.br\/wp-content\/uploads\/2022\/07\/mc2-1.jpg","keywords":["basquete brasil","Sul-Americano de San Luis","basquete feminino"],"articleSection":["Blog"],"inLanguage":"en-US","potentialAction":[{"@type":"CommentAction","name":"Comment","target":["https:\/\/mulheresacesta.com.br\/en\/2022\/07\/sul-americano-a-vista\/#respond"]}]},{"@type":"WebPage","@id":"https:\/\/mulheresacesta.com.br\/en\/2022\/07\/sul-americano-a-vista\/","url":"https:\/\/mulheresacesta.com.br\/en\/2022\/07\/sul-americano-a-vista\/","name":"Sul-Americano a vista","isPartOf":{"@id":"https:\/\/mulheresacesta.com.br\/en\/#website"},"primaryImageOfPage":{"@id":"https:\/\/mulheresacesta.com.br\/en\/2022\/07\/sul-americano-a-vista\/#primaryimage"},"image":{"@id":"https:\/\/mulheresacesta.com.br\/en\/2022\/07\/sul-americano-a-vista\/#primaryimage"},"thumbnailUrl":"https:\/\/mulheresacesta.com.br\/wp-content\/uploads\/2022\/07\/mc2-1.jpg","datePublished":"2022-07-29T12:25:00+00:00","description":"O torneio \u00e9 o primeiro passo de prepara\u00e7\u00e3o para o ciclo ol\u00edmpico de Paris 2024. As 19 atletas convocadas pela comiss\u00e3o t\u00e9cnica liderada pelo treinador","breadcrumb":{"@id":"https:\/\/mulheresacesta.com.br\/en\/2022\/07\/sul-americano-a-vista\/#breadcrumb"},"inLanguage":"en-US","potentialAction":[{"@type":"ReadAction","target":["https:\/\/mulheresacesta.com.br\/en\/2022\/07\/sul-americano-a-vista\/"]}]},{"@type":"ImageObject","inLanguage":"en-US","@id":"https:\/\/mulheresacesta.com.br\/en\/2022\/07\/sul-americano-a-vista\/#primaryimage","url":"https:\/\/mulheresacesta.com.br\/wp-content\/uploads\/2022\/07\/mc2-1.jpg","contentUrl":"https:\/\/mulheresacesta.com.br\/wp-content\/uploads\/2022\/07\/mc2-1.jpg","width":1580,"height":890},{"@type":"BreadcrumbList","@id":"https:\/\/mulheresacesta.com.br\/en\/2022\/07\/sul-americano-a-vista\/#breadcrumb","itemListElement":[{"@type":"ListItem","position":1,"name":"In\u00edcio","item":"https:\/\/mulheresacesta.com.br\/"},{"@type":"ListItem","position":2,"name":"Sul-Americano a vista"}]},{"@type":"WebSite","@id":"https:\/\/mulheresacesta.com.br\/en\/#website","url":"https:\/\/mulheresacesta.com.br\/en\/","name":"Mulheres \u00e0 Cesta","description":"","publisher":{"@id":"https:\/\/mulheresacesta.com.br\/en\/#organization"},"potentialAction":[{"@type":"SearchAction","target":{"@type":"EntryPoint","urlTemplate":"https:\/\/mulheresacesta.com.br\/en\/?s={search_term_string}"},"query-input":{"@type":"PropertyValueSpecification","valueRequired":true,"valueName":"search_term_string"}}],"inLanguage":"en-US"},{"@type":"Organization","@id":"https:\/\/mulheresacesta.com.br\/en\/#organization","name":"Mulheres \u00e0 Cesta","url":"https:\/\/mulheresacesta.com.br\/en\/","logo":{"@type":"ImageObject","inLanguage":"en-US","@id":"https:\/\/mulheresacesta.com.br\/en\/#\/schema\/logo\/image\/","url":"https:\/\/mulheresacesta.com.br\/wp-content\/uploads\/2020\/10\/mulheres-a-cesta.jpg","contentUrl":"https:\/\/mulheresacesta.com.br\/wp-content\/uploads\/2020\/10\/mulheres-a-cesta.jpg","width":400,"height":300,"caption":"Mulheres \u00e0 Cesta"},"image":{"@id":"https:\/\/mulheresacesta.com.br\/en\/#\/schema\/logo\/image\/"}},{"@type":"Person","@id":"https:\/\/mulheresacesta.com.br\/en\/#\/schema\/person\/11ebd3af76a9fcb3d26c815924faac42","name":"mulheres","sameAs":["http:\/\/localhost\/mulheresacesta"],"url":"https:\/\/mulheresacesta.com.br\/en\/author\/mulheres\/"}]}},"_links":{"self":[{"href":"https:\/\/mulheresacesta.com.br\/en\/wp-json\/wp\/v2\/posts\/3513","targetHints":{"allow":["GET"]}}],"collection":[{"href":"https:\/\/mulheresacesta.com.br\/en\/wp-json\/wp\/v2\/posts"}],"about":[{"href":"https:\/\/mulheresacesta.com.br\/en\/wp-json\/wp\/v2\/types\/post"}],"author":[{"embeddable":true,"href":"https:\/\/mulheresacesta.com.br\/en\/wp-json\/wp\/v2\/users\/1"}],"replies":[{"embeddable":true,"href":"https:\/\/mulheresacesta.com.br\/en\/wp-json\/wp\/v2\/comments?post=3513"}],"version-history":[{"count":4,"href":"https:\/\/mulheresacesta.com.br\/en\/wp-json\/wp\/v2\/posts\/3513\/revisions"}],"predecessor-version":[{"id":3558,"href":"https:\/\/mulheresacesta.com.br\/en\/wp-json\/wp\/v2\/posts\/3513\/revisions\/3558"}],"wp:featuredmedia":[{"embeddable":true,"href":"https:\/\/mulheresacesta.com.br\/en\/wp-json\/wp\/v2\/media\/3527"}],"wp:attachment":[{"href":"https:\/\/mulheresacesta.com.br\/en\/wp-json\/wp\/v2\/media?parent=3513"}],"wp:term":[{"taxonomy":"category","embeddable":true,"href":"https:\/\/mulheresacesta.com.br\/en\/wp-json\/wp\/v2\/categories?post=3513"},{"taxonomy":"post_tag","embeddable":true,"href":"https:\/\/mulheresacesta.com.br\/en\/wp-json\/wp\/v2\/tags?post=3513"}],"curies":[{"name":"wp","href":"https:\/\/api.w.org\/{rel}","templated":true}]}}