{"id":3533,"date":"2022-07-18T10:20:00","date_gmt":"2022-07-18T13:20:00","guid":{"rendered":"https:\/\/mulheresacesta.com.br\/?p=3533"},"modified":"2022-07-18T14:45:59","modified_gmt":"2022-07-18T17:45:59","slug":"a-geracao-do-futuro","status":"publish","type":"post","link":"https:\/\/mulheresacesta.com.br\/en\/2022\/07\/a-geracao-do-futuro\/","title":{"rendered":"A gera\u00e7\u00e3o do futuro"},"content":{"rendered":"\n<p>O evento faz parte da 2\u00aa Semana Nacional dos Clubes, e ser\u00e1 realizado no Hotel Bourbon Cataratas do Igua\u00e7u, na cidade de Foz do Igua\u00e7u, entre os dias 31 de outubro a 02 de novembro.<\/p>\n\n\n\n<p>O&nbsp;VIII Semin\u00e1rio Nacional de Forma\u00e7\u00e3o Esportiva \u00e9 um evento direcionado aos Gestores Profissionais e T\u00e9cnicos dos Clubes, j\u00e1 que tem como objetivo a ampla discuss\u00e3o do Programa de Forma\u00e7\u00e3o de Atletas.<\/p>\n\n\n\n<p>J\u00e1 est\u00e3o confirmadas a realiza\u00e7\u00e3o de debates, palestras, plant\u00f5es t\u00e9cnicos esportivos, entre outras atividades que estar\u00e3o \u00e0 disposi\u00e7\u00e3o dos participantes.&nbsp;<\/p>\n\n\n\n<p><strong>Inscri\u00e7\u00f5es<\/strong><br>\u00c9 obrigat\u00f3ria a participa\u00e7\u00e3o de todos os Clubes integrados ao CBC, com direito a 2 participantes em 1 apartamento duplo com alimenta\u00e7\u00e3o + passagens a\u00e9reas de ida e volta.<\/p>\n\n\n\n<p>No momento da inscri\u00e7\u00e3o, assim como para participar do evento, o Clube dever\u00e1 estar adimplente com as Contribui\u00e7\u00f5es Associativas e demais obriga\u00e7\u00f5es junto ao CBC. Mais informa\u00e7\u00f5es e inscri\u00e7\u00f5es pelo <a href=\"https:\/\/evento.cbclubes.org.br\/?evnt=37\">site<\/a><\/p>\n","protected":false},"excerpt":{"rendered":"<p>O evento faz parte da 2\u00aa Semana Nacional dos Clubes, e ser\u00e1 realizado no Hotel Bourbon Cataratas do Igua\u00e7u, na cidade de Foz do Igua\u00e7u, entre os dias 31 de outubro a 02 de novembro. O&nbsp;VIII Semin\u00e1rio Nacional de Forma\u00e7\u00e3o Esportiva \u00e9 um evento direcionado aos Gestores Profissionais e T\u00e9cnicos dos Clubes, j\u00e1 que tem [&hellip;]<\/p>\n","protected":false},"author":1,"featured_media":3534,"comment_status":"open","ping_status":"open","sticky":false,"template":"","format":"standard","meta":{"footnotes":""},"categories":[12],"tags":[233,232,231],"class_list":["post-3533","post","type-post","status-publish","format-standard","has-post-thumbnail","hentry","category-blog","tag-formacao-esortiva","tag-seminario","tag-tecnico"],"acf":[],"yoast_head":"<!-- This site is optimized with the Yoast SEO plugin v26.4 - https:\/\/yoast.com\/wordpress\/plugins\/seo\/ -->\n<title>A gera\u00e7\u00e3o do futuro<\/title>\n<meta name=\"description\" content=\"O evento faz parte da 2\u00aa Semana Nacional dos Clubes, e ser\u00e1 realizado no Hotel Bourbon Cataratas do Igua\u00e7u, na cidade de Foz do Igua\u00e7u, entre os dias 31\" \/>\n<meta name=\"robots\" content=\"index, follow, max-snippet:-1, max-image-preview:large, max-video-preview:-1\" \/>\n<link rel=\"canonical\" href=\"https:\/\/mulheresacesta.com.br\/en\/2022\/07\/a-geracao-do-futuro\/\" \/>\n<meta property=\"og:locale\" content=\"en_US\" \/>\n<meta property=\"og:locale:alternate\" content=\"pt_BR\" \/>\n<meta property=\"og:type\" content=\"article\" \/>\n<meta property=\"og:title\" content=\"A gera\u00e7\u00e3o do futuro\" \/>\n<meta property=\"og:description\" content=\"O evento faz parte da 2\u00aa Semana Nacional dos Clubes, e ser\u00e1 realizado no Hotel Bourbon Cataratas do Igua\u00e7u, na cidade de Foz do Igua\u00e7u, entre os dias 31\" \/>\n<meta property=\"og:url\" content=\"https:\/\/mulheresacesta.com.br\/en\/2022\/07\/a-geracao-do-futuro\/\" \/>\n<meta property=\"og:site_name\" content=\"Mulheres \u00e0 Cesta\" \/>\n<meta property=\"article:published_time\" content=\"2022-07-18T13:20:00+00:00\" \/>\n<meta property=\"article:modified_time\" content=\"2022-07-18T17:45:59+00:00\" \/>\n<meta property=\"og:image\" content=\"https:\/\/mulheresacesta.com.br\/wp-content\/uploads\/2022\/07\/Untitled-1.jpg\" \/>\n\t<meta property=\"og:image:width\" content=\"1580\" \/>\n\t<meta property=\"og:image:height\" content=\"890\" \/>\n\t<meta property=\"og:image:type\" content=\"image\/jpeg\" \/>\n<meta name=\"author\" content=\"mulheres\" \/>\n<meta name=\"twitter:card\" content=\"summary_large_image\" \/>\n<meta name=\"twitter:label1\" content=\"Written by\" \/>\n\t<meta name=\"twitter:data1\" content=\"mulheres\" \/>\n\t<meta name=\"twitter:label2\" content=\"Est. reading time\" \/>\n\t<meta name=\"twitter:data2\" content=\"1 minute\" \/>\n<script type=\"application\/ld+json\" class=\"yoast-schema-graph\">{\"@context\":\"https:\/\/schema.org\",\"@graph\":[{\"@type\":\"Article\",\"@id\":\"https:\/\/mulheresacesta.com.br\/2022\/07\/a-geracao-do-futuro\/#article\",\"isPartOf\":{\"@id\":\"https:\/\/mulheresacesta.com.br\/2022\/07\/a-geracao-do-futuro\/\"},\"author\":{\"name\":\"mulheres\",\"@id\":\"https:\/\/mulheresacesta.com.br\/en\/#\/schema\/person\/11ebd3af76a9fcb3d26c815924faac42\"},\"headline\":\"A gera\u00e7\u00e3o do futuro\",\"datePublished\":\"2022-07-18T13:20:00+00:00\",\"dateModified\":\"2022-07-18T17:45:59+00:00\",\"mainEntityOfPage\":{\"@id\":\"https:\/\/mulheresacesta.com.br\/2022\/07\/a-geracao-do-futuro\/\"},\"wordCount\":171,\"commentCount\":0,\"publisher\":{\"@id\":\"https:\/\/mulheresacesta.com.br\/en\/#organization\"},\"image\":{\"@id\":\"https:\/\/mulheresacesta.com.br\/2022\/07\/a-geracao-do-futuro\/#primaryimage\"},\"thumbnailUrl\":\"https:\/\/mulheresacesta.com.br\/wp-content\/uploads\/2022\/07\/Untitled-1.jpg\",\"keywords\":[\"forma\u00e7\u00e3o esortiva\",\"seminario\",\"tecnico\"],\"articleSection\":[\"Blog\"],\"inLanguage\":\"en-US\",\"potentialAction\":[{\"@type\":\"CommentAction\",\"name\":\"Comment\",\"target\":[\"https:\/\/mulheresacesta.com.br\/2022\/07\/a-geracao-do-futuro\/#respond\"]}]},{\"@type\":\"WebPage\",\"@id\":\"https:\/\/mulheresacesta.com.br\/2022\/07\/a-geracao-do-futuro\/\",\"url\":\"https:\/\/mulheresacesta.com.br\/2022\/07\/a-geracao-do-futuro\/\",\"name\":\"A gera\u00e7\u00e3o do futuro\",\"isPartOf\":{\"@id\":\"https:\/\/mulheresacesta.com.br\/en\/#website\"},\"primaryImageOfPage\":{\"@id\":\"https:\/\/mulheresacesta.com.br\/2022\/07\/a-geracao-do-futuro\/#primaryimage\"},\"image\":{\"@id\":\"https:\/\/mulheresacesta.com.br\/2022\/07\/a-geracao-do-futuro\/#primaryimage\"},\"thumbnailUrl\":\"https:\/\/mulheresacesta.com.br\/wp-content\/uploads\/2022\/07\/Untitled-1.jpg\",\"datePublished\":\"2022-07-18T13:20:00+00:00\",\"dateModified\":\"2022-07-18T17:45:59+00:00\",\"description\":\"O evento faz parte da 2\u00aa Semana Nacional dos Clubes, e ser\u00e1 realizado no Hotel Bourbon Cataratas do Igua\u00e7u, na cidade de Foz do Igua\u00e7u, entre os dias 31\",\"breadcrumb\":{\"@id\":\"https:\/\/mulheresacesta.com.br\/2022\/07\/a-geracao-do-futuro\/#breadcrumb\"},\"inLanguage\":\"en-US\",\"potentialAction\":[{\"@type\":\"ReadAction\",\"target\":[\"https:\/\/mulheresacesta.com.br\/2022\/07\/a-geracao-do-futuro\/\"]}]},{\"@type\":\"ImageObject\",\"inLanguage\":\"en-US\",\"@id\":\"https:\/\/mulheresacesta.com.br\/2022\/07\/a-geracao-do-futuro\/#primaryimage\",\"url\":\"https:\/\/mulheresacesta.com.br\/wp-content\/uploads\/2022\/07\/Untitled-1.jpg\",\"contentUrl\":\"https:\/\/mulheresacesta.com.br\/wp-content\/uploads\/2022\/07\/Untitled-1.jpg\",\"width\":1580,\"height\":890},{\"@type\":\"BreadcrumbList\",\"@id\":\"https:\/\/mulheresacesta.com.br\/2022\/07\/a-geracao-do-futuro\/#breadcrumb\",\"itemListElement\":[{\"@type\":\"ListItem\",\"position\":1,\"name\":\"In\u00edcio\",\"item\":\"https:\/\/mulheresacesta.com.br\/\"},{\"@type\":\"ListItem\",\"position\":2,\"name\":\"A gera\u00e7\u00e3o do futuro\"}]},{\"@type\":\"WebSite\",\"@id\":\"https:\/\/mulheresacesta.com.br\/en\/#website\",\"url\":\"https:\/\/mulheresacesta.com.br\/en\/\",\"name\":\"Mulheres \u00e0 Cesta\",\"description\":\"\",\"publisher\":{\"@id\":\"https:\/\/mulheresacesta.com.br\/en\/#organization\"},\"potentialAction\":[{\"@type\":\"SearchAction\",\"target\":{\"@type\":\"EntryPoint\",\"urlTemplate\":\"https:\/\/mulheresacesta.com.br\/en\/?s={search_term_string}\"},\"query-input\":{\"@type\":\"PropertyValueSpecification\",\"valueRequired\":true,\"valueName\":\"search_term_string\"}}],\"inLanguage\":\"en-US\"},{\"@type\":\"Organization\",\"@id\":\"https:\/\/mulheresacesta.com.br\/en\/#organization\",\"name\":\"Mulheres \u00e0 Cesta\",\"url\":\"https:\/\/mulheresacesta.com.br\/en\/\",\"logo\":{\"@type\":\"ImageObject\",\"inLanguage\":\"en-US\",\"@id\":\"https:\/\/mulheresacesta.com.br\/en\/#\/schema\/logo\/image\/\",\"url\":\"https:\/\/mulheresacesta.com.br\/wp-content\/uploads\/2020\/10\/mulheres-a-cesta.jpg\",\"contentUrl\":\"https:\/\/mulheresacesta.com.br\/wp-content\/uploads\/2020\/10\/mulheres-a-cesta.jpg\",\"width\":400,\"height\":300,\"caption\":\"Mulheres \u00e0 Cesta\"},\"image\":{\"@id\":\"https:\/\/mulheresacesta.com.br\/en\/#\/schema\/logo\/image\/\"}},{\"@type\":\"Person\",\"@id\":\"https:\/\/mulheresacesta.com.br\/en\/#\/schema\/person\/11ebd3af76a9fcb3d26c815924faac42\",\"name\":\"mulheres\",\"sameAs\":[\"http:\/\/localhost\/mulheresacesta\"],\"url\":\"https:\/\/mulheresacesta.com.br\/en\/author\/mulheres\/\"}]}<\/script>\n<!-- \/ Yoast SEO plugin. -->","yoast_head_json":{"title":"A gera\u00e7\u00e3o do futuro","description":"O evento faz parte da 2\u00aa Semana Nacional dos Clubes, e ser\u00e1 realizado no Hotel Bourbon Cataratas do Igua\u00e7u, na cidade de Foz do Igua\u00e7u, entre os dias 31","robots":{"index":"index","follow":"follow","max-snippet":"max-snippet:-1","max-image-preview":"max-image-preview:large","max-video-preview":"max-video-preview:-1"},"canonical":"https:\/\/mulheresacesta.com.br\/en\/2022\/07\/a-geracao-do-futuro\/","og_locale":"en_US","og_type":"article","og_title":"[:pt]A gera\u00e7\u00e3o do futuro[:] - Mulheres \u00e0 Cesta","og_description":"O evento faz parte da 2\u00aa Semana Nacional dos Clubes, e ser\u00e1 realizado no Hotel Bourbon Cataratas do Igua\u00e7u, na cidade de Foz do Igua\u00e7u, entre os dias 31","og_url":"https:\/\/mulheresacesta.com.br\/en\/2022\/07\/a-geracao-do-futuro\/","og_site_name":"Mulheres \u00e0 Cesta","article_published_time":"2022-07-18T13:20:00+00:00","article_modified_time":"2022-07-18T17:45:59+00:00","og_image":[{"width":1580,"height":890,"url":"https:\/\/mulheresacesta.com.br\/wp-content\/uploads\/2022\/07\/Untitled-1.jpg","type":"image\/jpeg"}],"author":"mulheres","twitter_card":"summary_large_image","twitter_misc":{"Written by":"mulheres","Est. reading time":"1 minute"},"schema":{"@context":"https:\/\/schema.org","@graph":[{"@type":"Article","@id":"https:\/\/mulheresacesta.com.br\/2022\/07\/a-geracao-do-futuro\/#article","isPartOf":{"@id":"https:\/\/mulheresacesta.com.br\/2022\/07\/a-geracao-do-futuro\/"},"author":{"name":"mulheres","@id":"https:\/\/mulheresacesta.com.br\/en\/#\/schema\/person\/11ebd3af76a9fcb3d26c815924faac42"},"headline":"A gera\u00e7\u00e3o do futuro","datePublished":"2022-07-18T13:20:00+00:00","dateModified":"2022-07-18T17:45:59+00:00","mainEntityOfPage":{"@id":"https:\/\/mulheresacesta.com.br\/2022\/07\/a-geracao-do-futuro\/"},"wordCount":171,"commentCount":0,"publisher":{"@id":"https:\/\/mulheresacesta.com.br\/en\/#organization"},"image":{"@id":"https:\/\/mulheresacesta.com.br\/2022\/07\/a-geracao-do-futuro\/#primaryimage"},"thumbnailUrl":"https:\/\/mulheresacesta.com.br\/wp-content\/uploads\/2022\/07\/Untitled-1.jpg","keywords":["forma\u00e7\u00e3o esortiva","seminario","tecnico"],"articleSection":["Blog"],"inLanguage":"en-US","potentialAction":[{"@type":"CommentAction","name":"Comment","target":["https:\/\/mulheresacesta.com.br\/2022\/07\/a-geracao-do-futuro\/#respond"]}]},{"@type":"WebPage","@id":"https:\/\/mulheresacesta.com.br\/2022\/07\/a-geracao-do-futuro\/","url":"https:\/\/mulheresacesta.com.br\/2022\/07\/a-geracao-do-futuro\/","name":"A gera\u00e7\u00e3o do futuro","isPartOf":{"@id":"https:\/\/mulheresacesta.com.br\/en\/#website"},"primaryImageOfPage":{"@id":"https:\/\/mulheresacesta.com.br\/2022\/07\/a-geracao-do-futuro\/#primaryimage"},"image":{"@id":"https:\/\/mulheresacesta.com.br\/2022\/07\/a-geracao-do-futuro\/#primaryimage"},"thumbnailUrl":"https:\/\/mulheresacesta.com.br\/wp-content\/uploads\/2022\/07\/Untitled-1.jpg","datePublished":"2022-07-18T13:20:00+00:00","dateModified":"2022-07-18T17:45:59+00:00","description":"O evento faz parte da 2\u00aa Semana Nacional dos Clubes, e ser\u00e1 realizado no Hotel Bourbon Cataratas do Igua\u00e7u, na cidade de Foz do Igua\u00e7u, entre os dias 31","breadcrumb":{"@id":"https:\/\/mulheresacesta.com.br\/2022\/07\/a-geracao-do-futuro\/#breadcrumb"},"inLanguage":"en-US","potentialAction":[{"@type":"ReadAction","target":["https:\/\/mulheresacesta.com.br\/2022\/07\/a-geracao-do-futuro\/"]}]},{"@type":"ImageObject","inLanguage":"en-US","@id":"https:\/\/mulheresacesta.com.br\/2022\/07\/a-geracao-do-futuro\/#primaryimage","url":"https:\/\/mulheresacesta.com.br\/wp-content\/uploads\/2022\/07\/Untitled-1.jpg","contentUrl":"https:\/\/mulheresacesta.com.br\/wp-content\/uploads\/2022\/07\/Untitled-1.jpg","width":1580,"height":890},{"@type":"BreadcrumbList","@id":"https:\/\/mulheresacesta.com.br\/2022\/07\/a-geracao-do-futuro\/#breadcrumb","itemListElement":[{"@type":"ListItem","position":1,"name":"In\u00edcio","item":"https:\/\/mulheresacesta.com.br\/"},{"@type":"ListItem","position":2,"name":"A gera\u00e7\u00e3o do futuro"}]},{"@type":"WebSite","@id":"https:\/\/mulheresacesta.com.br\/en\/#website","url":"https:\/\/mulheresacesta.com.br\/en\/","name":"Mulheres \u00e0 Cesta","description":"","publisher":{"@id":"https:\/\/mulheresacesta.com.br\/en\/#organization"},"potentialAction":[{"@type":"SearchAction","target":{"@type":"EntryPoint","urlTemplate":"https:\/\/mulheresacesta.com.br\/en\/?s={search_term_string}"},"query-input":{"@type":"PropertyValueSpecification","valueRequired":true,"valueName":"search_term_string"}}],"inLanguage":"en-US"},{"@type":"Organization","@id":"https:\/\/mulheresacesta.com.br\/en\/#organization","name":"Mulheres \u00e0 Cesta","url":"https:\/\/mulheresacesta.com.br\/en\/","logo":{"@type":"ImageObject","inLanguage":"en-US","@id":"https:\/\/mulheresacesta.com.br\/en\/#\/schema\/logo\/image\/","url":"https:\/\/mulheresacesta.com.br\/wp-content\/uploads\/2020\/10\/mulheres-a-cesta.jpg","contentUrl":"https:\/\/mulheresacesta.com.br\/wp-content\/uploads\/2020\/10\/mulheres-a-cesta.jpg","width":400,"height":300,"caption":"Mulheres \u00e0 Cesta"},"image":{"@id":"https:\/\/mulheresacesta.com.br\/en\/#\/schema\/logo\/image\/"}},{"@type":"Person","@id":"https:\/\/mulheresacesta.com.br\/en\/#\/schema\/person\/11ebd3af76a9fcb3d26c815924faac42","name":"mulheres","sameAs":["http:\/\/localhost\/mulheresacesta"],"url":"https:\/\/mulheresacesta.com.br\/en\/author\/mulheres\/"}]}},"_links":{"self":[{"href":"https:\/\/mulheresacesta.com.br\/en\/wp-json\/wp\/v2\/posts\/3533","targetHints":{"allow":["GET"]}}],"collection":[{"href":"https:\/\/mulheresacesta.com.br\/en\/wp-json\/wp\/v2\/posts"}],"about":[{"href":"https:\/\/mulheresacesta.com.br\/en\/wp-json\/wp\/v2\/types\/post"}],"author":[{"embeddable":true,"href":"https:\/\/mulheresacesta.com.br\/en\/wp-json\/wp\/v2\/users\/1"}],"replies":[{"embeddable":true,"href":"https:\/\/mulheresacesta.com.br\/en\/wp-json\/wp\/v2\/comments?post=3533"}],"version-history":[{"count":2,"href":"https:\/\/mulheresacesta.com.br\/en\/wp-json\/wp\/v2\/posts\/3533\/revisions"}],"predecessor-version":[{"id":3536,"href":"https:\/\/mulheresacesta.com.br\/en\/wp-json\/wp\/v2\/posts\/3533\/revisions\/3536"}],"wp:featuredmedia":[{"embeddable":true,"href":"https:\/\/mulheresacesta.com.br\/en\/wp-json\/wp\/v2\/media\/3534"}],"wp:attachment":[{"href":"https:\/\/mulheresacesta.com.br\/en\/wp-json\/wp\/v2\/media?parent=3533"}],"wp:term":[{"taxonomy":"category","embeddable":true,"href":"https:\/\/mulheresacesta.com.br\/en\/wp-json\/wp\/v2\/categories?post=3533"},{"taxonomy":"post_tag","embeddable":true,"href":"https:\/\/mulheresacesta.com.br\/en\/wp-json\/wp\/v2\/tags?post=3533"}],"curies":[{"name":"wp","href":"https:\/\/api.w.org\/{rel}","templated":true}]}}