{"id":3631,"date":"2022-09-02T07:00:00","date_gmt":"2022-09-02T10:00:00","guid":{"rendered":"https:\/\/mulheresacesta.com.br\/?p=3631"},"modified":"2022-09-02T08:03:16","modified_gmt":"2022-09-02T11:03:16","slug":"a-importancia-da-atividade-fisica-para-sua-saude-mental","status":"publish","type":"post","link":"https:\/\/mulheresacesta.com.br\/en\/2022\/09\/a-importancia-da-atividade-fisica-para-sua-saude-mental\/","title":{"rendered":"Setembro Amarelo: <br>A import\u00e2ncia da atividade f\u00edsica para sua sa\u00fade mental"},"content":{"rendered":"\n<p><\/p>\n\n\n\n<p>Quando pensamos em pr\u00e1tica de atividade f\u00edsica, o que costuma vir \u00e0 mente? Emagrecimento! Defini\u00e7\u00e3o muscular! Controle e preven\u00e7\u00e3o de doen\u00e7as!<\/p>\n\n\n\n<p>Mas voc\u00ea sabia que a sa\u00fade mental&nbsp;tamb\u00e9m \u00e9 uma grande beneficiada pelos exerc\u00edcios f\u00edsicos? Isso acontece porque a pr\u00e1tica libera algumas subst\u00e2ncias que podem ajudar a melhorar a ansiedade e a depress\u00e3o, por exemplo.<\/p>\n\n\n\n<p>E como estamos pr\u00f3ximo do&nbsp;setembro amarelo, precisamos dar voz a um assunto t\u00e3o importante, afinal, cerca de 96,8% dos casos de suic\u00eddio est\u00e3o ligados \u00e0 sa\u00fade mental.<\/p>\n\n\n\n<p>A pandemia, o isolamento social e as mudan\u00e7as que surgiram recentemente ajudaram a gerar estresse, ang\u00fastia, preocupa\u00e7\u00f5es e muitos outros sentimentos que podem se transformar em problemas para a sa\u00fade mental.<\/p>\n\n\n\n<p>Mas quando voc\u00ea se exercita, diversas subst\u00e2ncias s\u00e3o liberadas gerando benef\u00edcios para corpo, alma e mente. Entre elas est\u00e3o:<\/p>\n\n\n\n<p>Endorfina: relaxa, diminui o estresse e a ansiedade;<\/p>\n\n\n\n<p>Dopamina: melhora o humor e gera a sensa\u00e7\u00e3o de prazer;<\/p>\n\n\n\n<p>Serotonina: fundamental para controlar o humor, melhorar a qualidade do sono e reduzir a ansiedade;<\/p>\n\n\n\n<p>Norepinefrina: ajuda a regular o sono e as emo\u00e7\u00f5es.<\/p>\n\n\n\n<p>S\u00f3 para se ter uma ideia, em casos leves e moderados de ansiedade, a pr\u00e1tica pode ser t\u00e3o \u00fatil quando a medica\u00e7\u00e3o&nbsp;e prevenir reca\u00eddas. Outro ponto relevante \u00e9 o impacto da nova rotina de exerc\u00edcios para a mente, que deixar\u00e1 de focar nos problemas e inquieta\u00e7\u00f5es da rotina durante o momento da pr\u00e1tica e o foco passa a ser a execu\u00e7\u00e3o dos movimentos que est\u00e3o sendo realizados.<\/p>\n\n\n\n<p>Mude seus h\u00e1bitos e comece agora a se exercitar! E por que n\u00e3o come\u00e7ar com o basquete? Pense nisso!<\/p>\n","protected":false},"excerpt":{"rendered":"<p>Quando pensamos em pr\u00e1tica de atividade f\u00edsica, o que costuma vir \u00e0 mente? Emagrecimento! Defini\u00e7\u00e3o muscular! Controle e preven\u00e7\u00e3o de doen\u00e7as! Mas voc\u00ea sabia que a sa\u00fade mental&nbsp;tamb\u00e9m \u00e9 uma grande beneficiada pelos exerc\u00edcios f\u00edsicos? Isso acontece porque a pr\u00e1tica libera algumas subst\u00e2ncias que podem ajudar a melhorar a ansiedade e a depress\u00e3o, por exemplo. [&hellip;]<\/p>\n","protected":false},"author":1,"featured_media":3632,"comment_status":"open","ping_status":"open","sticky":false,"template":"","format":"standard","meta":{"footnotes":""},"categories":[12],"tags":[210,71,9],"class_list":["post-3631","post","type-post","status-publish","format-standard","has-post-thumbnail","hentry","category-blog","tag-atividade-fisica","tag-esporte","tag-mulheres-a-cesta"],"acf":[],"yoast_head":"<!-- This site is optimized with the Yoast SEO plugin v26.4 - https:\/\/yoast.com\/wordpress\/plugins\/seo\/ -->\n<title>Setembro Amarelo: A import\u00e2ncia da atividade f\u00edsica para sua sa\u00fade mental<\/title>\n<meta name=\"description\" content=\"Quando pensamos em pr\u00e1tica de atividade f\u00edsica, o que costuma vir \u00e0 mente? Emagrecimento! Defini\u00e7\u00e3o muscular! Controle e preven\u00e7\u00e3o de doen\u00e7as! Mas voc\u00ea\" \/>\n<meta name=\"robots\" content=\"index, follow, max-snippet:-1, max-image-preview:large, max-video-preview:-1\" \/>\n<link rel=\"canonical\" href=\"https:\/\/mulheresacesta.com.br\/en\/2022\/09\/a-importancia-da-atividade-fisica-para-sua-saude-mental\/\" \/>\n<meta property=\"og:locale\" content=\"en_US\" \/>\n<meta property=\"og:locale:alternate\" content=\"pt_BR\" \/>\n<meta property=\"og:type\" content=\"article\" \/>\n<meta property=\"og:title\" content=\"Setembro Amarelo: A import\u00e2ncia da atividade f\u00edsica para sua sa\u00fade mental\" \/>\n<meta property=\"og:description\" content=\"Quando pensamos em pr\u00e1tica de atividade f\u00edsica, o que costuma vir \u00e0 mente? Emagrecimento! Defini\u00e7\u00e3o muscular! Controle e preven\u00e7\u00e3o de doen\u00e7as! Mas voc\u00ea\" \/>\n<meta property=\"og:url\" content=\"https:\/\/mulheresacesta.com.br\/en\/2022\/09\/a-importancia-da-atividade-fisica-para-sua-saude-mental\/\" \/>\n<meta property=\"og:site_name\" content=\"Mulheres \u00e0 Cesta\" \/>\n<meta property=\"article:published_time\" content=\"2022-09-02T10:00:00+00:00\" \/>\n<meta property=\"article:modified_time\" content=\"2022-09-02T11:03:16+00:00\" \/>\n<meta property=\"og:image\" content=\"https:\/\/mulheresacesta.com.br\/wp-content\/uploads\/2022\/09\/mc.jpg\" \/>\n\t<meta property=\"og:image:width\" content=\"1580\" \/>\n\t<meta property=\"og:image:height\" content=\"890\" \/>\n\t<meta property=\"og:image:type\" content=\"image\/jpeg\" \/>\n<meta name=\"author\" content=\"mulheres\" \/>\n<meta name=\"twitter:card\" content=\"summary_large_image\" \/>\n<meta name=\"twitter:label1\" content=\"Written by\" \/>\n\t<meta name=\"twitter:data1\" content=\"mulheres\" \/>\n\t<meta name=\"twitter:label2\" content=\"Est. reading time\" \/>\n\t<meta name=\"twitter:data2\" content=\"2 minutes\" \/>\n<script type=\"application\/ld+json\" class=\"yoast-schema-graph\">{\"@context\":\"https:\/\/schema.org\",\"@graph\":[{\"@type\":\"Article\",\"@id\":\"https:\/\/mulheresacesta.com.br\/en\/2022\/09\/a-importancia-da-atividade-fisica-para-sua-saude-mental\/#article\",\"isPartOf\":{\"@id\":\"https:\/\/mulheresacesta.com.br\/en\/2022\/09\/a-importancia-da-atividade-fisica-para-sua-saude-mental\/\"},\"author\":{\"name\":\"mulheres\",\"@id\":\"https:\/\/mulheresacesta.com.br\/en\/#\/schema\/person\/11ebd3af76a9fcb3d26c815924faac42\"},\"headline\":\"Setembro Amarelo: A import\u00e2ncia da atividade f\u00edsica para sua sa\u00fade mental\",\"datePublished\":\"2022-09-02T10:00:00+00:00\",\"dateModified\":\"2022-09-02T11:03:16+00:00\",\"mainEntityOfPage\":{\"@id\":\"https:\/\/mulheresacesta.com.br\/en\/2022\/09\/a-importancia-da-atividade-fisica-para-sua-saude-mental\/\"},\"wordCount\":316,\"commentCount\":0,\"publisher\":{\"@id\":\"https:\/\/mulheresacesta.com.br\/en\/#organization\"},\"image\":{\"@id\":\"https:\/\/mulheresacesta.com.br\/en\/2022\/09\/a-importancia-da-atividade-fisica-para-sua-saude-mental\/#primaryimage\"},\"thumbnailUrl\":\"https:\/\/mulheresacesta.com.br\/wp-content\/uploads\/2022\/09\/mc.jpg\",\"keywords\":[\"atividade f\u00edsica\",\"esporte\",\"mulheres a cesta\"],\"articleSection\":[\"Blog\"],\"inLanguage\":\"en-US\",\"potentialAction\":[{\"@type\":\"CommentAction\",\"name\":\"Comment\",\"target\":[\"https:\/\/mulheresacesta.com.br\/en\/2022\/09\/a-importancia-da-atividade-fisica-para-sua-saude-mental\/#respond\"]}]},{\"@type\":\"WebPage\",\"@id\":\"https:\/\/mulheresacesta.com.br\/en\/2022\/09\/a-importancia-da-atividade-fisica-para-sua-saude-mental\/\",\"url\":\"https:\/\/mulheresacesta.com.br\/en\/2022\/09\/a-importancia-da-atividade-fisica-para-sua-saude-mental\/\",\"name\":\"Setembro Amarelo: A import\u00e2ncia da atividade f\u00edsica para sua sa\u00fade mental\",\"isPartOf\":{\"@id\":\"https:\/\/mulheresacesta.com.br\/en\/#website\"},\"primaryImageOfPage\":{\"@id\":\"https:\/\/mulheresacesta.com.br\/en\/2022\/09\/a-importancia-da-atividade-fisica-para-sua-saude-mental\/#primaryimage\"},\"image\":{\"@id\":\"https:\/\/mulheresacesta.com.br\/en\/2022\/09\/a-importancia-da-atividade-fisica-para-sua-saude-mental\/#primaryimage\"},\"thumbnailUrl\":\"https:\/\/mulheresacesta.com.br\/wp-content\/uploads\/2022\/09\/mc.jpg\",\"datePublished\":\"2022-09-02T10:00:00+00:00\",\"dateModified\":\"2022-09-02T11:03:16+00:00\",\"description\":\"Quando pensamos em pr\u00e1tica de atividade f\u00edsica, o que costuma vir \u00e0 mente? Emagrecimento! Defini\u00e7\u00e3o muscular! Controle e preven\u00e7\u00e3o de doen\u00e7as! Mas voc\u00ea\",\"breadcrumb\":{\"@id\":\"https:\/\/mulheresacesta.com.br\/en\/2022\/09\/a-importancia-da-atividade-fisica-para-sua-saude-mental\/#breadcrumb\"},\"inLanguage\":\"en-US\",\"potentialAction\":[{\"@type\":\"ReadAction\",\"target\":[\"https:\/\/mulheresacesta.com.br\/en\/2022\/09\/a-importancia-da-atividade-fisica-para-sua-saude-mental\/\"]}]},{\"@type\":\"ImageObject\",\"inLanguage\":\"en-US\",\"@id\":\"https:\/\/mulheresacesta.com.br\/en\/2022\/09\/a-importancia-da-atividade-fisica-para-sua-saude-mental\/#primaryimage\",\"url\":\"https:\/\/mulheresacesta.com.br\/wp-content\/uploads\/2022\/09\/mc.jpg\",\"contentUrl\":\"https:\/\/mulheresacesta.com.br\/wp-content\/uploads\/2022\/09\/mc.jpg\",\"width\":1580,\"height\":890},{\"@type\":\"BreadcrumbList\",\"@id\":\"https:\/\/mulheresacesta.com.br\/en\/2022\/09\/a-importancia-da-atividade-fisica-para-sua-saude-mental\/#breadcrumb\",\"itemListElement\":[{\"@type\":\"ListItem\",\"position\":1,\"name\":\"In\u00edcio\",\"item\":\"https:\/\/mulheresacesta.com.br\/\"},{\"@type\":\"ListItem\",\"position\":2,\"name\":\"Setembro Amarelo: A import\u00e2ncia da atividade f\u00edsica para sua sa\u00fade mental\"}]},{\"@type\":\"WebSite\",\"@id\":\"https:\/\/mulheresacesta.com.br\/en\/#website\",\"url\":\"https:\/\/mulheresacesta.com.br\/en\/\",\"name\":\"Mulheres \u00e0 Cesta\",\"description\":\"\",\"publisher\":{\"@id\":\"https:\/\/mulheresacesta.com.br\/en\/#organization\"},\"potentialAction\":[{\"@type\":\"SearchAction\",\"target\":{\"@type\":\"EntryPoint\",\"urlTemplate\":\"https:\/\/mulheresacesta.com.br\/en\/?s={search_term_string}\"},\"query-input\":{\"@type\":\"PropertyValueSpecification\",\"valueRequired\":true,\"valueName\":\"search_term_string\"}}],\"inLanguage\":\"en-US\"},{\"@type\":\"Organization\",\"@id\":\"https:\/\/mulheresacesta.com.br\/en\/#organization\",\"name\":\"Mulheres \u00e0 Cesta\",\"url\":\"https:\/\/mulheresacesta.com.br\/en\/\",\"logo\":{\"@type\":\"ImageObject\",\"inLanguage\":\"en-US\",\"@id\":\"https:\/\/mulheresacesta.com.br\/en\/#\/schema\/logo\/image\/\",\"url\":\"https:\/\/mulheresacesta.com.br\/wp-content\/uploads\/2020\/10\/mulheres-a-cesta.jpg\",\"contentUrl\":\"https:\/\/mulheresacesta.com.br\/wp-content\/uploads\/2020\/10\/mulheres-a-cesta.jpg\",\"width\":400,\"height\":300,\"caption\":\"Mulheres \u00e0 Cesta\"},\"image\":{\"@id\":\"https:\/\/mulheresacesta.com.br\/en\/#\/schema\/logo\/image\/\"}},{\"@type\":\"Person\",\"@id\":\"https:\/\/mulheresacesta.com.br\/en\/#\/schema\/person\/11ebd3af76a9fcb3d26c815924faac42\",\"name\":\"mulheres\",\"sameAs\":[\"http:\/\/localhost\/mulheresacesta\"],\"url\":\"https:\/\/mulheresacesta.com.br\/en\/author\/mulheres\/\"}]}<\/script>\n<!-- \/ Yoast SEO plugin. -->","yoast_head_json":{"title":"Setembro Amarelo: A import\u00e2ncia da atividade f\u00edsica para sua sa\u00fade mental","description":"Quando pensamos em pr\u00e1tica de atividade f\u00edsica, o que costuma vir \u00e0 mente? Emagrecimento! Defini\u00e7\u00e3o muscular! Controle e preven\u00e7\u00e3o de doen\u00e7as! Mas voc\u00ea","robots":{"index":"index","follow":"follow","max-snippet":"max-snippet:-1","max-image-preview":"max-image-preview:large","max-video-preview":"max-video-preview:-1"},"canonical":"https:\/\/mulheresacesta.com.br\/en\/2022\/09\/a-importancia-da-atividade-fisica-para-sua-saude-mental\/","og_locale":"en_US","og_type":"article","og_title":"[:pt]Setembro Amarelo: A import\u00e2ncia da atividade f\u00edsica para sua sa\u00fade mental[:] - Mulheres \u00e0 Cesta","og_description":"Quando pensamos em pr\u00e1tica de atividade f\u00edsica, o que costuma vir \u00e0 mente? Emagrecimento! Defini\u00e7\u00e3o muscular! Controle e preven\u00e7\u00e3o de doen\u00e7as! Mas voc\u00ea","og_url":"https:\/\/mulheresacesta.com.br\/en\/2022\/09\/a-importancia-da-atividade-fisica-para-sua-saude-mental\/","og_site_name":"Mulheres \u00e0 Cesta","article_published_time":"2022-09-02T10:00:00+00:00","article_modified_time":"2022-09-02T11:03:16+00:00","og_image":[{"width":1580,"height":890,"url":"https:\/\/mulheresacesta.com.br\/wp-content\/uploads\/2022\/09\/mc.jpg","type":"image\/jpeg"}],"author":"mulheres","twitter_card":"summary_large_image","twitter_misc":{"Written by":"mulheres","Est. reading time":"2 minutes"},"schema":{"@context":"https:\/\/schema.org","@graph":[{"@type":"Article","@id":"https:\/\/mulheresacesta.com.br\/en\/2022\/09\/a-importancia-da-atividade-fisica-para-sua-saude-mental\/#article","isPartOf":{"@id":"https:\/\/mulheresacesta.com.br\/en\/2022\/09\/a-importancia-da-atividade-fisica-para-sua-saude-mental\/"},"author":{"name":"mulheres","@id":"https:\/\/mulheresacesta.com.br\/en\/#\/schema\/person\/11ebd3af76a9fcb3d26c815924faac42"},"headline":"Setembro Amarelo: A import\u00e2ncia da atividade f\u00edsica para sua sa\u00fade mental","datePublished":"2022-09-02T10:00:00+00:00","dateModified":"2022-09-02T11:03:16+00:00","mainEntityOfPage":{"@id":"https:\/\/mulheresacesta.com.br\/en\/2022\/09\/a-importancia-da-atividade-fisica-para-sua-saude-mental\/"},"wordCount":316,"commentCount":0,"publisher":{"@id":"https:\/\/mulheresacesta.com.br\/en\/#organization"},"image":{"@id":"https:\/\/mulheresacesta.com.br\/en\/2022\/09\/a-importancia-da-atividade-fisica-para-sua-saude-mental\/#primaryimage"},"thumbnailUrl":"https:\/\/mulheresacesta.com.br\/wp-content\/uploads\/2022\/09\/mc.jpg","keywords":["atividade f\u00edsica","esporte","mulheres a cesta"],"articleSection":["Blog"],"inLanguage":"en-US","potentialAction":[{"@type":"CommentAction","name":"Comment","target":["https:\/\/mulheresacesta.com.br\/en\/2022\/09\/a-importancia-da-atividade-fisica-para-sua-saude-mental\/#respond"]}]},{"@type":"WebPage","@id":"https:\/\/mulheresacesta.com.br\/en\/2022\/09\/a-importancia-da-atividade-fisica-para-sua-saude-mental\/","url":"https:\/\/mulheresacesta.com.br\/en\/2022\/09\/a-importancia-da-atividade-fisica-para-sua-saude-mental\/","name":"Setembro Amarelo: A import\u00e2ncia da atividade f\u00edsica para sua sa\u00fade mental","isPartOf":{"@id":"https:\/\/mulheresacesta.com.br\/en\/#website"},"primaryImageOfPage":{"@id":"https:\/\/mulheresacesta.com.br\/en\/2022\/09\/a-importancia-da-atividade-fisica-para-sua-saude-mental\/#primaryimage"},"image":{"@id":"https:\/\/mulheresacesta.com.br\/en\/2022\/09\/a-importancia-da-atividade-fisica-para-sua-saude-mental\/#primaryimage"},"thumbnailUrl":"https:\/\/mulheresacesta.com.br\/wp-content\/uploads\/2022\/09\/mc.jpg","datePublished":"2022-09-02T10:00:00+00:00","dateModified":"2022-09-02T11:03:16+00:00","description":"Quando pensamos em pr\u00e1tica de atividade f\u00edsica, o que costuma vir \u00e0 mente? Emagrecimento! Defini\u00e7\u00e3o muscular! Controle e preven\u00e7\u00e3o de doen\u00e7as! Mas voc\u00ea","breadcrumb":{"@id":"https:\/\/mulheresacesta.com.br\/en\/2022\/09\/a-importancia-da-atividade-fisica-para-sua-saude-mental\/#breadcrumb"},"inLanguage":"en-US","potentialAction":[{"@type":"ReadAction","target":["https:\/\/mulheresacesta.com.br\/en\/2022\/09\/a-importancia-da-atividade-fisica-para-sua-saude-mental\/"]}]},{"@type":"ImageObject","inLanguage":"en-US","@id":"https:\/\/mulheresacesta.com.br\/en\/2022\/09\/a-importancia-da-atividade-fisica-para-sua-saude-mental\/#primaryimage","url":"https:\/\/mulheresacesta.com.br\/wp-content\/uploads\/2022\/09\/mc.jpg","contentUrl":"https:\/\/mulheresacesta.com.br\/wp-content\/uploads\/2022\/09\/mc.jpg","width":1580,"height":890},{"@type":"BreadcrumbList","@id":"https:\/\/mulheresacesta.com.br\/en\/2022\/09\/a-importancia-da-atividade-fisica-para-sua-saude-mental\/#breadcrumb","itemListElement":[{"@type":"ListItem","position":1,"name":"In\u00edcio","item":"https:\/\/mulheresacesta.com.br\/"},{"@type":"ListItem","position":2,"name":"Setembro Amarelo: A import\u00e2ncia da atividade f\u00edsica para sua sa\u00fade mental"}]},{"@type":"WebSite","@id":"https:\/\/mulheresacesta.com.br\/en\/#website","url":"https:\/\/mulheresacesta.com.br\/en\/","name":"Mulheres \u00e0 Cesta","description":"","publisher":{"@id":"https:\/\/mulheresacesta.com.br\/en\/#organization"},"potentialAction":[{"@type":"SearchAction","target":{"@type":"EntryPoint","urlTemplate":"https:\/\/mulheresacesta.com.br\/en\/?s={search_term_string}"},"query-input":{"@type":"PropertyValueSpecification","valueRequired":true,"valueName":"search_term_string"}}],"inLanguage":"en-US"},{"@type":"Organization","@id":"https:\/\/mulheresacesta.com.br\/en\/#organization","name":"Mulheres \u00e0 Cesta","url":"https:\/\/mulheresacesta.com.br\/en\/","logo":{"@type":"ImageObject","inLanguage":"en-US","@id":"https:\/\/mulheresacesta.com.br\/en\/#\/schema\/logo\/image\/","url":"https:\/\/mulheresacesta.com.br\/wp-content\/uploads\/2020\/10\/mulheres-a-cesta.jpg","contentUrl":"https:\/\/mulheresacesta.com.br\/wp-content\/uploads\/2020\/10\/mulheres-a-cesta.jpg","width":400,"height":300,"caption":"Mulheres \u00e0 Cesta"},"image":{"@id":"https:\/\/mulheresacesta.com.br\/en\/#\/schema\/logo\/image\/"}},{"@type":"Person","@id":"https:\/\/mulheresacesta.com.br\/en\/#\/schema\/person\/11ebd3af76a9fcb3d26c815924faac42","name":"mulheres","sameAs":["http:\/\/localhost\/mulheresacesta"],"url":"https:\/\/mulheresacesta.com.br\/en\/author\/mulheres\/"}]}},"_links":{"self":[{"href":"https:\/\/mulheresacesta.com.br\/en\/wp-json\/wp\/v2\/posts\/3631","targetHints":{"allow":["GET"]}}],"collection":[{"href":"https:\/\/mulheresacesta.com.br\/en\/wp-json\/wp\/v2\/posts"}],"about":[{"href":"https:\/\/mulheresacesta.com.br\/en\/wp-json\/wp\/v2\/types\/post"}],"author":[{"embeddable":true,"href":"https:\/\/mulheresacesta.com.br\/en\/wp-json\/wp\/v2\/users\/1"}],"replies":[{"embeddable":true,"href":"https:\/\/mulheresacesta.com.br\/en\/wp-json\/wp\/v2\/comments?post=3631"}],"version-history":[{"count":6,"href":"https:\/\/mulheresacesta.com.br\/en\/wp-json\/wp\/v2\/posts\/3631\/revisions"}],"predecessor-version":[{"id":3643,"href":"https:\/\/mulheresacesta.com.br\/en\/wp-json\/wp\/v2\/posts\/3631\/revisions\/3643"}],"wp:featuredmedia":[{"embeddable":true,"href":"https:\/\/mulheresacesta.com.br\/en\/wp-json\/wp\/v2\/media\/3632"}],"wp:attachment":[{"href":"https:\/\/mulheresacesta.com.br\/en\/wp-json\/wp\/v2\/media?parent=3631"}],"wp:term":[{"taxonomy":"category","embeddable":true,"href":"https:\/\/mulheresacesta.com.br\/en\/wp-json\/wp\/v2\/categories?post=3631"},{"taxonomy":"post_tag","embeddable":true,"href":"https:\/\/mulheresacesta.com.br\/en\/wp-json\/wp\/v2\/tags?post=3631"}],"curies":[{"name":"wp","href":"https:\/\/api.w.org\/{rel}","templated":true}]}}