{"id":3696,"date":"2022-09-30T08:52:00","date_gmt":"2022-09-30T11:52:00","guid":{"rendered":"https:\/\/mulheresacesta.com.br\/?p=3696"},"modified":"2022-09-30T09:02:10","modified_gmt":"2022-09-30T12:02:10","slug":"quem-foi-jacy-bohemer-guedes-de-azevedo","status":"publish","type":"post","link":"https:\/\/mulheresacesta.com.br\/en\/2022\/09\/quem-foi-jacy-bohemer-guedes-de-azevedo\/","title":{"rendered":"Quem foi Jacy Bohemer Guedes de Azevedo"},"content":{"rendered":"\n<p><\/p>\n\n\n\n<p>Quando crian\u00e7a, ela adora acompanhar o pai nos jogos regionais e foi quando nasceu sua admira\u00e7\u00e3o pelo basquete. \u201c<em>Acho que isto fez com que eu jogasse basquetebol. Eu j\u00e1 tinha um pouco de jeito e deu certo<\/em>.\u201d, conta Jacy em entrevista a Claudia Guedes para o document\u00e1rio Mulheres \u00e0 Cesta<em>.<\/em><\/p>\n\n\n\n<p>Enquanto os jogos eram na cidade e na redondeza \u201cestava tudo certo\u201d. Jogar pelo col\u00e9gio do pai continuava sendo quase que uma atividade da pr\u00f3pria fam\u00edlia. At\u00e9 que em 1967, aos 21 anos de idade, veio o convite para o Clube Luso-Brasileiro de Bauru e, em 1972, a oportunidade de jogar pelo Bauru T\u00eanis Clube. &nbsp;<\/p>\n\n\n\n<p>Mas a maior compensa\u00e7\u00e3o ao seu talento veio com a convoca\u00e7\u00e3o para a sele\u00e7\u00e3o brasileira de basquetebol, em 1967. <em>\u201cNossa Senhora! Levei um susto. Fiquei espantada, porque n\u00e3o era uma coisa que eu esperava. E n\u00e3o era uma finalidade. Eu sempre joguei basquetebol por divers\u00e3o, porque gostava. Nunca pensando em sele\u00e7\u00e3o brasileira.\u201d, <\/em>relembra.<\/p>\n\n\n\n<p>Em seguida,veiou a convoca\u00e7\u00e3o para o VI Mundial de Basquetebol Feminino. <em>\u201cParticipar da sele\u00e7\u00e3o brasileira foi um aprendizado de vida. Uma fase de amadurecimento pessoal e uma oportunidade de conviver com pessoas at\u00e9 ent\u00e3o muito longe da minha vida di\u00e1ria, em prol de um objetivo \u00fanico: defender as cores da bandeira brasileira com uma bola de basquetebol.\u201d<\/em><\/p>\n","protected":false},"excerpt":{"rendered":"<p>Quando crian\u00e7a, ela adora acompanhar o pai nos jogos regionais e foi quando nasceu sua admira\u00e7\u00e3o pelo basquete. \u201cAcho que isto fez com que eu jogasse basquetebol. Eu j\u00e1 tinha um pouco de jeito e deu certo.\u201d, conta Jacy em entrevista a Claudia Guedes para o document\u00e1rio Mulheres \u00e0 Cesta. Enquanto os jogos eram na [&hellip;]<\/p>\n","protected":false},"author":1,"featured_media":3697,"comment_status":"open","ping_status":"open","sticky":false,"template":"","format":"standard","meta":{"footnotes":""},"categories":[12],"tags":[84,15],"class_list":["post-3696","post","type-post","status-publish","format-standard","has-post-thumbnail","hentry","category-blog","tag-selecao-brasileira","tag-basquete-feminino"],"acf":[],"yoast_head":"<!-- This site is optimized with the Yoast SEO plugin v26.4 - https:\/\/yoast.com\/wordpress\/plugins\/seo\/ -->\n<title>Quem foi Jacy Bohemer Guedes de Azevedo<\/title>\n<meta name=\"description\" content=\"Quando crian\u00e7a, ela adora acompanhar o pai nos jogos regionais e foi quando nasceu sua admira\u00e7\u00e3o pelo basquete. \u201cAcho que isto fez com que eu jogasse\" \/>\n<meta name=\"robots\" content=\"index, follow, max-snippet:-1, max-image-preview:large, max-video-preview:-1\" \/>\n<link rel=\"canonical\" href=\"https:\/\/mulheresacesta.com.br\/en\/2022\/09\/quem-foi-jacy-bohemer-guedes-de-azevedo\/\" \/>\n<meta property=\"og:locale\" content=\"en_US\" \/>\n<meta property=\"og:locale:alternate\" content=\"pt_BR\" \/>\n<meta property=\"og:type\" content=\"article\" \/>\n<meta property=\"og:title\" content=\"Quem foi Jacy Bohemer Guedes de Azevedo\" \/>\n<meta property=\"og:description\" content=\"Quando crian\u00e7a, ela adora acompanhar o pai nos jogos regionais e foi quando nasceu sua admira\u00e7\u00e3o pelo basquete. \u201cAcho que isto fez com que eu jogasse\" \/>\n<meta property=\"og:url\" content=\"https:\/\/mulheresacesta.com.br\/en\/2022\/09\/quem-foi-jacy-bohemer-guedes-de-azevedo\/\" \/>\n<meta property=\"og:site_name\" content=\"Mulheres \u00e0 Cesta\" \/>\n<meta property=\"article:published_time\" content=\"2022-09-30T11:52:00+00:00\" \/>\n<meta property=\"article:modified_time\" content=\"2022-09-30T12:02:10+00:00\" \/>\n<meta property=\"og:image\" content=\"https:\/\/mulheresacesta.com.br\/wp-content\/uploads\/2022\/09\/Untitled-2.jpg\" \/>\n\t<meta property=\"og:image:width\" content=\"1580\" \/>\n\t<meta property=\"og:image:height\" content=\"890\" \/>\n\t<meta property=\"og:image:type\" content=\"image\/jpeg\" \/>\n<meta name=\"author\" content=\"mulheres\" \/>\n<meta name=\"twitter:card\" content=\"summary_large_image\" \/>\n<meta name=\"twitter:label1\" content=\"Written by\" \/>\n\t<meta name=\"twitter:data1\" content=\"mulheres\" \/>\n\t<meta name=\"twitter:label2\" content=\"Est. reading time\" \/>\n\t<meta name=\"twitter:data2\" content=\"1 minute\" \/>\n<script type=\"application\/ld+json\" class=\"yoast-schema-graph\">{\"@context\":\"https:\/\/schema.org\",\"@graph\":[{\"@type\":\"Article\",\"@id\":\"https:\/\/mulheresacesta.com.br\/en\/2022\/09\/quem-foi-jacy-bohemer-guedes-de-azevedo\/#article\",\"isPartOf\":{\"@id\":\"https:\/\/mulheresacesta.com.br\/en\/2022\/09\/quem-foi-jacy-bohemer-guedes-de-azevedo\/\"},\"author\":{\"name\":\"mulheres\",\"@id\":\"https:\/\/mulheresacesta.com.br\/en\/#\/schema\/person\/11ebd3af76a9fcb3d26c815924faac42\"},\"headline\":\"Quem foi Jacy Bohemer Guedes de Azevedo\",\"datePublished\":\"2022-09-30T11:52:00+00:00\",\"dateModified\":\"2022-09-30T12:02:10+00:00\",\"mainEntityOfPage\":{\"@id\":\"https:\/\/mulheresacesta.com.br\/en\/2022\/09\/quem-foi-jacy-bohemer-guedes-de-azevedo\/\"},\"wordCount\":239,\"commentCount\":0,\"publisher\":{\"@id\":\"https:\/\/mulheresacesta.com.br\/en\/#organization\"},\"image\":{\"@id\":\"https:\/\/mulheresacesta.com.br\/en\/2022\/09\/quem-foi-jacy-bohemer-guedes-de-azevedo\/#primaryimage\"},\"thumbnailUrl\":\"https:\/\/mulheresacesta.com.br\/wp-content\/uploads\/2022\/09\/Untitled-2.jpg\",\"keywords\":[\"sele\u00e7\u00e3o brasileira\",\"basquete feminino\"],\"articleSection\":[\"Blog\"],\"inLanguage\":\"en-US\",\"potentialAction\":[{\"@type\":\"CommentAction\",\"name\":\"Comment\",\"target\":[\"https:\/\/mulheresacesta.com.br\/en\/2022\/09\/quem-foi-jacy-bohemer-guedes-de-azevedo\/#respond\"]}]},{\"@type\":\"WebPage\",\"@id\":\"https:\/\/mulheresacesta.com.br\/en\/2022\/09\/quem-foi-jacy-bohemer-guedes-de-azevedo\/\",\"url\":\"https:\/\/mulheresacesta.com.br\/en\/2022\/09\/quem-foi-jacy-bohemer-guedes-de-azevedo\/\",\"name\":\"Quem foi Jacy Bohemer Guedes de Azevedo\",\"isPartOf\":{\"@id\":\"https:\/\/mulheresacesta.com.br\/en\/#website\"},\"primaryImageOfPage\":{\"@id\":\"https:\/\/mulheresacesta.com.br\/en\/2022\/09\/quem-foi-jacy-bohemer-guedes-de-azevedo\/#primaryimage\"},\"image\":{\"@id\":\"https:\/\/mulheresacesta.com.br\/en\/2022\/09\/quem-foi-jacy-bohemer-guedes-de-azevedo\/#primaryimage\"},\"thumbnailUrl\":\"https:\/\/mulheresacesta.com.br\/wp-content\/uploads\/2022\/09\/Untitled-2.jpg\",\"datePublished\":\"2022-09-30T11:52:00+00:00\",\"dateModified\":\"2022-09-30T12:02:10+00:00\",\"description\":\"Quando crian\u00e7a, ela adora acompanhar o pai nos jogos regionais e foi quando nasceu sua admira\u00e7\u00e3o pelo basquete. \u201cAcho que isto fez com que eu jogasse\",\"breadcrumb\":{\"@id\":\"https:\/\/mulheresacesta.com.br\/en\/2022\/09\/quem-foi-jacy-bohemer-guedes-de-azevedo\/#breadcrumb\"},\"inLanguage\":\"en-US\",\"potentialAction\":[{\"@type\":\"ReadAction\",\"target\":[\"https:\/\/mulheresacesta.com.br\/en\/2022\/09\/quem-foi-jacy-bohemer-guedes-de-azevedo\/\"]}]},{\"@type\":\"ImageObject\",\"inLanguage\":\"en-US\",\"@id\":\"https:\/\/mulheresacesta.com.br\/en\/2022\/09\/quem-foi-jacy-bohemer-guedes-de-azevedo\/#primaryimage\",\"url\":\"https:\/\/mulheresacesta.com.br\/wp-content\/uploads\/2022\/09\/Untitled-2.jpg\",\"contentUrl\":\"https:\/\/mulheresacesta.com.br\/wp-content\/uploads\/2022\/09\/Untitled-2.jpg\",\"width\":1580,\"height\":890},{\"@type\":\"BreadcrumbList\",\"@id\":\"https:\/\/mulheresacesta.com.br\/en\/2022\/09\/quem-foi-jacy-bohemer-guedes-de-azevedo\/#breadcrumb\",\"itemListElement\":[{\"@type\":\"ListItem\",\"position\":1,\"name\":\"In\u00edcio\",\"item\":\"https:\/\/mulheresacesta.com.br\/\"},{\"@type\":\"ListItem\",\"position\":2,\"name\":\"Quem foi Jacy Bohemer Guedes de Azevedo\"}]},{\"@type\":\"WebSite\",\"@id\":\"https:\/\/mulheresacesta.com.br\/en\/#website\",\"url\":\"https:\/\/mulheresacesta.com.br\/en\/\",\"name\":\"Mulheres \u00e0 Cesta\",\"description\":\"\",\"publisher\":{\"@id\":\"https:\/\/mulheresacesta.com.br\/en\/#organization\"},\"potentialAction\":[{\"@type\":\"SearchAction\",\"target\":{\"@type\":\"EntryPoint\",\"urlTemplate\":\"https:\/\/mulheresacesta.com.br\/en\/?s={search_term_string}\"},\"query-input\":{\"@type\":\"PropertyValueSpecification\",\"valueRequired\":true,\"valueName\":\"search_term_string\"}}],\"inLanguage\":\"en-US\"},{\"@type\":\"Organization\",\"@id\":\"https:\/\/mulheresacesta.com.br\/en\/#organization\",\"name\":\"Mulheres \u00e0 Cesta\",\"url\":\"https:\/\/mulheresacesta.com.br\/en\/\",\"logo\":{\"@type\":\"ImageObject\",\"inLanguage\":\"en-US\",\"@id\":\"https:\/\/mulheresacesta.com.br\/en\/#\/schema\/logo\/image\/\",\"url\":\"https:\/\/mulheresacesta.com.br\/wp-content\/uploads\/2020\/10\/mulheres-a-cesta.jpg\",\"contentUrl\":\"https:\/\/mulheresacesta.com.br\/wp-content\/uploads\/2020\/10\/mulheres-a-cesta.jpg\",\"width\":400,\"height\":300,\"caption\":\"Mulheres \u00e0 Cesta\"},\"image\":{\"@id\":\"https:\/\/mulheresacesta.com.br\/en\/#\/schema\/logo\/image\/\"}},{\"@type\":\"Person\",\"@id\":\"https:\/\/mulheresacesta.com.br\/en\/#\/schema\/person\/11ebd3af76a9fcb3d26c815924faac42\",\"name\":\"mulheres\",\"sameAs\":[\"http:\/\/localhost\/mulheresacesta\"],\"url\":\"https:\/\/mulheresacesta.com.br\/en\/author\/mulheres\/\"}]}<\/script>\n<!-- \/ Yoast SEO plugin. -->","yoast_head_json":{"title":"Quem foi Jacy Bohemer Guedes de Azevedo","description":"Quando crian\u00e7a, ela adora acompanhar o pai nos jogos regionais e foi quando nasceu sua admira\u00e7\u00e3o pelo basquete. \u201cAcho que isto fez com que eu jogasse","robots":{"index":"index","follow":"follow","max-snippet":"max-snippet:-1","max-image-preview":"max-image-preview:large","max-video-preview":"max-video-preview:-1"},"canonical":"https:\/\/mulheresacesta.com.br\/en\/2022\/09\/quem-foi-jacy-bohemer-guedes-de-azevedo\/","og_locale":"en_US","og_type":"article","og_title":"[:pt]Quem foi Jacy Bohemer Guedes de Azevedo[:] - Mulheres \u00e0 Cesta","og_description":"Quando crian\u00e7a, ela adora acompanhar o pai nos jogos regionais e foi quando nasceu sua admira\u00e7\u00e3o pelo basquete. \u201cAcho que isto fez com que eu jogasse","og_url":"https:\/\/mulheresacesta.com.br\/en\/2022\/09\/quem-foi-jacy-bohemer-guedes-de-azevedo\/","og_site_name":"Mulheres \u00e0 Cesta","article_published_time":"2022-09-30T11:52:00+00:00","article_modified_time":"2022-09-30T12:02:10+00:00","og_image":[{"width":1580,"height":890,"url":"https:\/\/mulheresacesta.com.br\/wp-content\/uploads\/2022\/09\/Untitled-2.jpg","type":"image\/jpeg"}],"author":"mulheres","twitter_card":"summary_large_image","twitter_misc":{"Written by":"mulheres","Est. reading time":"1 minute"},"schema":{"@context":"https:\/\/schema.org","@graph":[{"@type":"Article","@id":"https:\/\/mulheresacesta.com.br\/en\/2022\/09\/quem-foi-jacy-bohemer-guedes-de-azevedo\/#article","isPartOf":{"@id":"https:\/\/mulheresacesta.com.br\/en\/2022\/09\/quem-foi-jacy-bohemer-guedes-de-azevedo\/"},"author":{"name":"mulheres","@id":"https:\/\/mulheresacesta.com.br\/en\/#\/schema\/person\/11ebd3af76a9fcb3d26c815924faac42"},"headline":"Quem foi Jacy Bohemer Guedes de Azevedo","datePublished":"2022-09-30T11:52:00+00:00","dateModified":"2022-09-30T12:02:10+00:00","mainEntityOfPage":{"@id":"https:\/\/mulheresacesta.com.br\/en\/2022\/09\/quem-foi-jacy-bohemer-guedes-de-azevedo\/"},"wordCount":239,"commentCount":0,"publisher":{"@id":"https:\/\/mulheresacesta.com.br\/en\/#organization"},"image":{"@id":"https:\/\/mulheresacesta.com.br\/en\/2022\/09\/quem-foi-jacy-bohemer-guedes-de-azevedo\/#primaryimage"},"thumbnailUrl":"https:\/\/mulheresacesta.com.br\/wp-content\/uploads\/2022\/09\/Untitled-2.jpg","keywords":["sele\u00e7\u00e3o brasileira","basquete feminino"],"articleSection":["Blog"],"inLanguage":"en-US","potentialAction":[{"@type":"CommentAction","name":"Comment","target":["https:\/\/mulheresacesta.com.br\/en\/2022\/09\/quem-foi-jacy-bohemer-guedes-de-azevedo\/#respond"]}]},{"@type":"WebPage","@id":"https:\/\/mulheresacesta.com.br\/en\/2022\/09\/quem-foi-jacy-bohemer-guedes-de-azevedo\/","url":"https:\/\/mulheresacesta.com.br\/en\/2022\/09\/quem-foi-jacy-bohemer-guedes-de-azevedo\/","name":"Quem foi Jacy Bohemer Guedes de Azevedo","isPartOf":{"@id":"https:\/\/mulheresacesta.com.br\/en\/#website"},"primaryImageOfPage":{"@id":"https:\/\/mulheresacesta.com.br\/en\/2022\/09\/quem-foi-jacy-bohemer-guedes-de-azevedo\/#primaryimage"},"image":{"@id":"https:\/\/mulheresacesta.com.br\/en\/2022\/09\/quem-foi-jacy-bohemer-guedes-de-azevedo\/#primaryimage"},"thumbnailUrl":"https:\/\/mulheresacesta.com.br\/wp-content\/uploads\/2022\/09\/Untitled-2.jpg","datePublished":"2022-09-30T11:52:00+00:00","dateModified":"2022-09-30T12:02:10+00:00","description":"Quando crian\u00e7a, ela adora acompanhar o pai nos jogos regionais e foi quando nasceu sua admira\u00e7\u00e3o pelo basquete. \u201cAcho que isto fez com que eu jogasse","breadcrumb":{"@id":"https:\/\/mulheresacesta.com.br\/en\/2022\/09\/quem-foi-jacy-bohemer-guedes-de-azevedo\/#breadcrumb"},"inLanguage":"en-US","potentialAction":[{"@type":"ReadAction","target":["https:\/\/mulheresacesta.com.br\/en\/2022\/09\/quem-foi-jacy-bohemer-guedes-de-azevedo\/"]}]},{"@type":"ImageObject","inLanguage":"en-US","@id":"https:\/\/mulheresacesta.com.br\/en\/2022\/09\/quem-foi-jacy-bohemer-guedes-de-azevedo\/#primaryimage","url":"https:\/\/mulheresacesta.com.br\/wp-content\/uploads\/2022\/09\/Untitled-2.jpg","contentUrl":"https:\/\/mulheresacesta.com.br\/wp-content\/uploads\/2022\/09\/Untitled-2.jpg","width":1580,"height":890},{"@type":"BreadcrumbList","@id":"https:\/\/mulheresacesta.com.br\/en\/2022\/09\/quem-foi-jacy-bohemer-guedes-de-azevedo\/#breadcrumb","itemListElement":[{"@type":"ListItem","position":1,"name":"In\u00edcio","item":"https:\/\/mulheresacesta.com.br\/"},{"@type":"ListItem","position":2,"name":"Quem foi Jacy Bohemer Guedes de Azevedo"}]},{"@type":"WebSite","@id":"https:\/\/mulheresacesta.com.br\/en\/#website","url":"https:\/\/mulheresacesta.com.br\/en\/","name":"Mulheres \u00e0 Cesta","description":"","publisher":{"@id":"https:\/\/mulheresacesta.com.br\/en\/#organization"},"potentialAction":[{"@type":"SearchAction","target":{"@type":"EntryPoint","urlTemplate":"https:\/\/mulheresacesta.com.br\/en\/?s={search_term_string}"},"query-input":{"@type":"PropertyValueSpecification","valueRequired":true,"valueName":"search_term_string"}}],"inLanguage":"en-US"},{"@type":"Organization","@id":"https:\/\/mulheresacesta.com.br\/en\/#organization","name":"Mulheres \u00e0 Cesta","url":"https:\/\/mulheresacesta.com.br\/en\/","logo":{"@type":"ImageObject","inLanguage":"en-US","@id":"https:\/\/mulheresacesta.com.br\/en\/#\/schema\/logo\/image\/","url":"https:\/\/mulheresacesta.com.br\/wp-content\/uploads\/2020\/10\/mulheres-a-cesta.jpg","contentUrl":"https:\/\/mulheresacesta.com.br\/wp-content\/uploads\/2020\/10\/mulheres-a-cesta.jpg","width":400,"height":300,"caption":"Mulheres \u00e0 Cesta"},"image":{"@id":"https:\/\/mulheresacesta.com.br\/en\/#\/schema\/logo\/image\/"}},{"@type":"Person","@id":"https:\/\/mulheresacesta.com.br\/en\/#\/schema\/person\/11ebd3af76a9fcb3d26c815924faac42","name":"mulheres","sameAs":["http:\/\/localhost\/mulheresacesta"],"url":"https:\/\/mulheresacesta.com.br\/en\/author\/mulheres\/"}]}},"_links":{"self":[{"href":"https:\/\/mulheresacesta.com.br\/en\/wp-json\/wp\/v2\/posts\/3696","targetHints":{"allow":["GET"]}}],"collection":[{"href":"https:\/\/mulheresacesta.com.br\/en\/wp-json\/wp\/v2\/posts"}],"about":[{"href":"https:\/\/mulheresacesta.com.br\/en\/wp-json\/wp\/v2\/types\/post"}],"author":[{"embeddable":true,"href":"https:\/\/mulheresacesta.com.br\/en\/wp-json\/wp\/v2\/users\/1"}],"replies":[{"embeddable":true,"href":"https:\/\/mulheresacesta.com.br\/en\/wp-json\/wp\/v2\/comments?post=3696"}],"version-history":[{"count":4,"href":"https:\/\/mulheresacesta.com.br\/en\/wp-json\/wp\/v2\/posts\/3696\/revisions"}],"predecessor-version":[{"id":3701,"href":"https:\/\/mulheresacesta.com.br\/en\/wp-json\/wp\/v2\/posts\/3696\/revisions\/3701"}],"wp:featuredmedia":[{"embeddable":true,"href":"https:\/\/mulheresacesta.com.br\/en\/wp-json\/wp\/v2\/media\/3697"}],"wp:attachment":[{"href":"https:\/\/mulheresacesta.com.br\/en\/wp-json\/wp\/v2\/media?parent=3696"}],"wp:term":[{"taxonomy":"category","embeddable":true,"href":"https:\/\/mulheresacesta.com.br\/en\/wp-json\/wp\/v2\/categories?post=3696"},{"taxonomy":"post_tag","embeddable":true,"href":"https:\/\/mulheresacesta.com.br\/en\/wp-json\/wp\/v2\/tags?post=3696"}],"curies":[{"name":"wp","href":"https:\/\/api.w.org\/{rel}","templated":true}]}}