{"id":3728,"date":"2022-10-13T11:58:00","date_gmt":"2022-10-13T14:58:00","guid":{"rendered":"https:\/\/mulheresacesta.com.br\/?p=3728"},"modified":"2022-10-13T17:44:39","modified_gmt":"2022-10-13T20:44:39","slug":"saude-mental-dos-atletas","status":"publish","type":"post","link":"https:\/\/mulheresacesta.com.br\/en\/2022\/10\/saude-mental-dos-atletas\/","title":{"rendered":"Sa\u00fade Mental dos Atletas"},"content":{"rendered":"\n<p>com o objetivo de difundir os benef\u00edcios da pr\u00e1tica na melhora da qualidade de vida e sa\u00fade mental, no pr\u00f3ximo dia 17 de outubro, o tema ser\u00e1 a import\u00e2ncia dos cuidados com a sa\u00fade mental dos atletas.<\/p>\n\n\n\n<p>A Fifa recentemente divulgou uma pesquisa em que foi constatado que pelo menos 1\/3 dos jogadores de futebol sofreram em algum momento da carreira de depress\u00e3o e 18% manifestaram sinais de estresse. Os treinadores e demais membros de comiss\u00f5es t\u00e9cnicas tamb\u00e9m podem vir a ter problemas similares.&nbsp;<\/p>\n\n\n\n<p>A press\u00e3o pelo m\u00e1ximo desempenho, a pouco toler\u00e2ncia aos erros, as frustra\u00e7\u00f5es&nbsp;e as derrotas. A cobran\u00e7a da torcida, a exposi\u00e7\u00e3o da vida pessoal e a falta de privacidade, a rela\u00e7\u00e3o com a m\u00eddia. Todos esses elementos podem de alguma maneira influenciar negativamente no desgaste emocional, abalar a motiva\u00e7\u00e3o, a confian\u00e7a&nbsp;e contribuir para a queda do desempenho&nbsp;esportivo e em casos mais complexos&nbsp;afetar a sa\u00fade mental.<\/p>\n\n\n\n<p><strong>Sa\u00fade mental x Performance<\/strong><strong><\/strong><\/p>\n\n\n\n<p>A sa\u00fade mental \u00e9 fundamental na vida de qualquer cidad\u00e3o comum e no esporte ela influencia significativamente a performance de um atleta. Equil\u00edbrio emocional, concentra\u00e7\u00e3o, autoconfian\u00e7a, motiva\u00e7\u00e3o e resili\u00eancia s\u00e3o alguns dos aspectos psicol\u00f3gicos necess\u00e1rios tanto nos treinamentos quanto no ambiente das competi\u00e7\u00f5es.<\/p>\n\n\n\n<p>Um estudo realizado na Logos University International (UniLogos) e publicado na revista Ci\u00eancia Latina mostra que quanto antes o atleta tratar a sa\u00fade mental, maior \u00e9 a chance de desenvolver habilidades cognitivas e melhorar a performance.&nbsp;<\/p>\n\n\n\n<p>O trabalho foi desenvolvido pelo fil\u00f3sofo, psicanalista e especialista em desempenho do futebol, Lincoln Nunes, que trabalha com nomes como Phillippe Coutinho, \u00c9merson Royal, Artur Victor, Pedro Rocha e muitos outros esportistas.<\/p>\n\n\n\n<p>Ter sa\u00fade mental \u00e9 basicamente poder estar bem consigo mesmo e com os outros.&nbsp;Aceitar as exig\u00eancias da vida da melhor maneira poss\u00edvel.&nbsp;Saber lidar com as boas emo\u00e7\u00f5es e com aquelas desagrad\u00e1veis que ser\u00e3o inevit\u00e1veis para qualquer ser humano, \u00e9 reconhecer seus limites e buscar ajuda quando necess\u00e1rio.&nbsp;Todas as pessoas v\u00e3o apresentar sinais de sofrimento ps\u00edquico em alguma fase de suas vidas, isso \u00e9 da natureza humana.<\/p>\n\n\n\n<p><strong>Live<\/strong><\/p>\n\n\n\n<p>A live acontece no pr\u00f3ximo dia 17 de outubro \u00e0s 19 horas, no instagram @mulheresacesta. N\u00e3o perca!<\/p>\n","protected":false},"excerpt":{"rendered":"<p>com o objetivo de difundir os benef\u00edcios da pr\u00e1tica na melhora da qualidade de vida e sa\u00fade mental, no pr\u00f3ximo dia 17 de outubro, o tema ser\u00e1 a import\u00e2ncia dos cuidados com a sa\u00fade mental dos atletas. A Fifa recentemente divulgou uma pesquisa em que foi constatado que pelo menos 1\/3 dos jogadores de futebol [&hellip;]<\/p>\n","protected":false},"author":1,"featured_media":3729,"comment_status":"open","ping_status":"open","sticky":false,"template":"","format":"standard","meta":{"footnotes":""},"categories":[12],"tags":[209,72,9],"class_list":["post-3728","post","type-post","status-publish","format-standard","has-post-thumbnail","hentry","category-blog","tag-atleta","tag-mulheres-no-esporte","tag-mulheres-a-cesta"],"acf":[],"yoast_head":"<!-- This site is optimized with the Yoast SEO plugin v26.4 - https:\/\/yoast.com\/wordpress\/plugins\/seo\/ -->\n<title>Sa\u00fade Mental dos Atletas<\/title>\n<meta name=\"description\" content=\"com o objetivo de difundir os benef\u00edcios da pr\u00e1tica na melhora da qualidade de vida e sa\u00fade mental, no pr\u00f3ximo dia 17 de outubro, o tema ser\u00e1 a\" \/>\n<meta name=\"robots\" content=\"index, follow, max-snippet:-1, max-image-preview:large, max-video-preview:-1\" \/>\n<link rel=\"canonical\" href=\"https:\/\/mulheresacesta.com.br\/en\/2022\/10\/saude-mental-dos-atletas\/\" \/>\n<meta property=\"og:locale\" content=\"en_US\" \/>\n<meta property=\"og:locale:alternate\" content=\"pt_BR\" \/>\n<meta property=\"og:type\" content=\"article\" \/>\n<meta property=\"og:title\" content=\"Sa\u00fade Mental dos Atletas\" \/>\n<meta property=\"og:description\" content=\"com o objetivo de difundir os benef\u00edcios da pr\u00e1tica na melhora da qualidade de vida e sa\u00fade mental, no pr\u00f3ximo dia 17 de outubro, o tema ser\u00e1 a\" \/>\n<meta property=\"og:url\" content=\"https:\/\/mulheresacesta.com.br\/en\/2022\/10\/saude-mental-dos-atletas\/\" \/>\n<meta property=\"og:site_name\" content=\"Mulheres \u00e0 Cesta\" \/>\n<meta property=\"article:published_time\" content=\"2022-10-13T14:58:00+00:00\" \/>\n<meta property=\"article:modified_time\" content=\"2022-10-13T20:44:39+00:00\" \/>\n<meta property=\"og:image\" content=\"https:\/\/mulheresacesta.com.br\/wp-content\/uploads\/2022\/10\/Sau\u0301de-Mental-dos-Atletas.jpg\" \/>\n\t<meta property=\"og:image:width\" content=\"1580\" \/>\n\t<meta property=\"og:image:height\" content=\"890\" \/>\n\t<meta property=\"og:image:type\" content=\"image\/jpeg\" \/>\n<meta name=\"author\" content=\"mulheres\" \/>\n<meta name=\"twitter:card\" content=\"summary_large_image\" \/>\n<meta name=\"twitter:label1\" content=\"Written by\" \/>\n\t<meta name=\"twitter:data1\" content=\"mulheres\" \/>\n\t<meta name=\"twitter:label2\" content=\"Est. reading time\" \/>\n\t<meta name=\"twitter:data2\" content=\"2 minutes\" \/>\n<script type=\"application\/ld+json\" class=\"yoast-schema-graph\">{\"@context\":\"https:\/\/schema.org\",\"@graph\":[{\"@type\":\"Article\",\"@id\":\"https:\/\/mulheresacesta.com.br\/2022\/10\/saude-mental-dos-atletas\/#article\",\"isPartOf\":{\"@id\":\"https:\/\/mulheresacesta.com.br\/2022\/10\/saude-mental-dos-atletas\/\"},\"author\":{\"name\":\"mulheres\",\"@id\":\"https:\/\/mulheresacesta.com.br\/en\/#\/schema\/person\/11ebd3af76a9fcb3d26c815924faac42\"},\"headline\":\"Sa\u00fade Mental dos Atletas\",\"datePublished\":\"2022-10-13T14:58:00+00:00\",\"dateModified\":\"2022-10-13T20:44:39+00:00\",\"mainEntityOfPage\":{\"@id\":\"https:\/\/mulheresacesta.com.br\/2022\/10\/saude-mental-dos-atletas\/\"},\"wordCount\":408,\"commentCount\":0,\"publisher\":{\"@id\":\"https:\/\/mulheresacesta.com.br\/en\/#organization\"},\"image\":{\"@id\":\"https:\/\/mulheresacesta.com.br\/2022\/10\/saude-mental-dos-atletas\/#primaryimage\"},\"thumbnailUrl\":\"https:\/\/mulheresacesta.com.br\/wp-content\/uploads\/2022\/10\/Sau\u0301de-Mental-dos-Atletas.jpg\",\"keywords\":[\"atleta\",\"mulheres no esporte\",\"mulheres a cesta\"],\"articleSection\":[\"Blog\"],\"inLanguage\":\"en-US\",\"potentialAction\":[{\"@type\":\"CommentAction\",\"name\":\"Comment\",\"target\":[\"https:\/\/mulheresacesta.com.br\/2022\/10\/saude-mental-dos-atletas\/#respond\"]}]},{\"@type\":\"WebPage\",\"@id\":\"https:\/\/mulheresacesta.com.br\/2022\/10\/saude-mental-dos-atletas\/\",\"url\":\"https:\/\/mulheresacesta.com.br\/2022\/10\/saude-mental-dos-atletas\/\",\"name\":\"Sa\u00fade Mental dos Atletas\",\"isPartOf\":{\"@id\":\"https:\/\/mulheresacesta.com.br\/en\/#website\"},\"primaryImageOfPage\":{\"@id\":\"https:\/\/mulheresacesta.com.br\/2022\/10\/saude-mental-dos-atletas\/#primaryimage\"},\"image\":{\"@id\":\"https:\/\/mulheresacesta.com.br\/2022\/10\/saude-mental-dos-atletas\/#primaryimage\"},\"thumbnailUrl\":\"https:\/\/mulheresacesta.com.br\/wp-content\/uploads\/2022\/10\/Sau\u0301de-Mental-dos-Atletas.jpg\",\"datePublished\":\"2022-10-13T14:58:00+00:00\",\"dateModified\":\"2022-10-13T20:44:39+00:00\",\"description\":\"com o objetivo de difundir os benef\u00edcios da pr\u00e1tica na melhora da qualidade de vida e sa\u00fade mental, no pr\u00f3ximo dia 17 de outubro, o tema ser\u00e1 a\",\"breadcrumb\":{\"@id\":\"https:\/\/mulheresacesta.com.br\/2022\/10\/saude-mental-dos-atletas\/#breadcrumb\"},\"inLanguage\":\"en-US\",\"potentialAction\":[{\"@type\":\"ReadAction\",\"target\":[\"https:\/\/mulheresacesta.com.br\/2022\/10\/saude-mental-dos-atletas\/\"]}]},{\"@type\":\"ImageObject\",\"inLanguage\":\"en-US\",\"@id\":\"https:\/\/mulheresacesta.com.br\/2022\/10\/saude-mental-dos-atletas\/#primaryimage\",\"url\":\"https:\/\/mulheresacesta.com.br\/wp-content\/uploads\/2022\/10\/Sau\u0301de-Mental-dos-Atletas.jpg\",\"contentUrl\":\"https:\/\/mulheresacesta.com.br\/wp-content\/uploads\/2022\/10\/Sau\u0301de-Mental-dos-Atletas.jpg\",\"width\":1580,\"height\":890},{\"@type\":\"BreadcrumbList\",\"@id\":\"https:\/\/mulheresacesta.com.br\/2022\/10\/saude-mental-dos-atletas\/#breadcrumb\",\"itemListElement\":[{\"@type\":\"ListItem\",\"position\":1,\"name\":\"In\u00edcio\",\"item\":\"https:\/\/mulheresacesta.com.br\/\"},{\"@type\":\"ListItem\",\"position\":2,\"name\":\"Sa\u00fade Mental dos Atletas\"}]},{\"@type\":\"WebSite\",\"@id\":\"https:\/\/mulheresacesta.com.br\/en\/#website\",\"url\":\"https:\/\/mulheresacesta.com.br\/en\/\",\"name\":\"Mulheres \u00e0 Cesta\",\"description\":\"\",\"publisher\":{\"@id\":\"https:\/\/mulheresacesta.com.br\/en\/#organization\"},\"potentialAction\":[{\"@type\":\"SearchAction\",\"target\":{\"@type\":\"EntryPoint\",\"urlTemplate\":\"https:\/\/mulheresacesta.com.br\/en\/?s={search_term_string}\"},\"query-input\":{\"@type\":\"PropertyValueSpecification\",\"valueRequired\":true,\"valueName\":\"search_term_string\"}}],\"inLanguage\":\"en-US\"},{\"@type\":\"Organization\",\"@id\":\"https:\/\/mulheresacesta.com.br\/en\/#organization\",\"name\":\"Mulheres \u00e0 Cesta\",\"url\":\"https:\/\/mulheresacesta.com.br\/en\/\",\"logo\":{\"@type\":\"ImageObject\",\"inLanguage\":\"en-US\",\"@id\":\"https:\/\/mulheresacesta.com.br\/en\/#\/schema\/logo\/image\/\",\"url\":\"https:\/\/mulheresacesta.com.br\/wp-content\/uploads\/2020\/10\/mulheres-a-cesta.jpg\",\"contentUrl\":\"https:\/\/mulheresacesta.com.br\/wp-content\/uploads\/2020\/10\/mulheres-a-cesta.jpg\",\"width\":400,\"height\":300,\"caption\":\"Mulheres \u00e0 Cesta\"},\"image\":{\"@id\":\"https:\/\/mulheresacesta.com.br\/en\/#\/schema\/logo\/image\/\"}},{\"@type\":\"Person\",\"@id\":\"https:\/\/mulheresacesta.com.br\/en\/#\/schema\/person\/11ebd3af76a9fcb3d26c815924faac42\",\"name\":\"mulheres\",\"sameAs\":[\"http:\/\/localhost\/mulheresacesta\"],\"url\":\"https:\/\/mulheresacesta.com.br\/en\/author\/mulheres\/\"}]}<\/script>\n<!-- \/ Yoast SEO plugin. -->","yoast_head_json":{"title":"Sa\u00fade Mental dos Atletas","description":"com o objetivo de difundir os benef\u00edcios da pr\u00e1tica na melhora da qualidade de vida e sa\u00fade mental, no pr\u00f3ximo dia 17 de outubro, o tema ser\u00e1 a","robots":{"index":"index","follow":"follow","max-snippet":"max-snippet:-1","max-image-preview":"max-image-preview:large","max-video-preview":"max-video-preview:-1"},"canonical":"https:\/\/mulheresacesta.com.br\/en\/2022\/10\/saude-mental-dos-atletas\/","og_locale":"en_US","og_type":"article","og_title":"[:pt]Sa\u00fade Mental dos Atletas[:] - Mulheres \u00e0 Cesta","og_description":"com o objetivo de difundir os benef\u00edcios da pr\u00e1tica na melhora da qualidade de vida e sa\u00fade mental, no pr\u00f3ximo dia 17 de outubro, o tema ser\u00e1 a","og_url":"https:\/\/mulheresacesta.com.br\/en\/2022\/10\/saude-mental-dos-atletas\/","og_site_name":"Mulheres \u00e0 Cesta","article_published_time":"2022-10-13T14:58:00+00:00","article_modified_time":"2022-10-13T20:44:39+00:00","og_image":[{"width":1580,"height":890,"url":"https:\/\/mulheresacesta.com.br\/wp-content\/uploads\/2022\/10\/Sau\u0301de-Mental-dos-Atletas.jpg","type":"image\/jpeg"}],"author":"mulheres","twitter_card":"summary_large_image","twitter_misc":{"Written by":"mulheres","Est. reading time":"2 minutes"},"schema":{"@context":"https:\/\/schema.org","@graph":[{"@type":"Article","@id":"https:\/\/mulheresacesta.com.br\/2022\/10\/saude-mental-dos-atletas\/#article","isPartOf":{"@id":"https:\/\/mulheresacesta.com.br\/2022\/10\/saude-mental-dos-atletas\/"},"author":{"name":"mulheres","@id":"https:\/\/mulheresacesta.com.br\/en\/#\/schema\/person\/11ebd3af76a9fcb3d26c815924faac42"},"headline":"Sa\u00fade Mental dos Atletas","datePublished":"2022-10-13T14:58:00+00:00","dateModified":"2022-10-13T20:44:39+00:00","mainEntityOfPage":{"@id":"https:\/\/mulheresacesta.com.br\/2022\/10\/saude-mental-dos-atletas\/"},"wordCount":408,"commentCount":0,"publisher":{"@id":"https:\/\/mulheresacesta.com.br\/en\/#organization"},"image":{"@id":"https:\/\/mulheresacesta.com.br\/2022\/10\/saude-mental-dos-atletas\/#primaryimage"},"thumbnailUrl":"https:\/\/mulheresacesta.com.br\/wp-content\/uploads\/2022\/10\/Sau\u0301de-Mental-dos-Atletas.jpg","keywords":["atleta","mulheres no esporte","mulheres a cesta"],"articleSection":["Blog"],"inLanguage":"en-US","potentialAction":[{"@type":"CommentAction","name":"Comment","target":["https:\/\/mulheresacesta.com.br\/2022\/10\/saude-mental-dos-atletas\/#respond"]}]},{"@type":"WebPage","@id":"https:\/\/mulheresacesta.com.br\/2022\/10\/saude-mental-dos-atletas\/","url":"https:\/\/mulheresacesta.com.br\/2022\/10\/saude-mental-dos-atletas\/","name":"Sa\u00fade Mental dos Atletas","isPartOf":{"@id":"https:\/\/mulheresacesta.com.br\/en\/#website"},"primaryImageOfPage":{"@id":"https:\/\/mulheresacesta.com.br\/2022\/10\/saude-mental-dos-atletas\/#primaryimage"},"image":{"@id":"https:\/\/mulheresacesta.com.br\/2022\/10\/saude-mental-dos-atletas\/#primaryimage"},"thumbnailUrl":"https:\/\/mulheresacesta.com.br\/wp-content\/uploads\/2022\/10\/Sau\u0301de-Mental-dos-Atletas.jpg","datePublished":"2022-10-13T14:58:00+00:00","dateModified":"2022-10-13T20:44:39+00:00","description":"com o objetivo de difundir os benef\u00edcios da pr\u00e1tica na melhora da qualidade de vida e sa\u00fade mental, no pr\u00f3ximo dia 17 de outubro, o tema ser\u00e1 a","breadcrumb":{"@id":"https:\/\/mulheresacesta.com.br\/2022\/10\/saude-mental-dos-atletas\/#breadcrumb"},"inLanguage":"en-US","potentialAction":[{"@type":"ReadAction","target":["https:\/\/mulheresacesta.com.br\/2022\/10\/saude-mental-dos-atletas\/"]}]},{"@type":"ImageObject","inLanguage":"en-US","@id":"https:\/\/mulheresacesta.com.br\/2022\/10\/saude-mental-dos-atletas\/#primaryimage","url":"https:\/\/mulheresacesta.com.br\/wp-content\/uploads\/2022\/10\/Sau\u0301de-Mental-dos-Atletas.jpg","contentUrl":"https:\/\/mulheresacesta.com.br\/wp-content\/uploads\/2022\/10\/Sau\u0301de-Mental-dos-Atletas.jpg","width":1580,"height":890},{"@type":"BreadcrumbList","@id":"https:\/\/mulheresacesta.com.br\/2022\/10\/saude-mental-dos-atletas\/#breadcrumb","itemListElement":[{"@type":"ListItem","position":1,"name":"In\u00edcio","item":"https:\/\/mulheresacesta.com.br\/"},{"@type":"ListItem","position":2,"name":"Sa\u00fade Mental dos Atletas"}]},{"@type":"WebSite","@id":"https:\/\/mulheresacesta.com.br\/en\/#website","url":"https:\/\/mulheresacesta.com.br\/en\/","name":"Mulheres \u00e0 Cesta","description":"","publisher":{"@id":"https:\/\/mulheresacesta.com.br\/en\/#organization"},"potentialAction":[{"@type":"SearchAction","target":{"@type":"EntryPoint","urlTemplate":"https:\/\/mulheresacesta.com.br\/en\/?s={search_term_string}"},"query-input":{"@type":"PropertyValueSpecification","valueRequired":true,"valueName":"search_term_string"}}],"inLanguage":"en-US"},{"@type":"Organization","@id":"https:\/\/mulheresacesta.com.br\/en\/#organization","name":"Mulheres \u00e0 Cesta","url":"https:\/\/mulheresacesta.com.br\/en\/","logo":{"@type":"ImageObject","inLanguage":"en-US","@id":"https:\/\/mulheresacesta.com.br\/en\/#\/schema\/logo\/image\/","url":"https:\/\/mulheresacesta.com.br\/wp-content\/uploads\/2020\/10\/mulheres-a-cesta.jpg","contentUrl":"https:\/\/mulheresacesta.com.br\/wp-content\/uploads\/2020\/10\/mulheres-a-cesta.jpg","width":400,"height":300,"caption":"Mulheres \u00e0 Cesta"},"image":{"@id":"https:\/\/mulheresacesta.com.br\/en\/#\/schema\/logo\/image\/"}},{"@type":"Person","@id":"https:\/\/mulheresacesta.com.br\/en\/#\/schema\/person\/11ebd3af76a9fcb3d26c815924faac42","name":"mulheres","sameAs":["http:\/\/localhost\/mulheresacesta"],"url":"https:\/\/mulheresacesta.com.br\/en\/author\/mulheres\/"}]}},"_links":{"self":[{"href":"https:\/\/mulheresacesta.com.br\/en\/wp-json\/wp\/v2\/posts\/3728","targetHints":{"allow":["GET"]}}],"collection":[{"href":"https:\/\/mulheresacesta.com.br\/en\/wp-json\/wp\/v2\/posts"}],"about":[{"href":"https:\/\/mulheresacesta.com.br\/en\/wp-json\/wp\/v2\/types\/post"}],"author":[{"embeddable":true,"href":"https:\/\/mulheresacesta.com.br\/en\/wp-json\/wp\/v2\/users\/1"}],"replies":[{"embeddable":true,"href":"https:\/\/mulheresacesta.com.br\/en\/wp-json\/wp\/v2\/comments?post=3728"}],"version-history":[{"count":9,"href":"https:\/\/mulheresacesta.com.br\/en\/wp-json\/wp\/v2\/posts\/3728\/revisions"}],"predecessor-version":[{"id":3738,"href":"https:\/\/mulheresacesta.com.br\/en\/wp-json\/wp\/v2\/posts\/3728\/revisions\/3738"}],"wp:featuredmedia":[{"embeddable":true,"href":"https:\/\/mulheresacesta.com.br\/en\/wp-json\/wp\/v2\/media\/3729"}],"wp:attachment":[{"href":"https:\/\/mulheresacesta.com.br\/en\/wp-json\/wp\/v2\/media?parent=3728"}],"wp:term":[{"taxonomy":"category","embeddable":true,"href":"https:\/\/mulheresacesta.com.br\/en\/wp-json\/wp\/v2\/categories?post=3728"},{"taxonomy":"post_tag","embeddable":true,"href":"https:\/\/mulheresacesta.com.br\/en\/wp-json\/wp\/v2\/tags?post=3728"}],"curies":[{"name":"wp","href":"https:\/\/api.w.org\/{rel}","templated":true}]}}