{"id":3741,"date":"2022-10-19T10:52:00","date_gmt":"2022-10-19T13:52:00","guid":{"rendered":"https:\/\/mulheresacesta.com.br\/?p=3741"},"modified":"2022-10-18T18:21:21","modified_gmt":"2022-10-18T21:21:21","slug":"melhor-tecnica-do-brasileirao","status":"publish","type":"post","link":"https:\/\/mulheresacesta.com.br\/en\/2022\/10\/melhor-tecnica-do-brasileirao\/","title":{"rendered":"Melhor t\u00e9cnica do Brasileir\u00e3o"},"content":{"rendered":"\n<p>ser\u00e1 uma das homenageadas no Campeonato Brasileiro sub- 23 Feminino 2022.<\/p>\n\n\n\n<p>A ex-jogadora, ex-t\u00e9cnica e dirigente do basquete andreense, que faleceu em 2019, dar\u00e1 nome ao trof\u00e9u que ser\u00e1 entregue ao melhor treinador ou treinadora do torneio que come\u00e7ou no dia 16 de outubro, com a etapa inicial em Recife.<\/p>\n\n\n\n<p>A inten\u00e7\u00e3o da homenagem \u00e9 valorizar pessoas que foram importantes no basquete em sua gera\u00e7\u00e3o.<\/p>\n\n\n\n<p><strong>Brasileiro feminino<\/strong><br>Em sua 2\u00b0 edi\u00e7\u00e3o, o torneio ter\u00e1 a participa\u00e7\u00e3o de 11 equipes, que ser\u00e3o divididas em duas confer\u00eancias na primeira fase, com as quatro melhores avan\u00e7ando ao Final Four ao fim da etapa de classifica\u00e7\u00e3o.<\/p>\n\n\n\n<p>A capital de Pernambuco, como Sport Recife como anfitri\u00e3o, recebe o turno, de 16 a 22 de outubro, enquanto os paranaenses, com o S\u00e3o Jos\u00e9 dos Pinhais\/Guaxo de mandante, ser\u00e3o sede do returno e do Final Four logo na sequ\u00eancia, entre 28 de novembro a 8 de dezembro.<\/p>\n\n\n\n<p><strong>Quem foi La\u00eds Elena<\/strong><br>Natural de Gar\u00e7a, S\u00e3o Paulo, come\u00e7ou sua carreira como armadora no Corinthians para depois fazer hist\u00f3ria em Santo Andr\u00e9, onde chegou em 1964 e jogou por 11 anos.<\/p>\n\n\n\n<p>Pela sele\u00e7\u00e3o, La\u00eds Elena tamb\u00e9m foi cinco vezes campe\u00e3 sul-americana (1965, 1967, 1968, 1970 e 1974) e ganhou medalhas de ouro em Jogos Pan-Americanos (1967 e 1971). A carreira dela come\u00e7ou no extinto ADC Pirelli, sediado em Santo Andr\u00e9.<\/p>\n\n\n\n<p>Depois de se aposentar, La\u00eds Elena dirigiu por um per\u00edodo de 40 temporadas os times adulto e de base de Santo Andr\u00e9. Entre as principais conquistas como t\u00e9cnica se destacam o t\u00edtulo da primeira edi\u00e7\u00e3o da Liga de Basquete Feminino (LBF), em 2011, o Campeonato Nacional de 1999 e o Campeonato Paulista de 1995.<\/p>\n\n\n\n<p>Ela faleceu em 2019, aos 76 anos, v\u00edtima de um c\u00e2ncer de mama.<\/p>\n","protected":false},"excerpt":{"rendered":"<p>ser\u00e1 uma das homenageadas no Campeonato Brasileiro sub- 23 Feminino 2022. A ex-jogadora, ex-t\u00e9cnica e dirigente do basquete andreense, que faleceu em 2019, dar\u00e1 nome ao trof\u00e9u que ser\u00e1 entregue ao melhor treinador ou treinadora do torneio que come\u00e7ou no dia 16 de outubro, com a etapa inicial em Recife. A inten\u00e7\u00e3o da homenagem \u00e9 [&hellip;]<\/p>\n","protected":false},"author":1,"featured_media":3742,"comment_status":"open","ping_status":"open","sticky":false,"template":"","format":"standard","meta":{"footnotes":""},"categories":[12],"tags":[63,247,6],"class_list":["post-3741","post","type-post","status-publish","format-standard","has-post-thumbnail","hentry","category-blog","tag-basquete-brasil","tag-lais-elena","tag-basquete"],"acf":[],"yoast_head":"<!-- This site is optimized with the Yoast SEO plugin v26.4 - https:\/\/yoast.com\/wordpress\/plugins\/seo\/ -->\n<title>Melhor t\u00e9cnica do Brasileir\u00e3o<\/title>\n<meta name=\"description\" content=\"ser\u00e1 uma das homenageadas no Campeonato Brasileiro sub- 23 Feminino 2022. A ex-jogadora, ex-t\u00e9cnica e dirigente do basquete andreense, que faleceu em\" \/>\n<meta name=\"robots\" content=\"index, follow, max-snippet:-1, max-image-preview:large, max-video-preview:-1\" \/>\n<link rel=\"canonical\" href=\"https:\/\/mulheresacesta.com.br\/en\/2022\/10\/melhor-tecnica-do-brasileirao\/\" \/>\n<meta property=\"og:locale\" content=\"en_US\" \/>\n<meta property=\"og:locale:alternate\" content=\"pt_BR\" \/>\n<meta property=\"og:type\" content=\"article\" \/>\n<meta property=\"og:title\" content=\"Melhor t\u00e9cnica do Brasileir\u00e3o\" \/>\n<meta property=\"og:description\" content=\"ser\u00e1 uma das homenageadas no Campeonato Brasileiro sub- 23 Feminino 2022. A ex-jogadora, ex-t\u00e9cnica e dirigente do basquete andreense, que faleceu em\" \/>\n<meta property=\"og:url\" content=\"https:\/\/mulheresacesta.com.br\/en\/2022\/10\/melhor-tecnica-do-brasileirao\/\" \/>\n<meta property=\"og:site_name\" content=\"Mulheres \u00e0 Cesta\" \/>\n<meta property=\"article:published_time\" content=\"2022-10-19T13:52:00+00:00\" \/>\n<meta property=\"og:image\" content=\"https:\/\/mulheresacesta.com.br\/wp-content\/uploads\/2022\/10\/lais.jpg\" \/>\n\t<meta property=\"og:image:width\" content=\"1580\" \/>\n\t<meta property=\"og:image:height\" content=\"890\" \/>\n\t<meta property=\"og:image:type\" content=\"image\/jpeg\" \/>\n<meta name=\"author\" content=\"mulheres\" \/>\n<meta name=\"twitter:card\" content=\"summary_large_image\" \/>\n<meta name=\"twitter:label1\" content=\"Written by\" \/>\n\t<meta name=\"twitter:data1\" content=\"mulheres\" \/>\n\t<meta name=\"twitter:label2\" content=\"Est. reading time\" \/>\n\t<meta name=\"twitter:data2\" content=\"1 minute\" \/>\n<script type=\"application\/ld+json\" class=\"yoast-schema-graph\">{\"@context\":\"https:\/\/schema.org\",\"@graph\":[{\"@type\":\"Article\",\"@id\":\"https:\/\/mulheresacesta.com.br\/en\/2022\/10\/melhor-tecnica-do-brasileirao\/#article\",\"isPartOf\":{\"@id\":\"https:\/\/mulheresacesta.com.br\/en\/2022\/10\/melhor-tecnica-do-brasileirao\/\"},\"author\":{\"name\":\"mulheres\",\"@id\":\"https:\/\/mulheresacesta.com.br\/en\/#\/schema\/person\/11ebd3af76a9fcb3d26c815924faac42\"},\"headline\":\"Melhor t\u00e9cnica do Brasileir\u00e3o\",\"datePublished\":\"2022-10-19T13:52:00+00:00\",\"mainEntityOfPage\":{\"@id\":\"https:\/\/mulheresacesta.com.br\/en\/2022\/10\/melhor-tecnica-do-brasileirao\/\"},\"wordCount\":302,\"commentCount\":0,\"publisher\":{\"@id\":\"https:\/\/mulheresacesta.com.br\/en\/#organization\"},\"image\":{\"@id\":\"https:\/\/mulheresacesta.com.br\/en\/2022\/10\/melhor-tecnica-do-brasileirao\/#primaryimage\"},\"thumbnailUrl\":\"https:\/\/mulheresacesta.com.br\/wp-content\/uploads\/2022\/10\/lais.jpg\",\"keywords\":[\"basquete brasil\",\"lais elena\",\"basquete\"],\"articleSection\":[\"Blog\"],\"inLanguage\":\"en-US\",\"potentialAction\":[{\"@type\":\"CommentAction\",\"name\":\"Comment\",\"target\":[\"https:\/\/mulheresacesta.com.br\/en\/2022\/10\/melhor-tecnica-do-brasileirao\/#respond\"]}]},{\"@type\":\"WebPage\",\"@id\":\"https:\/\/mulheresacesta.com.br\/en\/2022\/10\/melhor-tecnica-do-brasileirao\/\",\"url\":\"https:\/\/mulheresacesta.com.br\/en\/2022\/10\/melhor-tecnica-do-brasileirao\/\",\"name\":\"Melhor t\u00e9cnica do Brasileir\u00e3o\",\"isPartOf\":{\"@id\":\"https:\/\/mulheresacesta.com.br\/en\/#website\"},\"primaryImageOfPage\":{\"@id\":\"https:\/\/mulheresacesta.com.br\/en\/2022\/10\/melhor-tecnica-do-brasileirao\/#primaryimage\"},\"image\":{\"@id\":\"https:\/\/mulheresacesta.com.br\/en\/2022\/10\/melhor-tecnica-do-brasileirao\/#primaryimage\"},\"thumbnailUrl\":\"https:\/\/mulheresacesta.com.br\/wp-content\/uploads\/2022\/10\/lais.jpg\",\"datePublished\":\"2022-10-19T13:52:00+00:00\",\"description\":\"ser\u00e1 uma das homenageadas no Campeonato Brasileiro sub- 23 Feminino 2022. A ex-jogadora, ex-t\u00e9cnica e dirigente do basquete andreense, que faleceu em\",\"breadcrumb\":{\"@id\":\"https:\/\/mulheresacesta.com.br\/en\/2022\/10\/melhor-tecnica-do-brasileirao\/#breadcrumb\"},\"inLanguage\":\"en-US\",\"potentialAction\":[{\"@type\":\"ReadAction\",\"target\":[\"https:\/\/mulheresacesta.com.br\/en\/2022\/10\/melhor-tecnica-do-brasileirao\/\"]}]},{\"@type\":\"ImageObject\",\"inLanguage\":\"en-US\",\"@id\":\"https:\/\/mulheresacesta.com.br\/en\/2022\/10\/melhor-tecnica-do-brasileirao\/#primaryimage\",\"url\":\"https:\/\/mulheresacesta.com.br\/wp-content\/uploads\/2022\/10\/lais.jpg\",\"contentUrl\":\"https:\/\/mulheresacesta.com.br\/wp-content\/uploads\/2022\/10\/lais.jpg\",\"width\":1580,\"height\":890},{\"@type\":\"BreadcrumbList\",\"@id\":\"https:\/\/mulheresacesta.com.br\/en\/2022\/10\/melhor-tecnica-do-brasileirao\/#breadcrumb\",\"itemListElement\":[{\"@type\":\"ListItem\",\"position\":1,\"name\":\"In\u00edcio\",\"item\":\"https:\/\/mulheresacesta.com.br\/\"},{\"@type\":\"ListItem\",\"position\":2,\"name\":\"Melhor t\u00e9cnica do Brasileir\u00e3o\"}]},{\"@type\":\"WebSite\",\"@id\":\"https:\/\/mulheresacesta.com.br\/en\/#website\",\"url\":\"https:\/\/mulheresacesta.com.br\/en\/\",\"name\":\"Mulheres \u00e0 Cesta\",\"description\":\"\",\"publisher\":{\"@id\":\"https:\/\/mulheresacesta.com.br\/en\/#organization\"},\"potentialAction\":[{\"@type\":\"SearchAction\",\"target\":{\"@type\":\"EntryPoint\",\"urlTemplate\":\"https:\/\/mulheresacesta.com.br\/en\/?s={search_term_string}\"},\"query-input\":{\"@type\":\"PropertyValueSpecification\",\"valueRequired\":true,\"valueName\":\"search_term_string\"}}],\"inLanguage\":\"en-US\"},{\"@type\":\"Organization\",\"@id\":\"https:\/\/mulheresacesta.com.br\/en\/#organization\",\"name\":\"Mulheres \u00e0 Cesta\",\"url\":\"https:\/\/mulheresacesta.com.br\/en\/\",\"logo\":{\"@type\":\"ImageObject\",\"inLanguage\":\"en-US\",\"@id\":\"https:\/\/mulheresacesta.com.br\/en\/#\/schema\/logo\/image\/\",\"url\":\"https:\/\/mulheresacesta.com.br\/wp-content\/uploads\/2020\/10\/mulheres-a-cesta.jpg\",\"contentUrl\":\"https:\/\/mulheresacesta.com.br\/wp-content\/uploads\/2020\/10\/mulheres-a-cesta.jpg\",\"width\":400,\"height\":300,\"caption\":\"Mulheres \u00e0 Cesta\"},\"image\":{\"@id\":\"https:\/\/mulheresacesta.com.br\/en\/#\/schema\/logo\/image\/\"}},{\"@type\":\"Person\",\"@id\":\"https:\/\/mulheresacesta.com.br\/en\/#\/schema\/person\/11ebd3af76a9fcb3d26c815924faac42\",\"name\":\"mulheres\",\"sameAs\":[\"http:\/\/localhost\/mulheresacesta\"],\"url\":\"https:\/\/mulheresacesta.com.br\/en\/author\/mulheres\/\"}]}<\/script>\n<!-- \/ Yoast SEO plugin. -->","yoast_head_json":{"title":"Melhor t\u00e9cnica do Brasileir\u00e3o","description":"ser\u00e1 uma das homenageadas no Campeonato Brasileiro sub- 23 Feminino 2022. A ex-jogadora, ex-t\u00e9cnica e dirigente do basquete andreense, que faleceu em","robots":{"index":"index","follow":"follow","max-snippet":"max-snippet:-1","max-image-preview":"max-image-preview:large","max-video-preview":"max-video-preview:-1"},"canonical":"https:\/\/mulheresacesta.com.br\/en\/2022\/10\/melhor-tecnica-do-brasileirao\/","og_locale":"en_US","og_type":"article","og_title":"[:pt]Melhor t\u00e9cnica do Brasileir\u00e3o[:] - Mulheres \u00e0 Cesta","og_description":"ser\u00e1 uma das homenageadas no Campeonato Brasileiro sub- 23 Feminino 2022. A ex-jogadora, ex-t\u00e9cnica e dirigente do basquete andreense, que faleceu em","og_url":"https:\/\/mulheresacesta.com.br\/en\/2022\/10\/melhor-tecnica-do-brasileirao\/","og_site_name":"Mulheres \u00e0 Cesta","article_published_time":"2022-10-19T13:52:00+00:00","og_image":[{"width":1580,"height":890,"url":"https:\/\/mulheresacesta.com.br\/wp-content\/uploads\/2022\/10\/lais.jpg","type":"image\/jpeg"}],"author":"mulheres","twitter_card":"summary_large_image","twitter_misc":{"Written by":"mulheres","Est. reading time":"1 minute"},"schema":{"@context":"https:\/\/schema.org","@graph":[{"@type":"Article","@id":"https:\/\/mulheresacesta.com.br\/en\/2022\/10\/melhor-tecnica-do-brasileirao\/#article","isPartOf":{"@id":"https:\/\/mulheresacesta.com.br\/en\/2022\/10\/melhor-tecnica-do-brasileirao\/"},"author":{"name":"mulheres","@id":"https:\/\/mulheresacesta.com.br\/en\/#\/schema\/person\/11ebd3af76a9fcb3d26c815924faac42"},"headline":"Melhor t\u00e9cnica do Brasileir\u00e3o","datePublished":"2022-10-19T13:52:00+00:00","mainEntityOfPage":{"@id":"https:\/\/mulheresacesta.com.br\/en\/2022\/10\/melhor-tecnica-do-brasileirao\/"},"wordCount":302,"commentCount":0,"publisher":{"@id":"https:\/\/mulheresacesta.com.br\/en\/#organization"},"image":{"@id":"https:\/\/mulheresacesta.com.br\/en\/2022\/10\/melhor-tecnica-do-brasileirao\/#primaryimage"},"thumbnailUrl":"https:\/\/mulheresacesta.com.br\/wp-content\/uploads\/2022\/10\/lais.jpg","keywords":["basquete brasil","lais elena","basquete"],"articleSection":["Blog"],"inLanguage":"en-US","potentialAction":[{"@type":"CommentAction","name":"Comment","target":["https:\/\/mulheresacesta.com.br\/en\/2022\/10\/melhor-tecnica-do-brasileirao\/#respond"]}]},{"@type":"WebPage","@id":"https:\/\/mulheresacesta.com.br\/en\/2022\/10\/melhor-tecnica-do-brasileirao\/","url":"https:\/\/mulheresacesta.com.br\/en\/2022\/10\/melhor-tecnica-do-brasileirao\/","name":"Melhor t\u00e9cnica do Brasileir\u00e3o","isPartOf":{"@id":"https:\/\/mulheresacesta.com.br\/en\/#website"},"primaryImageOfPage":{"@id":"https:\/\/mulheresacesta.com.br\/en\/2022\/10\/melhor-tecnica-do-brasileirao\/#primaryimage"},"image":{"@id":"https:\/\/mulheresacesta.com.br\/en\/2022\/10\/melhor-tecnica-do-brasileirao\/#primaryimage"},"thumbnailUrl":"https:\/\/mulheresacesta.com.br\/wp-content\/uploads\/2022\/10\/lais.jpg","datePublished":"2022-10-19T13:52:00+00:00","description":"ser\u00e1 uma das homenageadas no Campeonato Brasileiro sub- 23 Feminino 2022. A ex-jogadora, ex-t\u00e9cnica e dirigente do basquete andreense, que faleceu em","breadcrumb":{"@id":"https:\/\/mulheresacesta.com.br\/en\/2022\/10\/melhor-tecnica-do-brasileirao\/#breadcrumb"},"inLanguage":"en-US","potentialAction":[{"@type":"ReadAction","target":["https:\/\/mulheresacesta.com.br\/en\/2022\/10\/melhor-tecnica-do-brasileirao\/"]}]},{"@type":"ImageObject","inLanguage":"en-US","@id":"https:\/\/mulheresacesta.com.br\/en\/2022\/10\/melhor-tecnica-do-brasileirao\/#primaryimage","url":"https:\/\/mulheresacesta.com.br\/wp-content\/uploads\/2022\/10\/lais.jpg","contentUrl":"https:\/\/mulheresacesta.com.br\/wp-content\/uploads\/2022\/10\/lais.jpg","width":1580,"height":890},{"@type":"BreadcrumbList","@id":"https:\/\/mulheresacesta.com.br\/en\/2022\/10\/melhor-tecnica-do-brasileirao\/#breadcrumb","itemListElement":[{"@type":"ListItem","position":1,"name":"In\u00edcio","item":"https:\/\/mulheresacesta.com.br\/"},{"@type":"ListItem","position":2,"name":"Melhor t\u00e9cnica do Brasileir\u00e3o"}]},{"@type":"WebSite","@id":"https:\/\/mulheresacesta.com.br\/en\/#website","url":"https:\/\/mulheresacesta.com.br\/en\/","name":"Mulheres \u00e0 Cesta","description":"","publisher":{"@id":"https:\/\/mulheresacesta.com.br\/en\/#organization"},"potentialAction":[{"@type":"SearchAction","target":{"@type":"EntryPoint","urlTemplate":"https:\/\/mulheresacesta.com.br\/en\/?s={search_term_string}"},"query-input":{"@type":"PropertyValueSpecification","valueRequired":true,"valueName":"search_term_string"}}],"inLanguage":"en-US"},{"@type":"Organization","@id":"https:\/\/mulheresacesta.com.br\/en\/#organization","name":"Mulheres \u00e0 Cesta","url":"https:\/\/mulheresacesta.com.br\/en\/","logo":{"@type":"ImageObject","inLanguage":"en-US","@id":"https:\/\/mulheresacesta.com.br\/en\/#\/schema\/logo\/image\/","url":"https:\/\/mulheresacesta.com.br\/wp-content\/uploads\/2020\/10\/mulheres-a-cesta.jpg","contentUrl":"https:\/\/mulheresacesta.com.br\/wp-content\/uploads\/2020\/10\/mulheres-a-cesta.jpg","width":400,"height":300,"caption":"Mulheres \u00e0 Cesta"},"image":{"@id":"https:\/\/mulheresacesta.com.br\/en\/#\/schema\/logo\/image\/"}},{"@type":"Person","@id":"https:\/\/mulheresacesta.com.br\/en\/#\/schema\/person\/11ebd3af76a9fcb3d26c815924faac42","name":"mulheres","sameAs":["http:\/\/localhost\/mulheresacesta"],"url":"https:\/\/mulheresacesta.com.br\/en\/author\/mulheres\/"}]}},"_links":{"self":[{"href":"https:\/\/mulheresacesta.com.br\/en\/wp-json\/wp\/v2\/posts\/3741","targetHints":{"allow":["GET"]}}],"collection":[{"href":"https:\/\/mulheresacesta.com.br\/en\/wp-json\/wp\/v2\/posts"}],"about":[{"href":"https:\/\/mulheresacesta.com.br\/en\/wp-json\/wp\/v2\/types\/post"}],"author":[{"embeddable":true,"href":"https:\/\/mulheresacesta.com.br\/en\/wp-json\/wp\/v2\/users\/1"}],"replies":[{"embeddable":true,"href":"https:\/\/mulheresacesta.com.br\/en\/wp-json\/wp\/v2\/comments?post=3741"}],"version-history":[{"count":2,"href":"https:\/\/mulheresacesta.com.br\/en\/wp-json\/wp\/v2\/posts\/3741\/revisions"}],"predecessor-version":[{"id":3744,"href":"https:\/\/mulheresacesta.com.br\/en\/wp-json\/wp\/v2\/posts\/3741\/revisions\/3744"}],"wp:featuredmedia":[{"embeddable":true,"href":"https:\/\/mulheresacesta.com.br\/en\/wp-json\/wp\/v2\/media\/3742"}],"wp:attachment":[{"href":"https:\/\/mulheresacesta.com.br\/en\/wp-json\/wp\/v2\/media?parent=3741"}],"wp:term":[{"taxonomy":"category","embeddable":true,"href":"https:\/\/mulheresacesta.com.br\/en\/wp-json\/wp\/v2\/categories?post=3741"},{"taxonomy":"post_tag","embeddable":true,"href":"https:\/\/mulheresacesta.com.br\/en\/wp-json\/wp\/v2\/tags?post=3741"}],"curies":[{"name":"wp","href":"https:\/\/api.w.org\/{rel}","templated":true}]}}