{"id":3745,"date":"2022-10-24T12:15:00","date_gmt":"2022-10-24T15:15:00","guid":{"rendered":"https:\/\/mulheresacesta.com.br\/?p=3745"},"modified":"2022-10-24T16:50:13","modified_gmt":"2022-10-24T19:50:13","slug":"novo-homenageado-no-hall-da-fama","status":"publish","type":"post","link":"https:\/\/mulheresacesta.com.br\/en\/2022\/10\/novo-homenageado-no-hall-da-fama\/","title":{"rendered":"Novo homenageado no Hall da FAMA"},"content":{"rendered":"\n<p>Nascido em Bauru, interior de S\u00e3o Paulo, Barbosa, de 77 anos, est\u00e1 entre os homenageados da Classe de 2022, divulgada pela FIBA em seu site oficial, sendo o 2\u00b0 treinador brasileiro com a honraria.<\/p>\n\n\n\n<p>O t\u00e9cnico teve a vida inteira dedicada ao basquete, principalmente ao feminino. Ele foi t\u00e9cnico da Sele\u00e7\u00e3o Brasileira por mais de 20 anos, em tr\u00eas passagens (1976 a 1984, 1996 a 2007 e na Olimp\u00edada Rio 2016), com 448 jogos internacionais e 330 vit\u00f3rias.<\/p>\n\n\n\n<p>Barbosa ainda foi o t\u00e9cnico do Brasil no bronze ol\u00edmpico em Sydney 2000, al\u00e9m de ter disputado outras duas Olimp\u00edadas. Tem seis participa\u00e7\u00f5es em Jogos Pan-Americanos, com um ouro, dois bronzes e uma prata, e 10 t\u00edtulos Sul-Americanos adultos.<\/p>\n\n\n\n<p>A cerim\u00f4nia oficial ser\u00e1 no dia 30 de novembro, na Sui\u00e7a, na&nbsp;Patrick Baumann House.<\/p>\n\n\n\n<p><strong>Hist\u00f3rico de Premia\u00e7\u00f5es a frente da Sele\u00e7\u00e3o Brasileira<\/strong><\/p>\n\n\n\n<p>&#8211; Campe\u00e3o Sul-Americano cadete 2001<br>&#8211; 2x prata no Sul-Americano Jr 1996 e 2001<br>&#8211; Campe\u00e3o Sul-Americano Jr 1976<br>&#8211; Prata da Copa Am\u00e9rica Jr 1977<br>&#8211; Campe\u00e3o da Copa Am\u00e9rica Jr 1978<br>&#8211; Campe\u00e3o da Copa Am\u00e9rica sub-18 1996<br>&#8211; Prata da Copa Am\u00e9rica sub-20 2002<br>&#8211; 10x campe\u00e3o Sul-Americano adulto 1972, 1978, 1981, 1997, 1999,, 2001, 2003, 2005, 2006 e 2016<br>&#8211; 2x bronze nos Jogos Pan-Americanos 1983 e 2003<br>&#8211; Bronze nos Jogos Ol\u00edmpicos de Sydney 2000<br>&#8211; Campe\u00e3o dos Jogos Pan-Americanos em 1971<br>&#8211; Prata dos Jogos Pan-Americanos de 2007<br>&#8211; 2x prata na AmeriCup 1997 e 2001<br>&#8211; Campe\u00e3o da AmeriCup 2001<\/p>\n","protected":false},"excerpt":{"rendered":"<p>Nascido em Bauru, interior de S\u00e3o Paulo, Barbosa, de 77 anos, est\u00e1 entre os homenageados da Classe de 2022, divulgada pela FIBA em seu site oficial, sendo o 2\u00b0 treinador brasileiro com a honraria. O t\u00e9cnico teve a vida inteira dedicada ao basquete, principalmente ao feminino. Ele foi t\u00e9cnico da Sele\u00e7\u00e3o Brasileira por mais de [&hellip;]<\/p>\n","protected":false},"author":1,"featured_media":3746,"comment_status":"open","ping_status":"open","sticky":false,"template":"","format":"standard","meta":{"footnotes":""},"categories":[12],"tags":[248,63,15],"class_list":["post-3745","post","type-post","status-publish","format-standard","has-post-thumbnail","hentry","category-blog","tag-antonio-carlos-basbosa","tag-basquete-brasil","tag-basquete-feminino"],"acf":[],"yoast_head":"<!-- This site is optimized with the Yoast SEO plugin v26.4 - https:\/\/yoast.com\/wordpress\/plugins\/seo\/ -->\n<title>Novo homenageado no Hall da FAMA<\/title>\n<meta name=\"description\" content=\"Nascido em Bauru, interior de S\u00e3o Paulo, Barbosa, de 77 anos, est\u00e1 entre os homenageados da Classe de 2022, divulgada pela FIBA em seu site oficial, sendo\" \/>\n<meta name=\"robots\" content=\"index, follow, max-snippet:-1, max-image-preview:large, max-video-preview:-1\" \/>\n<link rel=\"canonical\" href=\"https:\/\/mulheresacesta.com.br\/en\/2022\/10\/novo-homenageado-no-hall-da-fama\/\" \/>\n<meta property=\"og:locale\" content=\"en_US\" \/>\n<meta property=\"og:locale:alternate\" content=\"pt_BR\" \/>\n<meta property=\"og:type\" content=\"article\" \/>\n<meta property=\"og:title\" content=\"Novo homenageado no Hall da FAMA\" \/>\n<meta property=\"og:description\" content=\"Nascido em Bauru, interior de S\u00e3o Paulo, Barbosa, de 77 anos, est\u00e1 entre os homenageados da Classe de 2022, divulgada pela FIBA em seu site oficial, sendo\" \/>\n<meta property=\"og:url\" content=\"https:\/\/mulheresacesta.com.br\/en\/2022\/10\/novo-homenageado-no-hall-da-fama\/\" \/>\n<meta property=\"og:site_name\" content=\"Mulheres \u00e0 Cesta\" \/>\n<meta property=\"article:published_time\" content=\"2022-10-24T15:15:00+00:00\" \/>\n<meta property=\"article:modified_time\" content=\"2022-10-24T19:50:13+00:00\" \/>\n<meta property=\"og:image\" content=\"https:\/\/mulheresacesta.com.br\/wp-content\/uploads\/2022\/10\/hall.jpg\" \/>\n\t<meta property=\"og:image:width\" content=\"1580\" \/>\n\t<meta property=\"og:image:height\" content=\"890\" \/>\n\t<meta property=\"og:image:type\" content=\"image\/jpeg\" \/>\n<meta name=\"author\" content=\"mulheres\" \/>\n<meta name=\"twitter:card\" content=\"summary_large_image\" \/>\n<meta name=\"twitter:label1\" content=\"Written by\" \/>\n\t<meta name=\"twitter:data1\" content=\"mulheres\" \/>\n\t<meta name=\"twitter:label2\" content=\"Est. reading time\" \/>\n\t<meta name=\"twitter:data2\" content=\"1 minute\" \/>\n<script type=\"application\/ld+json\" class=\"yoast-schema-graph\">{\"@context\":\"https:\/\/schema.org\",\"@graph\":[{\"@type\":\"Article\",\"@id\":\"https:\/\/mulheresacesta.com.br\/en\/2022\/10\/novo-homenageado-no-hall-da-fama\/#article\",\"isPartOf\":{\"@id\":\"https:\/\/mulheresacesta.com.br\/en\/2022\/10\/novo-homenageado-no-hall-da-fama\/\"},\"author\":{\"name\":\"mulheres\",\"@id\":\"https:\/\/mulheresacesta.com.br\/en\/#\/schema\/person\/11ebd3af76a9fcb3d26c815924faac42\"},\"headline\":\"Novo homenageado no Hall da FAMA\",\"datePublished\":\"2022-10-24T15:15:00+00:00\",\"dateModified\":\"2022-10-24T19:50:13+00:00\",\"mainEntityOfPage\":{\"@id\":\"https:\/\/mulheresacesta.com.br\/en\/2022\/10\/novo-homenageado-no-hall-da-fama\/\"},\"wordCount\":246,\"commentCount\":0,\"publisher\":{\"@id\":\"https:\/\/mulheresacesta.com.br\/en\/#organization\"},\"image\":{\"@id\":\"https:\/\/mulheresacesta.com.br\/en\/2022\/10\/novo-homenageado-no-hall-da-fama\/#primaryimage\"},\"thumbnailUrl\":\"https:\/\/mulheresacesta.com.br\/wp-content\/uploads\/2022\/10\/hall.jpg\",\"keywords\":[\"antonio carlos basbosa\",\"basquete brasil\",\"basquete feminino\"],\"articleSection\":[\"Blog\"],\"inLanguage\":\"en-US\",\"potentialAction\":[{\"@type\":\"CommentAction\",\"name\":\"Comment\",\"target\":[\"https:\/\/mulheresacesta.com.br\/en\/2022\/10\/novo-homenageado-no-hall-da-fama\/#respond\"]}]},{\"@type\":\"WebPage\",\"@id\":\"https:\/\/mulheresacesta.com.br\/en\/2022\/10\/novo-homenageado-no-hall-da-fama\/\",\"url\":\"https:\/\/mulheresacesta.com.br\/en\/2022\/10\/novo-homenageado-no-hall-da-fama\/\",\"name\":\"Novo homenageado no Hall da FAMA\",\"isPartOf\":{\"@id\":\"https:\/\/mulheresacesta.com.br\/en\/#website\"},\"primaryImageOfPage\":{\"@id\":\"https:\/\/mulheresacesta.com.br\/en\/2022\/10\/novo-homenageado-no-hall-da-fama\/#primaryimage\"},\"image\":{\"@id\":\"https:\/\/mulheresacesta.com.br\/en\/2022\/10\/novo-homenageado-no-hall-da-fama\/#primaryimage\"},\"thumbnailUrl\":\"https:\/\/mulheresacesta.com.br\/wp-content\/uploads\/2022\/10\/hall.jpg\",\"datePublished\":\"2022-10-24T15:15:00+00:00\",\"dateModified\":\"2022-10-24T19:50:13+00:00\",\"description\":\"Nascido em Bauru, interior de S\u00e3o Paulo, Barbosa, de 77 anos, est\u00e1 entre os homenageados da Classe de 2022, divulgada pela FIBA em seu site oficial, sendo\",\"breadcrumb\":{\"@id\":\"https:\/\/mulheresacesta.com.br\/en\/2022\/10\/novo-homenageado-no-hall-da-fama\/#breadcrumb\"},\"inLanguage\":\"en-US\",\"potentialAction\":[{\"@type\":\"ReadAction\",\"target\":[\"https:\/\/mulheresacesta.com.br\/en\/2022\/10\/novo-homenageado-no-hall-da-fama\/\"]}]},{\"@type\":\"ImageObject\",\"inLanguage\":\"en-US\",\"@id\":\"https:\/\/mulheresacesta.com.br\/en\/2022\/10\/novo-homenageado-no-hall-da-fama\/#primaryimage\",\"url\":\"https:\/\/mulheresacesta.com.br\/wp-content\/uploads\/2022\/10\/hall.jpg\",\"contentUrl\":\"https:\/\/mulheresacesta.com.br\/wp-content\/uploads\/2022\/10\/hall.jpg\",\"width\":1580,\"height\":890},{\"@type\":\"BreadcrumbList\",\"@id\":\"https:\/\/mulheresacesta.com.br\/en\/2022\/10\/novo-homenageado-no-hall-da-fama\/#breadcrumb\",\"itemListElement\":[{\"@type\":\"ListItem\",\"position\":1,\"name\":\"In\u00edcio\",\"item\":\"https:\/\/mulheresacesta.com.br\/\"},{\"@type\":\"ListItem\",\"position\":2,\"name\":\"Novo homenageado no Hall da FAMA\"}]},{\"@type\":\"WebSite\",\"@id\":\"https:\/\/mulheresacesta.com.br\/en\/#website\",\"url\":\"https:\/\/mulheresacesta.com.br\/en\/\",\"name\":\"Mulheres \u00e0 Cesta\",\"description\":\"\",\"publisher\":{\"@id\":\"https:\/\/mulheresacesta.com.br\/en\/#organization\"},\"potentialAction\":[{\"@type\":\"SearchAction\",\"target\":{\"@type\":\"EntryPoint\",\"urlTemplate\":\"https:\/\/mulheresacesta.com.br\/en\/?s={search_term_string}\"},\"query-input\":{\"@type\":\"PropertyValueSpecification\",\"valueRequired\":true,\"valueName\":\"search_term_string\"}}],\"inLanguage\":\"en-US\"},{\"@type\":\"Organization\",\"@id\":\"https:\/\/mulheresacesta.com.br\/en\/#organization\",\"name\":\"Mulheres \u00e0 Cesta\",\"url\":\"https:\/\/mulheresacesta.com.br\/en\/\",\"logo\":{\"@type\":\"ImageObject\",\"inLanguage\":\"en-US\",\"@id\":\"https:\/\/mulheresacesta.com.br\/en\/#\/schema\/logo\/image\/\",\"url\":\"https:\/\/mulheresacesta.com.br\/wp-content\/uploads\/2020\/10\/mulheres-a-cesta.jpg\",\"contentUrl\":\"https:\/\/mulheresacesta.com.br\/wp-content\/uploads\/2020\/10\/mulheres-a-cesta.jpg\",\"width\":400,\"height\":300,\"caption\":\"Mulheres \u00e0 Cesta\"},\"image\":{\"@id\":\"https:\/\/mulheresacesta.com.br\/en\/#\/schema\/logo\/image\/\"}},{\"@type\":\"Person\",\"@id\":\"https:\/\/mulheresacesta.com.br\/en\/#\/schema\/person\/11ebd3af76a9fcb3d26c815924faac42\",\"name\":\"mulheres\",\"sameAs\":[\"http:\/\/localhost\/mulheresacesta\"],\"url\":\"https:\/\/mulheresacesta.com.br\/en\/author\/mulheres\/\"}]}<\/script>\n<!-- \/ Yoast SEO plugin. -->","yoast_head_json":{"title":"Novo homenageado no Hall da FAMA","description":"Nascido em Bauru, interior de S\u00e3o Paulo, Barbosa, de 77 anos, est\u00e1 entre os homenageados da Classe de 2022, divulgada pela FIBA em seu site oficial, sendo","robots":{"index":"index","follow":"follow","max-snippet":"max-snippet:-1","max-image-preview":"max-image-preview:large","max-video-preview":"max-video-preview:-1"},"canonical":"https:\/\/mulheresacesta.com.br\/en\/2022\/10\/novo-homenageado-no-hall-da-fama\/","og_locale":"en_US","og_type":"article","og_title":"[:pt]Novo homenageado no Hall da FAMA[:] - Mulheres \u00e0 Cesta","og_description":"Nascido em Bauru, interior de S\u00e3o Paulo, Barbosa, de 77 anos, est\u00e1 entre os homenageados da Classe de 2022, divulgada pela FIBA em seu site oficial, sendo","og_url":"https:\/\/mulheresacesta.com.br\/en\/2022\/10\/novo-homenageado-no-hall-da-fama\/","og_site_name":"Mulheres \u00e0 Cesta","article_published_time":"2022-10-24T15:15:00+00:00","article_modified_time":"2022-10-24T19:50:13+00:00","og_image":[{"width":1580,"height":890,"url":"https:\/\/mulheresacesta.com.br\/wp-content\/uploads\/2022\/10\/hall.jpg","type":"image\/jpeg"}],"author":"mulheres","twitter_card":"summary_large_image","twitter_misc":{"Written by":"mulheres","Est. reading time":"1 minute"},"schema":{"@context":"https:\/\/schema.org","@graph":[{"@type":"Article","@id":"https:\/\/mulheresacesta.com.br\/en\/2022\/10\/novo-homenageado-no-hall-da-fama\/#article","isPartOf":{"@id":"https:\/\/mulheresacesta.com.br\/en\/2022\/10\/novo-homenageado-no-hall-da-fama\/"},"author":{"name":"mulheres","@id":"https:\/\/mulheresacesta.com.br\/en\/#\/schema\/person\/11ebd3af76a9fcb3d26c815924faac42"},"headline":"Novo homenageado no Hall da FAMA","datePublished":"2022-10-24T15:15:00+00:00","dateModified":"2022-10-24T19:50:13+00:00","mainEntityOfPage":{"@id":"https:\/\/mulheresacesta.com.br\/en\/2022\/10\/novo-homenageado-no-hall-da-fama\/"},"wordCount":246,"commentCount":0,"publisher":{"@id":"https:\/\/mulheresacesta.com.br\/en\/#organization"},"image":{"@id":"https:\/\/mulheresacesta.com.br\/en\/2022\/10\/novo-homenageado-no-hall-da-fama\/#primaryimage"},"thumbnailUrl":"https:\/\/mulheresacesta.com.br\/wp-content\/uploads\/2022\/10\/hall.jpg","keywords":["antonio carlos basbosa","basquete brasil","basquete feminino"],"articleSection":["Blog"],"inLanguage":"en-US","potentialAction":[{"@type":"CommentAction","name":"Comment","target":["https:\/\/mulheresacesta.com.br\/en\/2022\/10\/novo-homenageado-no-hall-da-fama\/#respond"]}]},{"@type":"WebPage","@id":"https:\/\/mulheresacesta.com.br\/en\/2022\/10\/novo-homenageado-no-hall-da-fama\/","url":"https:\/\/mulheresacesta.com.br\/en\/2022\/10\/novo-homenageado-no-hall-da-fama\/","name":"Novo homenageado no Hall da FAMA","isPartOf":{"@id":"https:\/\/mulheresacesta.com.br\/en\/#website"},"primaryImageOfPage":{"@id":"https:\/\/mulheresacesta.com.br\/en\/2022\/10\/novo-homenageado-no-hall-da-fama\/#primaryimage"},"image":{"@id":"https:\/\/mulheresacesta.com.br\/en\/2022\/10\/novo-homenageado-no-hall-da-fama\/#primaryimage"},"thumbnailUrl":"https:\/\/mulheresacesta.com.br\/wp-content\/uploads\/2022\/10\/hall.jpg","datePublished":"2022-10-24T15:15:00+00:00","dateModified":"2022-10-24T19:50:13+00:00","description":"Nascido em Bauru, interior de S\u00e3o Paulo, Barbosa, de 77 anos, est\u00e1 entre os homenageados da Classe de 2022, divulgada pela FIBA em seu site oficial, sendo","breadcrumb":{"@id":"https:\/\/mulheresacesta.com.br\/en\/2022\/10\/novo-homenageado-no-hall-da-fama\/#breadcrumb"},"inLanguage":"en-US","potentialAction":[{"@type":"ReadAction","target":["https:\/\/mulheresacesta.com.br\/en\/2022\/10\/novo-homenageado-no-hall-da-fama\/"]}]},{"@type":"ImageObject","inLanguage":"en-US","@id":"https:\/\/mulheresacesta.com.br\/en\/2022\/10\/novo-homenageado-no-hall-da-fama\/#primaryimage","url":"https:\/\/mulheresacesta.com.br\/wp-content\/uploads\/2022\/10\/hall.jpg","contentUrl":"https:\/\/mulheresacesta.com.br\/wp-content\/uploads\/2022\/10\/hall.jpg","width":1580,"height":890},{"@type":"BreadcrumbList","@id":"https:\/\/mulheresacesta.com.br\/en\/2022\/10\/novo-homenageado-no-hall-da-fama\/#breadcrumb","itemListElement":[{"@type":"ListItem","position":1,"name":"In\u00edcio","item":"https:\/\/mulheresacesta.com.br\/"},{"@type":"ListItem","position":2,"name":"Novo homenageado no Hall da FAMA"}]},{"@type":"WebSite","@id":"https:\/\/mulheresacesta.com.br\/en\/#website","url":"https:\/\/mulheresacesta.com.br\/en\/","name":"Mulheres \u00e0 Cesta","description":"","publisher":{"@id":"https:\/\/mulheresacesta.com.br\/en\/#organization"},"potentialAction":[{"@type":"SearchAction","target":{"@type":"EntryPoint","urlTemplate":"https:\/\/mulheresacesta.com.br\/en\/?s={search_term_string}"},"query-input":{"@type":"PropertyValueSpecification","valueRequired":true,"valueName":"search_term_string"}}],"inLanguage":"en-US"},{"@type":"Organization","@id":"https:\/\/mulheresacesta.com.br\/en\/#organization","name":"Mulheres \u00e0 Cesta","url":"https:\/\/mulheresacesta.com.br\/en\/","logo":{"@type":"ImageObject","inLanguage":"en-US","@id":"https:\/\/mulheresacesta.com.br\/en\/#\/schema\/logo\/image\/","url":"https:\/\/mulheresacesta.com.br\/wp-content\/uploads\/2020\/10\/mulheres-a-cesta.jpg","contentUrl":"https:\/\/mulheresacesta.com.br\/wp-content\/uploads\/2020\/10\/mulheres-a-cesta.jpg","width":400,"height":300,"caption":"Mulheres \u00e0 Cesta"},"image":{"@id":"https:\/\/mulheresacesta.com.br\/en\/#\/schema\/logo\/image\/"}},{"@type":"Person","@id":"https:\/\/mulheresacesta.com.br\/en\/#\/schema\/person\/11ebd3af76a9fcb3d26c815924faac42","name":"mulheres","sameAs":["http:\/\/localhost\/mulheresacesta"],"url":"https:\/\/mulheresacesta.com.br\/en\/author\/mulheres\/"}]}},"_links":{"self":[{"href":"https:\/\/mulheresacesta.com.br\/en\/wp-json\/wp\/v2\/posts\/3745","targetHints":{"allow":["GET"]}}],"collection":[{"href":"https:\/\/mulheresacesta.com.br\/en\/wp-json\/wp\/v2\/posts"}],"about":[{"href":"https:\/\/mulheresacesta.com.br\/en\/wp-json\/wp\/v2\/types\/post"}],"author":[{"embeddable":true,"href":"https:\/\/mulheresacesta.com.br\/en\/wp-json\/wp\/v2\/users\/1"}],"replies":[{"embeddable":true,"href":"https:\/\/mulheresacesta.com.br\/en\/wp-json\/wp\/v2\/comments?post=3745"}],"version-history":[{"count":4,"href":"https:\/\/mulheresacesta.com.br\/en\/wp-json\/wp\/v2\/posts\/3745\/revisions"}],"predecessor-version":[{"id":3760,"href":"https:\/\/mulheresacesta.com.br\/en\/wp-json\/wp\/v2\/posts\/3745\/revisions\/3760"}],"wp:featuredmedia":[{"embeddable":true,"href":"https:\/\/mulheresacesta.com.br\/en\/wp-json\/wp\/v2\/media\/3746"}],"wp:attachment":[{"href":"https:\/\/mulheresacesta.com.br\/en\/wp-json\/wp\/v2\/media?parent=3745"}],"wp:term":[{"taxonomy":"category","embeddable":true,"href":"https:\/\/mulheresacesta.com.br\/en\/wp-json\/wp\/v2\/categories?post=3745"},{"taxonomy":"post_tag","embeddable":true,"href":"https:\/\/mulheresacesta.com.br\/en\/wp-json\/wp\/v2\/tags?post=3745"}],"curies":[{"name":"wp","href":"https:\/\/api.w.org\/{rel}","templated":true}]}}