{"id":3766,"date":"2022-10-25T09:00:00","date_gmt":"2022-10-25T12:00:00","guid":{"rendered":"https:\/\/mulheresacesta.com.br\/?p=3766"},"modified":"2022-10-25T16:52:07","modified_gmt":"2022-10-25T19:52:07","slug":"meninas-do-basquete","status":"publish","type":"post","link":"https:\/\/mulheresacesta.com.br\/en\/2022\/10\/meninas-do-basquete\/","title":{"rendered":"Meninas do Basquete"},"content":{"rendered":"\n<p>Descobriu o basquete aos 14 anos de idade e de l\u00e1 para c\u00e1 construiu uma hist\u00f3ria junto ao basquetebol, onde atualmente coleciona o t\u00edtulo de Campe\u00e3 Pan Americana 2022 pela Sele\u00e7\u00e3o brasileira categoria 45+.<\/p>\n\n\n\n<p>Sua carreira come\u00e7ou pelas equipes Perdig\u00e3o Divino em Jundia\u00ed, depois passou por Guarulhos, Unimep em Piracicaba e Bauru. \u201cTive uma correria curta devido a entorses e cirurgias nos joelhos, mas a oportunidade de dividir quadra e aprender muito com as grandes jogadoras Magic Paula, Alessandra, Adriana Santos, Branca, Edna, Zez\u00e9, Vania Teixeira, Marcia e Sandra Prande, Claudia Pastor, Rosangela, Jaqueline, entre outras.\u201d, relembra Karina.<\/p>\n\n\n\n<p><strong>Associa\u00e7\u00e3o Meninas do Basquete<br><\/strong>Desde 2017 a convite do seu primeiro treinador Reginaldo Soares, o fundador do projeto, Karina tem trabalhado na forma\u00e7\u00e3o de novas jovens atletas na faixa de 13 e 14 anos.<\/p>\n\n\n\n<p>Durante a pandemia, o projeto n\u00e3o parou e as meninas tinham aulas online 3 vezes por semana.<\/p>\n\n\n\n<p>Ano passado, com apoio da jogadora Alessandra Santos de Oliveira, as meninas de Santa Cruz foram as campe\u00e3s ga\u00fachas nas categorias sub 17 e sub 19.<\/p>\n\n\n\n<p>&nbsp;\u201cEsse ano, assumi o papel de diretora, contratamos a t\u00e9cnica Isla Raissa Closs que vem sendo uma parceira maravilhosa, e hoje estamos com cerca de 50 meninas em dois polos de treinamento.\u201d, conta orgulhosa.<\/p>\n\n\n\n<p>Atualmente, a Associa\u00e7\u00e3o j\u00e1 tem uma atleta, Betina Bergallo, jogando nos EUA, com bolsa integral atrav\u00e9s do Basquete e muitos outras defendendo a sele\u00e7\u00e3o ga\u00facha. \u201cEspero poder seguir nosso trabalho, n\u00e3o s\u00f3 ensinando basquete, mas formando cidad\u00e3s de bem, mulheres fortes e resilientes.\u201d, finaliza Karina.<\/p>\n\n\n\n<p><strong>Live<\/strong><br>A Diretora de esportes da Associa\u00e7\u00e3o Meninas de Basquete de Santa Cruz do Sul, Karina Knak \u00e9 a entrevistada dessa semana por Claudia Guedes. A live ser\u00e1 realizada nessa ter\u00e7a-feira, \u00e0s 19h30 no instagram @mulheresacesta.<\/p>\n\n\n\n<figure class=\"wp-block-image size-large\"><img loading=\"lazy\" decoding=\"async\" width=\"1024\" height=\"768\" src=\"https:\/\/mulheresacesta.com.br\/wp-content\/uploads\/2022\/10\/WhatsApp-Image-2022-10-25-at-12.36.25-1024x768.jpeg\" alt=\"\" class=\"wp-image-3770\" srcset=\"https:\/\/mulheresacesta.com.br\/wp-content\/uploads\/2022\/10\/WhatsApp-Image-2022-10-25-at-12.36.25-1024x768.jpeg 1024w, https:\/\/mulheresacesta.com.br\/wp-content\/uploads\/2022\/10\/WhatsApp-Image-2022-10-25-at-12.36.25-300x225.jpeg 300w, https:\/\/mulheresacesta.com.br\/wp-content\/uploads\/2022\/10\/WhatsApp-Image-2022-10-25-at-12.36.25-768x576.jpeg 768w, https:\/\/mulheresacesta.com.br\/wp-content\/uploads\/2022\/10\/WhatsApp-Image-2022-10-25-at-12.36.25-1536x1152.jpeg 1536w, https:\/\/mulheresacesta.com.br\/wp-content\/uploads\/2022\/10\/WhatsApp-Image-2022-10-25-at-12.36.25.jpeg 1600w\" sizes=\"auto, (max-width: 1024px) 100vw, 1024px\" \/><\/figure>\n","protected":false},"excerpt":{"rendered":"<p>Descobriu o basquete aos 14 anos de idade e de l\u00e1 para c\u00e1 construiu uma hist\u00f3ria junto ao basquetebol, onde atualmente coleciona o t\u00edtulo de Campe\u00e3 Pan Americana 2022 pela Sele\u00e7\u00e3o brasileira categoria 45+. Sua carreira come\u00e7ou pelas equipes Perdig\u00e3o Divino em Jundia\u00ed, depois passou por Guarulhos, Unimep em Piracicaba e Bauru. \u201cTive uma correria [&hellip;]<\/p>\n","protected":false},"author":1,"featured_media":3767,"comment_status":"open","ping_status":"open","sticky":false,"template":"","format":"standard","meta":{"footnotes":""},"categories":[12],"tags":[18,249,84,15],"class_list":["post-3766","post","type-post","status-publish","format-standard","has-post-thumbnail","hentry","category-blog","tag-claudia-guedes","tag-karina-kanak","tag-selecao-brasileira","tag-basquete-feminino"],"acf":[],"yoast_head":"<!-- This site is optimized with the Yoast SEO plugin v26.4 - https:\/\/yoast.com\/wordpress\/plugins\/seo\/ -->\n<title>Meninas do Basquete<\/title>\n<meta name=\"description\" content=\"Descobriu o basquete aos 14 anos de idade e de l\u00e1 para c\u00e1 construiu uma hist\u00f3ria junto ao basquetebol, onde atualmente coleciona o t\u00edtulo de Campe\u00e3 Pan\" \/>\n<meta name=\"robots\" content=\"index, follow, max-snippet:-1, max-image-preview:large, max-video-preview:-1\" \/>\n<link rel=\"canonical\" href=\"https:\/\/mulheresacesta.com.br\/en\/2022\/10\/meninas-do-basquete\/\" \/>\n<meta property=\"og:locale\" content=\"en_US\" \/>\n<meta property=\"og:locale:alternate\" content=\"pt_BR\" \/>\n<meta property=\"og:type\" content=\"article\" \/>\n<meta property=\"og:title\" content=\"Meninas do Basquete\" \/>\n<meta property=\"og:description\" content=\"Descobriu o basquete aos 14 anos de idade e de l\u00e1 para c\u00e1 construiu uma hist\u00f3ria junto ao basquetebol, onde atualmente coleciona o t\u00edtulo de Campe\u00e3 Pan\" \/>\n<meta property=\"og:url\" content=\"https:\/\/mulheresacesta.com.br\/en\/2022\/10\/meninas-do-basquete\/\" \/>\n<meta property=\"og:site_name\" content=\"Mulheres \u00e0 Cesta\" \/>\n<meta property=\"article:published_time\" content=\"2022-10-25T12:00:00+00:00\" \/>\n<meta property=\"article:modified_time\" content=\"2022-10-25T19:52:07+00:00\" \/>\n<meta property=\"og:image\" content=\"https:\/\/mulheresacesta.com.br\/wp-content\/uploads\/2022\/10\/Untitled-2.jpg\" \/>\n\t<meta property=\"og:image:width\" content=\"1590\" \/>\n\t<meta property=\"og:image:height\" content=\"890\" \/>\n\t<meta property=\"og:image:type\" content=\"image\/jpeg\" \/>\n<meta name=\"author\" content=\"mulheres\" \/>\n<meta name=\"twitter:card\" content=\"summary_large_image\" \/>\n<meta name=\"twitter:label1\" content=\"Written by\" \/>\n\t<meta name=\"twitter:data1\" content=\"mulheres\" \/>\n\t<meta name=\"twitter:label2\" content=\"Est. reading time\" \/>\n\t<meta name=\"twitter:data2\" content=\"1 minute\" \/>\n<script type=\"application\/ld+json\" class=\"yoast-schema-graph\">{\"@context\":\"https:\/\/schema.org\",\"@graph\":[{\"@type\":\"Article\",\"@id\":\"https:\/\/mulheresacesta.com.br\/en\/2022\/10\/meninas-do-basquete\/#article\",\"isPartOf\":{\"@id\":\"https:\/\/mulheresacesta.com.br\/en\/2022\/10\/meninas-do-basquete\/\"},\"author\":{\"name\":\"mulheres\",\"@id\":\"https:\/\/mulheresacesta.com.br\/en\/#\/schema\/person\/11ebd3af76a9fcb3d26c815924faac42\"},\"headline\":\"Meninas do Basquete\",\"datePublished\":\"2022-10-25T12:00:00+00:00\",\"dateModified\":\"2022-10-25T19:52:07+00:00\",\"mainEntityOfPage\":{\"@id\":\"https:\/\/mulheresacesta.com.br\/en\/2022\/10\/meninas-do-basquete\/\"},\"wordCount\":304,\"commentCount\":0,\"publisher\":{\"@id\":\"https:\/\/mulheresacesta.com.br\/en\/#organization\"},\"image\":{\"@id\":\"https:\/\/mulheresacesta.com.br\/en\/2022\/10\/meninas-do-basquete\/#primaryimage\"},\"thumbnailUrl\":\"https:\/\/mulheresacesta.com.br\/wp-content\/uploads\/2022\/10\/Untitled-2.jpg\",\"keywords\":[\"claudia guedes\",\"karina kanak\",\"sele\u00e7\u00e3o brasileira\",\"basquete feminino\"],\"articleSection\":[\"Blog\"],\"inLanguage\":\"en-US\",\"potentialAction\":[{\"@type\":\"CommentAction\",\"name\":\"Comment\",\"target\":[\"https:\/\/mulheresacesta.com.br\/en\/2022\/10\/meninas-do-basquete\/#respond\"]}]},{\"@type\":\"WebPage\",\"@id\":\"https:\/\/mulheresacesta.com.br\/en\/2022\/10\/meninas-do-basquete\/\",\"url\":\"https:\/\/mulheresacesta.com.br\/en\/2022\/10\/meninas-do-basquete\/\",\"name\":\"Meninas do Basquete\",\"isPartOf\":{\"@id\":\"https:\/\/mulheresacesta.com.br\/en\/#website\"},\"primaryImageOfPage\":{\"@id\":\"https:\/\/mulheresacesta.com.br\/en\/2022\/10\/meninas-do-basquete\/#primaryimage\"},\"image\":{\"@id\":\"https:\/\/mulheresacesta.com.br\/en\/2022\/10\/meninas-do-basquete\/#primaryimage\"},\"thumbnailUrl\":\"https:\/\/mulheresacesta.com.br\/wp-content\/uploads\/2022\/10\/Untitled-2.jpg\",\"datePublished\":\"2022-10-25T12:00:00+00:00\",\"dateModified\":\"2022-10-25T19:52:07+00:00\",\"description\":\"Descobriu o basquete aos 14 anos de idade e de l\u00e1 para c\u00e1 construiu uma hist\u00f3ria junto ao basquetebol, onde atualmente coleciona o t\u00edtulo de Campe\u00e3 Pan\",\"breadcrumb\":{\"@id\":\"https:\/\/mulheresacesta.com.br\/en\/2022\/10\/meninas-do-basquete\/#breadcrumb\"},\"inLanguage\":\"en-US\",\"potentialAction\":[{\"@type\":\"ReadAction\",\"target\":[\"https:\/\/mulheresacesta.com.br\/en\/2022\/10\/meninas-do-basquete\/\"]}]},{\"@type\":\"ImageObject\",\"inLanguage\":\"en-US\",\"@id\":\"https:\/\/mulheresacesta.com.br\/en\/2022\/10\/meninas-do-basquete\/#primaryimage\",\"url\":\"https:\/\/mulheresacesta.com.br\/wp-content\/uploads\/2022\/10\/Untitled-2.jpg\",\"contentUrl\":\"https:\/\/mulheresacesta.com.br\/wp-content\/uploads\/2022\/10\/Untitled-2.jpg\",\"width\":1590,\"height\":890},{\"@type\":\"BreadcrumbList\",\"@id\":\"https:\/\/mulheresacesta.com.br\/en\/2022\/10\/meninas-do-basquete\/#breadcrumb\",\"itemListElement\":[{\"@type\":\"ListItem\",\"position\":1,\"name\":\"In\u00edcio\",\"item\":\"https:\/\/mulheresacesta.com.br\/\"},{\"@type\":\"ListItem\",\"position\":2,\"name\":\"Meninas do Basquete\"}]},{\"@type\":\"WebSite\",\"@id\":\"https:\/\/mulheresacesta.com.br\/en\/#website\",\"url\":\"https:\/\/mulheresacesta.com.br\/en\/\",\"name\":\"Mulheres \u00e0 Cesta\",\"description\":\"\",\"publisher\":{\"@id\":\"https:\/\/mulheresacesta.com.br\/en\/#organization\"},\"potentialAction\":[{\"@type\":\"SearchAction\",\"target\":{\"@type\":\"EntryPoint\",\"urlTemplate\":\"https:\/\/mulheresacesta.com.br\/en\/?s={search_term_string}\"},\"query-input\":{\"@type\":\"PropertyValueSpecification\",\"valueRequired\":true,\"valueName\":\"search_term_string\"}}],\"inLanguage\":\"en-US\"},{\"@type\":\"Organization\",\"@id\":\"https:\/\/mulheresacesta.com.br\/en\/#organization\",\"name\":\"Mulheres \u00e0 Cesta\",\"url\":\"https:\/\/mulheresacesta.com.br\/en\/\",\"logo\":{\"@type\":\"ImageObject\",\"inLanguage\":\"en-US\",\"@id\":\"https:\/\/mulheresacesta.com.br\/en\/#\/schema\/logo\/image\/\",\"url\":\"https:\/\/mulheresacesta.com.br\/wp-content\/uploads\/2020\/10\/mulheres-a-cesta.jpg\",\"contentUrl\":\"https:\/\/mulheresacesta.com.br\/wp-content\/uploads\/2020\/10\/mulheres-a-cesta.jpg\",\"width\":400,\"height\":300,\"caption\":\"Mulheres \u00e0 Cesta\"},\"image\":{\"@id\":\"https:\/\/mulheresacesta.com.br\/en\/#\/schema\/logo\/image\/\"}},{\"@type\":\"Person\",\"@id\":\"https:\/\/mulheresacesta.com.br\/en\/#\/schema\/person\/11ebd3af76a9fcb3d26c815924faac42\",\"name\":\"mulheres\",\"sameAs\":[\"http:\/\/localhost\/mulheresacesta\"],\"url\":\"https:\/\/mulheresacesta.com.br\/en\/author\/mulheres\/\"}]}<\/script>\n<!-- \/ Yoast SEO plugin. -->","yoast_head_json":{"title":"Meninas do Basquete","description":"Descobriu o basquete aos 14 anos de idade e de l\u00e1 para c\u00e1 construiu uma hist\u00f3ria junto ao basquetebol, onde atualmente coleciona o t\u00edtulo de Campe\u00e3 Pan","robots":{"index":"index","follow":"follow","max-snippet":"max-snippet:-1","max-image-preview":"max-image-preview:large","max-video-preview":"max-video-preview:-1"},"canonical":"https:\/\/mulheresacesta.com.br\/en\/2022\/10\/meninas-do-basquete\/","og_locale":"en_US","og_type":"article","og_title":"[:pt]Meninas do Basquete[:] - Mulheres \u00e0 Cesta","og_description":"Descobriu o basquete aos 14 anos de idade e de l\u00e1 para c\u00e1 construiu uma hist\u00f3ria junto ao basquetebol, onde atualmente coleciona o t\u00edtulo de Campe\u00e3 Pan","og_url":"https:\/\/mulheresacesta.com.br\/en\/2022\/10\/meninas-do-basquete\/","og_site_name":"Mulheres \u00e0 Cesta","article_published_time":"2022-10-25T12:00:00+00:00","article_modified_time":"2022-10-25T19:52:07+00:00","og_image":[{"width":1590,"height":890,"url":"https:\/\/mulheresacesta.com.br\/wp-content\/uploads\/2022\/10\/Untitled-2.jpg","type":"image\/jpeg"}],"author":"mulheres","twitter_card":"summary_large_image","twitter_misc":{"Written by":"mulheres","Est. reading time":"1 minute"},"schema":{"@context":"https:\/\/schema.org","@graph":[{"@type":"Article","@id":"https:\/\/mulheresacesta.com.br\/en\/2022\/10\/meninas-do-basquete\/#article","isPartOf":{"@id":"https:\/\/mulheresacesta.com.br\/en\/2022\/10\/meninas-do-basquete\/"},"author":{"name":"mulheres","@id":"https:\/\/mulheresacesta.com.br\/en\/#\/schema\/person\/11ebd3af76a9fcb3d26c815924faac42"},"headline":"Meninas do Basquete","datePublished":"2022-10-25T12:00:00+00:00","dateModified":"2022-10-25T19:52:07+00:00","mainEntityOfPage":{"@id":"https:\/\/mulheresacesta.com.br\/en\/2022\/10\/meninas-do-basquete\/"},"wordCount":304,"commentCount":0,"publisher":{"@id":"https:\/\/mulheresacesta.com.br\/en\/#organization"},"image":{"@id":"https:\/\/mulheresacesta.com.br\/en\/2022\/10\/meninas-do-basquete\/#primaryimage"},"thumbnailUrl":"https:\/\/mulheresacesta.com.br\/wp-content\/uploads\/2022\/10\/Untitled-2.jpg","keywords":["claudia guedes","karina kanak","sele\u00e7\u00e3o brasileira","basquete feminino"],"articleSection":["Blog"],"inLanguage":"en-US","potentialAction":[{"@type":"CommentAction","name":"Comment","target":["https:\/\/mulheresacesta.com.br\/en\/2022\/10\/meninas-do-basquete\/#respond"]}]},{"@type":"WebPage","@id":"https:\/\/mulheresacesta.com.br\/en\/2022\/10\/meninas-do-basquete\/","url":"https:\/\/mulheresacesta.com.br\/en\/2022\/10\/meninas-do-basquete\/","name":"Meninas do Basquete","isPartOf":{"@id":"https:\/\/mulheresacesta.com.br\/en\/#website"},"primaryImageOfPage":{"@id":"https:\/\/mulheresacesta.com.br\/en\/2022\/10\/meninas-do-basquete\/#primaryimage"},"image":{"@id":"https:\/\/mulheresacesta.com.br\/en\/2022\/10\/meninas-do-basquete\/#primaryimage"},"thumbnailUrl":"https:\/\/mulheresacesta.com.br\/wp-content\/uploads\/2022\/10\/Untitled-2.jpg","datePublished":"2022-10-25T12:00:00+00:00","dateModified":"2022-10-25T19:52:07+00:00","description":"Descobriu o basquete aos 14 anos de idade e de l\u00e1 para c\u00e1 construiu uma hist\u00f3ria junto ao basquetebol, onde atualmente coleciona o t\u00edtulo de Campe\u00e3 Pan","breadcrumb":{"@id":"https:\/\/mulheresacesta.com.br\/en\/2022\/10\/meninas-do-basquete\/#breadcrumb"},"inLanguage":"en-US","potentialAction":[{"@type":"ReadAction","target":["https:\/\/mulheresacesta.com.br\/en\/2022\/10\/meninas-do-basquete\/"]}]},{"@type":"ImageObject","inLanguage":"en-US","@id":"https:\/\/mulheresacesta.com.br\/en\/2022\/10\/meninas-do-basquete\/#primaryimage","url":"https:\/\/mulheresacesta.com.br\/wp-content\/uploads\/2022\/10\/Untitled-2.jpg","contentUrl":"https:\/\/mulheresacesta.com.br\/wp-content\/uploads\/2022\/10\/Untitled-2.jpg","width":1590,"height":890},{"@type":"BreadcrumbList","@id":"https:\/\/mulheresacesta.com.br\/en\/2022\/10\/meninas-do-basquete\/#breadcrumb","itemListElement":[{"@type":"ListItem","position":1,"name":"In\u00edcio","item":"https:\/\/mulheresacesta.com.br\/"},{"@type":"ListItem","position":2,"name":"Meninas do Basquete"}]},{"@type":"WebSite","@id":"https:\/\/mulheresacesta.com.br\/en\/#website","url":"https:\/\/mulheresacesta.com.br\/en\/","name":"Mulheres \u00e0 Cesta","description":"","publisher":{"@id":"https:\/\/mulheresacesta.com.br\/en\/#organization"},"potentialAction":[{"@type":"SearchAction","target":{"@type":"EntryPoint","urlTemplate":"https:\/\/mulheresacesta.com.br\/en\/?s={search_term_string}"},"query-input":{"@type":"PropertyValueSpecification","valueRequired":true,"valueName":"search_term_string"}}],"inLanguage":"en-US"},{"@type":"Organization","@id":"https:\/\/mulheresacesta.com.br\/en\/#organization","name":"Mulheres \u00e0 Cesta","url":"https:\/\/mulheresacesta.com.br\/en\/","logo":{"@type":"ImageObject","inLanguage":"en-US","@id":"https:\/\/mulheresacesta.com.br\/en\/#\/schema\/logo\/image\/","url":"https:\/\/mulheresacesta.com.br\/wp-content\/uploads\/2020\/10\/mulheres-a-cesta.jpg","contentUrl":"https:\/\/mulheresacesta.com.br\/wp-content\/uploads\/2020\/10\/mulheres-a-cesta.jpg","width":400,"height":300,"caption":"Mulheres \u00e0 Cesta"},"image":{"@id":"https:\/\/mulheresacesta.com.br\/en\/#\/schema\/logo\/image\/"}},{"@type":"Person","@id":"https:\/\/mulheresacesta.com.br\/en\/#\/schema\/person\/11ebd3af76a9fcb3d26c815924faac42","name":"mulheres","sameAs":["http:\/\/localhost\/mulheresacesta"],"url":"https:\/\/mulheresacesta.com.br\/en\/author\/mulheres\/"}]}},"_links":{"self":[{"href":"https:\/\/mulheresacesta.com.br\/en\/wp-json\/wp\/v2\/posts\/3766","targetHints":{"allow":["GET"]}}],"collection":[{"href":"https:\/\/mulheresacesta.com.br\/en\/wp-json\/wp\/v2\/posts"}],"about":[{"href":"https:\/\/mulheresacesta.com.br\/en\/wp-json\/wp\/v2\/types\/post"}],"author":[{"embeddable":true,"href":"https:\/\/mulheresacesta.com.br\/en\/wp-json\/wp\/v2\/users\/1"}],"replies":[{"embeddable":true,"href":"https:\/\/mulheresacesta.com.br\/en\/wp-json\/wp\/v2\/comments?post=3766"}],"version-history":[{"count":10,"href":"https:\/\/mulheresacesta.com.br\/en\/wp-json\/wp\/v2\/posts\/3766\/revisions"}],"predecessor-version":[{"id":3779,"href":"https:\/\/mulheresacesta.com.br\/en\/wp-json\/wp\/v2\/posts\/3766\/revisions\/3779"}],"wp:featuredmedia":[{"embeddable":true,"href":"https:\/\/mulheresacesta.com.br\/en\/wp-json\/wp\/v2\/media\/3767"}],"wp:attachment":[{"href":"https:\/\/mulheresacesta.com.br\/en\/wp-json\/wp\/v2\/media?parent=3766"}],"wp:term":[{"taxonomy":"category","embeddable":true,"href":"https:\/\/mulheresacesta.com.br\/en\/wp-json\/wp\/v2\/categories?post=3766"},{"taxonomy":"post_tag","embeddable":true,"href":"https:\/\/mulheresacesta.com.br\/en\/wp-json\/wp\/v2\/tags?post=3766"}],"curies":[{"name":"wp","href":"https:\/\/api.w.org\/{rel}","templated":true}]}}