{"id":3783,"date":"2022-10-28T10:30:00","date_gmt":"2022-10-28T13:30:00","guid":{"rendered":"https:\/\/mulheresacesta.com.br\/?p=3783"},"modified":"2022-10-25T18:17:12","modified_gmt":"2022-10-25T21:17:12","slug":"rumo-a-americup-2022","status":"publish","type":"post","link":"https:\/\/mulheresacesta.com.br\/en\/2022\/10\/rumo-a-americup-2022\/","title":{"rendered":"Rumo a AmeriCup 2022"},"content":{"rendered":"\n<p>As convocadas j\u00e1 se apresentaram para os treinos no Rio de Janeiro. Ao todo, foram chamados seis atletas, mas apenas quatro viajam para os Estados Unidos no come\u00e7o de novembro, ap\u00f3s o per\u00edodo de treinos.<\/p>\n\n\n\n<p>O Brasil vem de resultado importante nos Jogos Sul-Americanos de Assun\u00e7\u00e3o, quando conquistou a medalha de ouro. O basquete 3&#215;3 fez a sua estreia na &#8220;Olimp\u00edada do Continente&#8221;, ajudando o Time Brasil a liderar o quadro de medalhas.<\/p>\n\n\n\n<p><strong>AmeriCup<\/strong><\/p>\n\n\n\n<p>O Brasil chega como a s\u00e9tima for\u00e7a do continente e por isso, sua primeira miss\u00e3o ser\u00e1 garantir a vaga na qualifica\u00e7\u00e3o para as disputas de grupo. E a partir da\u00ed conseguir jogo a jogo vencer os desafios que vir\u00e3o pela frente.<\/p>\n\n\n\n<p>Em 2021, as meninas brasileiras ficaram com a medalha de prata, o que levou o Brasil ao Mundial deste ano e contou importantes pontos para o Ranking FIBA.<\/p>\n\n\n\n<p><strong>Convoca\u00e7\u00e3o<\/strong><\/p>\n\n\n\n<p>Lays das Silva &#8211; AD Santo Andr\u00e9<br>Vanessa Sass\u00e1 &#8211; AD Santo Andr\u00e9<br>Vit\u00f3ria Marcelino &#8211; SESI Araraquara<br>Luana Batista &#8211; Unisociesc\/Blumenau<br>Gabriela Guimar\u00e3es &#8211; Vera Cruz\/Campinas<br>Leila Zabani &#8211; Unisociesc\/Blumenau<\/p>\n\n\n\n<p>Comiss\u00e3o t\u00e9cnica<br>Chefe de equipe &#8211; Francisco das Chagas Oliveira<br>Treinadora feminino &#8211; Rafaela Bauerfeldt<br>Preparador f\u00edsico &#8211; Thiago De Sordi<br>Assistente t\u00e9cnico &#8211; Felipe Alexandre Porto<br>Cefe Dept. Fisioterapia &#8211; Thiago Rodolpho Ramalho<br>Fisioterapeuta &#8211; Wagner Felipe Campos<\/p>\n\n\n\n<p><\/p>\n\n\n\n<p>Foto destaque: CBB<\/p>\n","protected":false},"excerpt":{"rendered":"<p>As convocadas j\u00e1 se apresentaram para os treinos no Rio de Janeiro. Ao todo, foram chamados seis atletas, mas apenas quatro viajam para os Estados Unidos no come\u00e7o de novembro, ap\u00f3s o per\u00edodo de treinos. O Brasil vem de resultado importante nos Jogos Sul-Americanos de Assun\u00e7\u00e3o, quando conquistou a medalha de ouro. O basquete 3&#215;3 [&hellip;]<\/p>\n","protected":false},"author":1,"featured_media":3787,"comment_status":"open","ping_status":"open","sticky":false,"template":"","format":"standard","meta":{"footnotes":""},"categories":[12],"tags":[88,19,54,18,6],"class_list":["post-3783","post","type-post","status-publish","format-standard","has-post-thumbnail","hentry","category-blog","tag-americup","tag-basquete-3x3","tag-cbb","tag-claudia-guedes","tag-basquete"],"acf":[],"yoast_head":"<!-- This site is optimized with the Yoast SEO plugin v26.4 - https:\/\/yoast.com\/wordpress\/plugins\/seo\/ -->\n<title>Rumo a AmeriCup 2022<\/title>\n<meta name=\"description\" content=\"As convocadas j\u00e1 se apresentaram para os treinos no Rio de Janeiro. Ao todo, foram chamados seis atletas, mas apenas quatro viajam para os Estados Unidos\" \/>\n<meta name=\"robots\" content=\"index, follow, max-snippet:-1, max-image-preview:large, max-video-preview:-1\" \/>\n<link rel=\"canonical\" href=\"https:\/\/mulheresacesta.com.br\/en\/2022\/10\/rumo-a-americup-2022\/\" \/>\n<meta property=\"og:locale\" content=\"en_US\" \/>\n<meta property=\"og:locale:alternate\" content=\"pt_BR\" \/>\n<meta property=\"og:type\" content=\"article\" \/>\n<meta property=\"og:title\" content=\"Rumo a AmeriCup 2022\" \/>\n<meta property=\"og:description\" content=\"As convocadas j\u00e1 se apresentaram para os treinos no Rio de Janeiro. Ao todo, foram chamados seis atletas, mas apenas quatro viajam para os Estados Unidos\" \/>\n<meta property=\"og:url\" content=\"https:\/\/mulheresacesta.com.br\/en\/2022\/10\/rumo-a-americup-2022\/\" \/>\n<meta property=\"og:site_name\" content=\"Mulheres \u00e0 Cesta\" \/>\n<meta property=\"article:published_time\" content=\"2022-10-28T13:30:00+00:00\" \/>\n<meta property=\"og:image\" content=\"https:\/\/mulheresacesta.com.br\/wp-content\/uploads\/2022\/10\/mc.jpg\" \/>\n\t<meta property=\"og:image:width\" content=\"1580\" \/>\n\t<meta property=\"og:image:height\" content=\"890\" \/>\n\t<meta property=\"og:image:type\" content=\"image\/jpeg\" \/>\n<meta name=\"author\" content=\"mulheres\" \/>\n<meta name=\"twitter:card\" content=\"summary_large_image\" \/>\n<meta name=\"twitter:label1\" content=\"Written by\" \/>\n\t<meta name=\"twitter:data1\" content=\"mulheres\" \/>\n\t<meta name=\"twitter:label2\" content=\"Est. reading time\" \/>\n\t<meta name=\"twitter:data2\" content=\"1 minute\" \/>\n<script type=\"application\/ld+json\" class=\"yoast-schema-graph\">{\"@context\":\"https:\/\/schema.org\",\"@graph\":[{\"@type\":\"Article\",\"@id\":\"https:\/\/mulheresacesta.com.br\/en\/2022\/10\/rumo-a-americup-2022\/#article\",\"isPartOf\":{\"@id\":\"https:\/\/mulheresacesta.com.br\/en\/2022\/10\/rumo-a-americup-2022\/\"},\"author\":{\"name\":\"mulheres\",\"@id\":\"https:\/\/mulheresacesta.com.br\/en\/#\/schema\/person\/11ebd3af76a9fcb3d26c815924faac42\"},\"headline\":\"Rumo a AmeriCup 2022\",\"datePublished\":\"2022-10-28T13:30:00+00:00\",\"mainEntityOfPage\":{\"@id\":\"https:\/\/mulheresacesta.com.br\/en\/2022\/10\/rumo-a-americup-2022\/\"},\"wordCount\":232,\"commentCount\":0,\"publisher\":{\"@id\":\"https:\/\/mulheresacesta.com.br\/en\/#organization\"},\"image\":{\"@id\":\"https:\/\/mulheresacesta.com.br\/en\/2022\/10\/rumo-a-americup-2022\/#primaryimage\"},\"thumbnailUrl\":\"https:\/\/mulheresacesta.com.br\/wp-content\/uploads\/2022\/10\/mc.jpg\",\"keywords\":[\"americup\",\"basquete 3x3\",\"cbb\",\"claudia guedes\",\"basquete\"],\"articleSection\":[\"Blog\"],\"inLanguage\":\"en-US\",\"potentialAction\":[{\"@type\":\"CommentAction\",\"name\":\"Comment\",\"target\":[\"https:\/\/mulheresacesta.com.br\/en\/2022\/10\/rumo-a-americup-2022\/#respond\"]}]},{\"@type\":\"WebPage\",\"@id\":\"https:\/\/mulheresacesta.com.br\/en\/2022\/10\/rumo-a-americup-2022\/\",\"url\":\"https:\/\/mulheresacesta.com.br\/en\/2022\/10\/rumo-a-americup-2022\/\",\"name\":\"Rumo a AmeriCup 2022\",\"isPartOf\":{\"@id\":\"https:\/\/mulheresacesta.com.br\/en\/#website\"},\"primaryImageOfPage\":{\"@id\":\"https:\/\/mulheresacesta.com.br\/en\/2022\/10\/rumo-a-americup-2022\/#primaryimage\"},\"image\":{\"@id\":\"https:\/\/mulheresacesta.com.br\/en\/2022\/10\/rumo-a-americup-2022\/#primaryimage\"},\"thumbnailUrl\":\"https:\/\/mulheresacesta.com.br\/wp-content\/uploads\/2022\/10\/mc.jpg\",\"datePublished\":\"2022-10-28T13:30:00+00:00\",\"description\":\"As convocadas j\u00e1 se apresentaram para os treinos no Rio de Janeiro. Ao todo, foram chamados seis atletas, mas apenas quatro viajam para os Estados Unidos\",\"breadcrumb\":{\"@id\":\"https:\/\/mulheresacesta.com.br\/en\/2022\/10\/rumo-a-americup-2022\/#breadcrumb\"},\"inLanguage\":\"en-US\",\"potentialAction\":[{\"@type\":\"ReadAction\",\"target\":[\"https:\/\/mulheresacesta.com.br\/en\/2022\/10\/rumo-a-americup-2022\/\"]}]},{\"@type\":\"ImageObject\",\"inLanguage\":\"en-US\",\"@id\":\"https:\/\/mulheresacesta.com.br\/en\/2022\/10\/rumo-a-americup-2022\/#primaryimage\",\"url\":\"https:\/\/mulheresacesta.com.br\/wp-content\/uploads\/2022\/10\/mc.jpg\",\"contentUrl\":\"https:\/\/mulheresacesta.com.br\/wp-content\/uploads\/2022\/10\/mc.jpg\",\"width\":1580,\"height\":890},{\"@type\":\"BreadcrumbList\",\"@id\":\"https:\/\/mulheresacesta.com.br\/en\/2022\/10\/rumo-a-americup-2022\/#breadcrumb\",\"itemListElement\":[{\"@type\":\"ListItem\",\"position\":1,\"name\":\"In\u00edcio\",\"item\":\"https:\/\/mulheresacesta.com.br\/\"},{\"@type\":\"ListItem\",\"position\":2,\"name\":\"Rumo a AmeriCup 2022\"}]},{\"@type\":\"WebSite\",\"@id\":\"https:\/\/mulheresacesta.com.br\/en\/#website\",\"url\":\"https:\/\/mulheresacesta.com.br\/en\/\",\"name\":\"Mulheres \u00e0 Cesta\",\"description\":\"\",\"publisher\":{\"@id\":\"https:\/\/mulheresacesta.com.br\/en\/#organization\"},\"potentialAction\":[{\"@type\":\"SearchAction\",\"target\":{\"@type\":\"EntryPoint\",\"urlTemplate\":\"https:\/\/mulheresacesta.com.br\/en\/?s={search_term_string}\"},\"query-input\":{\"@type\":\"PropertyValueSpecification\",\"valueRequired\":true,\"valueName\":\"search_term_string\"}}],\"inLanguage\":\"en-US\"},{\"@type\":\"Organization\",\"@id\":\"https:\/\/mulheresacesta.com.br\/en\/#organization\",\"name\":\"Mulheres \u00e0 Cesta\",\"url\":\"https:\/\/mulheresacesta.com.br\/en\/\",\"logo\":{\"@type\":\"ImageObject\",\"inLanguage\":\"en-US\",\"@id\":\"https:\/\/mulheresacesta.com.br\/en\/#\/schema\/logo\/image\/\",\"url\":\"https:\/\/mulheresacesta.com.br\/wp-content\/uploads\/2020\/10\/mulheres-a-cesta.jpg\",\"contentUrl\":\"https:\/\/mulheresacesta.com.br\/wp-content\/uploads\/2020\/10\/mulheres-a-cesta.jpg\",\"width\":400,\"height\":300,\"caption\":\"Mulheres \u00e0 Cesta\"},\"image\":{\"@id\":\"https:\/\/mulheresacesta.com.br\/en\/#\/schema\/logo\/image\/\"}},{\"@type\":\"Person\",\"@id\":\"https:\/\/mulheresacesta.com.br\/en\/#\/schema\/person\/11ebd3af76a9fcb3d26c815924faac42\",\"name\":\"mulheres\",\"sameAs\":[\"http:\/\/localhost\/mulheresacesta\"],\"url\":\"https:\/\/mulheresacesta.com.br\/en\/author\/mulheres\/\"}]}<\/script>\n<!-- \/ Yoast SEO plugin. -->","yoast_head_json":{"title":"Rumo a AmeriCup 2022","description":"As convocadas j\u00e1 se apresentaram para os treinos no Rio de Janeiro. Ao todo, foram chamados seis atletas, mas apenas quatro viajam para os Estados Unidos","robots":{"index":"index","follow":"follow","max-snippet":"max-snippet:-1","max-image-preview":"max-image-preview:large","max-video-preview":"max-video-preview:-1"},"canonical":"https:\/\/mulheresacesta.com.br\/en\/2022\/10\/rumo-a-americup-2022\/","og_locale":"en_US","og_type":"article","og_title":"[:pt]Rumo a AmeriCup 2022[:] - Mulheres \u00e0 Cesta","og_description":"As convocadas j\u00e1 se apresentaram para os treinos no Rio de Janeiro. Ao todo, foram chamados seis atletas, mas apenas quatro viajam para os Estados Unidos","og_url":"https:\/\/mulheresacesta.com.br\/en\/2022\/10\/rumo-a-americup-2022\/","og_site_name":"Mulheres \u00e0 Cesta","article_published_time":"2022-10-28T13:30:00+00:00","og_image":[{"width":1580,"height":890,"url":"https:\/\/mulheresacesta.com.br\/wp-content\/uploads\/2022\/10\/mc.jpg","type":"image\/jpeg"}],"author":"mulheres","twitter_card":"summary_large_image","twitter_misc":{"Written by":"mulheres","Est. reading time":"1 minute"},"schema":{"@context":"https:\/\/schema.org","@graph":[{"@type":"Article","@id":"https:\/\/mulheresacesta.com.br\/en\/2022\/10\/rumo-a-americup-2022\/#article","isPartOf":{"@id":"https:\/\/mulheresacesta.com.br\/en\/2022\/10\/rumo-a-americup-2022\/"},"author":{"name":"mulheres","@id":"https:\/\/mulheresacesta.com.br\/en\/#\/schema\/person\/11ebd3af76a9fcb3d26c815924faac42"},"headline":"Rumo a AmeriCup 2022","datePublished":"2022-10-28T13:30:00+00:00","mainEntityOfPage":{"@id":"https:\/\/mulheresacesta.com.br\/en\/2022\/10\/rumo-a-americup-2022\/"},"wordCount":232,"commentCount":0,"publisher":{"@id":"https:\/\/mulheresacesta.com.br\/en\/#organization"},"image":{"@id":"https:\/\/mulheresacesta.com.br\/en\/2022\/10\/rumo-a-americup-2022\/#primaryimage"},"thumbnailUrl":"https:\/\/mulheresacesta.com.br\/wp-content\/uploads\/2022\/10\/mc.jpg","keywords":["americup","basquete 3x3","cbb","claudia guedes","basquete"],"articleSection":["Blog"],"inLanguage":"en-US","potentialAction":[{"@type":"CommentAction","name":"Comment","target":["https:\/\/mulheresacesta.com.br\/en\/2022\/10\/rumo-a-americup-2022\/#respond"]}]},{"@type":"WebPage","@id":"https:\/\/mulheresacesta.com.br\/en\/2022\/10\/rumo-a-americup-2022\/","url":"https:\/\/mulheresacesta.com.br\/en\/2022\/10\/rumo-a-americup-2022\/","name":"Rumo a AmeriCup 2022","isPartOf":{"@id":"https:\/\/mulheresacesta.com.br\/en\/#website"},"primaryImageOfPage":{"@id":"https:\/\/mulheresacesta.com.br\/en\/2022\/10\/rumo-a-americup-2022\/#primaryimage"},"image":{"@id":"https:\/\/mulheresacesta.com.br\/en\/2022\/10\/rumo-a-americup-2022\/#primaryimage"},"thumbnailUrl":"https:\/\/mulheresacesta.com.br\/wp-content\/uploads\/2022\/10\/mc.jpg","datePublished":"2022-10-28T13:30:00+00:00","description":"As convocadas j\u00e1 se apresentaram para os treinos no Rio de Janeiro. Ao todo, foram chamados seis atletas, mas apenas quatro viajam para os Estados Unidos","breadcrumb":{"@id":"https:\/\/mulheresacesta.com.br\/en\/2022\/10\/rumo-a-americup-2022\/#breadcrumb"},"inLanguage":"en-US","potentialAction":[{"@type":"ReadAction","target":["https:\/\/mulheresacesta.com.br\/en\/2022\/10\/rumo-a-americup-2022\/"]}]},{"@type":"ImageObject","inLanguage":"en-US","@id":"https:\/\/mulheresacesta.com.br\/en\/2022\/10\/rumo-a-americup-2022\/#primaryimage","url":"https:\/\/mulheresacesta.com.br\/wp-content\/uploads\/2022\/10\/mc.jpg","contentUrl":"https:\/\/mulheresacesta.com.br\/wp-content\/uploads\/2022\/10\/mc.jpg","width":1580,"height":890},{"@type":"BreadcrumbList","@id":"https:\/\/mulheresacesta.com.br\/en\/2022\/10\/rumo-a-americup-2022\/#breadcrumb","itemListElement":[{"@type":"ListItem","position":1,"name":"In\u00edcio","item":"https:\/\/mulheresacesta.com.br\/"},{"@type":"ListItem","position":2,"name":"Rumo a AmeriCup 2022"}]},{"@type":"WebSite","@id":"https:\/\/mulheresacesta.com.br\/en\/#website","url":"https:\/\/mulheresacesta.com.br\/en\/","name":"Mulheres \u00e0 Cesta","description":"","publisher":{"@id":"https:\/\/mulheresacesta.com.br\/en\/#organization"},"potentialAction":[{"@type":"SearchAction","target":{"@type":"EntryPoint","urlTemplate":"https:\/\/mulheresacesta.com.br\/en\/?s={search_term_string}"},"query-input":{"@type":"PropertyValueSpecification","valueRequired":true,"valueName":"search_term_string"}}],"inLanguage":"en-US"},{"@type":"Organization","@id":"https:\/\/mulheresacesta.com.br\/en\/#organization","name":"Mulheres \u00e0 Cesta","url":"https:\/\/mulheresacesta.com.br\/en\/","logo":{"@type":"ImageObject","inLanguage":"en-US","@id":"https:\/\/mulheresacesta.com.br\/en\/#\/schema\/logo\/image\/","url":"https:\/\/mulheresacesta.com.br\/wp-content\/uploads\/2020\/10\/mulheres-a-cesta.jpg","contentUrl":"https:\/\/mulheresacesta.com.br\/wp-content\/uploads\/2020\/10\/mulheres-a-cesta.jpg","width":400,"height":300,"caption":"Mulheres \u00e0 Cesta"},"image":{"@id":"https:\/\/mulheresacesta.com.br\/en\/#\/schema\/logo\/image\/"}},{"@type":"Person","@id":"https:\/\/mulheresacesta.com.br\/en\/#\/schema\/person\/11ebd3af76a9fcb3d26c815924faac42","name":"mulheres","sameAs":["http:\/\/localhost\/mulheresacesta"],"url":"https:\/\/mulheresacesta.com.br\/en\/author\/mulheres\/"}]}},"_links":{"self":[{"href":"https:\/\/mulheresacesta.com.br\/en\/wp-json\/wp\/v2\/posts\/3783","targetHints":{"allow":["GET"]}}],"collection":[{"href":"https:\/\/mulheresacesta.com.br\/en\/wp-json\/wp\/v2\/posts"}],"about":[{"href":"https:\/\/mulheresacesta.com.br\/en\/wp-json\/wp\/v2\/types\/post"}],"author":[{"embeddable":true,"href":"https:\/\/mulheresacesta.com.br\/en\/wp-json\/wp\/v2\/users\/1"}],"replies":[{"embeddable":true,"href":"https:\/\/mulheresacesta.com.br\/en\/wp-json\/wp\/v2\/comments?post=3783"}],"version-history":[{"count":5,"href":"https:\/\/mulheresacesta.com.br\/en\/wp-json\/wp\/v2\/posts\/3783\/revisions"}],"predecessor-version":[{"id":3789,"href":"https:\/\/mulheresacesta.com.br\/en\/wp-json\/wp\/v2\/posts\/3783\/revisions\/3789"}],"wp:featuredmedia":[{"embeddable":true,"href":"https:\/\/mulheresacesta.com.br\/en\/wp-json\/wp\/v2\/media\/3787"}],"wp:attachment":[{"href":"https:\/\/mulheresacesta.com.br\/en\/wp-json\/wp\/v2\/media?parent=3783"}],"wp:term":[{"taxonomy":"category","embeddable":true,"href":"https:\/\/mulheresacesta.com.br\/en\/wp-json\/wp\/v2\/categories?post=3783"},{"taxonomy":"post_tag","embeddable":true,"href":"https:\/\/mulheresacesta.com.br\/en\/wp-json\/wp\/v2\/tags?post=3783"}],"curies":[{"name":"wp","href":"https:\/\/api.w.org\/{rel}","templated":true}]}}