{"id":3807,"date":"2022-11-07T18:11:00","date_gmt":"2022-11-07T21:11:00","guid":{"rendered":"https:\/\/mulheresacesta.com.br\/?p=3807"},"modified":"2022-11-03T18:16:18","modified_gmt":"2022-11-03T21:16:18","slug":"selecao-sub-15-no-sul-americano","status":"publish","type":"post","link":"https:\/\/mulheresacesta.com.br\/en\/2022\/11\/selecao-sub-15-no-sul-americano\/","title":{"rendered":"Sele\u00e7\u00e3o sub 15 no Sul-Americano"},"content":{"rendered":"\n<p>entre os dias 23 a 27 de novembro, em Santiago, no Chile. O grupo de 19 atletas foi chamado pela t\u00e9cnica Luciana Thomazini. Ap\u00f3s os trabalhos no Brasil, 12 viajam para a competi\u00e7\u00e3o.<\/p>\n\n\n\n<p>A apresenta\u00e7\u00e3o ser\u00e1 no dia 8 de novembro, no SportVille, em Barueri, S\u00e3o Paulo, mesmo local dos treinos at\u00e9 o dia 21, quando o grupo viaja para Santiago. A disputa ser\u00e1 entre 23 a 27 e o time retorna em 28 de novembro ao pa\u00eds.<\/p>\n\n\n\n<p>O Brasil est\u00e1 no Grupo B, ao lado de Col\u00f4mbia, Equador e Uruguai. O Grupo A tem Argentina, Bol\u00edvia, Paraguai e Chile. A estreia ser\u00e1 diante do Equador, no dia 23. J\u00e1 no dia 24, encara o Uruguai, e fecha a primeira fase no dia 25, diante da Col\u00f4mbia.<\/p>\n\n\n\n<p><strong>Convoca\u00e7\u00e3o<\/strong><br>Armadoras<br>Nicolly Eoizi Sanches da Silva &#8211; APABI-SP<br>Micaela Duarte Cavalcanti &#8211; Bradesco-SP<br>Lana Gazis de Paula &#8211; Santo Andr\u00e9-SP<\/p>\n\n\n\n<p>Alas\/armadoras<br>Raissa Lucas Zanolla &#8211; Bradesco-SP<br>Isadora Mileo Boamorte &#8211; Thalia-PR<br>Ana Beatriz de Oliveira Vitoriano &#8211; Indians Tup\u00e3-SP<\/p>\n\n\n\n<p>Alas<br>Sara Martins de Souza &#8211; Indians Tup\u00e3-SP<br>Ana Julia Krause &#8211; Thalia-PR<br>Mariana de Almeida Lyra Corr\u00eaa &#8211; Jacarepagu\u00e1 TC-RJ<\/p>\n\n\n\n<p>Alas\/piv\u00f4s<br>Sofia Borges Moschen &#8211; Bradesco-SP<br>Sther Ifeyoma Ubaka &#8211; Bradesco-SP<br>Gabriela Hartwig de Souza Barbuio &#8211; Bax Catanduva-SP<br>Alexandra Lawisch Eggers &#8211; Mampituba-SC<\/p>\n\n\n\n<p>Piv\u00f4s<br>Sara Ara\u00fajo Dagba &#8211; AADB-PE<br>Isabela Emilia Franco Baran &#8211; Thalia-PR<br>Rebeca Elizabeth &#8211; Bradesco-SP<br>Giovana Victoria de Freitas Oliveira &#8211; APABI-SP<br>Maria Luiza Ferreira da Silva &#8211; Bax Catanduva-SP<br>Let\u00edcia da Silva &#8211; Nosso Clube-PE<\/p>\n\n\n\n<p>Fonte: CBB<\/p>\n","protected":false},"excerpt":{"rendered":"<p>entre os dias 23 a 27 de novembro, em Santiago, no Chile. O grupo de 19 atletas foi chamado pela t\u00e9cnica Luciana Thomazini. Ap\u00f3s os trabalhos no Brasil, 12 viajam para a competi\u00e7\u00e3o. A apresenta\u00e7\u00e3o ser\u00e1 no dia 8 de novembro, no SportVille, em Barueri, S\u00e3o Paulo, mesmo local dos treinos at\u00e9 o dia 21, [&hellip;]<\/p>\n","protected":false},"author":1,"featured_media":3808,"comment_status":"open","ping_status":"open","sticky":false,"template":"","format":"standard","meta":{"footnotes":""},"categories":[12],"tags":[54,18,134,84],"class_list":["post-3807","post","type-post","status-publish","format-standard","has-post-thumbnail","hentry","category-blog","tag-cbb","tag-claudia-guedes","tag-meninas-a-cetsa","tag-selecao-brasileira"],"acf":[],"yoast_head":"<!-- This site is optimized with the Yoast SEO plugin v26.4 - https:\/\/yoast.com\/wordpress\/plugins\/seo\/ -->\n<title>Sele\u00e7\u00e3o sub 15 no Sul-Americano<\/title>\n<meta name=\"description\" content=\"entre os dias 23 a 27 de novembro, em Santiago, no Chile. O grupo de 19 atletas foi chamado pela t\u00e9cnica Luciana Thomazini. Ap\u00f3s os trabalhos no Brasil,\" \/>\n<meta name=\"robots\" content=\"index, follow, max-snippet:-1, max-image-preview:large, max-video-preview:-1\" \/>\n<link rel=\"canonical\" href=\"https:\/\/mulheresacesta.com.br\/en\/2022\/11\/selecao-sub-15-no-sul-americano\/\" \/>\n<meta property=\"og:locale\" content=\"en_US\" \/>\n<meta property=\"og:locale:alternate\" content=\"pt_BR\" \/>\n<meta property=\"og:type\" content=\"article\" \/>\n<meta property=\"og:title\" content=\"Sele\u00e7\u00e3o sub 15 no Sul-Americano\" \/>\n<meta property=\"og:description\" content=\"entre os dias 23 a 27 de novembro, em Santiago, no Chile. O grupo de 19 atletas foi chamado pela t\u00e9cnica Luciana Thomazini. Ap\u00f3s os trabalhos no Brasil,\" \/>\n<meta property=\"og:url\" content=\"https:\/\/mulheresacesta.com.br\/en\/2022\/11\/selecao-sub-15-no-sul-americano\/\" \/>\n<meta property=\"og:site_name\" content=\"Mulheres \u00e0 Cesta\" \/>\n<meta property=\"article:published_time\" content=\"2022-11-07T21:11:00+00:00\" \/>\n<meta property=\"og:image\" content=\"https:\/\/mulheresacesta.com.br\/wp-content\/uploads\/2022\/11\/Untitled-2-1.jpg\" \/>\n\t<meta property=\"og:image:width\" content=\"1580\" \/>\n\t<meta property=\"og:image:height\" content=\"890\" \/>\n\t<meta property=\"og:image:type\" content=\"image\/jpeg\" \/>\n<meta name=\"author\" content=\"mulheres\" \/>\n<meta name=\"twitter:card\" content=\"summary_large_image\" \/>\n<meta name=\"twitter:label1\" content=\"Written by\" \/>\n\t<meta name=\"twitter:data1\" content=\"mulheres\" \/>\n\t<meta name=\"twitter:label2\" content=\"Est. reading time\" \/>\n\t<meta name=\"twitter:data2\" content=\"1 minute\" \/>\n<script type=\"application\/ld+json\" class=\"yoast-schema-graph\">{\"@context\":\"https:\/\/schema.org\",\"@graph\":[{\"@type\":\"Article\",\"@id\":\"https:\/\/mulheresacesta.com.br\/2022\/11\/selecao-sub-15-no-sul-americano\/#article\",\"isPartOf\":{\"@id\":\"https:\/\/mulheresacesta.com.br\/2022\/11\/selecao-sub-15-no-sul-americano\/\"},\"author\":{\"name\":\"mulheres\",\"@id\":\"https:\/\/mulheresacesta.com.br\/en\/#\/schema\/person\/11ebd3af76a9fcb3d26c815924faac42\"},\"headline\":\"Sele\u00e7\u00e3o sub 15 no Sul-Americano\",\"datePublished\":\"2022-11-07T21:11:00+00:00\",\"mainEntityOfPage\":{\"@id\":\"https:\/\/mulheresacesta.com.br\/2022\/11\/selecao-sub-15-no-sul-americano\/\"},\"wordCount\":247,\"commentCount\":0,\"publisher\":{\"@id\":\"https:\/\/mulheresacesta.com.br\/en\/#organization\"},\"image\":{\"@id\":\"https:\/\/mulheresacesta.com.br\/2022\/11\/selecao-sub-15-no-sul-americano\/#primaryimage\"},\"thumbnailUrl\":\"https:\/\/mulheresacesta.com.br\/wp-content\/uploads\/2022\/11\/Untitled-2-1.jpg\",\"keywords\":[\"cbb\",\"claudia guedes\",\"meninas \u00e0 cetsa\",\"sele\u00e7\u00e3o brasileira\"],\"articleSection\":[\"Blog\"],\"inLanguage\":\"en-US\",\"potentialAction\":[{\"@type\":\"CommentAction\",\"name\":\"Comment\",\"target\":[\"https:\/\/mulheresacesta.com.br\/2022\/11\/selecao-sub-15-no-sul-americano\/#respond\"]}]},{\"@type\":\"WebPage\",\"@id\":\"https:\/\/mulheresacesta.com.br\/2022\/11\/selecao-sub-15-no-sul-americano\/\",\"url\":\"https:\/\/mulheresacesta.com.br\/2022\/11\/selecao-sub-15-no-sul-americano\/\",\"name\":\"Sele\u00e7\u00e3o sub 15 no Sul-Americano\",\"isPartOf\":{\"@id\":\"https:\/\/mulheresacesta.com.br\/en\/#website\"},\"primaryImageOfPage\":{\"@id\":\"https:\/\/mulheresacesta.com.br\/2022\/11\/selecao-sub-15-no-sul-americano\/#primaryimage\"},\"image\":{\"@id\":\"https:\/\/mulheresacesta.com.br\/2022\/11\/selecao-sub-15-no-sul-americano\/#primaryimage\"},\"thumbnailUrl\":\"https:\/\/mulheresacesta.com.br\/wp-content\/uploads\/2022\/11\/Untitled-2-1.jpg\",\"datePublished\":\"2022-11-07T21:11:00+00:00\",\"description\":\"entre os dias 23 a 27 de novembro, em Santiago, no Chile. O grupo de 19 atletas foi chamado pela t\u00e9cnica Luciana Thomazini. Ap\u00f3s os trabalhos no Brasil,\",\"breadcrumb\":{\"@id\":\"https:\/\/mulheresacesta.com.br\/2022\/11\/selecao-sub-15-no-sul-americano\/#breadcrumb\"},\"inLanguage\":\"en-US\",\"potentialAction\":[{\"@type\":\"ReadAction\",\"target\":[\"https:\/\/mulheresacesta.com.br\/2022\/11\/selecao-sub-15-no-sul-americano\/\"]}]},{\"@type\":\"ImageObject\",\"inLanguage\":\"en-US\",\"@id\":\"https:\/\/mulheresacesta.com.br\/2022\/11\/selecao-sub-15-no-sul-americano\/#primaryimage\",\"url\":\"https:\/\/mulheresacesta.com.br\/wp-content\/uploads\/2022\/11\/Untitled-2-1.jpg\",\"contentUrl\":\"https:\/\/mulheresacesta.com.br\/wp-content\/uploads\/2022\/11\/Untitled-2-1.jpg\",\"width\":1580,\"height\":890},{\"@type\":\"BreadcrumbList\",\"@id\":\"https:\/\/mulheresacesta.com.br\/2022\/11\/selecao-sub-15-no-sul-americano\/#breadcrumb\",\"itemListElement\":[{\"@type\":\"ListItem\",\"position\":1,\"name\":\"In\u00edcio\",\"item\":\"https:\/\/mulheresacesta.com.br\/\"},{\"@type\":\"ListItem\",\"position\":2,\"name\":\"Sele\u00e7\u00e3o sub 15 no Sul-Americano\"}]},{\"@type\":\"WebSite\",\"@id\":\"https:\/\/mulheresacesta.com.br\/en\/#website\",\"url\":\"https:\/\/mulheresacesta.com.br\/en\/\",\"name\":\"Mulheres \u00e0 Cesta\",\"description\":\"\",\"publisher\":{\"@id\":\"https:\/\/mulheresacesta.com.br\/en\/#organization\"},\"potentialAction\":[{\"@type\":\"SearchAction\",\"target\":{\"@type\":\"EntryPoint\",\"urlTemplate\":\"https:\/\/mulheresacesta.com.br\/en\/?s={search_term_string}\"},\"query-input\":{\"@type\":\"PropertyValueSpecification\",\"valueRequired\":true,\"valueName\":\"search_term_string\"}}],\"inLanguage\":\"en-US\"},{\"@type\":\"Organization\",\"@id\":\"https:\/\/mulheresacesta.com.br\/en\/#organization\",\"name\":\"Mulheres \u00e0 Cesta\",\"url\":\"https:\/\/mulheresacesta.com.br\/en\/\",\"logo\":{\"@type\":\"ImageObject\",\"inLanguage\":\"en-US\",\"@id\":\"https:\/\/mulheresacesta.com.br\/en\/#\/schema\/logo\/image\/\",\"url\":\"https:\/\/mulheresacesta.com.br\/wp-content\/uploads\/2020\/10\/mulheres-a-cesta.jpg\",\"contentUrl\":\"https:\/\/mulheresacesta.com.br\/wp-content\/uploads\/2020\/10\/mulheres-a-cesta.jpg\",\"width\":400,\"height\":300,\"caption\":\"Mulheres \u00e0 Cesta\"},\"image\":{\"@id\":\"https:\/\/mulheresacesta.com.br\/en\/#\/schema\/logo\/image\/\"}},{\"@type\":\"Person\",\"@id\":\"https:\/\/mulheresacesta.com.br\/en\/#\/schema\/person\/11ebd3af76a9fcb3d26c815924faac42\",\"name\":\"mulheres\",\"sameAs\":[\"http:\/\/localhost\/mulheresacesta\"],\"url\":\"https:\/\/mulheresacesta.com.br\/en\/author\/mulheres\/\"}]}<\/script>\n<!-- \/ Yoast SEO plugin. -->","yoast_head_json":{"title":"Sele\u00e7\u00e3o sub 15 no Sul-Americano","description":"entre os dias 23 a 27 de novembro, em Santiago, no Chile. O grupo de 19 atletas foi chamado pela t\u00e9cnica Luciana Thomazini. Ap\u00f3s os trabalhos no Brasil,","robots":{"index":"index","follow":"follow","max-snippet":"max-snippet:-1","max-image-preview":"max-image-preview:large","max-video-preview":"max-video-preview:-1"},"canonical":"https:\/\/mulheresacesta.com.br\/en\/2022\/11\/selecao-sub-15-no-sul-americano\/","og_locale":"en_US","og_type":"article","og_title":"[:pt]Sele\u00e7\u00e3o sub 15 no Sul-Americano[:] - Mulheres \u00e0 Cesta","og_description":"entre os dias 23 a 27 de novembro, em Santiago, no Chile. O grupo de 19 atletas foi chamado pela t\u00e9cnica Luciana Thomazini. Ap\u00f3s os trabalhos no Brasil,","og_url":"https:\/\/mulheresacesta.com.br\/en\/2022\/11\/selecao-sub-15-no-sul-americano\/","og_site_name":"Mulheres \u00e0 Cesta","article_published_time":"2022-11-07T21:11:00+00:00","og_image":[{"width":1580,"height":890,"url":"https:\/\/mulheresacesta.com.br\/wp-content\/uploads\/2022\/11\/Untitled-2-1.jpg","type":"image\/jpeg"}],"author":"mulheres","twitter_card":"summary_large_image","twitter_misc":{"Written by":"mulheres","Est. reading time":"1 minute"},"schema":{"@context":"https:\/\/schema.org","@graph":[{"@type":"Article","@id":"https:\/\/mulheresacesta.com.br\/2022\/11\/selecao-sub-15-no-sul-americano\/#article","isPartOf":{"@id":"https:\/\/mulheresacesta.com.br\/2022\/11\/selecao-sub-15-no-sul-americano\/"},"author":{"name":"mulheres","@id":"https:\/\/mulheresacesta.com.br\/en\/#\/schema\/person\/11ebd3af76a9fcb3d26c815924faac42"},"headline":"Sele\u00e7\u00e3o sub 15 no Sul-Americano","datePublished":"2022-11-07T21:11:00+00:00","mainEntityOfPage":{"@id":"https:\/\/mulheresacesta.com.br\/2022\/11\/selecao-sub-15-no-sul-americano\/"},"wordCount":247,"commentCount":0,"publisher":{"@id":"https:\/\/mulheresacesta.com.br\/en\/#organization"},"image":{"@id":"https:\/\/mulheresacesta.com.br\/2022\/11\/selecao-sub-15-no-sul-americano\/#primaryimage"},"thumbnailUrl":"https:\/\/mulheresacesta.com.br\/wp-content\/uploads\/2022\/11\/Untitled-2-1.jpg","keywords":["cbb","claudia guedes","meninas \u00e0 cetsa","sele\u00e7\u00e3o brasileira"],"articleSection":["Blog"],"inLanguage":"en-US","potentialAction":[{"@type":"CommentAction","name":"Comment","target":["https:\/\/mulheresacesta.com.br\/2022\/11\/selecao-sub-15-no-sul-americano\/#respond"]}]},{"@type":"WebPage","@id":"https:\/\/mulheresacesta.com.br\/2022\/11\/selecao-sub-15-no-sul-americano\/","url":"https:\/\/mulheresacesta.com.br\/2022\/11\/selecao-sub-15-no-sul-americano\/","name":"Sele\u00e7\u00e3o sub 15 no Sul-Americano","isPartOf":{"@id":"https:\/\/mulheresacesta.com.br\/en\/#website"},"primaryImageOfPage":{"@id":"https:\/\/mulheresacesta.com.br\/2022\/11\/selecao-sub-15-no-sul-americano\/#primaryimage"},"image":{"@id":"https:\/\/mulheresacesta.com.br\/2022\/11\/selecao-sub-15-no-sul-americano\/#primaryimage"},"thumbnailUrl":"https:\/\/mulheresacesta.com.br\/wp-content\/uploads\/2022\/11\/Untitled-2-1.jpg","datePublished":"2022-11-07T21:11:00+00:00","description":"entre os dias 23 a 27 de novembro, em Santiago, no Chile. O grupo de 19 atletas foi chamado pela t\u00e9cnica Luciana Thomazini. Ap\u00f3s os trabalhos no Brasil,","breadcrumb":{"@id":"https:\/\/mulheresacesta.com.br\/2022\/11\/selecao-sub-15-no-sul-americano\/#breadcrumb"},"inLanguage":"en-US","potentialAction":[{"@type":"ReadAction","target":["https:\/\/mulheresacesta.com.br\/2022\/11\/selecao-sub-15-no-sul-americano\/"]}]},{"@type":"ImageObject","inLanguage":"en-US","@id":"https:\/\/mulheresacesta.com.br\/2022\/11\/selecao-sub-15-no-sul-americano\/#primaryimage","url":"https:\/\/mulheresacesta.com.br\/wp-content\/uploads\/2022\/11\/Untitled-2-1.jpg","contentUrl":"https:\/\/mulheresacesta.com.br\/wp-content\/uploads\/2022\/11\/Untitled-2-1.jpg","width":1580,"height":890},{"@type":"BreadcrumbList","@id":"https:\/\/mulheresacesta.com.br\/2022\/11\/selecao-sub-15-no-sul-americano\/#breadcrumb","itemListElement":[{"@type":"ListItem","position":1,"name":"In\u00edcio","item":"https:\/\/mulheresacesta.com.br\/"},{"@type":"ListItem","position":2,"name":"Sele\u00e7\u00e3o sub 15 no Sul-Americano"}]},{"@type":"WebSite","@id":"https:\/\/mulheresacesta.com.br\/en\/#website","url":"https:\/\/mulheresacesta.com.br\/en\/","name":"Mulheres \u00e0 Cesta","description":"","publisher":{"@id":"https:\/\/mulheresacesta.com.br\/en\/#organization"},"potentialAction":[{"@type":"SearchAction","target":{"@type":"EntryPoint","urlTemplate":"https:\/\/mulheresacesta.com.br\/en\/?s={search_term_string}"},"query-input":{"@type":"PropertyValueSpecification","valueRequired":true,"valueName":"search_term_string"}}],"inLanguage":"en-US"},{"@type":"Organization","@id":"https:\/\/mulheresacesta.com.br\/en\/#organization","name":"Mulheres \u00e0 Cesta","url":"https:\/\/mulheresacesta.com.br\/en\/","logo":{"@type":"ImageObject","inLanguage":"en-US","@id":"https:\/\/mulheresacesta.com.br\/en\/#\/schema\/logo\/image\/","url":"https:\/\/mulheresacesta.com.br\/wp-content\/uploads\/2020\/10\/mulheres-a-cesta.jpg","contentUrl":"https:\/\/mulheresacesta.com.br\/wp-content\/uploads\/2020\/10\/mulheres-a-cesta.jpg","width":400,"height":300,"caption":"Mulheres \u00e0 Cesta"},"image":{"@id":"https:\/\/mulheresacesta.com.br\/en\/#\/schema\/logo\/image\/"}},{"@type":"Person","@id":"https:\/\/mulheresacesta.com.br\/en\/#\/schema\/person\/11ebd3af76a9fcb3d26c815924faac42","name":"mulheres","sameAs":["http:\/\/localhost\/mulheresacesta"],"url":"https:\/\/mulheresacesta.com.br\/en\/author\/mulheres\/"}]}},"_links":{"self":[{"href":"https:\/\/mulheresacesta.com.br\/en\/wp-json\/wp\/v2\/posts\/3807","targetHints":{"allow":["GET"]}}],"collection":[{"href":"https:\/\/mulheresacesta.com.br\/en\/wp-json\/wp\/v2\/posts"}],"about":[{"href":"https:\/\/mulheresacesta.com.br\/en\/wp-json\/wp\/v2\/types\/post"}],"author":[{"embeddable":true,"href":"https:\/\/mulheresacesta.com.br\/en\/wp-json\/wp\/v2\/users\/1"}],"replies":[{"embeddable":true,"href":"https:\/\/mulheresacesta.com.br\/en\/wp-json\/wp\/v2\/comments?post=3807"}],"version-history":[{"count":4,"href":"https:\/\/mulheresacesta.com.br\/en\/wp-json\/wp\/v2\/posts\/3807\/revisions"}],"predecessor-version":[{"id":3813,"href":"https:\/\/mulheresacesta.com.br\/en\/wp-json\/wp\/v2\/posts\/3807\/revisions\/3813"}],"wp:featuredmedia":[{"embeddable":true,"href":"https:\/\/mulheresacesta.com.br\/en\/wp-json\/wp\/v2\/media\/3808"}],"wp:attachment":[{"href":"https:\/\/mulheresacesta.com.br\/en\/wp-json\/wp\/v2\/media?parent=3807"}],"wp:term":[{"taxonomy":"category","embeddable":true,"href":"https:\/\/mulheresacesta.com.br\/en\/wp-json\/wp\/v2\/categories?post=3807"},{"taxonomy":"post_tag","embeddable":true,"href":"https:\/\/mulheresacesta.com.br\/en\/wp-json\/wp\/v2\/tags?post=3807"}],"curies":[{"name":"wp","href":"https:\/\/api.w.org\/{rel}","templated":true}]}}