{"id":382,"date":"2020-09-05T11:54:58","date_gmt":"2020-09-05T14:54:58","guid":{"rendered":"http:\/\/mulheresacesta.com.br\/?p=382"},"modified":"2021-01-26T14:34:28","modified_gmt":"2021-01-26T17:34:28","slug":"mulheres-a-cesta-conta-a-historia-da-geracao-que-quebrou-paradigmas-no-basquete-feminino","status":"publish","type":"post","link":"https:\/\/mulheresacesta.com.br\/en\/2020\/09\/mulheres-a-cesta-conta-a-historia-da-geracao-que-quebrou-paradigmas-no-basquete-feminino\/","title":{"rendered":"&#8216;Mulheres \u00e0 Cesta&#8217; conta a hist\u00f3ria da gera\u00e7\u00e3o que quebrou paradigmas no basquete feminino"},"content":{"rendered":"\n<p>A gera\u00e7\u00e3o de&nbsp;<strong><a href=\"https:\/\/tudo-sobre.estadao.com.br\/paula-basquete\">Paula<\/a><\/strong>,&nbsp;<strong><a href=\"https:\/\/tudo-sobre.estadao.com.br\/Hortencia\">Hort\u00eancia<\/a><\/strong>&nbsp;e&nbsp;<strong><a href=\"https:\/\/tudo-sobre.estadao.com.br\/Janeth\">Janeth<\/a><\/strong>&nbsp;foi campe\u00e3 do mundo e deu ao Brasil sua primeira medalha ol\u00edmpica no basquete feminino. O sucesso daquela sele\u00e7\u00e3o, no entanto, s\u00f3 foi poss\u00edvel por causa de outras jogadoras, que lutaram contra o preconceito e quebraram paradigmas. Como diz um antigo prov\u00e9rbio&nbsp;\u00e1rabe: &#8216;Quem planta t\u00e2maras, n\u00e3o colhe t\u00e2maras&#8217; devido ao longo per\u00edodo necess\u00e1rio at\u00e9 100 anos&nbsp;para todo o processo. &nbsp;&nbsp;<\/p>\n\n\n\n<p>A hist\u00f3ria das desbravadoras da modalidade no Brasil \u00e9 o tema do document\u00e1rio &#8216;Mulheres \u00e0 Cesta&#8217;, de Helen Suque e Silvia Spolidoro, que ser\u00e1 lan\u00e7ado neste domingo, \u00e0s 19h.&nbsp;<strong><a href=\"https:\/\/tudo-sobre.estadao.com.br\/Maria-Helena-Cardoso\">Maria Helena Cardoso<\/a><\/strong>,&nbsp;<strong><a href=\"https:\/\/tudo-sobre.estadao.com.br\/Norminha\">Norminha<\/a><\/strong>,&nbsp;<strong><a href=\"https:\/\/tudo-sobre.estadao.com.br\/Heleninha\">Heleninha<\/a><\/strong>, Nadir, Odila, Marlene, Benedita, Jacy, Nilza, Delcy, Elzinha e&nbsp;<strong><a href=\"https:\/\/tudo-sobre.estadao.com.br\/simone-simone-bittencourt-de-oliveira\">Simone<\/a><\/strong>, pavimentaram o terreno na d\u00e9cada de 1960 e 1970 para que outra gera\u00e7\u00e3o pudesse disputar pela primeira vez os Jogos Ol\u00edmpicos e conquistar uma medalha.<\/p>\n\n\n\n<p><a href=\"https:\/\/esportes.estadao.com.br\/noticias\/basquete,mulheres-a-cesta-conta-a-historia-da-geracao-que-quebrou-paradigmas-no-basquete-feminino,70003424585\">CONTINUAR LENDO<\/a><\/p>\n","protected":false},"excerpt":{"rendered":"<p>A gera\u00e7\u00e3o de&nbsp;Paula,&nbsp;Hort\u00eancia&nbsp;e&nbsp;Janeth&nbsp;foi campe\u00e3 do mundo e deu ao Brasil sua primeira medalha ol\u00edmpica no basquete feminino. O sucesso daquela sele\u00e7\u00e3o, no entanto, s\u00f3 foi poss\u00edvel por causa de outras jogadoras, que lutaram contra o preconceito e quebraram paradigmas. Como diz um antigo prov\u00e9rbio&nbsp;\u00e1rabe: &#8216;Quem planta t\u00e2maras, n\u00e3o colhe t\u00e2maras&#8217; devido ao longo per\u00edodo necess\u00e1rio [&hellip;]<\/p>\n","protected":false},"author":1,"featured_media":383,"comment_status":"open","ping_status":"open","sticky":false,"template":"","format":"standard","meta":{"footnotes":""},"categories":[16],"tags":[],"class_list":["post-382","post","type-post","status-publish","format-standard","has-post-thumbnail","hentry","category-imprensa"],"acf":[],"yoast_head":"<!-- This site is optimized with the Yoast SEO plugin v26.4 - https:\/\/yoast.com\/wordpress\/plugins\/seo\/ -->\n<title>&#039;Mulheres \u00e0 Cesta&#039; conta a hist\u00f3ria da gera\u00e7\u00e3o que quebrou paradigmas no basquete feminino - Mulheres \u00e0 Cesta<\/title>\n<meta name=\"description\" content=\"A gera\u00e7\u00e3o de&nbsp;Paula,&nbsp;Hort\u00eancia&nbsp;e&nbsp;Janeth&nbsp;foi campe\u00e3 do mundo e deu ao Brasil sua primeira medalha ol\u00edmpica no basquete feminino. O\" \/>\n<meta name=\"robots\" content=\"index, follow, max-snippet:-1, max-image-preview:large, max-video-preview:-1\" \/>\n<link rel=\"canonical\" href=\"https:\/\/mulheresacesta.com.br\/en\/2020\/09\/mulheres-a-cesta-conta-a-historia-da-geracao-que-quebrou-paradigmas-no-basquete-feminino\/\" \/>\n<meta property=\"og:locale\" content=\"en_US\" \/>\n<meta property=\"og:locale:alternate\" content=\"pt_BR\" \/>\n<meta property=\"og:type\" content=\"article\" \/>\n<meta property=\"og:title\" content=\"&#039;Mulheres \u00e0 Cesta&#039; conta a hist\u00f3ria da gera\u00e7\u00e3o que quebrou paradigmas no basquete feminino - Mulheres \u00e0 Cesta\" \/>\n<meta property=\"og:description\" content=\"A gera\u00e7\u00e3o de&nbsp;Paula,&nbsp;Hort\u00eancia&nbsp;e&nbsp;Janeth&nbsp;foi campe\u00e3 do mundo e deu ao Brasil sua primeira medalha ol\u00edmpica no basquete feminino. O\" \/>\n<meta property=\"og:url\" content=\"https:\/\/mulheresacesta.com.br\/en\/2020\/09\/mulheres-a-cesta-conta-a-historia-da-geracao-que-quebrou-paradigmas-no-basquete-feminino\/\" \/>\n<meta property=\"og:site_name\" content=\"Mulheres \u00e0 Cesta\" \/>\n<meta property=\"article:published_time\" content=\"2020-09-05T14:54:58+00:00\" \/>\n<meta property=\"article:modified_time\" content=\"2021-01-26T17:34:28+00:00\" \/>\n<meta property=\"og:image\" content=\"https:\/\/mulheresacesta.com.br\/wp-content\/uploads\/2020\/09\/1599152731855.jpg\" \/>\n\t<meta property=\"og:image:width\" content=\"932\" \/>\n\t<meta property=\"og:image:height\" content=\"526\" \/>\n\t<meta property=\"og:image:type\" content=\"image\/jpeg\" \/>\n<meta name=\"author\" content=\"mulheres\" \/>\n<meta name=\"twitter:card\" content=\"summary_large_image\" \/>\n<meta name=\"twitter:label1\" content=\"Written by\" \/>\n\t<meta name=\"twitter:data1\" content=\"mulheres\" \/>\n\t<meta name=\"twitter:label2\" content=\"Est. reading time\" \/>\n\t<meta name=\"twitter:data2\" content=\"1 minute\" \/>\n<script type=\"application\/ld+json\" class=\"yoast-schema-graph\">{\"@context\":\"https:\/\/schema.org\",\"@graph\":[{\"@type\":\"Article\",\"@id\":\"https:\/\/mulheresacesta.com.br\/2020\/09\/mulheres-a-cesta-conta-a-historia-da-geracao-que-quebrou-paradigmas-no-basquete-feminino\/#article\",\"isPartOf\":{\"@id\":\"https:\/\/mulheresacesta.com.br\/2020\/09\/mulheres-a-cesta-conta-a-historia-da-geracao-que-quebrou-paradigmas-no-basquete-feminino\/\"},\"author\":{\"name\":\"mulheres\",\"@id\":\"https:\/\/mulheresacesta.com.br\/en\/#\/schema\/person\/11ebd3af76a9fcb3d26c815924faac42\"},\"headline\":\"&#8216;Mulheres \u00e0 Cesta&#8217; conta a hist\u00f3ria da gera\u00e7\u00e3o que quebrou paradigmas no basquete feminino\",\"datePublished\":\"2020-09-05T14:54:58+00:00\",\"dateModified\":\"2021-01-26T17:34:28+00:00\",\"mainEntityOfPage\":{\"@id\":\"https:\/\/mulheresacesta.com.br\/2020\/09\/mulheres-a-cesta-conta-a-historia-da-geracao-que-quebrou-paradigmas-no-basquete-feminino\/\"},\"wordCount\":179,\"commentCount\":0,\"publisher\":{\"@id\":\"https:\/\/mulheresacesta.com.br\/en\/#organization\"},\"image\":{\"@id\":\"https:\/\/mulheresacesta.com.br\/2020\/09\/mulheres-a-cesta-conta-a-historia-da-geracao-que-quebrou-paradigmas-no-basquete-feminino\/#primaryimage\"},\"thumbnailUrl\":\"https:\/\/mulheresacesta.com.br\/wp-content\/uploads\/2020\/09\/1599152731855.jpg\",\"articleSection\":[\"Press\"],\"inLanguage\":\"en-US\",\"potentialAction\":[{\"@type\":\"CommentAction\",\"name\":\"Comment\",\"target\":[\"https:\/\/mulheresacesta.com.br\/2020\/09\/mulheres-a-cesta-conta-a-historia-da-geracao-que-quebrou-paradigmas-no-basquete-feminino\/#respond\"]}]},{\"@type\":\"WebPage\",\"@id\":\"https:\/\/mulheresacesta.com.br\/2020\/09\/mulheres-a-cesta-conta-a-historia-da-geracao-que-quebrou-paradigmas-no-basquete-feminino\/\",\"url\":\"https:\/\/mulheresacesta.com.br\/2020\/09\/mulheres-a-cesta-conta-a-historia-da-geracao-que-quebrou-paradigmas-no-basquete-feminino\/\",\"name\":\"'Mulheres \u00e0 Cesta' conta a hist\u00f3ria da gera\u00e7\u00e3o que quebrou paradigmas no basquete feminino - Mulheres \u00e0 Cesta\",\"isPartOf\":{\"@id\":\"https:\/\/mulheresacesta.com.br\/en\/#website\"},\"primaryImageOfPage\":{\"@id\":\"https:\/\/mulheresacesta.com.br\/2020\/09\/mulheres-a-cesta-conta-a-historia-da-geracao-que-quebrou-paradigmas-no-basquete-feminino\/#primaryimage\"},\"image\":{\"@id\":\"https:\/\/mulheresacesta.com.br\/2020\/09\/mulheres-a-cesta-conta-a-historia-da-geracao-que-quebrou-paradigmas-no-basquete-feminino\/#primaryimage\"},\"thumbnailUrl\":\"https:\/\/mulheresacesta.com.br\/wp-content\/uploads\/2020\/09\/1599152731855.jpg\",\"datePublished\":\"2020-09-05T14:54:58+00:00\",\"dateModified\":\"2021-01-26T17:34:28+00:00\",\"description\":\"A gera\u00e7\u00e3o de&nbsp;Paula,&nbsp;Hort\u00eancia&nbsp;e&nbsp;Janeth&nbsp;foi campe\u00e3 do mundo e deu ao Brasil sua primeira medalha ol\u00edmpica no basquete feminino. O\",\"breadcrumb\":{\"@id\":\"https:\/\/mulheresacesta.com.br\/2020\/09\/mulheres-a-cesta-conta-a-historia-da-geracao-que-quebrou-paradigmas-no-basquete-feminino\/#breadcrumb\"},\"inLanguage\":\"en-US\",\"potentialAction\":[{\"@type\":\"ReadAction\",\"target\":[\"https:\/\/mulheresacesta.com.br\/2020\/09\/mulheres-a-cesta-conta-a-historia-da-geracao-que-quebrou-paradigmas-no-basquete-feminino\/\"]}]},{\"@type\":\"ImageObject\",\"inLanguage\":\"en-US\",\"@id\":\"https:\/\/mulheresacesta.com.br\/2020\/09\/mulheres-a-cesta-conta-a-historia-da-geracao-que-quebrou-paradigmas-no-basquete-feminino\/#primaryimage\",\"url\":\"https:\/\/mulheresacesta.com.br\/wp-content\/uploads\/2020\/09\/1599152731855.jpg\",\"contentUrl\":\"https:\/\/mulheresacesta.com.br\/wp-content\/uploads\/2020\/09\/1599152731855.jpg\",\"width\":932,\"height\":526},{\"@type\":\"BreadcrumbList\",\"@id\":\"https:\/\/mulheresacesta.com.br\/2020\/09\/mulheres-a-cesta-conta-a-historia-da-geracao-que-quebrou-paradigmas-no-basquete-feminino\/#breadcrumb\",\"itemListElement\":[{\"@type\":\"ListItem\",\"position\":1,\"name\":\"In\u00edcio\",\"item\":\"https:\/\/mulheresacesta.com.br\/\"},{\"@type\":\"ListItem\",\"position\":2,\"name\":\"&#8216;Mulheres \u00e0 Cesta&#8217; conta a hist\u00f3ria da gera\u00e7\u00e3o que quebrou paradigmas no basquete feminino\"}]},{\"@type\":\"WebSite\",\"@id\":\"https:\/\/mulheresacesta.com.br\/en\/#website\",\"url\":\"https:\/\/mulheresacesta.com.br\/en\/\",\"name\":\"Mulheres \u00e0 Cesta\",\"description\":\"\",\"publisher\":{\"@id\":\"https:\/\/mulheresacesta.com.br\/en\/#organization\"},\"potentialAction\":[{\"@type\":\"SearchAction\",\"target\":{\"@type\":\"EntryPoint\",\"urlTemplate\":\"https:\/\/mulheresacesta.com.br\/en\/?s={search_term_string}\"},\"query-input\":{\"@type\":\"PropertyValueSpecification\",\"valueRequired\":true,\"valueName\":\"search_term_string\"}}],\"inLanguage\":\"en-US\"},{\"@type\":\"Organization\",\"@id\":\"https:\/\/mulheresacesta.com.br\/en\/#organization\",\"name\":\"Mulheres \u00e0 Cesta\",\"url\":\"https:\/\/mulheresacesta.com.br\/en\/\",\"logo\":{\"@type\":\"ImageObject\",\"inLanguage\":\"en-US\",\"@id\":\"https:\/\/mulheresacesta.com.br\/en\/#\/schema\/logo\/image\/\",\"url\":\"https:\/\/mulheresacesta.com.br\/wp-content\/uploads\/2020\/10\/mulheres-a-cesta.jpg\",\"contentUrl\":\"https:\/\/mulheresacesta.com.br\/wp-content\/uploads\/2020\/10\/mulheres-a-cesta.jpg\",\"width\":400,\"height\":300,\"caption\":\"Mulheres \u00e0 Cesta\"},\"image\":{\"@id\":\"https:\/\/mulheresacesta.com.br\/en\/#\/schema\/logo\/image\/\"}},{\"@type\":\"Person\",\"@id\":\"https:\/\/mulheresacesta.com.br\/en\/#\/schema\/person\/11ebd3af76a9fcb3d26c815924faac42\",\"name\":\"mulheres\",\"sameAs\":[\"http:\/\/localhost\/mulheresacesta\"],\"url\":\"https:\/\/mulheresacesta.com.br\/en\/author\/mulheres\/\"}]}<\/script>\n<!-- \/ Yoast SEO plugin. -->","yoast_head_json":{"title":"'Mulheres \u00e0 Cesta' conta a hist\u00f3ria da gera\u00e7\u00e3o que quebrou paradigmas no basquete feminino - Mulheres \u00e0 Cesta","description":"A gera\u00e7\u00e3o de&nbsp;Paula,&nbsp;Hort\u00eancia&nbsp;e&nbsp;Janeth&nbsp;foi campe\u00e3 do mundo e deu ao Brasil sua primeira medalha ol\u00edmpica no basquete feminino. O","robots":{"index":"index","follow":"follow","max-snippet":"max-snippet:-1","max-image-preview":"max-image-preview:large","max-video-preview":"max-video-preview:-1"},"canonical":"https:\/\/mulheresacesta.com.br\/en\/2020\/09\/mulheres-a-cesta-conta-a-historia-da-geracao-que-quebrou-paradigmas-no-basquete-feminino\/","og_locale":"en_US","og_type":"article","og_title":"'Mulheres \u00e0 Cesta' conta a hist\u00f3ria da gera\u00e7\u00e3o que quebrou paradigmas no basquete feminino - Mulheres \u00e0 Cesta","og_description":"A gera\u00e7\u00e3o de&nbsp;Paula,&nbsp;Hort\u00eancia&nbsp;e&nbsp;Janeth&nbsp;foi campe\u00e3 do mundo e deu ao Brasil sua primeira medalha ol\u00edmpica no basquete feminino. O","og_url":"https:\/\/mulheresacesta.com.br\/en\/2020\/09\/mulheres-a-cesta-conta-a-historia-da-geracao-que-quebrou-paradigmas-no-basquete-feminino\/","og_site_name":"Mulheres \u00e0 Cesta","article_published_time":"2020-09-05T14:54:58+00:00","article_modified_time":"2021-01-26T17:34:28+00:00","og_image":[{"width":932,"height":526,"url":"https:\/\/mulheresacesta.com.br\/wp-content\/uploads\/2020\/09\/1599152731855.jpg","type":"image\/jpeg"}],"author":"mulheres","twitter_card":"summary_large_image","twitter_misc":{"Written by":"mulheres","Est. reading time":"1 minute"},"schema":{"@context":"https:\/\/schema.org","@graph":[{"@type":"Article","@id":"https:\/\/mulheresacesta.com.br\/2020\/09\/mulheres-a-cesta-conta-a-historia-da-geracao-que-quebrou-paradigmas-no-basquete-feminino\/#article","isPartOf":{"@id":"https:\/\/mulheresacesta.com.br\/2020\/09\/mulheres-a-cesta-conta-a-historia-da-geracao-que-quebrou-paradigmas-no-basquete-feminino\/"},"author":{"name":"mulheres","@id":"https:\/\/mulheresacesta.com.br\/en\/#\/schema\/person\/11ebd3af76a9fcb3d26c815924faac42"},"headline":"&#8216;Mulheres \u00e0 Cesta&#8217; conta a hist\u00f3ria da gera\u00e7\u00e3o que quebrou paradigmas no basquete feminino","datePublished":"2020-09-05T14:54:58+00:00","dateModified":"2021-01-26T17:34:28+00:00","mainEntityOfPage":{"@id":"https:\/\/mulheresacesta.com.br\/2020\/09\/mulheres-a-cesta-conta-a-historia-da-geracao-que-quebrou-paradigmas-no-basquete-feminino\/"},"wordCount":179,"commentCount":0,"publisher":{"@id":"https:\/\/mulheresacesta.com.br\/en\/#organization"},"image":{"@id":"https:\/\/mulheresacesta.com.br\/2020\/09\/mulheres-a-cesta-conta-a-historia-da-geracao-que-quebrou-paradigmas-no-basquete-feminino\/#primaryimage"},"thumbnailUrl":"https:\/\/mulheresacesta.com.br\/wp-content\/uploads\/2020\/09\/1599152731855.jpg","articleSection":["Press"],"inLanguage":"en-US","potentialAction":[{"@type":"CommentAction","name":"Comment","target":["https:\/\/mulheresacesta.com.br\/2020\/09\/mulheres-a-cesta-conta-a-historia-da-geracao-que-quebrou-paradigmas-no-basquete-feminino\/#respond"]}]},{"@type":"WebPage","@id":"https:\/\/mulheresacesta.com.br\/2020\/09\/mulheres-a-cesta-conta-a-historia-da-geracao-que-quebrou-paradigmas-no-basquete-feminino\/","url":"https:\/\/mulheresacesta.com.br\/2020\/09\/mulheres-a-cesta-conta-a-historia-da-geracao-que-quebrou-paradigmas-no-basquete-feminino\/","name":"'Mulheres \u00e0 Cesta' conta a hist\u00f3ria da gera\u00e7\u00e3o que quebrou paradigmas no basquete feminino - Mulheres \u00e0 Cesta","isPartOf":{"@id":"https:\/\/mulheresacesta.com.br\/en\/#website"},"primaryImageOfPage":{"@id":"https:\/\/mulheresacesta.com.br\/2020\/09\/mulheres-a-cesta-conta-a-historia-da-geracao-que-quebrou-paradigmas-no-basquete-feminino\/#primaryimage"},"image":{"@id":"https:\/\/mulheresacesta.com.br\/2020\/09\/mulheres-a-cesta-conta-a-historia-da-geracao-que-quebrou-paradigmas-no-basquete-feminino\/#primaryimage"},"thumbnailUrl":"https:\/\/mulheresacesta.com.br\/wp-content\/uploads\/2020\/09\/1599152731855.jpg","datePublished":"2020-09-05T14:54:58+00:00","dateModified":"2021-01-26T17:34:28+00:00","description":"A gera\u00e7\u00e3o de&nbsp;Paula,&nbsp;Hort\u00eancia&nbsp;e&nbsp;Janeth&nbsp;foi campe\u00e3 do mundo e deu ao Brasil sua primeira medalha ol\u00edmpica no basquete feminino. O","breadcrumb":{"@id":"https:\/\/mulheresacesta.com.br\/2020\/09\/mulheres-a-cesta-conta-a-historia-da-geracao-que-quebrou-paradigmas-no-basquete-feminino\/#breadcrumb"},"inLanguage":"en-US","potentialAction":[{"@type":"ReadAction","target":["https:\/\/mulheresacesta.com.br\/2020\/09\/mulheres-a-cesta-conta-a-historia-da-geracao-que-quebrou-paradigmas-no-basquete-feminino\/"]}]},{"@type":"ImageObject","inLanguage":"en-US","@id":"https:\/\/mulheresacesta.com.br\/2020\/09\/mulheres-a-cesta-conta-a-historia-da-geracao-que-quebrou-paradigmas-no-basquete-feminino\/#primaryimage","url":"https:\/\/mulheresacesta.com.br\/wp-content\/uploads\/2020\/09\/1599152731855.jpg","contentUrl":"https:\/\/mulheresacesta.com.br\/wp-content\/uploads\/2020\/09\/1599152731855.jpg","width":932,"height":526},{"@type":"BreadcrumbList","@id":"https:\/\/mulheresacesta.com.br\/2020\/09\/mulheres-a-cesta-conta-a-historia-da-geracao-que-quebrou-paradigmas-no-basquete-feminino\/#breadcrumb","itemListElement":[{"@type":"ListItem","position":1,"name":"In\u00edcio","item":"https:\/\/mulheresacesta.com.br\/"},{"@type":"ListItem","position":2,"name":"&#8216;Mulheres \u00e0 Cesta&#8217; conta a hist\u00f3ria da gera\u00e7\u00e3o que quebrou paradigmas no basquete feminino"}]},{"@type":"WebSite","@id":"https:\/\/mulheresacesta.com.br\/en\/#website","url":"https:\/\/mulheresacesta.com.br\/en\/","name":"Mulheres \u00e0 Cesta","description":"","publisher":{"@id":"https:\/\/mulheresacesta.com.br\/en\/#organization"},"potentialAction":[{"@type":"SearchAction","target":{"@type":"EntryPoint","urlTemplate":"https:\/\/mulheresacesta.com.br\/en\/?s={search_term_string}"},"query-input":{"@type":"PropertyValueSpecification","valueRequired":true,"valueName":"search_term_string"}}],"inLanguage":"en-US"},{"@type":"Organization","@id":"https:\/\/mulheresacesta.com.br\/en\/#organization","name":"Mulheres \u00e0 Cesta","url":"https:\/\/mulheresacesta.com.br\/en\/","logo":{"@type":"ImageObject","inLanguage":"en-US","@id":"https:\/\/mulheresacesta.com.br\/en\/#\/schema\/logo\/image\/","url":"https:\/\/mulheresacesta.com.br\/wp-content\/uploads\/2020\/10\/mulheres-a-cesta.jpg","contentUrl":"https:\/\/mulheresacesta.com.br\/wp-content\/uploads\/2020\/10\/mulheres-a-cesta.jpg","width":400,"height":300,"caption":"Mulheres \u00e0 Cesta"},"image":{"@id":"https:\/\/mulheresacesta.com.br\/en\/#\/schema\/logo\/image\/"}},{"@type":"Person","@id":"https:\/\/mulheresacesta.com.br\/en\/#\/schema\/person\/11ebd3af76a9fcb3d26c815924faac42","name":"mulheres","sameAs":["http:\/\/localhost\/mulheresacesta"],"url":"https:\/\/mulheresacesta.com.br\/en\/author\/mulheres\/"}]}},"_links":{"self":[{"href":"https:\/\/mulheresacesta.com.br\/en\/wp-json\/wp\/v2\/posts\/382","targetHints":{"allow":["GET"]}}],"collection":[{"href":"https:\/\/mulheresacesta.com.br\/en\/wp-json\/wp\/v2\/posts"}],"about":[{"href":"https:\/\/mulheresacesta.com.br\/en\/wp-json\/wp\/v2\/types\/post"}],"author":[{"embeddable":true,"href":"https:\/\/mulheresacesta.com.br\/en\/wp-json\/wp\/v2\/users\/1"}],"replies":[{"embeddable":true,"href":"https:\/\/mulheresacesta.com.br\/en\/wp-json\/wp\/v2\/comments?post=382"}],"version-history":[{"count":4,"href":"https:\/\/mulheresacesta.com.br\/en\/wp-json\/wp\/v2\/posts\/382\/revisions"}],"predecessor-version":[{"id":1421,"href":"https:\/\/mulheresacesta.com.br\/en\/wp-json\/wp\/v2\/posts\/382\/revisions\/1421"}],"wp:featuredmedia":[{"embeddable":true,"href":"https:\/\/mulheresacesta.com.br\/en\/wp-json\/wp\/v2\/media\/383"}],"wp:attachment":[{"href":"https:\/\/mulheresacesta.com.br\/en\/wp-json\/wp\/v2\/media?parent=382"}],"wp:term":[{"taxonomy":"category","embeddable":true,"href":"https:\/\/mulheresacesta.com.br\/en\/wp-json\/wp\/v2\/categories?post=382"},{"taxonomy":"post_tag","embeddable":true,"href":"https:\/\/mulheresacesta.com.br\/en\/wp-json\/wp\/v2\/tags?post=382"}],"curies":[{"name":"wp","href":"https:\/\/api.w.org\/{rel}","templated":true}]}}