{"id":3826,"date":"2022-11-21T10:30:00","date_gmt":"2022-11-21T13:30:00","guid":{"rendered":"https:\/\/mulheresacesta.com.br\/?p=3826"},"modified":"2022-11-22T15:41:19","modified_gmt":"2022-11-22T18:41:19","slug":"segue-em-preparacao-para-o-sul-americano-em-santiago-selecao-brasileira-sub-15-feminina","status":"publish","type":"post","link":"https:\/\/mulheresacesta.com.br\/en\/2022\/11\/segue-em-preparacao-para-o-sul-americano-em-santiago-selecao-brasileira-sub-15-feminina\/","title":{"rendered":"Base pronta para Sul-Americano"},"content":{"rendered":"\n<p>A t\u00e9cnica da Sele\u00e7\u00e3o Brasileira sub-15, Luciana Thomazini, definiu a equipe que ir\u00e1 disputar o Sul-Americano, entre os dias 23 a 27 de novembro, em Santiago, no Chile.<\/p>\n\n\n\n<p>A decis\u00e3o foi tomada ap\u00f3s tr\u00eas semanas de treinos na SportVille, em Barueri, S\u00e3o Paulo.&nbsp; S\u00e3o elas:<\/p>\n\n\n\n<p><strong>Armadoras<br><\/strong>Nicolly Eoizi Sanches da Silva &#8211; APABI-SP<br>Micaela Duarte Cavalcanti &#8211; Bradesco-SP<\/p>\n\n\n\n<p><strong>Alas\/armadoras<br><\/strong>Raissa Lucas Zanolla &#8211; Bradesco-SP<br>Ana Beatriz de Oliveira Vitoriano &#8211; Indians Tup\u00e3-SP<\/p>\n\n\n\n<p><strong>Alas<br><\/strong>Sara Martins de Souza &#8211; Indians Tup\u00e3-SP<br>Ana Julia Krause &#8211; Thalia-PR<\/p>\n\n\n\n<p><strong>Alas\/piv\u00f4s<br><\/strong>Sofia Borges Moschen &#8211; Bradesco-SP<br>Sther Ifeyoma Ubaka &#8211; Bradesco-SP<br>Gabriela Hartwig de Souza Barbuio &#8211; Bax Catanduva-SP<br>Alexandra Lawisch Eggers &#8211; Mampituba-SC<\/p>\n\n\n\n<p><strong>Piv\u00f4s<br><\/strong>Sara Ara\u00fajo Dagba &#8211; AADB-PE<br>Giovana Victoria de Freitas Oliveira &#8211; APABI-SP<\/p>\n\n\n\n<p><strong>Sul-Americano<\/strong><\/p>\n\n\n\n<p>O Brasil est\u00e1 no Grupo B, ao lado de Col\u00f4mbia, Equador e Uruguai. O Grupo A tem Argentina, Bol\u00edvia, Paraguai e Chile. A estreia ser\u00e1 diante do Equador, no dia 23. J\u00e1 no dia 24, encara o Uruguai, e fecha a primeira fase no dia 25, diante da Col\u00f4mbia.<\/p>\n\n\n\n<p>O Sul-Americano vale tr\u00eas vagas na Copa Am\u00e9rica sub-16 em 2023.<\/p>\n\n\n\n<p>Fonte: CBB<\/p>\n","protected":false},"excerpt":{"rendered":"<p>A t\u00e9cnica da Sele\u00e7\u00e3o Brasileira sub-15, Luciana Thomazini, definiu a equipe que ir\u00e1 disputar o Sul-Americano, entre os dias 23 a 27 de novembro, em Santiago, no Chile. A decis\u00e3o foi tomada ap\u00f3s tr\u00eas semanas de treinos na SportVille, em Barueri, S\u00e3o Paulo.&nbsp; S\u00e3o elas: ArmadorasNicolly Eoizi Sanches da Silva &#8211; APABI-SPMicaela Duarte Cavalcanti &#8211; [&hellip;]<\/p>\n","protected":false},"author":1,"featured_media":3853,"comment_status":"open","ping_status":"open","sticky":false,"template":"","format":"standard","meta":{"footnotes":""},"categories":[12],"tags":[54,256,84],"class_list":["post-3826","post","type-post","status-publish","format-standard","has-post-thumbnail","hentry","category-blog","tag-cbb","tag-selecao-brasileira-sub-15-feminina","tag-selecao-brasileira"],"acf":[],"yoast_head":"<!-- This site is optimized with the Yoast SEO plugin v26.4 - https:\/\/yoast.com\/wordpress\/plugins\/seo\/ -->\n<title>Base pronta para Sul-Americano<\/title>\n<meta name=\"description\" content=\"A t\u00e9cnica da Sele\u00e7\u00e3o Brasileira sub-15, Luciana Thomazini, definiu a equipe que ir\u00e1 disputar o Sul-Americano, entre os dias 23 a 27 de novembro, em\" \/>\n<meta name=\"robots\" content=\"index, follow, max-snippet:-1, max-image-preview:large, max-video-preview:-1\" \/>\n<link rel=\"canonical\" href=\"https:\/\/mulheresacesta.com.br\/en\/2022\/11\/segue-em-preparacao-para-o-sul-americano-em-santiago-selecao-brasileira-sub-15-feminina\/\" \/>\n<meta property=\"og:locale\" content=\"en_US\" \/>\n<meta property=\"og:locale:alternate\" content=\"pt_BR\" \/>\n<meta property=\"og:type\" content=\"article\" \/>\n<meta property=\"og:title\" content=\"Base pronta para Sul-Americano\" \/>\n<meta property=\"og:description\" content=\"A t\u00e9cnica da Sele\u00e7\u00e3o Brasileira sub-15, Luciana Thomazini, definiu a equipe que ir\u00e1 disputar o Sul-Americano, entre os dias 23 a 27 de novembro, em\" \/>\n<meta property=\"og:url\" content=\"https:\/\/mulheresacesta.com.br\/en\/2022\/11\/segue-em-preparacao-para-o-sul-americano-em-santiago-selecao-brasileira-sub-15-feminina\/\" \/>\n<meta property=\"og:site_name\" content=\"Mulheres \u00e0 Cesta\" \/>\n<meta property=\"article:published_time\" content=\"2022-11-21T13:30:00+00:00\" \/>\n<meta property=\"article:modified_time\" content=\"2022-11-22T18:41:19+00:00\" \/>\n<meta property=\"og:image\" content=\"https:\/\/mulheresacesta.com.br\/wp-content\/uploads\/2022\/11\/mc1.png\" \/>\n\t<meta property=\"og:image:width\" content=\"1580\" \/>\n\t<meta property=\"og:image:height\" content=\"890\" \/>\n\t<meta property=\"og:image:type\" content=\"image\/png\" \/>\n<meta name=\"author\" content=\"mulheres\" \/>\n<meta name=\"twitter:card\" content=\"summary_large_image\" \/>\n<meta name=\"twitter:label1\" content=\"Written by\" \/>\n\t<meta name=\"twitter:data1\" content=\"mulheres\" \/>\n\t<meta name=\"twitter:label2\" content=\"Est. reading time\" \/>\n\t<meta name=\"twitter:data2\" content=\"1 minute\" \/>\n<script type=\"application\/ld+json\" class=\"yoast-schema-graph\">{\"@context\":\"https:\/\/schema.org\",\"@graph\":[{\"@type\":\"Article\",\"@id\":\"https:\/\/mulheresacesta.com.br\/2022\/11\/segue-em-preparacao-para-o-sul-americano-em-santiago-selecao-brasileira-sub-15-feminina\/#article\",\"isPartOf\":{\"@id\":\"https:\/\/mulheresacesta.com.br\/2022\/11\/segue-em-preparacao-para-o-sul-americano-em-santiago-selecao-brasileira-sub-15-feminina\/\"},\"author\":{\"name\":\"mulheres\",\"@id\":\"https:\/\/mulheresacesta.com.br\/en\/#\/schema\/person\/11ebd3af76a9fcb3d26c815924faac42\"},\"headline\":\"Base pronta para Sul-Americano\",\"datePublished\":\"2022-11-21T13:30:00+00:00\",\"dateModified\":\"2022-11-22T18:41:19+00:00\",\"mainEntityOfPage\":{\"@id\":\"https:\/\/mulheresacesta.com.br\/2022\/11\/segue-em-preparacao-para-o-sul-americano-em-santiago-selecao-brasileira-sub-15-feminina\/\"},\"wordCount\":198,\"commentCount\":0,\"publisher\":{\"@id\":\"https:\/\/mulheresacesta.com.br\/en\/#organization\"},\"image\":{\"@id\":\"https:\/\/mulheresacesta.com.br\/2022\/11\/segue-em-preparacao-para-o-sul-americano-em-santiago-selecao-brasileira-sub-15-feminina\/#primaryimage\"},\"thumbnailUrl\":\"https:\/\/mulheresacesta.com.br\/wp-content\/uploads\/2022\/11\/mc1.png\",\"keywords\":[\"cbb\",\"Sele\u00e7\u00e3o Brasileira sub-15 feminina\",\"sele\u00e7\u00e3o brasileira\"],\"articleSection\":[\"Blog\"],\"inLanguage\":\"en-US\",\"potentialAction\":[{\"@type\":\"CommentAction\",\"name\":\"Comment\",\"target\":[\"https:\/\/mulheresacesta.com.br\/2022\/11\/segue-em-preparacao-para-o-sul-americano-em-santiago-selecao-brasileira-sub-15-feminina\/#respond\"]}]},{\"@type\":\"WebPage\",\"@id\":\"https:\/\/mulheresacesta.com.br\/2022\/11\/segue-em-preparacao-para-o-sul-americano-em-santiago-selecao-brasileira-sub-15-feminina\/\",\"url\":\"https:\/\/mulheresacesta.com.br\/2022\/11\/segue-em-preparacao-para-o-sul-americano-em-santiago-selecao-brasileira-sub-15-feminina\/\",\"name\":\"Base pronta para Sul-Americano\",\"isPartOf\":{\"@id\":\"https:\/\/mulheresacesta.com.br\/en\/#website\"},\"primaryImageOfPage\":{\"@id\":\"https:\/\/mulheresacesta.com.br\/2022\/11\/segue-em-preparacao-para-o-sul-americano-em-santiago-selecao-brasileira-sub-15-feminina\/#primaryimage\"},\"image\":{\"@id\":\"https:\/\/mulheresacesta.com.br\/2022\/11\/segue-em-preparacao-para-o-sul-americano-em-santiago-selecao-brasileira-sub-15-feminina\/#primaryimage\"},\"thumbnailUrl\":\"https:\/\/mulheresacesta.com.br\/wp-content\/uploads\/2022\/11\/mc1.png\",\"datePublished\":\"2022-11-21T13:30:00+00:00\",\"dateModified\":\"2022-11-22T18:41:19+00:00\",\"description\":\"A t\u00e9cnica da Sele\u00e7\u00e3o Brasileira sub-15, Luciana Thomazini, definiu a equipe que ir\u00e1 disputar o Sul-Americano, entre os dias 23 a 27 de novembro, em\",\"breadcrumb\":{\"@id\":\"https:\/\/mulheresacesta.com.br\/2022\/11\/segue-em-preparacao-para-o-sul-americano-em-santiago-selecao-brasileira-sub-15-feminina\/#breadcrumb\"},\"inLanguage\":\"en-US\",\"potentialAction\":[{\"@type\":\"ReadAction\",\"target\":[\"https:\/\/mulheresacesta.com.br\/2022\/11\/segue-em-preparacao-para-o-sul-americano-em-santiago-selecao-brasileira-sub-15-feminina\/\"]}]},{\"@type\":\"ImageObject\",\"inLanguage\":\"en-US\",\"@id\":\"https:\/\/mulheresacesta.com.br\/2022\/11\/segue-em-preparacao-para-o-sul-americano-em-santiago-selecao-brasileira-sub-15-feminina\/#primaryimage\",\"url\":\"https:\/\/mulheresacesta.com.br\/wp-content\/uploads\/2022\/11\/mc1.png\",\"contentUrl\":\"https:\/\/mulheresacesta.com.br\/wp-content\/uploads\/2022\/11\/mc1.png\",\"width\":1580,\"height\":890},{\"@type\":\"BreadcrumbList\",\"@id\":\"https:\/\/mulheresacesta.com.br\/2022\/11\/segue-em-preparacao-para-o-sul-americano-em-santiago-selecao-brasileira-sub-15-feminina\/#breadcrumb\",\"itemListElement\":[{\"@type\":\"ListItem\",\"position\":1,\"name\":\"In\u00edcio\",\"item\":\"https:\/\/mulheresacesta.com.br\/\"},{\"@type\":\"ListItem\",\"position\":2,\"name\":\"Base pronta para Sul-Americano\"}]},{\"@type\":\"WebSite\",\"@id\":\"https:\/\/mulheresacesta.com.br\/en\/#website\",\"url\":\"https:\/\/mulheresacesta.com.br\/en\/\",\"name\":\"Mulheres \u00e0 Cesta\",\"description\":\"\",\"publisher\":{\"@id\":\"https:\/\/mulheresacesta.com.br\/en\/#organization\"},\"potentialAction\":[{\"@type\":\"SearchAction\",\"target\":{\"@type\":\"EntryPoint\",\"urlTemplate\":\"https:\/\/mulheresacesta.com.br\/en\/?s={search_term_string}\"},\"query-input\":{\"@type\":\"PropertyValueSpecification\",\"valueRequired\":true,\"valueName\":\"search_term_string\"}}],\"inLanguage\":\"en-US\"},{\"@type\":\"Organization\",\"@id\":\"https:\/\/mulheresacesta.com.br\/en\/#organization\",\"name\":\"Mulheres \u00e0 Cesta\",\"url\":\"https:\/\/mulheresacesta.com.br\/en\/\",\"logo\":{\"@type\":\"ImageObject\",\"inLanguage\":\"en-US\",\"@id\":\"https:\/\/mulheresacesta.com.br\/en\/#\/schema\/logo\/image\/\",\"url\":\"https:\/\/mulheresacesta.com.br\/wp-content\/uploads\/2020\/10\/mulheres-a-cesta.jpg\",\"contentUrl\":\"https:\/\/mulheresacesta.com.br\/wp-content\/uploads\/2020\/10\/mulheres-a-cesta.jpg\",\"width\":400,\"height\":300,\"caption\":\"Mulheres \u00e0 Cesta\"},\"image\":{\"@id\":\"https:\/\/mulheresacesta.com.br\/en\/#\/schema\/logo\/image\/\"}},{\"@type\":\"Person\",\"@id\":\"https:\/\/mulheresacesta.com.br\/en\/#\/schema\/person\/11ebd3af76a9fcb3d26c815924faac42\",\"name\":\"mulheres\",\"sameAs\":[\"http:\/\/localhost\/mulheresacesta\"],\"url\":\"https:\/\/mulheresacesta.com.br\/en\/author\/mulheres\/\"}]}<\/script>\n<!-- \/ Yoast SEO plugin. -->","yoast_head_json":{"title":"Base pronta para Sul-Americano","description":"A t\u00e9cnica da Sele\u00e7\u00e3o Brasileira sub-15, Luciana Thomazini, definiu a equipe que ir\u00e1 disputar o Sul-Americano, entre os dias 23 a 27 de novembro, em","robots":{"index":"index","follow":"follow","max-snippet":"max-snippet:-1","max-image-preview":"max-image-preview:large","max-video-preview":"max-video-preview:-1"},"canonical":"https:\/\/mulheresacesta.com.br\/en\/2022\/11\/segue-em-preparacao-para-o-sul-americano-em-santiago-selecao-brasileira-sub-15-feminina\/","og_locale":"en_US","og_type":"article","og_title":"[:pt]Base pronta para Sul-Americano[:] - Mulheres \u00e0 Cesta","og_description":"A t\u00e9cnica da Sele\u00e7\u00e3o Brasileira sub-15, Luciana Thomazini, definiu a equipe que ir\u00e1 disputar o Sul-Americano, entre os dias 23 a 27 de novembro, em","og_url":"https:\/\/mulheresacesta.com.br\/en\/2022\/11\/segue-em-preparacao-para-o-sul-americano-em-santiago-selecao-brasileira-sub-15-feminina\/","og_site_name":"Mulheres \u00e0 Cesta","article_published_time":"2022-11-21T13:30:00+00:00","article_modified_time":"2022-11-22T18:41:19+00:00","og_image":[{"width":1580,"height":890,"url":"https:\/\/mulheresacesta.com.br\/wp-content\/uploads\/2022\/11\/mc1.png","type":"image\/png"}],"author":"mulheres","twitter_card":"summary_large_image","twitter_misc":{"Written by":"mulheres","Est. reading time":"1 minute"},"schema":{"@context":"https:\/\/schema.org","@graph":[{"@type":"Article","@id":"https:\/\/mulheresacesta.com.br\/2022\/11\/segue-em-preparacao-para-o-sul-americano-em-santiago-selecao-brasileira-sub-15-feminina\/#article","isPartOf":{"@id":"https:\/\/mulheresacesta.com.br\/2022\/11\/segue-em-preparacao-para-o-sul-americano-em-santiago-selecao-brasileira-sub-15-feminina\/"},"author":{"name":"mulheres","@id":"https:\/\/mulheresacesta.com.br\/en\/#\/schema\/person\/11ebd3af76a9fcb3d26c815924faac42"},"headline":"Base pronta para Sul-Americano","datePublished":"2022-11-21T13:30:00+00:00","dateModified":"2022-11-22T18:41:19+00:00","mainEntityOfPage":{"@id":"https:\/\/mulheresacesta.com.br\/2022\/11\/segue-em-preparacao-para-o-sul-americano-em-santiago-selecao-brasileira-sub-15-feminina\/"},"wordCount":198,"commentCount":0,"publisher":{"@id":"https:\/\/mulheresacesta.com.br\/en\/#organization"},"image":{"@id":"https:\/\/mulheresacesta.com.br\/2022\/11\/segue-em-preparacao-para-o-sul-americano-em-santiago-selecao-brasileira-sub-15-feminina\/#primaryimage"},"thumbnailUrl":"https:\/\/mulheresacesta.com.br\/wp-content\/uploads\/2022\/11\/mc1.png","keywords":["cbb","Sele\u00e7\u00e3o Brasileira sub-15 feminina","sele\u00e7\u00e3o brasileira"],"articleSection":["Blog"],"inLanguage":"en-US","potentialAction":[{"@type":"CommentAction","name":"Comment","target":["https:\/\/mulheresacesta.com.br\/2022\/11\/segue-em-preparacao-para-o-sul-americano-em-santiago-selecao-brasileira-sub-15-feminina\/#respond"]}]},{"@type":"WebPage","@id":"https:\/\/mulheresacesta.com.br\/2022\/11\/segue-em-preparacao-para-o-sul-americano-em-santiago-selecao-brasileira-sub-15-feminina\/","url":"https:\/\/mulheresacesta.com.br\/2022\/11\/segue-em-preparacao-para-o-sul-americano-em-santiago-selecao-brasileira-sub-15-feminina\/","name":"Base pronta para Sul-Americano","isPartOf":{"@id":"https:\/\/mulheresacesta.com.br\/en\/#website"},"primaryImageOfPage":{"@id":"https:\/\/mulheresacesta.com.br\/2022\/11\/segue-em-preparacao-para-o-sul-americano-em-santiago-selecao-brasileira-sub-15-feminina\/#primaryimage"},"image":{"@id":"https:\/\/mulheresacesta.com.br\/2022\/11\/segue-em-preparacao-para-o-sul-americano-em-santiago-selecao-brasileira-sub-15-feminina\/#primaryimage"},"thumbnailUrl":"https:\/\/mulheresacesta.com.br\/wp-content\/uploads\/2022\/11\/mc1.png","datePublished":"2022-11-21T13:30:00+00:00","dateModified":"2022-11-22T18:41:19+00:00","description":"A t\u00e9cnica da Sele\u00e7\u00e3o Brasileira sub-15, Luciana Thomazini, definiu a equipe que ir\u00e1 disputar o Sul-Americano, entre os dias 23 a 27 de novembro, em","breadcrumb":{"@id":"https:\/\/mulheresacesta.com.br\/2022\/11\/segue-em-preparacao-para-o-sul-americano-em-santiago-selecao-brasileira-sub-15-feminina\/#breadcrumb"},"inLanguage":"en-US","potentialAction":[{"@type":"ReadAction","target":["https:\/\/mulheresacesta.com.br\/2022\/11\/segue-em-preparacao-para-o-sul-americano-em-santiago-selecao-brasileira-sub-15-feminina\/"]}]},{"@type":"ImageObject","inLanguage":"en-US","@id":"https:\/\/mulheresacesta.com.br\/2022\/11\/segue-em-preparacao-para-o-sul-americano-em-santiago-selecao-brasileira-sub-15-feminina\/#primaryimage","url":"https:\/\/mulheresacesta.com.br\/wp-content\/uploads\/2022\/11\/mc1.png","contentUrl":"https:\/\/mulheresacesta.com.br\/wp-content\/uploads\/2022\/11\/mc1.png","width":1580,"height":890},{"@type":"BreadcrumbList","@id":"https:\/\/mulheresacesta.com.br\/2022\/11\/segue-em-preparacao-para-o-sul-americano-em-santiago-selecao-brasileira-sub-15-feminina\/#breadcrumb","itemListElement":[{"@type":"ListItem","position":1,"name":"In\u00edcio","item":"https:\/\/mulheresacesta.com.br\/"},{"@type":"ListItem","position":2,"name":"Base pronta para Sul-Americano"}]},{"@type":"WebSite","@id":"https:\/\/mulheresacesta.com.br\/en\/#website","url":"https:\/\/mulheresacesta.com.br\/en\/","name":"Mulheres \u00e0 Cesta","description":"","publisher":{"@id":"https:\/\/mulheresacesta.com.br\/en\/#organization"},"potentialAction":[{"@type":"SearchAction","target":{"@type":"EntryPoint","urlTemplate":"https:\/\/mulheresacesta.com.br\/en\/?s={search_term_string}"},"query-input":{"@type":"PropertyValueSpecification","valueRequired":true,"valueName":"search_term_string"}}],"inLanguage":"en-US"},{"@type":"Organization","@id":"https:\/\/mulheresacesta.com.br\/en\/#organization","name":"Mulheres \u00e0 Cesta","url":"https:\/\/mulheresacesta.com.br\/en\/","logo":{"@type":"ImageObject","inLanguage":"en-US","@id":"https:\/\/mulheresacesta.com.br\/en\/#\/schema\/logo\/image\/","url":"https:\/\/mulheresacesta.com.br\/wp-content\/uploads\/2020\/10\/mulheres-a-cesta.jpg","contentUrl":"https:\/\/mulheresacesta.com.br\/wp-content\/uploads\/2020\/10\/mulheres-a-cesta.jpg","width":400,"height":300,"caption":"Mulheres \u00e0 Cesta"},"image":{"@id":"https:\/\/mulheresacesta.com.br\/en\/#\/schema\/logo\/image\/"}},{"@type":"Person","@id":"https:\/\/mulheresacesta.com.br\/en\/#\/schema\/person\/11ebd3af76a9fcb3d26c815924faac42","name":"mulheres","sameAs":["http:\/\/localhost\/mulheresacesta"],"url":"https:\/\/mulheresacesta.com.br\/en\/author\/mulheres\/"}]}},"_links":{"self":[{"href":"https:\/\/mulheresacesta.com.br\/en\/wp-json\/wp\/v2\/posts\/3826","targetHints":{"allow":["GET"]}}],"collection":[{"href":"https:\/\/mulheresacesta.com.br\/en\/wp-json\/wp\/v2\/posts"}],"about":[{"href":"https:\/\/mulheresacesta.com.br\/en\/wp-json\/wp\/v2\/types\/post"}],"author":[{"embeddable":true,"href":"https:\/\/mulheresacesta.com.br\/en\/wp-json\/wp\/v2\/users\/1"}],"replies":[{"embeddable":true,"href":"https:\/\/mulheresacesta.com.br\/en\/wp-json\/wp\/v2\/comments?post=3826"}],"version-history":[{"count":6,"href":"https:\/\/mulheresacesta.com.br\/en\/wp-json\/wp\/v2\/posts\/3826\/revisions"}],"predecessor-version":[{"id":3848,"href":"https:\/\/mulheresacesta.com.br\/en\/wp-json\/wp\/v2\/posts\/3826\/revisions\/3848"}],"wp:featuredmedia":[{"embeddable":true,"href":"https:\/\/mulheresacesta.com.br\/en\/wp-json\/wp\/v2\/media\/3853"}],"wp:attachment":[{"href":"https:\/\/mulheresacesta.com.br\/en\/wp-json\/wp\/v2\/media?parent=3826"}],"wp:term":[{"taxonomy":"category","embeddable":true,"href":"https:\/\/mulheresacesta.com.br\/en\/wp-json\/wp\/v2\/categories?post=3826"},{"taxonomy":"post_tag","embeddable":true,"href":"https:\/\/mulheresacesta.com.br\/en\/wp-json\/wp\/v2\/tags?post=3826"}],"curies":[{"name":"wp","href":"https:\/\/api.w.org\/{rel}","templated":true}]}}