{"id":4200,"date":"2023-04-24T15:35:38","date_gmt":"2023-04-24T18:35:38","guid":{"rendered":"https:\/\/mulheresacesta.com.br\/?p=4200"},"modified":"2023-04-24T16:06:56","modified_gmt":"2023-04-24T19:06:56","slug":"a-fiba-americas-divulgou-nesta-quinta-20-de-abril-o-logo-oficial-da-americupw","status":"publish","type":"post","link":"https:\/\/mulheresacesta.com.br\/en\/2023\/04\/a-fiba-americas-divulgou-nesta-quinta-20-de-abril-o-logo-oficial-da-americupw\/","title":{"rendered":"A FIBA Am\u00e9ricas divulgou o logo oficial da AmeriCupW"},"content":{"rendered":"\n<p>AmeriCupW ser\u00e1 disputada em julho no M\u00e9xico. <br>O logo oficial da competi\u00e7\u00e3o tem como destaque um le\u00e3o, s\u00edmbolo da cidade de Le\u00f3n, no M\u00e9xico. A inspira\u00e7\u00e3o veio do Le\u00e3o de Aldama, que fica no Arco da Cal\u00e7ada dos Her\u00f3is de Le\u00f3n.\u00a0<\/p>\n\n\n\n\n\n<p>A FIBA realizar\u00e1 o sorteio oficial dos grupos nas pr\u00f3ximas semanas e divulgar\u00e1 mais informa\u00e7\u00f5es da competi\u00e7\u00e3o que ter\u00e1 Brasil, Estados Unidos, M\u00e9xico, Canad\u00e1, Argentina, Porto Rico, Col\u00f4mbia, Cuba, Rep\u00fablica Dominicana e Venezuela. As equipes ser\u00e3o divididas em dois grupos de cinco equipes em cada.\u00a0<br><\/p>\n\n\n\n<p><strong>Fonte:&nbsp;<\/strong><a>Assessoria CBB<\/a><\/p>\n","protected":false},"excerpt":{"rendered":"<p>AmeriCupW ser\u00e1 disputada em julho no M\u00e9xico. O logo oficial da competi\u00e7\u00e3o tem como destaque um le\u00e3o, s\u00edmbolo da cidade de Le\u00f3n, no M\u00e9xico. A inspira\u00e7\u00e3o veio do Le\u00e3o de Aldama, que fica no Arco da Cal\u00e7ada dos Her\u00f3is de Le\u00f3n.\u00a0 A FIBA realizar\u00e1 o sorteio oficial dos grupos nas pr\u00f3ximas semanas e divulgar\u00e1 mais [&hellip;]<\/p>\n","protected":false},"author":1,"featured_media":4203,"comment_status":"open","ping_status":"open","sticky":false,"template":"","format":"standard","meta":{"footnotes":""},"categories":[12],"tags":[],"class_list":["post-4200","post","type-post","status-publish","format-standard","has-post-thumbnail","hentry","category-blog"],"acf":[],"yoast_head":"<!-- This site is optimized with the Yoast SEO plugin v26.4 - https:\/\/yoast.com\/wordpress\/plugins\/seo\/ -->\n<title>A FIBA Am\u00e9ricas divulgou o logo oficial da AmeriCupW<\/title>\n<meta name=\"description\" content=\"AmeriCupW ser\u00e1 disputada em julho no M\u00e9xico. O logo oficial da competi\u00e7\u00e3o tem como destaque um le\u00e3o, s\u00edmbolo da cidade de Le\u00f3n, no M\u00e9xico. A inspira\u00e7\u00e3o\" \/>\n<meta name=\"robots\" content=\"index, follow, max-snippet:-1, max-image-preview:large, max-video-preview:-1\" \/>\n<link rel=\"canonical\" href=\"https:\/\/mulheresacesta.com.br\/en\/2023\/04\/a-fiba-americas-divulgou-nesta-quinta-20-de-abril-o-logo-oficial-da-americupw\/\" \/>\n<meta property=\"og:locale\" content=\"en_US\" \/>\n<meta property=\"og:locale:alternate\" content=\"pt_BR\" \/>\n<meta property=\"og:type\" content=\"article\" \/>\n<meta property=\"og:title\" content=\"A FIBA Am\u00e9ricas divulgou o logo oficial da AmeriCupW\" \/>\n<meta property=\"og:description\" content=\"AmeriCupW ser\u00e1 disputada em julho no M\u00e9xico. O logo oficial da competi\u00e7\u00e3o tem como destaque um le\u00e3o, s\u00edmbolo da cidade de Le\u00f3n, no M\u00e9xico. A inspira\u00e7\u00e3o\" \/>\n<meta property=\"og:url\" content=\"https:\/\/mulheresacesta.com.br\/en\/2023\/04\/a-fiba-americas-divulgou-nesta-quinta-20-de-abril-o-logo-oficial-da-americupw\/\" \/>\n<meta property=\"og:site_name\" content=\"Mulheres \u00e0 Cesta\" \/>\n<meta property=\"article:published_time\" content=\"2023-04-24T18:35:38+00:00\" \/>\n<meta property=\"article:modified_time\" content=\"2023-04-24T19:06:56+00:00\" \/>\n<meta property=\"og:image\" content=\"https:\/\/mulheresacesta.com.br\/wp-content\/uploads\/2023\/04\/mc-3.jpg\" \/>\n\t<meta property=\"og:image:width\" content=\"1580\" \/>\n\t<meta property=\"og:image:height\" content=\"890\" \/>\n\t<meta property=\"og:image:type\" content=\"image\/jpeg\" \/>\n<meta name=\"author\" content=\"mulheres\" \/>\n<meta name=\"twitter:card\" content=\"summary_large_image\" \/>\n<meta name=\"twitter:label1\" content=\"Written by\" \/>\n\t<meta name=\"twitter:data1\" content=\"mulheres\" \/>\n\t<meta name=\"twitter:label2\" content=\"Est. reading time\" \/>\n\t<meta name=\"twitter:data2\" content=\"1 minute\" \/>\n<script type=\"application\/ld+json\" class=\"yoast-schema-graph\">{\"@context\":\"https:\/\/schema.org\",\"@graph\":[{\"@type\":\"Article\",\"@id\":\"https:\/\/mulheresacesta.com.br\/2023\/04\/a-fiba-americas-divulgou-nesta-quinta-20-de-abril-o-logo-oficial-da-americupw\/#article\",\"isPartOf\":{\"@id\":\"https:\/\/mulheresacesta.com.br\/2023\/04\/a-fiba-americas-divulgou-nesta-quinta-20-de-abril-o-logo-oficial-da-americupw\/\"},\"author\":{\"name\":\"mulheres\",\"@id\":\"https:\/\/mulheresacesta.com.br\/en\/#\/schema\/person\/11ebd3af76a9fcb3d26c815924faac42\"},\"headline\":\"A FIBA Am\u00e9ricas divulgou o logo oficial da AmeriCupW\",\"datePublished\":\"2023-04-24T18:35:38+00:00\",\"dateModified\":\"2023-04-24T19:06:56+00:00\",\"mainEntityOfPage\":{\"@id\":\"https:\/\/mulheresacesta.com.br\/2023\/04\/a-fiba-americas-divulgou-nesta-quinta-20-de-abril-o-logo-oficial-da-americupw\/\"},\"wordCount\":120,\"commentCount\":0,\"publisher\":{\"@id\":\"https:\/\/mulheresacesta.com.br\/en\/#organization\"},\"image\":{\"@id\":\"https:\/\/mulheresacesta.com.br\/2023\/04\/a-fiba-americas-divulgou-nesta-quinta-20-de-abril-o-logo-oficial-da-americupw\/#primaryimage\"},\"thumbnailUrl\":\"https:\/\/mulheresacesta.com.br\/wp-content\/uploads\/2023\/04\/mc-3.jpg\",\"articleSection\":[\"Blog\"],\"inLanguage\":\"en-US\",\"potentialAction\":[{\"@type\":\"CommentAction\",\"name\":\"Comment\",\"target\":[\"https:\/\/mulheresacesta.com.br\/2023\/04\/a-fiba-americas-divulgou-nesta-quinta-20-de-abril-o-logo-oficial-da-americupw\/#respond\"]}]},{\"@type\":\"WebPage\",\"@id\":\"https:\/\/mulheresacesta.com.br\/2023\/04\/a-fiba-americas-divulgou-nesta-quinta-20-de-abril-o-logo-oficial-da-americupw\/\",\"url\":\"https:\/\/mulheresacesta.com.br\/2023\/04\/a-fiba-americas-divulgou-nesta-quinta-20-de-abril-o-logo-oficial-da-americupw\/\",\"name\":\"A FIBA Am\u00e9ricas divulgou o logo oficial da AmeriCupW\",\"isPartOf\":{\"@id\":\"https:\/\/mulheresacesta.com.br\/en\/#website\"},\"primaryImageOfPage\":{\"@id\":\"https:\/\/mulheresacesta.com.br\/2023\/04\/a-fiba-americas-divulgou-nesta-quinta-20-de-abril-o-logo-oficial-da-americupw\/#primaryimage\"},\"image\":{\"@id\":\"https:\/\/mulheresacesta.com.br\/2023\/04\/a-fiba-americas-divulgou-nesta-quinta-20-de-abril-o-logo-oficial-da-americupw\/#primaryimage\"},\"thumbnailUrl\":\"https:\/\/mulheresacesta.com.br\/wp-content\/uploads\/2023\/04\/mc-3.jpg\",\"datePublished\":\"2023-04-24T18:35:38+00:00\",\"dateModified\":\"2023-04-24T19:06:56+00:00\",\"description\":\"AmeriCupW ser\u00e1 disputada em julho no M\u00e9xico. O logo oficial da competi\u00e7\u00e3o tem como destaque um le\u00e3o, s\u00edmbolo da cidade de Le\u00f3n, no M\u00e9xico. A inspira\u00e7\u00e3o\",\"breadcrumb\":{\"@id\":\"https:\/\/mulheresacesta.com.br\/2023\/04\/a-fiba-americas-divulgou-nesta-quinta-20-de-abril-o-logo-oficial-da-americupw\/#breadcrumb\"},\"inLanguage\":\"en-US\",\"potentialAction\":[{\"@type\":\"ReadAction\",\"target\":[\"https:\/\/mulheresacesta.com.br\/2023\/04\/a-fiba-americas-divulgou-nesta-quinta-20-de-abril-o-logo-oficial-da-americupw\/\"]}]},{\"@type\":\"ImageObject\",\"inLanguage\":\"en-US\",\"@id\":\"https:\/\/mulheresacesta.com.br\/2023\/04\/a-fiba-americas-divulgou-nesta-quinta-20-de-abril-o-logo-oficial-da-americupw\/#primaryimage\",\"url\":\"https:\/\/mulheresacesta.com.br\/wp-content\/uploads\/2023\/04\/mc-3.jpg\",\"contentUrl\":\"https:\/\/mulheresacesta.com.br\/wp-content\/uploads\/2023\/04\/mc-3.jpg\",\"width\":1580,\"height\":890},{\"@type\":\"BreadcrumbList\",\"@id\":\"https:\/\/mulheresacesta.com.br\/2023\/04\/a-fiba-americas-divulgou-nesta-quinta-20-de-abril-o-logo-oficial-da-americupw\/#breadcrumb\",\"itemListElement\":[{\"@type\":\"ListItem\",\"position\":1,\"name\":\"In\u00edcio\",\"item\":\"https:\/\/mulheresacesta.com.br\/\"},{\"@type\":\"ListItem\",\"position\":2,\"name\":\"A FIBA Am\u00e9ricas divulgou o logo oficial da AmeriCupW\"}]},{\"@type\":\"WebSite\",\"@id\":\"https:\/\/mulheresacesta.com.br\/en\/#website\",\"url\":\"https:\/\/mulheresacesta.com.br\/en\/\",\"name\":\"Mulheres \u00e0 Cesta\",\"description\":\"\",\"publisher\":{\"@id\":\"https:\/\/mulheresacesta.com.br\/en\/#organization\"},\"potentialAction\":[{\"@type\":\"SearchAction\",\"target\":{\"@type\":\"EntryPoint\",\"urlTemplate\":\"https:\/\/mulheresacesta.com.br\/en\/?s={search_term_string}\"},\"query-input\":{\"@type\":\"PropertyValueSpecification\",\"valueRequired\":true,\"valueName\":\"search_term_string\"}}],\"inLanguage\":\"en-US\"},{\"@type\":\"Organization\",\"@id\":\"https:\/\/mulheresacesta.com.br\/en\/#organization\",\"name\":\"Mulheres \u00e0 Cesta\",\"url\":\"https:\/\/mulheresacesta.com.br\/en\/\",\"logo\":{\"@type\":\"ImageObject\",\"inLanguage\":\"en-US\",\"@id\":\"https:\/\/mulheresacesta.com.br\/en\/#\/schema\/logo\/image\/\",\"url\":\"https:\/\/mulheresacesta.com.br\/wp-content\/uploads\/2020\/10\/mulheres-a-cesta.jpg\",\"contentUrl\":\"https:\/\/mulheresacesta.com.br\/wp-content\/uploads\/2020\/10\/mulheres-a-cesta.jpg\",\"width\":400,\"height\":300,\"caption\":\"Mulheres \u00e0 Cesta\"},\"image\":{\"@id\":\"https:\/\/mulheresacesta.com.br\/en\/#\/schema\/logo\/image\/\"}},{\"@type\":\"Person\",\"@id\":\"https:\/\/mulheresacesta.com.br\/en\/#\/schema\/person\/11ebd3af76a9fcb3d26c815924faac42\",\"name\":\"mulheres\",\"sameAs\":[\"http:\/\/localhost\/mulheresacesta\"],\"url\":\"https:\/\/mulheresacesta.com.br\/en\/author\/mulheres\/\"}]}<\/script>\n<!-- \/ Yoast SEO plugin. -->","yoast_head_json":{"title":"A FIBA Am\u00e9ricas divulgou o logo oficial da AmeriCupW","description":"AmeriCupW ser\u00e1 disputada em julho no M\u00e9xico. O logo oficial da competi\u00e7\u00e3o tem como destaque um le\u00e3o, s\u00edmbolo da cidade de Le\u00f3n, no M\u00e9xico. A inspira\u00e7\u00e3o","robots":{"index":"index","follow":"follow","max-snippet":"max-snippet:-1","max-image-preview":"max-image-preview:large","max-video-preview":"max-video-preview:-1"},"canonical":"https:\/\/mulheresacesta.com.br\/en\/2023\/04\/a-fiba-americas-divulgou-nesta-quinta-20-de-abril-o-logo-oficial-da-americupw\/","og_locale":"en_US","og_type":"article","og_title":"[:pt]A FIBA Am\u00e9ricas divulgou o logo oficial da AmeriCupW[:] - Mulheres \u00e0 Cesta","og_description":"AmeriCupW ser\u00e1 disputada em julho no M\u00e9xico. O logo oficial da competi\u00e7\u00e3o tem como destaque um le\u00e3o, s\u00edmbolo da cidade de Le\u00f3n, no M\u00e9xico. A inspira\u00e7\u00e3o","og_url":"https:\/\/mulheresacesta.com.br\/en\/2023\/04\/a-fiba-americas-divulgou-nesta-quinta-20-de-abril-o-logo-oficial-da-americupw\/","og_site_name":"Mulheres \u00e0 Cesta","article_published_time":"2023-04-24T18:35:38+00:00","article_modified_time":"2023-04-24T19:06:56+00:00","og_image":[{"width":1580,"height":890,"url":"https:\/\/mulheresacesta.com.br\/wp-content\/uploads\/2023\/04\/mc-3.jpg","type":"image\/jpeg"}],"author":"mulheres","twitter_card":"summary_large_image","twitter_misc":{"Written by":"mulheres","Est. reading time":"1 minute"},"schema":{"@context":"https:\/\/schema.org","@graph":[{"@type":"Article","@id":"https:\/\/mulheresacesta.com.br\/2023\/04\/a-fiba-americas-divulgou-nesta-quinta-20-de-abril-o-logo-oficial-da-americupw\/#article","isPartOf":{"@id":"https:\/\/mulheresacesta.com.br\/2023\/04\/a-fiba-americas-divulgou-nesta-quinta-20-de-abril-o-logo-oficial-da-americupw\/"},"author":{"name":"mulheres","@id":"https:\/\/mulheresacesta.com.br\/en\/#\/schema\/person\/11ebd3af76a9fcb3d26c815924faac42"},"headline":"A FIBA Am\u00e9ricas divulgou o logo oficial da AmeriCupW","datePublished":"2023-04-24T18:35:38+00:00","dateModified":"2023-04-24T19:06:56+00:00","mainEntityOfPage":{"@id":"https:\/\/mulheresacesta.com.br\/2023\/04\/a-fiba-americas-divulgou-nesta-quinta-20-de-abril-o-logo-oficial-da-americupw\/"},"wordCount":120,"commentCount":0,"publisher":{"@id":"https:\/\/mulheresacesta.com.br\/en\/#organization"},"image":{"@id":"https:\/\/mulheresacesta.com.br\/2023\/04\/a-fiba-americas-divulgou-nesta-quinta-20-de-abril-o-logo-oficial-da-americupw\/#primaryimage"},"thumbnailUrl":"https:\/\/mulheresacesta.com.br\/wp-content\/uploads\/2023\/04\/mc-3.jpg","articleSection":["Blog"],"inLanguage":"en-US","potentialAction":[{"@type":"CommentAction","name":"Comment","target":["https:\/\/mulheresacesta.com.br\/2023\/04\/a-fiba-americas-divulgou-nesta-quinta-20-de-abril-o-logo-oficial-da-americupw\/#respond"]}]},{"@type":"WebPage","@id":"https:\/\/mulheresacesta.com.br\/2023\/04\/a-fiba-americas-divulgou-nesta-quinta-20-de-abril-o-logo-oficial-da-americupw\/","url":"https:\/\/mulheresacesta.com.br\/2023\/04\/a-fiba-americas-divulgou-nesta-quinta-20-de-abril-o-logo-oficial-da-americupw\/","name":"A FIBA Am\u00e9ricas divulgou o logo oficial da AmeriCupW","isPartOf":{"@id":"https:\/\/mulheresacesta.com.br\/en\/#website"},"primaryImageOfPage":{"@id":"https:\/\/mulheresacesta.com.br\/2023\/04\/a-fiba-americas-divulgou-nesta-quinta-20-de-abril-o-logo-oficial-da-americupw\/#primaryimage"},"image":{"@id":"https:\/\/mulheresacesta.com.br\/2023\/04\/a-fiba-americas-divulgou-nesta-quinta-20-de-abril-o-logo-oficial-da-americupw\/#primaryimage"},"thumbnailUrl":"https:\/\/mulheresacesta.com.br\/wp-content\/uploads\/2023\/04\/mc-3.jpg","datePublished":"2023-04-24T18:35:38+00:00","dateModified":"2023-04-24T19:06:56+00:00","description":"AmeriCupW ser\u00e1 disputada em julho no M\u00e9xico. O logo oficial da competi\u00e7\u00e3o tem como destaque um le\u00e3o, s\u00edmbolo da cidade de Le\u00f3n, no M\u00e9xico. A inspira\u00e7\u00e3o","breadcrumb":{"@id":"https:\/\/mulheresacesta.com.br\/2023\/04\/a-fiba-americas-divulgou-nesta-quinta-20-de-abril-o-logo-oficial-da-americupw\/#breadcrumb"},"inLanguage":"en-US","potentialAction":[{"@type":"ReadAction","target":["https:\/\/mulheresacesta.com.br\/2023\/04\/a-fiba-americas-divulgou-nesta-quinta-20-de-abril-o-logo-oficial-da-americupw\/"]}]},{"@type":"ImageObject","inLanguage":"en-US","@id":"https:\/\/mulheresacesta.com.br\/2023\/04\/a-fiba-americas-divulgou-nesta-quinta-20-de-abril-o-logo-oficial-da-americupw\/#primaryimage","url":"https:\/\/mulheresacesta.com.br\/wp-content\/uploads\/2023\/04\/mc-3.jpg","contentUrl":"https:\/\/mulheresacesta.com.br\/wp-content\/uploads\/2023\/04\/mc-3.jpg","width":1580,"height":890},{"@type":"BreadcrumbList","@id":"https:\/\/mulheresacesta.com.br\/2023\/04\/a-fiba-americas-divulgou-nesta-quinta-20-de-abril-o-logo-oficial-da-americupw\/#breadcrumb","itemListElement":[{"@type":"ListItem","position":1,"name":"In\u00edcio","item":"https:\/\/mulheresacesta.com.br\/"},{"@type":"ListItem","position":2,"name":"A FIBA Am\u00e9ricas divulgou o logo oficial da AmeriCupW"}]},{"@type":"WebSite","@id":"https:\/\/mulheresacesta.com.br\/en\/#website","url":"https:\/\/mulheresacesta.com.br\/en\/","name":"Mulheres \u00e0 Cesta","description":"","publisher":{"@id":"https:\/\/mulheresacesta.com.br\/en\/#organization"},"potentialAction":[{"@type":"SearchAction","target":{"@type":"EntryPoint","urlTemplate":"https:\/\/mulheresacesta.com.br\/en\/?s={search_term_string}"},"query-input":{"@type":"PropertyValueSpecification","valueRequired":true,"valueName":"search_term_string"}}],"inLanguage":"en-US"},{"@type":"Organization","@id":"https:\/\/mulheresacesta.com.br\/en\/#organization","name":"Mulheres \u00e0 Cesta","url":"https:\/\/mulheresacesta.com.br\/en\/","logo":{"@type":"ImageObject","inLanguage":"en-US","@id":"https:\/\/mulheresacesta.com.br\/en\/#\/schema\/logo\/image\/","url":"https:\/\/mulheresacesta.com.br\/wp-content\/uploads\/2020\/10\/mulheres-a-cesta.jpg","contentUrl":"https:\/\/mulheresacesta.com.br\/wp-content\/uploads\/2020\/10\/mulheres-a-cesta.jpg","width":400,"height":300,"caption":"Mulheres \u00e0 Cesta"},"image":{"@id":"https:\/\/mulheresacesta.com.br\/en\/#\/schema\/logo\/image\/"}},{"@type":"Person","@id":"https:\/\/mulheresacesta.com.br\/en\/#\/schema\/person\/11ebd3af76a9fcb3d26c815924faac42","name":"mulheres","sameAs":["http:\/\/localhost\/mulheresacesta"],"url":"https:\/\/mulheresacesta.com.br\/en\/author\/mulheres\/"}]}},"_links":{"self":[{"href":"https:\/\/mulheresacesta.com.br\/en\/wp-json\/wp\/v2\/posts\/4200","targetHints":{"allow":["GET"]}}],"collection":[{"href":"https:\/\/mulheresacesta.com.br\/en\/wp-json\/wp\/v2\/posts"}],"about":[{"href":"https:\/\/mulheresacesta.com.br\/en\/wp-json\/wp\/v2\/types\/post"}],"author":[{"embeddable":true,"href":"https:\/\/mulheresacesta.com.br\/en\/wp-json\/wp\/v2\/users\/1"}],"replies":[{"embeddable":true,"href":"https:\/\/mulheresacesta.com.br\/en\/wp-json\/wp\/v2\/comments?post=4200"}],"version-history":[{"count":9,"href":"https:\/\/mulheresacesta.com.br\/en\/wp-json\/wp\/v2\/posts\/4200\/revisions"}],"predecessor-version":[{"id":4212,"href":"https:\/\/mulheresacesta.com.br\/en\/wp-json\/wp\/v2\/posts\/4200\/revisions\/4212"}],"wp:featuredmedia":[{"embeddable":true,"href":"https:\/\/mulheresacesta.com.br\/en\/wp-json\/wp\/v2\/media\/4203"}],"wp:attachment":[{"href":"https:\/\/mulheresacesta.com.br\/en\/wp-json\/wp\/v2\/media?parent=4200"}],"wp:term":[{"taxonomy":"category","embeddable":true,"href":"https:\/\/mulheresacesta.com.br\/en\/wp-json\/wp\/v2\/categories?post=4200"},{"taxonomy":"post_tag","embeddable":true,"href":"https:\/\/mulheresacesta.com.br\/en\/wp-json\/wp\/v2\/tags?post=4200"}],"curies":[{"name":"wp","href":"https:\/\/api.w.org\/{rel}","templated":true}]}}