{"id":4388,"date":"2023-06-21T08:53:37","date_gmt":"2023-06-21T11:53:37","guid":{"rendered":"https:\/\/mulheresacesta.com.br\/?p=4388"},"modified":"2023-06-21T08:54:29","modified_gmt":"2023-06-21T11:54:29","slug":"a-selecao-brasileira-de-basquete-feminino-comecou-os-trabalhos-para-a-disputa-do-torneio-em-araraquara-sp","status":"publish","type":"post","link":"https:\/\/mulheresacesta.com.br\/en\/2023\/06\/a-selecao-brasileira-de-basquete-feminino-comecou-os-trabalhos-para-a-disputa-do-torneio-em-araraquara-sp\/","title":{"rendered":"AmeriCupW <br>A Sele\u00e7\u00e3o Brasileira de basquete feminino come\u00e7ou os trabalhos  para a disputa do torneio em Araraquara, SP."},"content":{"rendered":"\n<p>A estreia ser\u00e1 contra Cuba, no dia 1 de julho, \u00e0s 15h10, de Bras\u00edlia. Depois, a Sele\u00e7\u00e3o pega a Venezuela no mesmo hor\u00e1rio, no dia 2 de julho. A Argentina no dia 3, \u00e0s 17h40, e no dia 4 de julho fecha a primeira fase contra os Estados Unidos, \u00e0s 18h40.&nbsp;<\/p>\n\n\n\n<p>A ESPN \u00e9 a detentora dos direitos de transmiss\u00e3o da AmeriCupW no Brasil este ano.<\/p>\n\n\n\n<p>ARMADORAS<br>D\u00e9bora Costa &#8211; SESI Araraquara<br>Alana Gon\u00e7alo &#8211; Sampaio Basquete<br>Maria Paula Albieiro &#8211; Blumenau\/Unisociesc<\/p>\n\n\n\n<p>ALAS\/ARMADORAS<br>Tain\u00e1 Paix\u00e3o &#8211; Sampaio Basquete<br>Isabela Ramona &#8211; Samara-RUS<br>Gabriella Soares &#8211; SESI Araraquara<\/p>\n\n\n\n<p>ALAS<br>Thayn\u00e1 Silva &#8211; Sodi\u00ea Mesquita<br>Patr\u00edcia Teixeira &#8211; Sampaio Basquete<br>Leila Zabani &#8211; Blumenau\/Unisociesc<br>Raphaella Monteiro &#8211; Sampaio Basquete<br>Vit\u00f3ria Marcelino &#8211; SESI Araraquara<br>Emanuely de Oliveira &#8211; Sampaio Basquete<\/p>\n\n\n\n<p>ALAS\/PIV\u00d4S<br>Damiris Dantas &#8211; Fuerza Regia-MEX<br>Vanessa Sass\u00e1 &#8211; Santo Andr\u00e9<br>Aline Moura &#8211; SESI Araraquara<br>Kawanni Firmino &#8211; Blumenau\/Unisociesc<\/p>\n\n\n\n<p>PIV\u00d4S<br>Erika de Souza &#8211; Sampaio Basquete<br>Kamilla Cardoso &#8211; South Carolina-EUA<br>Mariana Dias &#8211; Sampaio Basquete<\/p>\n\n\n\n<p>T\u00c9CNICO<br>Jos\u00e9 Neto<\/p>\n\n\n\n<p>Comiss\u00e3o t\u00e9cnica<\/p>\n\n\n\n<p>Diretora de Basquete: Roseli Gustavo<br>L\u00edder Operacional: Monica At\u00edlio<br>Apoio t\u00e9cnico: Giovana Romano Rangel<br>T\u00e9cnico: Jos\u00e9 Neto<br>Auxiliares t\u00e9cnicos: Virgil Lopez e Jo\u00e3o Camargo<br>Preparadores f\u00edsicos: Diego Falc\u00e3o e Rafael Bernardelli<br>Fisioterapeutas: Jordana Reis e Isabel Cristina<br>M\u00e9dico: Paulo Szeles<br>Massoterapeuta: Juliana Bouvie<\/p>\n\n\n\n<p><strong>Fonte:&nbsp;<\/strong>Assessoria CBB<\/p>\n","protected":false},"excerpt":{"rendered":"<p>A estreia ser\u00e1 contra Cuba, no dia 1 de julho, \u00e0s 15h10, de Bras\u00edlia. Depois, a Sele\u00e7\u00e3o pega a Venezuela no mesmo hor\u00e1rio, no dia 2 de julho. A Argentina no dia 3, \u00e0s 17h40, e no dia 4 de julho fecha a primeira fase contra os Estados Unidos, \u00e0s 18h40.&nbsp; A ESPN \u00e9 a [&hellip;]<\/p>\n","protected":false},"author":1,"featured_media":4389,"comment_status":"open","ping_status":"open","sticky":false,"template":"","format":"standard","meta":{"footnotes":""},"categories":[12],"tags":[],"class_list":["post-4388","post","type-post","status-publish","format-standard","has-post-thumbnail","hentry","category-blog"],"acf":[],"yoast_head":"<!-- This site is optimized with the Yoast SEO plugin v26.4 - https:\/\/yoast.com\/wordpress\/plugins\/seo\/ -->\n<title>AmeriCupW A Sele\u00e7\u00e3o Brasileira de basquete feminino come\u00e7ou os trabalhos para a disputa do torneio em Araraquara, SP.<\/title>\n<meta name=\"description\" content=\"A estreia ser\u00e1 contra Cuba, no dia 1 de julho, \u00e0s 15h10, de Bras\u00edlia. Depois, a Sele\u00e7\u00e3o pega a Venezuela no mesmo hor\u00e1rio, no dia 2 de julho. A Argentina\" \/>\n<meta name=\"robots\" content=\"index, follow, max-snippet:-1, max-image-preview:large, max-video-preview:-1\" \/>\n<link rel=\"canonical\" href=\"https:\/\/mulheresacesta.com.br\/en\/2023\/06\/a-selecao-brasileira-de-basquete-feminino-comecou-os-trabalhos-para-a-disputa-do-torneio-em-araraquara-sp\/\" \/>\n<meta property=\"og:locale\" content=\"en_US\" \/>\n<meta property=\"og:locale:alternate\" content=\"pt_BR\" \/>\n<meta property=\"og:type\" content=\"article\" \/>\n<meta property=\"og:title\" content=\"AmeriCupW A Sele\u00e7\u00e3o Brasileira de basquete feminino come\u00e7ou os trabalhos para a disputa do torneio em Araraquara, SP.\" \/>\n<meta property=\"og:description\" content=\"A estreia ser\u00e1 contra Cuba, no dia 1 de julho, \u00e0s 15h10, de Bras\u00edlia. Depois, a Sele\u00e7\u00e3o pega a Venezuela no mesmo hor\u00e1rio, no dia 2 de julho. A Argentina\" \/>\n<meta property=\"og:url\" content=\"https:\/\/mulheresacesta.com.br\/en\/2023\/06\/a-selecao-brasileira-de-basquete-feminino-comecou-os-trabalhos-para-a-disputa-do-torneio-em-araraquara-sp\/\" \/>\n<meta property=\"og:site_name\" content=\"Mulheres \u00e0 Cesta\" \/>\n<meta property=\"article:published_time\" content=\"2023-06-21T11:53:37+00:00\" \/>\n<meta property=\"article:modified_time\" content=\"2023-06-21T11:54:29+00:00\" \/>\n<meta property=\"og:image\" content=\"https:\/\/mulheresacesta.com.br\/wp-content\/uploads\/2023\/06\/Untitled-1-1.jpg\" \/>\n\t<meta property=\"og:image:width\" content=\"1580\" \/>\n\t<meta property=\"og:image:height\" content=\"890\" \/>\n\t<meta property=\"og:image:type\" content=\"image\/jpeg\" \/>\n<meta name=\"author\" content=\"mulheres\" \/>\n<meta name=\"twitter:card\" content=\"summary_large_image\" \/>\n<meta name=\"twitter:label1\" content=\"Written by\" \/>\n\t<meta name=\"twitter:data1\" content=\"mulheres\" \/>\n\t<meta name=\"twitter:label2\" content=\"Est. reading time\" \/>\n\t<meta name=\"twitter:data2\" content=\"1 minute\" \/>\n<script type=\"application\/ld+json\" class=\"yoast-schema-graph\">{\"@context\":\"https:\/\/schema.org\",\"@graph\":[{\"@type\":\"Article\",\"@id\":\"https:\/\/mulheresacesta.com.br\/en\/2023\/06\/a-selecao-brasileira-de-basquete-feminino-comecou-os-trabalhos-para-a-disputa-do-torneio-em-araraquara-sp\/#article\",\"isPartOf\":{\"@id\":\"https:\/\/mulheresacesta.com.br\/en\/2023\/06\/a-selecao-brasileira-de-basquete-feminino-comecou-os-trabalhos-para-a-disputa-do-torneio-em-araraquara-sp\/\"},\"author\":{\"name\":\"mulheres\",\"@id\":\"https:\/\/mulheresacesta.com.br\/en\/#\/schema\/person\/11ebd3af76a9fcb3d26c815924faac42\"},\"headline\":\"AmeriCupW A Sele\u00e7\u00e3o Brasileira de basquete feminino come\u00e7ou os trabalhos para a disputa do torneio em Araraquara, SP.\",\"datePublished\":\"2023-06-21T11:53:37+00:00\",\"dateModified\":\"2023-06-21T11:54:29+00:00\",\"mainEntityOfPage\":{\"@id\":\"https:\/\/mulheresacesta.com.br\/en\/2023\/06\/a-selecao-brasileira-de-basquete-feminino-comecou-os-trabalhos-para-a-disputa-do-torneio-em-araraquara-sp\/\"},\"wordCount\":236,\"commentCount\":0,\"publisher\":{\"@id\":\"https:\/\/mulheresacesta.com.br\/en\/#organization\"},\"image\":{\"@id\":\"https:\/\/mulheresacesta.com.br\/en\/2023\/06\/a-selecao-brasileira-de-basquete-feminino-comecou-os-trabalhos-para-a-disputa-do-torneio-em-araraquara-sp\/#primaryimage\"},\"thumbnailUrl\":\"https:\/\/mulheresacesta.com.br\/wp-content\/uploads\/2023\/06\/Untitled-1-1.jpg\",\"articleSection\":[\"Blog\"],\"inLanguage\":\"en-US\",\"potentialAction\":[{\"@type\":\"CommentAction\",\"name\":\"Comment\",\"target\":[\"https:\/\/mulheresacesta.com.br\/en\/2023\/06\/a-selecao-brasileira-de-basquete-feminino-comecou-os-trabalhos-para-a-disputa-do-torneio-em-araraquara-sp\/#respond\"]}]},{\"@type\":\"WebPage\",\"@id\":\"https:\/\/mulheresacesta.com.br\/en\/2023\/06\/a-selecao-brasileira-de-basquete-feminino-comecou-os-trabalhos-para-a-disputa-do-torneio-em-araraquara-sp\/\",\"url\":\"https:\/\/mulheresacesta.com.br\/en\/2023\/06\/a-selecao-brasileira-de-basquete-feminino-comecou-os-trabalhos-para-a-disputa-do-torneio-em-araraquara-sp\/\",\"name\":\"AmeriCupW A Sele\u00e7\u00e3o Brasileira de basquete feminino come\u00e7ou os trabalhos para a disputa do torneio em Araraquara, SP.\",\"isPartOf\":{\"@id\":\"https:\/\/mulheresacesta.com.br\/en\/#website\"},\"primaryImageOfPage\":{\"@id\":\"https:\/\/mulheresacesta.com.br\/en\/2023\/06\/a-selecao-brasileira-de-basquete-feminino-comecou-os-trabalhos-para-a-disputa-do-torneio-em-araraquara-sp\/#primaryimage\"},\"image\":{\"@id\":\"https:\/\/mulheresacesta.com.br\/en\/2023\/06\/a-selecao-brasileira-de-basquete-feminino-comecou-os-trabalhos-para-a-disputa-do-torneio-em-araraquara-sp\/#primaryimage\"},\"thumbnailUrl\":\"https:\/\/mulheresacesta.com.br\/wp-content\/uploads\/2023\/06\/Untitled-1-1.jpg\",\"datePublished\":\"2023-06-21T11:53:37+00:00\",\"dateModified\":\"2023-06-21T11:54:29+00:00\",\"description\":\"A estreia ser\u00e1 contra Cuba, no dia 1 de julho, \u00e0s 15h10, de Bras\u00edlia. Depois, a Sele\u00e7\u00e3o pega a Venezuela no mesmo hor\u00e1rio, no dia 2 de julho. A Argentina\",\"breadcrumb\":{\"@id\":\"https:\/\/mulheresacesta.com.br\/en\/2023\/06\/a-selecao-brasileira-de-basquete-feminino-comecou-os-trabalhos-para-a-disputa-do-torneio-em-araraquara-sp\/#breadcrumb\"},\"inLanguage\":\"en-US\",\"potentialAction\":[{\"@type\":\"ReadAction\",\"target\":[\"https:\/\/mulheresacesta.com.br\/en\/2023\/06\/a-selecao-brasileira-de-basquete-feminino-comecou-os-trabalhos-para-a-disputa-do-torneio-em-araraquara-sp\/\"]}]},{\"@type\":\"ImageObject\",\"inLanguage\":\"en-US\",\"@id\":\"https:\/\/mulheresacesta.com.br\/en\/2023\/06\/a-selecao-brasileira-de-basquete-feminino-comecou-os-trabalhos-para-a-disputa-do-torneio-em-araraquara-sp\/#primaryimage\",\"url\":\"https:\/\/mulheresacesta.com.br\/wp-content\/uploads\/2023\/06\/Untitled-1-1.jpg\",\"contentUrl\":\"https:\/\/mulheresacesta.com.br\/wp-content\/uploads\/2023\/06\/Untitled-1-1.jpg\",\"width\":1580,\"height\":890},{\"@type\":\"BreadcrumbList\",\"@id\":\"https:\/\/mulheresacesta.com.br\/en\/2023\/06\/a-selecao-brasileira-de-basquete-feminino-comecou-os-trabalhos-para-a-disputa-do-torneio-em-araraquara-sp\/#breadcrumb\",\"itemListElement\":[{\"@type\":\"ListItem\",\"position\":1,\"name\":\"In\u00edcio\",\"item\":\"https:\/\/mulheresacesta.com.br\/\"},{\"@type\":\"ListItem\",\"position\":2,\"name\":\"AmeriCupW A Sele\u00e7\u00e3o Brasileira de basquete feminino come\u00e7ou os trabalhos para a disputa do torneio em Araraquara, SP.\"}]},{\"@type\":\"WebSite\",\"@id\":\"https:\/\/mulheresacesta.com.br\/en\/#website\",\"url\":\"https:\/\/mulheresacesta.com.br\/en\/\",\"name\":\"Mulheres \u00e0 Cesta\",\"description\":\"\",\"publisher\":{\"@id\":\"https:\/\/mulheresacesta.com.br\/en\/#organization\"},\"potentialAction\":[{\"@type\":\"SearchAction\",\"target\":{\"@type\":\"EntryPoint\",\"urlTemplate\":\"https:\/\/mulheresacesta.com.br\/en\/?s={search_term_string}\"},\"query-input\":{\"@type\":\"PropertyValueSpecification\",\"valueRequired\":true,\"valueName\":\"search_term_string\"}}],\"inLanguage\":\"en-US\"},{\"@type\":\"Organization\",\"@id\":\"https:\/\/mulheresacesta.com.br\/en\/#organization\",\"name\":\"Mulheres \u00e0 Cesta\",\"url\":\"https:\/\/mulheresacesta.com.br\/en\/\",\"logo\":{\"@type\":\"ImageObject\",\"inLanguage\":\"en-US\",\"@id\":\"https:\/\/mulheresacesta.com.br\/en\/#\/schema\/logo\/image\/\",\"url\":\"https:\/\/mulheresacesta.com.br\/wp-content\/uploads\/2020\/10\/mulheres-a-cesta.jpg\",\"contentUrl\":\"https:\/\/mulheresacesta.com.br\/wp-content\/uploads\/2020\/10\/mulheres-a-cesta.jpg\",\"width\":400,\"height\":300,\"caption\":\"Mulheres \u00e0 Cesta\"},\"image\":{\"@id\":\"https:\/\/mulheresacesta.com.br\/en\/#\/schema\/logo\/image\/\"}},{\"@type\":\"Person\",\"@id\":\"https:\/\/mulheresacesta.com.br\/en\/#\/schema\/person\/11ebd3af76a9fcb3d26c815924faac42\",\"name\":\"mulheres\",\"sameAs\":[\"http:\/\/localhost\/mulheresacesta\"],\"url\":\"https:\/\/mulheresacesta.com.br\/en\/author\/mulheres\/\"}]}<\/script>\n<!-- \/ Yoast SEO plugin. -->","yoast_head_json":{"title":"AmeriCupW A Sele\u00e7\u00e3o Brasileira de basquete feminino come\u00e7ou os trabalhos para a disputa do torneio em Araraquara, SP.","description":"A estreia ser\u00e1 contra Cuba, no dia 1 de julho, \u00e0s 15h10, de Bras\u00edlia. Depois, a Sele\u00e7\u00e3o pega a Venezuela no mesmo hor\u00e1rio, no dia 2 de julho. A Argentina","robots":{"index":"index","follow":"follow","max-snippet":"max-snippet:-1","max-image-preview":"max-image-preview:large","max-video-preview":"max-video-preview:-1"},"canonical":"https:\/\/mulheresacesta.com.br\/en\/2023\/06\/a-selecao-brasileira-de-basquete-feminino-comecou-os-trabalhos-para-a-disputa-do-torneio-em-araraquara-sp\/","og_locale":"en_US","og_type":"article","og_title":"[:pt]AmeriCupW A Sele\u00e7\u00e3o Brasileira de basquete feminino come\u00e7ou os trabalhos para a disputa do torneio em Araraquara, SP.[:] - Mulheres \u00e0 Cesta","og_description":"A estreia ser\u00e1 contra Cuba, no dia 1 de julho, \u00e0s 15h10, de Bras\u00edlia. Depois, a Sele\u00e7\u00e3o pega a Venezuela no mesmo hor\u00e1rio, no dia 2 de julho. A Argentina","og_url":"https:\/\/mulheresacesta.com.br\/en\/2023\/06\/a-selecao-brasileira-de-basquete-feminino-comecou-os-trabalhos-para-a-disputa-do-torneio-em-araraquara-sp\/","og_site_name":"Mulheres \u00e0 Cesta","article_published_time":"2023-06-21T11:53:37+00:00","article_modified_time":"2023-06-21T11:54:29+00:00","og_image":[{"width":1580,"height":890,"url":"https:\/\/mulheresacesta.com.br\/wp-content\/uploads\/2023\/06\/Untitled-1-1.jpg","type":"image\/jpeg"}],"author":"mulheres","twitter_card":"summary_large_image","twitter_misc":{"Written by":"mulheres","Est. reading time":"1 minute"},"schema":{"@context":"https:\/\/schema.org","@graph":[{"@type":"Article","@id":"https:\/\/mulheresacesta.com.br\/en\/2023\/06\/a-selecao-brasileira-de-basquete-feminino-comecou-os-trabalhos-para-a-disputa-do-torneio-em-araraquara-sp\/#article","isPartOf":{"@id":"https:\/\/mulheresacesta.com.br\/en\/2023\/06\/a-selecao-brasileira-de-basquete-feminino-comecou-os-trabalhos-para-a-disputa-do-torneio-em-araraquara-sp\/"},"author":{"name":"mulheres","@id":"https:\/\/mulheresacesta.com.br\/en\/#\/schema\/person\/11ebd3af76a9fcb3d26c815924faac42"},"headline":"AmeriCupW A Sele\u00e7\u00e3o Brasileira de basquete feminino come\u00e7ou os trabalhos para a disputa do torneio em Araraquara, SP.","datePublished":"2023-06-21T11:53:37+00:00","dateModified":"2023-06-21T11:54:29+00:00","mainEntityOfPage":{"@id":"https:\/\/mulheresacesta.com.br\/en\/2023\/06\/a-selecao-brasileira-de-basquete-feminino-comecou-os-trabalhos-para-a-disputa-do-torneio-em-araraquara-sp\/"},"wordCount":236,"commentCount":0,"publisher":{"@id":"https:\/\/mulheresacesta.com.br\/en\/#organization"},"image":{"@id":"https:\/\/mulheresacesta.com.br\/en\/2023\/06\/a-selecao-brasileira-de-basquete-feminino-comecou-os-trabalhos-para-a-disputa-do-torneio-em-araraquara-sp\/#primaryimage"},"thumbnailUrl":"https:\/\/mulheresacesta.com.br\/wp-content\/uploads\/2023\/06\/Untitled-1-1.jpg","articleSection":["Blog"],"inLanguage":"en-US","potentialAction":[{"@type":"CommentAction","name":"Comment","target":["https:\/\/mulheresacesta.com.br\/en\/2023\/06\/a-selecao-brasileira-de-basquete-feminino-comecou-os-trabalhos-para-a-disputa-do-torneio-em-araraquara-sp\/#respond"]}]},{"@type":"WebPage","@id":"https:\/\/mulheresacesta.com.br\/en\/2023\/06\/a-selecao-brasileira-de-basquete-feminino-comecou-os-trabalhos-para-a-disputa-do-torneio-em-araraquara-sp\/","url":"https:\/\/mulheresacesta.com.br\/en\/2023\/06\/a-selecao-brasileira-de-basquete-feminino-comecou-os-trabalhos-para-a-disputa-do-torneio-em-araraquara-sp\/","name":"AmeriCupW A Sele\u00e7\u00e3o Brasileira de basquete feminino come\u00e7ou os trabalhos para a disputa do torneio em Araraquara, SP.","isPartOf":{"@id":"https:\/\/mulheresacesta.com.br\/en\/#website"},"primaryImageOfPage":{"@id":"https:\/\/mulheresacesta.com.br\/en\/2023\/06\/a-selecao-brasileira-de-basquete-feminino-comecou-os-trabalhos-para-a-disputa-do-torneio-em-araraquara-sp\/#primaryimage"},"image":{"@id":"https:\/\/mulheresacesta.com.br\/en\/2023\/06\/a-selecao-brasileira-de-basquete-feminino-comecou-os-trabalhos-para-a-disputa-do-torneio-em-araraquara-sp\/#primaryimage"},"thumbnailUrl":"https:\/\/mulheresacesta.com.br\/wp-content\/uploads\/2023\/06\/Untitled-1-1.jpg","datePublished":"2023-06-21T11:53:37+00:00","dateModified":"2023-06-21T11:54:29+00:00","description":"A estreia ser\u00e1 contra Cuba, no dia 1 de julho, \u00e0s 15h10, de Bras\u00edlia. Depois, a Sele\u00e7\u00e3o pega a Venezuela no mesmo hor\u00e1rio, no dia 2 de julho. A Argentina","breadcrumb":{"@id":"https:\/\/mulheresacesta.com.br\/en\/2023\/06\/a-selecao-brasileira-de-basquete-feminino-comecou-os-trabalhos-para-a-disputa-do-torneio-em-araraquara-sp\/#breadcrumb"},"inLanguage":"en-US","potentialAction":[{"@type":"ReadAction","target":["https:\/\/mulheresacesta.com.br\/en\/2023\/06\/a-selecao-brasileira-de-basquete-feminino-comecou-os-trabalhos-para-a-disputa-do-torneio-em-araraquara-sp\/"]}]},{"@type":"ImageObject","inLanguage":"en-US","@id":"https:\/\/mulheresacesta.com.br\/en\/2023\/06\/a-selecao-brasileira-de-basquete-feminino-comecou-os-trabalhos-para-a-disputa-do-torneio-em-araraquara-sp\/#primaryimage","url":"https:\/\/mulheresacesta.com.br\/wp-content\/uploads\/2023\/06\/Untitled-1-1.jpg","contentUrl":"https:\/\/mulheresacesta.com.br\/wp-content\/uploads\/2023\/06\/Untitled-1-1.jpg","width":1580,"height":890},{"@type":"BreadcrumbList","@id":"https:\/\/mulheresacesta.com.br\/en\/2023\/06\/a-selecao-brasileira-de-basquete-feminino-comecou-os-trabalhos-para-a-disputa-do-torneio-em-araraquara-sp\/#breadcrumb","itemListElement":[{"@type":"ListItem","position":1,"name":"In\u00edcio","item":"https:\/\/mulheresacesta.com.br\/"},{"@type":"ListItem","position":2,"name":"AmeriCupW A Sele\u00e7\u00e3o Brasileira de basquete feminino come\u00e7ou os trabalhos para a disputa do torneio em Araraquara, SP."}]},{"@type":"WebSite","@id":"https:\/\/mulheresacesta.com.br\/en\/#website","url":"https:\/\/mulheresacesta.com.br\/en\/","name":"Mulheres \u00e0 Cesta","description":"","publisher":{"@id":"https:\/\/mulheresacesta.com.br\/en\/#organization"},"potentialAction":[{"@type":"SearchAction","target":{"@type":"EntryPoint","urlTemplate":"https:\/\/mulheresacesta.com.br\/en\/?s={search_term_string}"},"query-input":{"@type":"PropertyValueSpecification","valueRequired":true,"valueName":"search_term_string"}}],"inLanguage":"en-US"},{"@type":"Organization","@id":"https:\/\/mulheresacesta.com.br\/en\/#organization","name":"Mulheres \u00e0 Cesta","url":"https:\/\/mulheresacesta.com.br\/en\/","logo":{"@type":"ImageObject","inLanguage":"en-US","@id":"https:\/\/mulheresacesta.com.br\/en\/#\/schema\/logo\/image\/","url":"https:\/\/mulheresacesta.com.br\/wp-content\/uploads\/2020\/10\/mulheres-a-cesta.jpg","contentUrl":"https:\/\/mulheresacesta.com.br\/wp-content\/uploads\/2020\/10\/mulheres-a-cesta.jpg","width":400,"height":300,"caption":"Mulheres \u00e0 Cesta"},"image":{"@id":"https:\/\/mulheresacesta.com.br\/en\/#\/schema\/logo\/image\/"}},{"@type":"Person","@id":"https:\/\/mulheresacesta.com.br\/en\/#\/schema\/person\/11ebd3af76a9fcb3d26c815924faac42","name":"mulheres","sameAs":["http:\/\/localhost\/mulheresacesta"],"url":"https:\/\/mulheresacesta.com.br\/en\/author\/mulheres\/"}]}},"_links":{"self":[{"href":"https:\/\/mulheresacesta.com.br\/en\/wp-json\/wp\/v2\/posts\/4388","targetHints":{"allow":["GET"]}}],"collection":[{"href":"https:\/\/mulheresacesta.com.br\/en\/wp-json\/wp\/v2\/posts"}],"about":[{"href":"https:\/\/mulheresacesta.com.br\/en\/wp-json\/wp\/v2\/types\/post"}],"author":[{"embeddable":true,"href":"https:\/\/mulheresacesta.com.br\/en\/wp-json\/wp\/v2\/users\/1"}],"replies":[{"embeddable":true,"href":"https:\/\/mulheresacesta.com.br\/en\/wp-json\/wp\/v2\/comments?post=4388"}],"version-history":[{"count":2,"href":"https:\/\/mulheresacesta.com.br\/en\/wp-json\/wp\/v2\/posts\/4388\/revisions"}],"predecessor-version":[{"id":4391,"href":"https:\/\/mulheresacesta.com.br\/en\/wp-json\/wp\/v2\/posts\/4388\/revisions\/4391"}],"wp:featuredmedia":[{"embeddable":true,"href":"https:\/\/mulheresacesta.com.br\/en\/wp-json\/wp\/v2\/media\/4389"}],"wp:attachment":[{"href":"https:\/\/mulheresacesta.com.br\/en\/wp-json\/wp\/v2\/media?parent=4388"}],"wp:term":[{"taxonomy":"category","embeddable":true,"href":"https:\/\/mulheresacesta.com.br\/en\/wp-json\/wp\/v2\/categories?post=4388"},{"taxonomy":"post_tag","embeddable":true,"href":"https:\/\/mulheresacesta.com.br\/en\/wp-json\/wp\/v2\/tags?post=4388"}],"curies":[{"name":"wp","href":"https:\/\/api.w.org\/{rel}","templated":true}]}}