{"id":4601,"date":"2023-09-15T18:30:44","date_gmt":"2023-09-15T21:30:44","guid":{"rendered":"https:\/\/mulheresacesta.com.br\/?p=4601"},"modified":"2023-09-15T18:30:48","modified_gmt":"2023-09-15T21:30:48","slug":"a-convocacao-da-selecao-brasileira-feminina-de-basquete-para-os-jogos-pan-americanos-de-2023-no-chile-foi-anunciada","status":"publish","type":"post","link":"https:\/\/mulheresacesta.com.br\/en\/2023\/09\/a-convocacao-da-selecao-brasileira-feminina-de-basquete-para-os-jogos-pan-americanos-de-2023-no-chile-foi-anunciada\/","title":{"rendered":"A convoca\u00e7\u00e3o da Sele\u00e7\u00e3o Brasileira feminina de basquete para os Jogos Pan-Americanos de 2023 no Chile foi anunciada."},"content":{"rendered":"\n<p>Esta competi\u00e7\u00e3o continental \u00e9 o evento mais importante do ano para o Time Brasil, e as jogadoras brasileiras est\u00e3o determinadas a buscar o bicampeonato, relembrando a vit\u00f3ria do Brasil em Lima, em 2019.<\/p>\n\n\n\n<p>O t\u00e9cnico encarregado durante os Jogos Pan-Americanos ser\u00e1 Jo\u00e3o Camargo, um membro da comiss\u00e3o t\u00e9cnica permanente do Brasil. Ele contar\u00e1 com a assist\u00eancia de Virgil Lopez, que tamb\u00e9m faz parte da equipe t\u00e9cnica liderada por Jos\u00e9 Neto.<\/p>\n\n\n\n<p>Camargo expressou sua alegria e gratid\u00e3o pela oportunidade de comandar a Sele\u00e7\u00e3o Brasileira em uma competi\u00e7\u00e3o t\u00e3o prestigiada como os Jogos Pan-Americanos. Ele est\u00e1 empenhado em dar continuidade ao trabalho iniciado por Neto e empenhar\u00e1 todos os esfor\u00e7os para manter o t\u00edtulo de campe\u00e3o deste torneio, agradecendo \u00e0 CBB pela oportunidade.<\/p>\n\n\n\n<p>A comiss\u00e3o t\u00e9cnica convocou um grupo de 12 atletas para iniciar os treinamentos a partir de 13 de outubro, com partida marcada para o dia 20. Diferentemente da AmeriCupW, onde o Brasil conquistou o t\u00edtulo em julho, esta convoca\u00e7\u00e3o inclui atletas que atuam no basquete nacional, uma vez que os clubes estrangeiros n\u00e3o s\u00e3o obrigados a liberar suas jogadoras para esse tipo de torneio que n\u00e3o esteja sob a \u00e9gide da &#8220;Data FIBA&#8221;.<\/p>\n\n\n\n<p>Os pa\u00edses que participar\u00e3o dos Jogos Pan-Americanos s\u00e3o: Brasil, Cuba, M\u00e9xico, Porto Rico, Argentina, Col\u00f4mbia, Chile e Venezuela. O sorteio para a forma\u00e7\u00e3o dos grupos est\u00e1 marcado para 22 de setembro.<\/p>\n\n\n\n<p>Conforme a f\u00f3rmula de disputa, haver\u00e1 dois grupos, cada um com quatro equipes. As sele\u00e7\u00f5es competir\u00e3o dentro de seus grupos, e as duas melhores avan\u00e7ar\u00e3o para as semifinais, enquanto as terceiras e quartas colocadas jogar\u00e3o partidas de reclassifica\u00e7\u00e3o.Regenerar<\/p>\n\n\n\n<p>Fonte: <a href=\"https:\/\/www.cbb.com.br\/noticia\/4191\/selecao-brasileira-feminina-e-convocada-para-os-jogos-pan-americanos\" target=\"_blank\" aria-label=\"undefined (opens in a new tab)\" rel=\"noreferrer noopener\">CBB<\/a><\/p>\n","protected":false},"excerpt":{"rendered":"<p>Esta competi\u00e7\u00e3o continental \u00e9 o evento mais importante do ano para o Time Brasil, e as jogadoras brasileiras est\u00e3o determinadas a buscar o bicampeonato, relembrando a vit\u00f3ria do Brasil em Lima, em 2019. O t\u00e9cnico encarregado durante os Jogos Pan-Americanos ser\u00e1 Jo\u00e3o Camargo, um membro da comiss\u00e3o t\u00e9cnica permanente do Brasil. Ele contar\u00e1 com a [&hellip;]<\/p>\n","protected":false},"author":1,"featured_media":4602,"comment_status":"open","ping_status":"open","sticky":false,"template":"","format":"standard","meta":{"footnotes":""},"categories":[12],"tags":[],"class_list":["post-4601","post","type-post","status-publish","format-standard","has-post-thumbnail","hentry","category-blog"],"acf":[],"yoast_head":"<!-- This site is optimized with the Yoast SEO plugin v26.4 - https:\/\/yoast.com\/wordpress\/plugins\/seo\/ -->\n<title>A convoca\u00e7\u00e3o da Sele\u00e7\u00e3o Brasileira feminina de basquete para os Jogos Pan-Americanos de 2023 no Chile foi anunciada.<\/title>\n<meta name=\"description\" content=\"Esta competi\u00e7\u00e3o continental \u00e9 o evento mais importante do ano para o Time Brasil, e as jogadoras brasileiras est\u00e3o determinadas a buscar o bicampeonato,\" \/>\n<meta name=\"robots\" content=\"index, follow, max-snippet:-1, max-image-preview:large, max-video-preview:-1\" \/>\n<link rel=\"canonical\" href=\"https:\/\/mulheresacesta.com.br\/en\/2023\/09\/a-convocacao-da-selecao-brasileira-feminina-de-basquete-para-os-jogos-pan-americanos-de-2023-no-chile-foi-anunciada\/\" \/>\n<meta property=\"og:locale\" content=\"en_US\" \/>\n<meta property=\"og:locale:alternate\" content=\"pt_BR\" \/>\n<meta property=\"og:type\" content=\"article\" \/>\n<meta property=\"og:title\" content=\"A convoca\u00e7\u00e3o da Sele\u00e7\u00e3o Brasileira feminina de basquete para os Jogos Pan-Americanos de 2023 no Chile foi anunciada.\" \/>\n<meta property=\"og:description\" content=\"Esta competi\u00e7\u00e3o continental \u00e9 o evento mais importante do ano para o Time Brasil, e as jogadoras brasileiras est\u00e3o determinadas a buscar o bicampeonato,\" \/>\n<meta property=\"og:url\" content=\"https:\/\/mulheresacesta.com.br\/en\/2023\/09\/a-convocacao-da-selecao-brasileira-feminina-de-basquete-para-os-jogos-pan-americanos-de-2023-no-chile-foi-anunciada\/\" \/>\n<meta property=\"og:site_name\" content=\"Mulheres \u00e0 Cesta\" \/>\n<meta property=\"article:published_time\" content=\"2023-09-15T21:30:44+00:00\" \/>\n<meta property=\"article:modified_time\" content=\"2023-09-15T21:30:48+00:00\" \/>\n<meta property=\"og:image\" content=\"https:\/\/mulheresacesta.com.br\/wp-content\/uploads\/2023\/09\/Untitled-1.jpg\" \/>\n\t<meta property=\"og:image:width\" content=\"1580\" \/>\n\t<meta property=\"og:image:height\" content=\"890\" \/>\n\t<meta property=\"og:image:type\" content=\"image\/jpeg\" \/>\n<meta name=\"author\" content=\"mulheres\" \/>\n<meta name=\"twitter:card\" content=\"summary_large_image\" \/>\n<meta name=\"twitter:label1\" content=\"Written by\" \/>\n\t<meta name=\"twitter:data1\" content=\"mulheres\" \/>\n\t<meta name=\"twitter:label2\" content=\"Est. reading time\" \/>\n\t<meta name=\"twitter:data2\" content=\"1 minute\" \/>\n<script type=\"application\/ld+json\" class=\"yoast-schema-graph\">{\"@context\":\"https:\/\/schema.org\",\"@graph\":[{\"@type\":\"Article\",\"@id\":\"https:\/\/mulheresacesta.com.br\/2023\/09\/a-convocacao-da-selecao-brasileira-feminina-de-basquete-para-os-jogos-pan-americanos-de-2023-no-chile-foi-anunciada\/#article\",\"isPartOf\":{\"@id\":\"https:\/\/mulheresacesta.com.br\/2023\/09\/a-convocacao-da-selecao-brasileira-feminina-de-basquete-para-os-jogos-pan-americanos-de-2023-no-chile-foi-anunciada\/\"},\"author\":{\"name\":\"mulheres\",\"@id\":\"https:\/\/mulheresacesta.com.br\/en\/#\/schema\/person\/11ebd3af76a9fcb3d26c815924faac42\"},\"headline\":\"A convoca\u00e7\u00e3o da Sele\u00e7\u00e3o Brasileira feminina de basquete para os Jogos Pan-Americanos de 2023 no Chile foi anunciada.\",\"datePublished\":\"2023-09-15T21:30:44+00:00\",\"dateModified\":\"2023-09-15T21:30:48+00:00\",\"mainEntityOfPage\":{\"@id\":\"https:\/\/mulheresacesta.com.br\/2023\/09\/a-convocacao-da-selecao-brasileira-feminina-de-basquete-para-os-jogos-pan-americanos-de-2023-no-chile-foi-anunciada\/\"},\"wordCount\":317,\"commentCount\":0,\"publisher\":{\"@id\":\"https:\/\/mulheresacesta.com.br\/en\/#organization\"},\"image\":{\"@id\":\"https:\/\/mulheresacesta.com.br\/2023\/09\/a-convocacao-da-selecao-brasileira-feminina-de-basquete-para-os-jogos-pan-americanos-de-2023-no-chile-foi-anunciada\/#primaryimage\"},\"thumbnailUrl\":\"https:\/\/mulheresacesta.com.br\/wp-content\/uploads\/2023\/09\/Untitled-1.jpg\",\"articleSection\":[\"Blog\"],\"inLanguage\":\"en-US\",\"potentialAction\":[{\"@type\":\"CommentAction\",\"name\":\"Comment\",\"target\":[\"https:\/\/mulheresacesta.com.br\/2023\/09\/a-convocacao-da-selecao-brasileira-feminina-de-basquete-para-os-jogos-pan-americanos-de-2023-no-chile-foi-anunciada\/#respond\"]}]},{\"@type\":\"WebPage\",\"@id\":\"https:\/\/mulheresacesta.com.br\/2023\/09\/a-convocacao-da-selecao-brasileira-feminina-de-basquete-para-os-jogos-pan-americanos-de-2023-no-chile-foi-anunciada\/\",\"url\":\"https:\/\/mulheresacesta.com.br\/2023\/09\/a-convocacao-da-selecao-brasileira-feminina-de-basquete-para-os-jogos-pan-americanos-de-2023-no-chile-foi-anunciada\/\",\"name\":\"A convoca\u00e7\u00e3o da Sele\u00e7\u00e3o Brasileira feminina de basquete para os Jogos Pan-Americanos de 2023 no Chile foi anunciada.\",\"isPartOf\":{\"@id\":\"https:\/\/mulheresacesta.com.br\/en\/#website\"},\"primaryImageOfPage\":{\"@id\":\"https:\/\/mulheresacesta.com.br\/2023\/09\/a-convocacao-da-selecao-brasileira-feminina-de-basquete-para-os-jogos-pan-americanos-de-2023-no-chile-foi-anunciada\/#primaryimage\"},\"image\":{\"@id\":\"https:\/\/mulheresacesta.com.br\/2023\/09\/a-convocacao-da-selecao-brasileira-feminina-de-basquete-para-os-jogos-pan-americanos-de-2023-no-chile-foi-anunciada\/#primaryimage\"},\"thumbnailUrl\":\"https:\/\/mulheresacesta.com.br\/wp-content\/uploads\/2023\/09\/Untitled-1.jpg\",\"datePublished\":\"2023-09-15T21:30:44+00:00\",\"dateModified\":\"2023-09-15T21:30:48+00:00\",\"description\":\"Esta competi\u00e7\u00e3o continental \u00e9 o evento mais importante do ano para o Time Brasil, e as jogadoras brasileiras est\u00e3o determinadas a buscar o bicampeonato,\",\"breadcrumb\":{\"@id\":\"https:\/\/mulheresacesta.com.br\/2023\/09\/a-convocacao-da-selecao-brasileira-feminina-de-basquete-para-os-jogos-pan-americanos-de-2023-no-chile-foi-anunciada\/#breadcrumb\"},\"inLanguage\":\"en-US\",\"potentialAction\":[{\"@type\":\"ReadAction\",\"target\":[\"https:\/\/mulheresacesta.com.br\/2023\/09\/a-convocacao-da-selecao-brasileira-feminina-de-basquete-para-os-jogos-pan-americanos-de-2023-no-chile-foi-anunciada\/\"]}]},{\"@type\":\"ImageObject\",\"inLanguage\":\"en-US\",\"@id\":\"https:\/\/mulheresacesta.com.br\/2023\/09\/a-convocacao-da-selecao-brasileira-feminina-de-basquete-para-os-jogos-pan-americanos-de-2023-no-chile-foi-anunciada\/#primaryimage\",\"url\":\"https:\/\/mulheresacesta.com.br\/wp-content\/uploads\/2023\/09\/Untitled-1.jpg\",\"contentUrl\":\"https:\/\/mulheresacesta.com.br\/wp-content\/uploads\/2023\/09\/Untitled-1.jpg\",\"width\":1580,\"height\":890},{\"@type\":\"BreadcrumbList\",\"@id\":\"https:\/\/mulheresacesta.com.br\/2023\/09\/a-convocacao-da-selecao-brasileira-feminina-de-basquete-para-os-jogos-pan-americanos-de-2023-no-chile-foi-anunciada\/#breadcrumb\",\"itemListElement\":[{\"@type\":\"ListItem\",\"position\":1,\"name\":\"In\u00edcio\",\"item\":\"https:\/\/mulheresacesta.com.br\/\"},{\"@type\":\"ListItem\",\"position\":2,\"name\":\"A convoca\u00e7\u00e3o da Sele\u00e7\u00e3o Brasileira feminina de basquete para os Jogos Pan-Americanos de 2023 no Chile foi anunciada.\"}]},{\"@type\":\"WebSite\",\"@id\":\"https:\/\/mulheresacesta.com.br\/en\/#website\",\"url\":\"https:\/\/mulheresacesta.com.br\/en\/\",\"name\":\"Mulheres \u00e0 Cesta\",\"description\":\"\",\"publisher\":{\"@id\":\"https:\/\/mulheresacesta.com.br\/en\/#organization\"},\"potentialAction\":[{\"@type\":\"SearchAction\",\"target\":{\"@type\":\"EntryPoint\",\"urlTemplate\":\"https:\/\/mulheresacesta.com.br\/en\/?s={search_term_string}\"},\"query-input\":{\"@type\":\"PropertyValueSpecification\",\"valueRequired\":true,\"valueName\":\"search_term_string\"}}],\"inLanguage\":\"en-US\"},{\"@type\":\"Organization\",\"@id\":\"https:\/\/mulheresacesta.com.br\/en\/#organization\",\"name\":\"Mulheres \u00e0 Cesta\",\"url\":\"https:\/\/mulheresacesta.com.br\/en\/\",\"logo\":{\"@type\":\"ImageObject\",\"inLanguage\":\"en-US\",\"@id\":\"https:\/\/mulheresacesta.com.br\/en\/#\/schema\/logo\/image\/\",\"url\":\"https:\/\/mulheresacesta.com.br\/wp-content\/uploads\/2020\/10\/mulheres-a-cesta.jpg\",\"contentUrl\":\"https:\/\/mulheresacesta.com.br\/wp-content\/uploads\/2020\/10\/mulheres-a-cesta.jpg\",\"width\":400,\"height\":300,\"caption\":\"Mulheres \u00e0 Cesta\"},\"image\":{\"@id\":\"https:\/\/mulheresacesta.com.br\/en\/#\/schema\/logo\/image\/\"}},{\"@type\":\"Person\",\"@id\":\"https:\/\/mulheresacesta.com.br\/en\/#\/schema\/person\/11ebd3af76a9fcb3d26c815924faac42\",\"name\":\"mulheres\",\"sameAs\":[\"http:\/\/localhost\/mulheresacesta\"],\"url\":\"https:\/\/mulheresacesta.com.br\/en\/author\/mulheres\/\"}]}<\/script>\n<!-- \/ Yoast SEO plugin. -->","yoast_head_json":{"title":"A convoca\u00e7\u00e3o da Sele\u00e7\u00e3o Brasileira feminina de basquete para os Jogos Pan-Americanos de 2023 no Chile foi anunciada.","description":"Esta competi\u00e7\u00e3o continental \u00e9 o evento mais importante do ano para o Time Brasil, e as jogadoras brasileiras est\u00e3o determinadas a buscar o bicampeonato,","robots":{"index":"index","follow":"follow","max-snippet":"max-snippet:-1","max-image-preview":"max-image-preview:large","max-video-preview":"max-video-preview:-1"},"canonical":"https:\/\/mulheresacesta.com.br\/en\/2023\/09\/a-convocacao-da-selecao-brasileira-feminina-de-basquete-para-os-jogos-pan-americanos-de-2023-no-chile-foi-anunciada\/","og_locale":"en_US","og_type":"article","og_title":"[:pt]A convoca\u00e7\u00e3o da Sele\u00e7\u00e3o Brasileira feminina de basquete para os Jogos Pan-Americanos de 2023 no Chile foi anunciada.[:] - Mulheres \u00e0 Cesta","og_description":"Esta competi\u00e7\u00e3o continental \u00e9 o evento mais importante do ano para o Time Brasil, e as jogadoras brasileiras est\u00e3o determinadas a buscar o bicampeonato,","og_url":"https:\/\/mulheresacesta.com.br\/en\/2023\/09\/a-convocacao-da-selecao-brasileira-feminina-de-basquete-para-os-jogos-pan-americanos-de-2023-no-chile-foi-anunciada\/","og_site_name":"Mulheres \u00e0 Cesta","article_published_time":"2023-09-15T21:30:44+00:00","article_modified_time":"2023-09-15T21:30:48+00:00","og_image":[{"width":1580,"height":890,"url":"https:\/\/mulheresacesta.com.br\/wp-content\/uploads\/2023\/09\/Untitled-1.jpg","type":"image\/jpeg"}],"author":"mulheres","twitter_card":"summary_large_image","twitter_misc":{"Written by":"mulheres","Est. reading time":"1 minute"},"schema":{"@context":"https:\/\/schema.org","@graph":[{"@type":"Article","@id":"https:\/\/mulheresacesta.com.br\/2023\/09\/a-convocacao-da-selecao-brasileira-feminina-de-basquete-para-os-jogos-pan-americanos-de-2023-no-chile-foi-anunciada\/#article","isPartOf":{"@id":"https:\/\/mulheresacesta.com.br\/2023\/09\/a-convocacao-da-selecao-brasileira-feminina-de-basquete-para-os-jogos-pan-americanos-de-2023-no-chile-foi-anunciada\/"},"author":{"name":"mulheres","@id":"https:\/\/mulheresacesta.com.br\/en\/#\/schema\/person\/11ebd3af76a9fcb3d26c815924faac42"},"headline":"A convoca\u00e7\u00e3o da Sele\u00e7\u00e3o Brasileira feminina de basquete para os Jogos Pan-Americanos de 2023 no Chile foi anunciada.","datePublished":"2023-09-15T21:30:44+00:00","dateModified":"2023-09-15T21:30:48+00:00","mainEntityOfPage":{"@id":"https:\/\/mulheresacesta.com.br\/2023\/09\/a-convocacao-da-selecao-brasileira-feminina-de-basquete-para-os-jogos-pan-americanos-de-2023-no-chile-foi-anunciada\/"},"wordCount":317,"commentCount":0,"publisher":{"@id":"https:\/\/mulheresacesta.com.br\/en\/#organization"},"image":{"@id":"https:\/\/mulheresacesta.com.br\/2023\/09\/a-convocacao-da-selecao-brasileira-feminina-de-basquete-para-os-jogos-pan-americanos-de-2023-no-chile-foi-anunciada\/#primaryimage"},"thumbnailUrl":"https:\/\/mulheresacesta.com.br\/wp-content\/uploads\/2023\/09\/Untitled-1.jpg","articleSection":["Blog"],"inLanguage":"en-US","potentialAction":[{"@type":"CommentAction","name":"Comment","target":["https:\/\/mulheresacesta.com.br\/2023\/09\/a-convocacao-da-selecao-brasileira-feminina-de-basquete-para-os-jogos-pan-americanos-de-2023-no-chile-foi-anunciada\/#respond"]}]},{"@type":"WebPage","@id":"https:\/\/mulheresacesta.com.br\/2023\/09\/a-convocacao-da-selecao-brasileira-feminina-de-basquete-para-os-jogos-pan-americanos-de-2023-no-chile-foi-anunciada\/","url":"https:\/\/mulheresacesta.com.br\/2023\/09\/a-convocacao-da-selecao-brasileira-feminina-de-basquete-para-os-jogos-pan-americanos-de-2023-no-chile-foi-anunciada\/","name":"A convoca\u00e7\u00e3o da Sele\u00e7\u00e3o Brasileira feminina de basquete para os Jogos Pan-Americanos de 2023 no Chile foi anunciada.","isPartOf":{"@id":"https:\/\/mulheresacesta.com.br\/en\/#website"},"primaryImageOfPage":{"@id":"https:\/\/mulheresacesta.com.br\/2023\/09\/a-convocacao-da-selecao-brasileira-feminina-de-basquete-para-os-jogos-pan-americanos-de-2023-no-chile-foi-anunciada\/#primaryimage"},"image":{"@id":"https:\/\/mulheresacesta.com.br\/2023\/09\/a-convocacao-da-selecao-brasileira-feminina-de-basquete-para-os-jogos-pan-americanos-de-2023-no-chile-foi-anunciada\/#primaryimage"},"thumbnailUrl":"https:\/\/mulheresacesta.com.br\/wp-content\/uploads\/2023\/09\/Untitled-1.jpg","datePublished":"2023-09-15T21:30:44+00:00","dateModified":"2023-09-15T21:30:48+00:00","description":"Esta competi\u00e7\u00e3o continental \u00e9 o evento mais importante do ano para o Time Brasil, e as jogadoras brasileiras est\u00e3o determinadas a buscar o bicampeonato,","breadcrumb":{"@id":"https:\/\/mulheresacesta.com.br\/2023\/09\/a-convocacao-da-selecao-brasileira-feminina-de-basquete-para-os-jogos-pan-americanos-de-2023-no-chile-foi-anunciada\/#breadcrumb"},"inLanguage":"en-US","potentialAction":[{"@type":"ReadAction","target":["https:\/\/mulheresacesta.com.br\/2023\/09\/a-convocacao-da-selecao-brasileira-feminina-de-basquete-para-os-jogos-pan-americanos-de-2023-no-chile-foi-anunciada\/"]}]},{"@type":"ImageObject","inLanguage":"en-US","@id":"https:\/\/mulheresacesta.com.br\/2023\/09\/a-convocacao-da-selecao-brasileira-feminina-de-basquete-para-os-jogos-pan-americanos-de-2023-no-chile-foi-anunciada\/#primaryimage","url":"https:\/\/mulheresacesta.com.br\/wp-content\/uploads\/2023\/09\/Untitled-1.jpg","contentUrl":"https:\/\/mulheresacesta.com.br\/wp-content\/uploads\/2023\/09\/Untitled-1.jpg","width":1580,"height":890},{"@type":"BreadcrumbList","@id":"https:\/\/mulheresacesta.com.br\/2023\/09\/a-convocacao-da-selecao-brasileira-feminina-de-basquete-para-os-jogos-pan-americanos-de-2023-no-chile-foi-anunciada\/#breadcrumb","itemListElement":[{"@type":"ListItem","position":1,"name":"In\u00edcio","item":"https:\/\/mulheresacesta.com.br\/"},{"@type":"ListItem","position":2,"name":"A convoca\u00e7\u00e3o da Sele\u00e7\u00e3o Brasileira feminina de basquete para os Jogos Pan-Americanos de 2023 no Chile foi anunciada."}]},{"@type":"WebSite","@id":"https:\/\/mulheresacesta.com.br\/en\/#website","url":"https:\/\/mulheresacesta.com.br\/en\/","name":"Mulheres \u00e0 Cesta","description":"","publisher":{"@id":"https:\/\/mulheresacesta.com.br\/en\/#organization"},"potentialAction":[{"@type":"SearchAction","target":{"@type":"EntryPoint","urlTemplate":"https:\/\/mulheresacesta.com.br\/en\/?s={search_term_string}"},"query-input":{"@type":"PropertyValueSpecification","valueRequired":true,"valueName":"search_term_string"}}],"inLanguage":"en-US"},{"@type":"Organization","@id":"https:\/\/mulheresacesta.com.br\/en\/#organization","name":"Mulheres \u00e0 Cesta","url":"https:\/\/mulheresacesta.com.br\/en\/","logo":{"@type":"ImageObject","inLanguage":"en-US","@id":"https:\/\/mulheresacesta.com.br\/en\/#\/schema\/logo\/image\/","url":"https:\/\/mulheresacesta.com.br\/wp-content\/uploads\/2020\/10\/mulheres-a-cesta.jpg","contentUrl":"https:\/\/mulheresacesta.com.br\/wp-content\/uploads\/2020\/10\/mulheres-a-cesta.jpg","width":400,"height":300,"caption":"Mulheres \u00e0 Cesta"},"image":{"@id":"https:\/\/mulheresacesta.com.br\/en\/#\/schema\/logo\/image\/"}},{"@type":"Person","@id":"https:\/\/mulheresacesta.com.br\/en\/#\/schema\/person\/11ebd3af76a9fcb3d26c815924faac42","name":"mulheres","sameAs":["http:\/\/localhost\/mulheresacesta"],"url":"https:\/\/mulheresacesta.com.br\/en\/author\/mulheres\/"}]}},"_links":{"self":[{"href":"https:\/\/mulheresacesta.com.br\/en\/wp-json\/wp\/v2\/posts\/4601","targetHints":{"allow":["GET"]}}],"collection":[{"href":"https:\/\/mulheresacesta.com.br\/en\/wp-json\/wp\/v2\/posts"}],"about":[{"href":"https:\/\/mulheresacesta.com.br\/en\/wp-json\/wp\/v2\/types\/post"}],"author":[{"embeddable":true,"href":"https:\/\/mulheresacesta.com.br\/en\/wp-json\/wp\/v2\/users\/1"}],"replies":[{"embeddable":true,"href":"https:\/\/mulheresacesta.com.br\/en\/wp-json\/wp\/v2\/comments?post=4601"}],"version-history":[{"count":2,"href":"https:\/\/mulheresacesta.com.br\/en\/wp-json\/wp\/v2\/posts\/4601\/revisions"}],"predecessor-version":[{"id":4604,"href":"https:\/\/mulheresacesta.com.br\/en\/wp-json\/wp\/v2\/posts\/4601\/revisions\/4604"}],"wp:featuredmedia":[{"embeddable":true,"href":"https:\/\/mulheresacesta.com.br\/en\/wp-json\/wp\/v2\/media\/4602"}],"wp:attachment":[{"href":"https:\/\/mulheresacesta.com.br\/en\/wp-json\/wp\/v2\/media?parent=4601"}],"wp:term":[{"taxonomy":"category","embeddable":true,"href":"https:\/\/mulheresacesta.com.br\/en\/wp-json\/wp\/v2\/categories?post=4601"},{"taxonomy":"post_tag","embeddable":true,"href":"https:\/\/mulheresacesta.com.br\/en\/wp-json\/wp\/v2\/tags?post=4601"}],"curies":[{"name":"wp","href":"https:\/\/api.w.org\/{rel}","templated":true}]}}