{"id":4627,"date":"2023-09-25T09:00:00","date_gmt":"2023-09-25T12:00:00","guid":{"rendered":"https:\/\/mulheresacesta.com.br\/?p=4627"},"modified":"2023-09-25T09:50:15","modified_gmt":"2023-09-25T12:50:15","slug":"a-selecao-brasileira-ja-conhece-o-grupo-que-irao-enfrentar-nos-jogos-pan-americanos","status":"publish","type":"post","link":"https:\/\/mulheresacesta.com.br\/en\/2023\/09\/a-selecao-brasileira-ja-conhece-o-grupo-que-irao-enfrentar-nos-jogos-pan-americanos\/","title":{"rendered":"A Sele\u00e7\u00e3o Brasileira j\u00e1 conhece o grupo que ir\u00e1 enfrentar nos Jogos Pan-Americanos."},"content":{"rendered":"\n<p>No \u00faltimo dia 22 de setembro, a Sele\u00e7\u00e3o feminina de basquete ficou sabendo quem ser\u00e3o seus advers\u00e1rios nos Jogos Pan-Americanos de Santiago, no Chile. O sorteio foi conduzido na capital chilena pela PanAm Sports e tamb\u00e9m determinou a sequ\u00eancia dos jogos na fase inicial.<\/p>\n\n\n\n<p>Em busca do bicampeonato, a Sele\u00e7\u00e3o Brasileira feminina foi alocada no Grupo B, onde enfrentar\u00e1 as equipes da Col\u00f4mbia, Venezuela e Chile. <\/p>\n\n\n\n<p>Os confrontos do torneio feminino est\u00e3o programados para iniciar em 25 de outubro. A transmiss\u00e3o dos jogos, em colabora\u00e7\u00e3o com o Time Brasil, ser\u00e1 realizada pela Caz\u00e9 TV.<\/p>\n\n\n\n<p>Fonte: <a href=\"https:\/\/www.cbb.com.br\/noticia\/4208\/selecoes-brasileiras-conhecem-grupos-nos-jogos-pan-americanos\" target=\"_blank\" aria-label=\"undefined (opens in a new tab)\" rel=\"noreferrer noopener\">CBB<\/a><\/p>\n","protected":false},"excerpt":{"rendered":"<p>No \u00faltimo dia 22 de setembro, a Sele\u00e7\u00e3o feminina de basquete ficou sabendo quem ser\u00e3o seus advers\u00e1rios nos Jogos Pan-Americanos de Santiago, no Chile. O sorteio foi conduzido na capital chilena pela PanAm Sports e tamb\u00e9m determinou a sequ\u00eancia dos jogos na fase inicial. Em busca do bicampeonato, a Sele\u00e7\u00e3o Brasileira feminina foi alocada no [&hellip;]<\/p>\n","protected":false},"author":1,"featured_media":4628,"comment_status":"open","ping_status":"open","sticky":false,"template":"","format":"standard","meta":{"footnotes":""},"categories":[12],"tags":[],"class_list":["post-4627","post","type-post","status-publish","format-standard","has-post-thumbnail","hentry","category-blog"],"acf":[],"yoast_head":"<!-- This site is optimized with the Yoast SEO plugin v26.4 - https:\/\/yoast.com\/wordpress\/plugins\/seo\/ -->\n<title>A Sele\u00e7\u00e3o Brasileira j\u00e1 conhece o grupo que ir\u00e1 enfrentar nos Jogos Pan-Americanos.<\/title>\n<meta name=\"description\" content=\"No \u00faltimo dia 22 de setembro, a Sele\u00e7\u00e3o feminina de basquete ficou sabendo quem ser\u00e3o seus advers\u00e1rios nos Jogos Pan-Americanos de Santiago, no Chile. O\" \/>\n<meta name=\"robots\" content=\"index, follow, max-snippet:-1, max-image-preview:large, max-video-preview:-1\" \/>\n<link rel=\"canonical\" href=\"https:\/\/mulheresacesta.com.br\/en\/2023\/09\/a-selecao-brasileira-ja-conhece-o-grupo-que-irao-enfrentar-nos-jogos-pan-americanos\/\" \/>\n<meta property=\"og:locale\" content=\"en_US\" \/>\n<meta property=\"og:locale:alternate\" content=\"pt_BR\" \/>\n<meta property=\"og:type\" content=\"article\" \/>\n<meta property=\"og:title\" content=\"A Sele\u00e7\u00e3o Brasileira j\u00e1 conhece o grupo que ir\u00e1 enfrentar nos Jogos Pan-Americanos.\" \/>\n<meta property=\"og:description\" content=\"No \u00faltimo dia 22 de setembro, a Sele\u00e7\u00e3o feminina de basquete ficou sabendo quem ser\u00e3o seus advers\u00e1rios nos Jogos Pan-Americanos de Santiago, no Chile. O\" \/>\n<meta property=\"og:url\" content=\"https:\/\/mulheresacesta.com.br\/en\/2023\/09\/a-selecao-brasileira-ja-conhece-o-grupo-que-irao-enfrentar-nos-jogos-pan-americanos\/\" \/>\n<meta property=\"og:site_name\" content=\"Mulheres \u00e0 Cesta\" \/>\n<meta property=\"article:published_time\" content=\"2023-09-25T12:00:00+00:00\" \/>\n<meta property=\"article:modified_time\" content=\"2023-09-25T12:50:15+00:00\" \/>\n<meta property=\"og:image\" content=\"https:\/\/mulheresacesta.com.br\/wp-content\/uploads\/2023\/09\/Sem-nome-1580-\u00d7-890-px.png\" \/>\n\t<meta property=\"og:image:width\" content=\"1580\" \/>\n\t<meta property=\"og:image:height\" content=\"890\" \/>\n\t<meta property=\"og:image:type\" content=\"image\/png\" \/>\n<meta name=\"author\" content=\"mulheres\" \/>\n<meta name=\"twitter:card\" content=\"summary_large_image\" \/>\n<meta name=\"twitter:label1\" content=\"Written by\" \/>\n\t<meta name=\"twitter:data1\" content=\"mulheres\" \/>\n\t<meta name=\"twitter:label2\" content=\"Est. reading time\" \/>\n\t<meta name=\"twitter:data2\" content=\"1 minute\" \/>\n<script type=\"application\/ld+json\" class=\"yoast-schema-graph\">{\"@context\":\"https:\/\/schema.org\",\"@graph\":[{\"@type\":\"Article\",\"@id\":\"https:\/\/mulheresacesta.com.br\/2023\/09\/a-selecao-brasileira-ja-conhece-o-grupo-que-irao-enfrentar-nos-jogos-pan-americanos\/#article\",\"isPartOf\":{\"@id\":\"https:\/\/mulheresacesta.com.br\/2023\/09\/a-selecao-brasileira-ja-conhece-o-grupo-que-irao-enfrentar-nos-jogos-pan-americanos\/\"},\"author\":{\"name\":\"mulheres\",\"@id\":\"https:\/\/mulheresacesta.com.br\/en\/#\/schema\/person\/11ebd3af76a9fcb3d26c815924faac42\"},\"headline\":\"A Sele\u00e7\u00e3o Brasileira j\u00e1 conhece o grupo que ir\u00e1 enfrentar nos Jogos Pan-Americanos.\",\"datePublished\":\"2023-09-25T12:00:00+00:00\",\"dateModified\":\"2023-09-25T12:50:15+00:00\",\"mainEntityOfPage\":{\"@id\":\"https:\/\/mulheresacesta.com.br\/2023\/09\/a-selecao-brasileira-ja-conhece-o-grupo-que-irao-enfrentar-nos-jogos-pan-americanos\/\"},\"wordCount\":120,\"commentCount\":0,\"publisher\":{\"@id\":\"https:\/\/mulheresacesta.com.br\/en\/#organization\"},\"image\":{\"@id\":\"https:\/\/mulheresacesta.com.br\/2023\/09\/a-selecao-brasileira-ja-conhece-o-grupo-que-irao-enfrentar-nos-jogos-pan-americanos\/#primaryimage\"},\"thumbnailUrl\":\"https:\/\/mulheresacesta.com.br\/wp-content\/uploads\/2023\/09\/Sem-nome-1580-\u00d7-890-px.png\",\"articleSection\":[\"Blog\"],\"inLanguage\":\"en-US\",\"potentialAction\":[{\"@type\":\"CommentAction\",\"name\":\"Comment\",\"target\":[\"https:\/\/mulheresacesta.com.br\/2023\/09\/a-selecao-brasileira-ja-conhece-o-grupo-que-irao-enfrentar-nos-jogos-pan-americanos\/#respond\"]}]},{\"@type\":\"WebPage\",\"@id\":\"https:\/\/mulheresacesta.com.br\/2023\/09\/a-selecao-brasileira-ja-conhece-o-grupo-que-irao-enfrentar-nos-jogos-pan-americanos\/\",\"url\":\"https:\/\/mulheresacesta.com.br\/2023\/09\/a-selecao-brasileira-ja-conhece-o-grupo-que-irao-enfrentar-nos-jogos-pan-americanos\/\",\"name\":\"A Sele\u00e7\u00e3o Brasileira j\u00e1 conhece o grupo que ir\u00e1 enfrentar nos Jogos Pan-Americanos.\",\"isPartOf\":{\"@id\":\"https:\/\/mulheresacesta.com.br\/en\/#website\"},\"primaryImageOfPage\":{\"@id\":\"https:\/\/mulheresacesta.com.br\/2023\/09\/a-selecao-brasileira-ja-conhece-o-grupo-que-irao-enfrentar-nos-jogos-pan-americanos\/#primaryimage\"},\"image\":{\"@id\":\"https:\/\/mulheresacesta.com.br\/2023\/09\/a-selecao-brasileira-ja-conhece-o-grupo-que-irao-enfrentar-nos-jogos-pan-americanos\/#primaryimage\"},\"thumbnailUrl\":\"https:\/\/mulheresacesta.com.br\/wp-content\/uploads\/2023\/09\/Sem-nome-1580-\u00d7-890-px.png\",\"datePublished\":\"2023-09-25T12:00:00+00:00\",\"dateModified\":\"2023-09-25T12:50:15+00:00\",\"description\":\"No \u00faltimo dia 22 de setembro, a Sele\u00e7\u00e3o feminina de basquete ficou sabendo quem ser\u00e3o seus advers\u00e1rios nos Jogos Pan-Americanos de Santiago, no Chile. O\",\"breadcrumb\":{\"@id\":\"https:\/\/mulheresacesta.com.br\/2023\/09\/a-selecao-brasileira-ja-conhece-o-grupo-que-irao-enfrentar-nos-jogos-pan-americanos\/#breadcrumb\"},\"inLanguage\":\"en-US\",\"potentialAction\":[{\"@type\":\"ReadAction\",\"target\":[\"https:\/\/mulheresacesta.com.br\/2023\/09\/a-selecao-brasileira-ja-conhece-o-grupo-que-irao-enfrentar-nos-jogos-pan-americanos\/\"]}]},{\"@type\":\"ImageObject\",\"inLanguage\":\"en-US\",\"@id\":\"https:\/\/mulheresacesta.com.br\/2023\/09\/a-selecao-brasileira-ja-conhece-o-grupo-que-irao-enfrentar-nos-jogos-pan-americanos\/#primaryimage\",\"url\":\"https:\/\/mulheresacesta.com.br\/wp-content\/uploads\/2023\/09\/Sem-nome-1580-\u00d7-890-px.png\",\"contentUrl\":\"https:\/\/mulheresacesta.com.br\/wp-content\/uploads\/2023\/09\/Sem-nome-1580-\u00d7-890-px.png\",\"width\":1580,\"height\":890},{\"@type\":\"BreadcrumbList\",\"@id\":\"https:\/\/mulheresacesta.com.br\/2023\/09\/a-selecao-brasileira-ja-conhece-o-grupo-que-irao-enfrentar-nos-jogos-pan-americanos\/#breadcrumb\",\"itemListElement\":[{\"@type\":\"ListItem\",\"position\":1,\"name\":\"In\u00edcio\",\"item\":\"https:\/\/mulheresacesta.com.br\/\"},{\"@type\":\"ListItem\",\"position\":2,\"name\":\"A Sele\u00e7\u00e3o Brasileira j\u00e1 conhece o grupo que ir\u00e1 enfrentar nos Jogos Pan-Americanos.\"}]},{\"@type\":\"WebSite\",\"@id\":\"https:\/\/mulheresacesta.com.br\/en\/#website\",\"url\":\"https:\/\/mulheresacesta.com.br\/en\/\",\"name\":\"Mulheres \u00e0 Cesta\",\"description\":\"\",\"publisher\":{\"@id\":\"https:\/\/mulheresacesta.com.br\/en\/#organization\"},\"potentialAction\":[{\"@type\":\"SearchAction\",\"target\":{\"@type\":\"EntryPoint\",\"urlTemplate\":\"https:\/\/mulheresacesta.com.br\/en\/?s={search_term_string}\"},\"query-input\":{\"@type\":\"PropertyValueSpecification\",\"valueRequired\":true,\"valueName\":\"search_term_string\"}}],\"inLanguage\":\"en-US\"},{\"@type\":\"Organization\",\"@id\":\"https:\/\/mulheresacesta.com.br\/en\/#organization\",\"name\":\"Mulheres \u00e0 Cesta\",\"url\":\"https:\/\/mulheresacesta.com.br\/en\/\",\"logo\":{\"@type\":\"ImageObject\",\"inLanguage\":\"en-US\",\"@id\":\"https:\/\/mulheresacesta.com.br\/en\/#\/schema\/logo\/image\/\",\"url\":\"https:\/\/mulheresacesta.com.br\/wp-content\/uploads\/2020\/10\/mulheres-a-cesta.jpg\",\"contentUrl\":\"https:\/\/mulheresacesta.com.br\/wp-content\/uploads\/2020\/10\/mulheres-a-cesta.jpg\",\"width\":400,\"height\":300,\"caption\":\"Mulheres \u00e0 Cesta\"},\"image\":{\"@id\":\"https:\/\/mulheresacesta.com.br\/en\/#\/schema\/logo\/image\/\"}},{\"@type\":\"Person\",\"@id\":\"https:\/\/mulheresacesta.com.br\/en\/#\/schema\/person\/11ebd3af76a9fcb3d26c815924faac42\",\"name\":\"mulheres\",\"sameAs\":[\"http:\/\/localhost\/mulheresacesta\"],\"url\":\"https:\/\/mulheresacesta.com.br\/en\/author\/mulheres\/\"}]}<\/script>\n<!-- \/ Yoast SEO plugin. -->","yoast_head_json":{"title":"A Sele\u00e7\u00e3o Brasileira j\u00e1 conhece o grupo que ir\u00e1 enfrentar nos Jogos Pan-Americanos.","description":"No \u00faltimo dia 22 de setembro, a Sele\u00e7\u00e3o feminina de basquete ficou sabendo quem ser\u00e3o seus advers\u00e1rios nos Jogos Pan-Americanos de Santiago, no Chile. O","robots":{"index":"index","follow":"follow","max-snippet":"max-snippet:-1","max-image-preview":"max-image-preview:large","max-video-preview":"max-video-preview:-1"},"canonical":"https:\/\/mulheresacesta.com.br\/en\/2023\/09\/a-selecao-brasileira-ja-conhece-o-grupo-que-irao-enfrentar-nos-jogos-pan-americanos\/","og_locale":"en_US","og_type":"article","og_title":"[:pt]A Sele\u00e7\u00e3o Brasileira j\u00e1 conhece o grupo que ir\u00e1 enfrentar nos Jogos Pan-Americanos.[:] - Mulheres \u00e0 Cesta","og_description":"No \u00faltimo dia 22 de setembro, a Sele\u00e7\u00e3o feminina de basquete ficou sabendo quem ser\u00e3o seus advers\u00e1rios nos Jogos Pan-Americanos de Santiago, no Chile. O","og_url":"https:\/\/mulheresacesta.com.br\/en\/2023\/09\/a-selecao-brasileira-ja-conhece-o-grupo-que-irao-enfrentar-nos-jogos-pan-americanos\/","og_site_name":"Mulheres \u00e0 Cesta","article_published_time":"2023-09-25T12:00:00+00:00","article_modified_time":"2023-09-25T12:50:15+00:00","og_image":[{"width":1580,"height":890,"url":"https:\/\/mulheresacesta.com.br\/wp-content\/uploads\/2023\/09\/Sem-nome-1580-\u00d7-890-px.png","type":"image\/png"}],"author":"mulheres","twitter_card":"summary_large_image","twitter_misc":{"Written by":"mulheres","Est. reading time":"1 minute"},"schema":{"@context":"https:\/\/schema.org","@graph":[{"@type":"Article","@id":"https:\/\/mulheresacesta.com.br\/2023\/09\/a-selecao-brasileira-ja-conhece-o-grupo-que-irao-enfrentar-nos-jogos-pan-americanos\/#article","isPartOf":{"@id":"https:\/\/mulheresacesta.com.br\/2023\/09\/a-selecao-brasileira-ja-conhece-o-grupo-que-irao-enfrentar-nos-jogos-pan-americanos\/"},"author":{"name":"mulheres","@id":"https:\/\/mulheresacesta.com.br\/en\/#\/schema\/person\/11ebd3af76a9fcb3d26c815924faac42"},"headline":"A Sele\u00e7\u00e3o Brasileira j\u00e1 conhece o grupo que ir\u00e1 enfrentar nos Jogos Pan-Americanos.","datePublished":"2023-09-25T12:00:00+00:00","dateModified":"2023-09-25T12:50:15+00:00","mainEntityOfPage":{"@id":"https:\/\/mulheresacesta.com.br\/2023\/09\/a-selecao-brasileira-ja-conhece-o-grupo-que-irao-enfrentar-nos-jogos-pan-americanos\/"},"wordCount":120,"commentCount":0,"publisher":{"@id":"https:\/\/mulheresacesta.com.br\/en\/#organization"},"image":{"@id":"https:\/\/mulheresacesta.com.br\/2023\/09\/a-selecao-brasileira-ja-conhece-o-grupo-que-irao-enfrentar-nos-jogos-pan-americanos\/#primaryimage"},"thumbnailUrl":"https:\/\/mulheresacesta.com.br\/wp-content\/uploads\/2023\/09\/Sem-nome-1580-\u00d7-890-px.png","articleSection":["Blog"],"inLanguage":"en-US","potentialAction":[{"@type":"CommentAction","name":"Comment","target":["https:\/\/mulheresacesta.com.br\/2023\/09\/a-selecao-brasileira-ja-conhece-o-grupo-que-irao-enfrentar-nos-jogos-pan-americanos\/#respond"]}]},{"@type":"WebPage","@id":"https:\/\/mulheresacesta.com.br\/2023\/09\/a-selecao-brasileira-ja-conhece-o-grupo-que-irao-enfrentar-nos-jogos-pan-americanos\/","url":"https:\/\/mulheresacesta.com.br\/2023\/09\/a-selecao-brasileira-ja-conhece-o-grupo-que-irao-enfrentar-nos-jogos-pan-americanos\/","name":"A Sele\u00e7\u00e3o Brasileira j\u00e1 conhece o grupo que ir\u00e1 enfrentar nos Jogos Pan-Americanos.","isPartOf":{"@id":"https:\/\/mulheresacesta.com.br\/en\/#website"},"primaryImageOfPage":{"@id":"https:\/\/mulheresacesta.com.br\/2023\/09\/a-selecao-brasileira-ja-conhece-o-grupo-que-irao-enfrentar-nos-jogos-pan-americanos\/#primaryimage"},"image":{"@id":"https:\/\/mulheresacesta.com.br\/2023\/09\/a-selecao-brasileira-ja-conhece-o-grupo-que-irao-enfrentar-nos-jogos-pan-americanos\/#primaryimage"},"thumbnailUrl":"https:\/\/mulheresacesta.com.br\/wp-content\/uploads\/2023\/09\/Sem-nome-1580-\u00d7-890-px.png","datePublished":"2023-09-25T12:00:00+00:00","dateModified":"2023-09-25T12:50:15+00:00","description":"No \u00faltimo dia 22 de setembro, a Sele\u00e7\u00e3o feminina de basquete ficou sabendo quem ser\u00e3o seus advers\u00e1rios nos Jogos Pan-Americanos de Santiago, no Chile. O","breadcrumb":{"@id":"https:\/\/mulheresacesta.com.br\/2023\/09\/a-selecao-brasileira-ja-conhece-o-grupo-que-irao-enfrentar-nos-jogos-pan-americanos\/#breadcrumb"},"inLanguage":"en-US","potentialAction":[{"@type":"ReadAction","target":["https:\/\/mulheresacesta.com.br\/2023\/09\/a-selecao-brasileira-ja-conhece-o-grupo-que-irao-enfrentar-nos-jogos-pan-americanos\/"]}]},{"@type":"ImageObject","inLanguage":"en-US","@id":"https:\/\/mulheresacesta.com.br\/2023\/09\/a-selecao-brasileira-ja-conhece-o-grupo-que-irao-enfrentar-nos-jogos-pan-americanos\/#primaryimage","url":"https:\/\/mulheresacesta.com.br\/wp-content\/uploads\/2023\/09\/Sem-nome-1580-\u00d7-890-px.png","contentUrl":"https:\/\/mulheresacesta.com.br\/wp-content\/uploads\/2023\/09\/Sem-nome-1580-\u00d7-890-px.png","width":1580,"height":890},{"@type":"BreadcrumbList","@id":"https:\/\/mulheresacesta.com.br\/2023\/09\/a-selecao-brasileira-ja-conhece-o-grupo-que-irao-enfrentar-nos-jogos-pan-americanos\/#breadcrumb","itemListElement":[{"@type":"ListItem","position":1,"name":"In\u00edcio","item":"https:\/\/mulheresacesta.com.br\/"},{"@type":"ListItem","position":2,"name":"A Sele\u00e7\u00e3o Brasileira j\u00e1 conhece o grupo que ir\u00e1 enfrentar nos Jogos Pan-Americanos."}]},{"@type":"WebSite","@id":"https:\/\/mulheresacesta.com.br\/en\/#website","url":"https:\/\/mulheresacesta.com.br\/en\/","name":"Mulheres \u00e0 Cesta","description":"","publisher":{"@id":"https:\/\/mulheresacesta.com.br\/en\/#organization"},"potentialAction":[{"@type":"SearchAction","target":{"@type":"EntryPoint","urlTemplate":"https:\/\/mulheresacesta.com.br\/en\/?s={search_term_string}"},"query-input":{"@type":"PropertyValueSpecification","valueRequired":true,"valueName":"search_term_string"}}],"inLanguage":"en-US"},{"@type":"Organization","@id":"https:\/\/mulheresacesta.com.br\/en\/#organization","name":"Mulheres \u00e0 Cesta","url":"https:\/\/mulheresacesta.com.br\/en\/","logo":{"@type":"ImageObject","inLanguage":"en-US","@id":"https:\/\/mulheresacesta.com.br\/en\/#\/schema\/logo\/image\/","url":"https:\/\/mulheresacesta.com.br\/wp-content\/uploads\/2020\/10\/mulheres-a-cesta.jpg","contentUrl":"https:\/\/mulheresacesta.com.br\/wp-content\/uploads\/2020\/10\/mulheres-a-cesta.jpg","width":400,"height":300,"caption":"Mulheres \u00e0 Cesta"},"image":{"@id":"https:\/\/mulheresacesta.com.br\/en\/#\/schema\/logo\/image\/"}},{"@type":"Person","@id":"https:\/\/mulheresacesta.com.br\/en\/#\/schema\/person\/11ebd3af76a9fcb3d26c815924faac42","name":"mulheres","sameAs":["http:\/\/localhost\/mulheresacesta"],"url":"https:\/\/mulheresacesta.com.br\/en\/author\/mulheres\/"}]}},"_links":{"self":[{"href":"https:\/\/mulheresacesta.com.br\/en\/wp-json\/wp\/v2\/posts\/4627","targetHints":{"allow":["GET"]}}],"collection":[{"href":"https:\/\/mulheresacesta.com.br\/en\/wp-json\/wp\/v2\/posts"}],"about":[{"href":"https:\/\/mulheresacesta.com.br\/en\/wp-json\/wp\/v2\/types\/post"}],"author":[{"embeddable":true,"href":"https:\/\/mulheresacesta.com.br\/en\/wp-json\/wp\/v2\/users\/1"}],"replies":[{"embeddable":true,"href":"https:\/\/mulheresacesta.com.br\/en\/wp-json\/wp\/v2\/comments?post=4627"}],"version-history":[{"count":3,"href":"https:\/\/mulheresacesta.com.br\/en\/wp-json\/wp\/v2\/posts\/4627\/revisions"}],"predecessor-version":[{"id":4631,"href":"https:\/\/mulheresacesta.com.br\/en\/wp-json\/wp\/v2\/posts\/4627\/revisions\/4631"}],"wp:featuredmedia":[{"embeddable":true,"href":"https:\/\/mulheresacesta.com.br\/en\/wp-json\/wp\/v2\/media\/4628"}],"wp:attachment":[{"href":"https:\/\/mulheresacesta.com.br\/en\/wp-json\/wp\/v2\/media?parent=4627"}],"wp:term":[{"taxonomy":"category","embeddable":true,"href":"https:\/\/mulheresacesta.com.br\/en\/wp-json\/wp\/v2\/categories?post=4627"},{"taxonomy":"post_tag","embeddable":true,"href":"https:\/\/mulheresacesta.com.br\/en\/wp-json\/wp\/v2\/tags?post=4627"}],"curies":[{"name":"wp","href":"https:\/\/api.w.org\/{rel}","templated":true}]}}